{"id":14490,"date":"2018-09-17T16:45:28","date_gmt":"2018-09-17T14:45:28","guid":{"rendered":"http:\/\/www.treatwell.at\/treatment-files\/?p=12500"},"modified":"2026-01-18T14:27:13","modified_gmt":"2026-01-18T13:27:13","slug":"diese-haarfarbentrends-wirst-du-bis-ende-2018-noch-oefters-sehen","status":"publish","type":"post","link":"https:\/\/www.treatwell.at/treatment-files\/diese-haarfarbentrends-wirst-du-bis-ende-2018-noch-oefters-sehen\/","title":{"rendered":"Diese Haarfarbentrends wirst du bis Ende 2018 noch \u00f6fters sehen"},"content":{"rendered":"<p style=\"text-align: justify\"><span style=\"font-weight: 400\">Was wir an Haartrends bereits hatten? Pastellt\u00f6ne, 90er Bobs und vieles mehr. Was allerdings die Haarfarbentrends betrifft haben wir ein neues Update f\u00fcr euch parat: Instagram Snaps, Street Style Looks und Catwalk haben uns die Insights gegeben, nach denen wir uns schon lange gesehnt haben.\u00a0<\/span><a href=\"https:\/\/www.treatwell.at\/orte\/behandlung-damen-farbe-toenung-straehnen\/angebot-typ-lokal\/in-at\/\"><span style=\"font-weight: 400\">Vereinbare jetzt einen Termin<\/span><\/a><span style=\"font-weight: 400\">\u00a0und sichere dir einen Platz in deinem Salon deiner Wahl f\u00fcr eine Beauty-Trend Hour mit dem Profi.<\/span><\/p>\n<div class=\"schema-faq wp-block-yoast-faq-block\">\n<div class=\"schema-faq-section\" id=\"faq-question-1768742791673\">\n<h3 class=\"schema-faq-question\">Wie tr\u00e4gst du den Poison-Green-Haartrend alltagstauglich?<\/h3>\n<p class=\"schema-faq-answer\">Mit einer giftgr\u00fcnen Schattierung und nat\u00fcrlichem Haaransatz wirkt der Look weniger auff\u00e4llig. Diese Kombination macht Poison Green \u00fcberraschend tragbar und setzt dennoch ein modisches Statement.<\/div>\n<div class=\"schema-faq-section\" id=\"faq-question-1768742791674\">\n<h3 class=\"schema-faq-question\">Welche Blondt\u00f6ne passen zu jedem Hautton?<\/h3>\n<p class=\"schema-faq-answer\">Goldt\u00f6ne im Blond wirken harmonisch zu jedem Hautton und lassen deinen Look immer warm erscheinen. Je weicher und w\u00e4rmer der Blondton, desto einfacher kannst du die Farbe ganzj\u00e4hrig tragen.<\/div>\n<div class=\"schema-faq-section\" id=\"faq-question-1768742791675\">\n<h3 class=\"schema-faq-question\">Was verbirgt sich hinter der Haarfarbe Karamellbonbon?<\/h3>\n<p class=\"schema-faq-answer\">Hinter Karamellbonbon verbirgt sich eine hellbraune Basis mit rosa T\u00f6nung, die vielseitig wirkt. Diese Kombination eignet sich f\u00fcr Ombre, Balayage und Sombre und bringt dein br\u00fcnettes Haar zum Leuchten.<\/div>\n<div class=\"schema-faq-section\" id=\"faq-question-1768742791676\">\n<h3 class=\"schema-faq-question\">Wie h\u00e4ltst du feuriges Rot m\u00f6glichst lange frisch?<\/h3>\n<p class=\"schema-faq-answer\">Sp\u00fcle kr\u00e4ftig gef\u00e4rbtes, rotes Haar immer mit lauwarmem Wasser, nicht mit hei\u00dfem. So bleibt der Glanz und Farbeffekt deiner Haarfarbe l\u00e4nger erhalten und dein Haar bleibt geschmeidig.<\/div>\n<div class=\"schema-faq-section\" id=\"faq-question-1768742791677\">\n<h3 class=\"schema-faq-question\">Wann eignet sich ein Balayage oder Sombre bei trendigen Haarfarben?<\/h3>\n<p class=\"schema-faq-answer\">Balayage und Sombre bringen besonders bei Farbt\u00f6nen wie Karamellrosa nat\u00fcrliche und sanfte \u00dcberg\u00e4nge in dein Haar. Diese Techniken wirken modern und sorgen f\u00fcr einen frischen Look mit sanften Farbverl\u00e4ufen.<\/div>\n<\/p><\/div>\n","protected":false},"excerpt":{"rendered":"<p>Was wir an Haartrends bereits hatten? Pastellt\u00f6ne, 90er Bobs und vieles mehr. Was allerdings die Haarfarbentrends betrifft haben wir ein neues Update f\u00fcr euch parat: Instagram Snaps, Street Style Looks und Catwalk haben uns die Insights gegeben, nach denen wir uns schon lange gesehnt haben.\u00a0Vereinbare jetzt einen Termin\u00a0und sichere dir einen Platz in deinem Salon [&hellip;]<\/p>\n","protected":false},"author":3318,"featured_media":14496,"comment_status":"closed","ping_status":"closed","sticky":false,"template":"","format":"standard","meta":{"_acf_changed":false,"_yoast_wpseo_title":"Diese Haarfarbentrends wirst du bis Ende 2018 noch \u00f6fters sehen - Treatwell","_yoast_wpseo_metadesc":"Was wir dieses Jahr an Haartrends bereits hatten? Pastellt\u00f6ne, 90er Bobs und vieles mehr. Was die Haarfarbentrends betrifft haben wir ein neues Update.","_genesis_hide_title":false,"_genesis_hide_breadcrumbs":false,"_genesis_hide_singular_image":false,"_genesis_hide_footer_widgets":false,"_genesis_custom_body_class":"","_genesis_custom_post_class":"","_genesis_layout":"","saswp_custom_schema_field":"{\"@context\":\"https:\/\/schema.org\",\"@type\":\"FAQPage\",\"mainEntity\":[{\"@type\":\"Question\",\"name\":\"Wie tr\u00e4gst du den Poison-Green-Haartrend alltagstauglich?\",\"acceptedAnswer\":{\"@type\":\"Answer\",\"text\":\"Mit einer giftgr\u00fcnen Schattierung und nat\u00fcrlichem Haaransatz wirkt der Look weniger auff\u00e4llig. Diese Kombination macht Poison Green \u00fcberraschend tragbar und setzt dennoch ein modisches Statement.\"}},{\"@type\":\"Question\",\"name\":\"Welche Blondt\u00f6ne passen zu jedem Hautton?\",\"acceptedAnswer\":{\"@type\":\"Answer\",\"text\":\"Goldt\u00f6ne im Blond wirken harmonisch zu jedem Hautton und lassen deinen Look immer warm erscheinen. Je weicher und w\u00e4rmer der Blondton, desto einfacher kannst du die Farbe ganzj\u00e4hrig tragen.\"}},{\"@type\":\"Question\",\"name\":\"Was verbirgt sich hinter der Haarfarbe Karamellbonbon?\",\"acceptedAnswer\":{\"@type\":\"Answer\",\"text\":\"Hinter Karamellbonbon verbirgt sich eine hellbraune Basis mit rosa T\u00f6nung, die vielseitig wirkt. Diese Kombination eignet sich f\u00fcr Ombre, Balayage und Sombre und bringt dein br\u00fcnettes Haar zum Leuchten.\"}},{\"@type\":\"Question\",\"name\":\"Wie h\u00e4ltst du feuriges Rot m\u00f6glichst lange frisch?\",\"acceptedAnswer\":{\"@type\":\"Answer\",\"text\":\"Sp\u00fcle kr\u00e4ftig gef\u00e4rbtes, rotes Haar immer mit lauwarmem Wasser, nicht mit hei\u00dfem. So bleibt der Glanz und Farbeffekt deiner Haarfarbe l\u00e4nger erhalten und dein Haar bleibt geschmeidig.\"}},{\"@type\":\"Question\",\"name\":\"Wann eignet sich ein Balayage oder Sombre bei trendigen Haarfarben?\",\"acceptedAnswer\":{\"@type\":\"Answer\",\"text\":\"Balayage und Sombre bringen besonders bei Farbt\u00f6nen wie Karamellrosa nat\u00fcrliche und sanfte \u00dcberg\u00e4nge in dein Haar. Diese Techniken wirken modern und sorgen f\u00fcr einen frischen Look mit sanften Farbverl\u00e4ufen.\"}}]}","footnotes":""},"categories":[9],"tags":[3,4],"class_list":{"0":"post-14490","1":"post","2":"type-post","3":"status-publish","4":"format-standard","5":"has-post-thumbnail","7":"category-beauty","8":"tag-tt6","9":"tag-tr273","10":"entry"},"acf":{"post_credits":"Bildrechte: Shutterstock, Instagram:  @ariannachayleneblean, @balmoan hair, @corynneylon_hair, @thuggadollz","beauty_blog_post_button_title":"","beauty_blog_post_button":"","landscape_picture":14495,"blocks":[{"block_title":"Poison Green","block_content":"<p>Dieser Credit geht wohl an Kylie Jenner und ihre Wandelbarkeit dank der Per&uuml;cken. Seitdem hat auch Kanye West sich von Neonfarben inspirieren lassen und diese in seine Yeezy-Kollektion miteingebunden. Wie sieht das ganze Farbenspiel aus wenn es ans Haare f&auml;rben geht? Es ist ein bolder aber trendiger Look, der &uuml;berraschend einfach zu tragen ist. Versuche dich an einer &lsquo;giftgr&uuml;nen&rsquo; Schattierung mit nat&uuml;rlichen Haaransatz, um den Look zu mildern. So sieht das Ganze mehr casual aus.<\/p>\n","video_content":"","block_picture":14491},{"block_title":"Shades of Blond","block_content":"<p>Seitdem es die Farben Aschgrau und Platin an die Spitze geschafft haben, sind Blondt&ouml;ne generell etwas w&auml;rmer geworden.Goldt&ouml;ne zum Beispiel sehen toll mit jedem Hautton aus. Je weicher und warmer der Blondton, umso einfacher kannst du die Haarfarbe das ganze Jahr tragen (kalte Jahreszeit inklusive). Was das Styling betrifft sieht der Slicked-Back Hairstyle toll aus oder f&uuml;r ein wenig mehr &lsquo;messy&rsquo; Style habe einen Salzspray parat.<\/p>\n","video_content":"","block_picture":14492},{"block_title":"Karamellbonbon","block_content":"<p>Nun, wir alle lieben Ros&eacute;. Karamellrosa Haar verschmilzt eine hellbraune Basis mit einer rosa T&ouml;nung und du kannst mit dieser Farbkombi sehr einfach einen Ombre, Balayage oder All-over-Look rocken. Wir geben zu, diese Haarfarbe sieht auch verdammt gut mit einem Sombre aus (das ist ein &#039;soft&#039; Ombre, FYI). Wenn du also mit deinem br&uuml;netten Schopf ein wenig experimentieren willst, ist das die Go-to Farbe.<\/p>\n","video_content":"","block_picture":14493},{"block_title":"Feuriges Rot","block_content":"<p>Bei diesem Haar-Trend hei&szlig;t&rsquo;s nur - je mehr Farbe, desto besser. Wenn du auf der Suche nach einer gro&szlig;en Ver&auml;nderung bist und keine Lust mehr auf Mainstream hast, dann kannst du mit einem Burgundy-Rot Burgunderrot f&uuml;r etwas mehr feurigen Pepp sorgen. Au&szlig;erdem dauert es nicht mehr lange bis die Pumpkin-Spice Lattes back sind &ndash; #PumpkinLove.<\/p>\n\n<p>Da kr&auml;ftige Farben schnell dazu neigen zu verblassen (und wir den knalligen Farbton m&ouml;glichst lange frisch halten wollen), raten wir dazu, dass du deine Haare lieber mit lauwarmem anstatt hei&szlig;em Wasser reinigst. Damit h&auml;lt der Glanz und Farbeffekt deutlich l&auml;nger und du sch&uuml;tzt zugleich dein Haar vor Trockenheit.\u200b<\/p>\n\n<p>Mit&nbsp;Treatwell, kannst du&nbsp;<a href=\"http:\/\/www.treatwell.at\/\">Beauty&nbsp;und all deine Lieblingssalons online buchen<\/a>&nbsp;&ndash; simpel, m&uuml;helos, und du kannst es von unterwegs machen.&nbsp;Hier gehts <a href=\"https:\/\/www.treatwell.at\/orte\/behandlung-damen-farbe-toenung-straehnen\/angebot-typ-lokal\/in-at\/\">zu den besten Salons in deiner Umgebung<\/a>.<\/p>\n\n<p>&nbsp;<\/p>\n","video_content":"","block_picture":14494}]},"yoast_head":"<!-- This site is optimized with the Yoast SEO plugin v27.5 - https:\/\/yoast.com\/product\/yoast-seo-wordpress\/ -->\n<title>Diese Haarfarbentrends wirst du bis Ende 2018 noch \u00f6fters sehen - Treatwell<\/title>\n<meta name=\"description\" content=\"Was wir dieses Jahr an Haartrends bereits hatten? Pastellt\u00f6ne, 90er Bobs und vieles mehr. Was die Haarfarbentrends betrifft haben wir ein neues Update.\" \/>\n<meta name=\"robots\" content=\"index, follow, max-snippet:-1, max-image-preview:large, max-video-preview:-1\" \/>\n<link rel=\"canonical\" href=\"https:\/\/www.treatwell.at/treatment-files\/diese-haarfarbentrends-wirst-du-bis-ende-2018-noch-oefters-sehen\/\" \/>\n<meta property=\"og:locale\" content=\"de_DE\" \/>\n<meta property=\"og:type\" content=\"article\" \/>\n<meta property=\"og:title\" content=\"Diese Haarfarbentrends wirst du bis Ende 2018 noch \u00f6fters sehen - Treatwell\" \/>\n<meta property=\"og:description\" content=\"Was wir dieses Jahr an Haartrends bereits hatten? Pastellt\u00f6ne, 90er Bobs und vieles mehr. Was die Haarfarbentrends betrifft haben wir ein neues Update.\" \/>\n<meta property=\"og:url\" content=\"https:\/\/www.treatwell.at/treatment-files\/diese-haarfarbentrends-wirst-du-bis-ende-2018-noch-oefters-sehen\/\" \/>\n<meta property=\"og:site_name\" content=\"The Treatment Files Blog\" \/>\n<meta property=\"article:published_time\" content=\"2018-09-17T14:45:28+00:00\" \/>\n<meta property=\"article:modified_time\" content=\"2026-01-18T13:27:13+00:00\" \/>\n<meta property=\"og:image\" content=\"https:\/\/www.treatwell.at/treatment-files\/wp-content\/uploads\/sites\/2\/2022\/03\/@ariannachayleneblean.jpg\" \/>\n\t<meta property=\"og:image:width\" content=\"530\" \/>\n\t<meta property=\"og:image:height\" content=\"531\" \/>\n\t<meta property=\"og:image:type\" content=\"image\/jpeg\" \/>\n<meta name=\"author\" content=\"Isabella Tombinski-robb\" \/>\n<meta name=\"twitter:card\" content=\"summary_large_image\" \/>\n<meta name=\"twitter:label1\" content=\"Verfasst von\" \/>\n\t<meta name=\"twitter:data1\" content=\"Isabella Tombinski-robb\" \/>\n\t<meta name=\"twitter:label2\" content=\"Gesch\u00e4tzte Lesezeit\" \/>\n\t<meta name=\"twitter:data2\" content=\"1 Minute\" \/>\n<script type=\"application\/ld+json\" class=\"yoast-schema-graph\">{\"@context\":\"https:\\\/\\\/schema.org\",\"@graph\":[{\"@type\":\"Article\",\"@id\":\"https:\\\/\\\/www.treatwell.at/treatment-files\\\/diese-haarfarbentrends-wirst-du-bis-ende-2018-noch-oefters-sehen\\\/#article\",\"isPartOf\":{\"@id\":\"https:\\\/\\\/www.treatwell.at/treatment-files\\\/diese-haarfarbentrends-wirst-du-bis-ende-2018-noch-oefters-sehen\\\/\"},\"author\":{\"name\":\"Isabella Tombinski-robb\",\"@id\":\"https:\\\/\\\/www.treatwell.at/treatment-files\\\/#\\\/schema\\\/person\\\/869d3f19bdf4203c8e6e97c64e1c3c8e\"},\"headline\":\"Diese Haarfarbentrends wirst du bis Ende 2018 noch \u00f6fters sehen\",\"datePublished\":\"2018-09-17T14:45:28+00:00\",\"dateModified\":\"2026-01-18T13:27:13+00:00\",\"mainEntityOfPage\":{\"@id\":\"https:\\\/\\\/www.treatwell.at/treatment-files\\\/diese-haarfarbentrends-wirst-du-bis-ende-2018-noch-oefters-sehen\\\/\"},\"wordCount\":277,\"publisher\":{\"@id\":\"https:\\\/\\\/www.treatwell.at/treatment-files\\\/#organization\"},\"image\":{\"@id\":\"https:\\\/\\\/www.treatwell.at/treatment-files\\\/diese-haarfarbentrends-wirst-du-bis-ende-2018-noch-oefters-sehen\\\/#primaryimage\"},\"thumbnailUrl\":\"https:\\\/\\\/www.treatwell.at/treatment-files\\\/wp-content\\\/uploads\\\/sites\\\/2\\\/2022\\\/03\\\/@ariannachayleneblean.jpg\",\"keywords\":[\"Hair\",\"Hair Colouring and Highlights\"],\"articleSection\":[\"Beauty\"],\"inLanguage\":\"de-AT\"},{\"@type\":\"WebPage\",\"@id\":\"https:\\\/\\\/www.treatwell.at/treatment-files\\\/diese-haarfarbentrends-wirst-du-bis-ende-2018-noch-oefters-sehen\\\/\",\"url\":\"https:\\\/\\\/www.treatwell.at/treatment-files\\\/diese-haarfarbentrends-wirst-du-bis-ende-2018-noch-oefters-sehen\\\/\",\"name\":\"Diese Haarfarbentrends wirst du bis Ende 2018 noch \u00f6fters sehen - Treatwell\",\"isPartOf\":{\"@id\":\"https:\\\/\\\/www.treatwell.at/treatment-files\\\/#website\"},\"primaryImageOfPage\":{\"@id\":\"https:\\\/\\\/www.treatwell.at/treatment-files\\\/diese-haarfarbentrends-wirst-du-bis-ende-2018-noch-oefters-sehen\\\/#primaryimage\"},\"image\":{\"@id\":\"https:\\\/\\\/www.treatwell.at/treatment-files\\\/diese-haarfarbentrends-wirst-du-bis-ende-2018-noch-oefters-sehen\\\/#primaryimage\"},\"thumbnailUrl\":\"https:\\\/\\\/www.treatwell.at/treatment-files\\\/wp-content\\\/uploads\\\/sites\\\/2\\\/2022\\\/03\\\/@ariannachayleneblean.jpg\",\"datePublished\":\"2018-09-17T14:45:28+00:00\",\"dateModified\":\"2026-01-18T13:27:13+00:00\",\"description\":\"Was wir dieses Jahr an Haartrends bereits hatten? Pastellt\u00f6ne, 90er Bobs und vieles mehr. Was die Haarfarbentrends betrifft haben wir ein neues Update.\",\"breadcrumb\":{\"@id\":\"https:\\\/\\\/www.treatwell.at/treatment-files\\\/diese-haarfarbentrends-wirst-du-bis-ende-2018-noch-oefters-sehen\\\/#breadcrumb\"},\"inLanguage\":\"de-AT\",\"potentialAction\":[{\"@type\":\"ReadAction\",\"target\":[\"https:\\\/\\\/www.treatwell.at/treatment-files\\\/diese-haarfarbentrends-wirst-du-bis-ende-2018-noch-oefters-sehen\\\/\"]}]},{\"@type\":\"ImageObject\",\"inLanguage\":\"de-AT\",\"@id\":\"https:\\\/\\\/www.treatwell.at/treatment-files\\\/diese-haarfarbentrends-wirst-du-bis-ende-2018-noch-oefters-sehen\\\/#primaryimage\",\"url\":\"https:\\\/\\\/www.treatwell.at/treatment-files\\\/wp-content\\\/uploads\\\/sites\\\/2\\\/2022\\\/03\\\/@ariannachayleneblean.jpg\",\"contentUrl\":\"https:\\\/\\\/www.treatwell.at/treatment-files\\\/wp-content\\\/uploads\\\/sites\\\/2\\\/2022\\\/03\\\/@ariannachayleneblean.jpg\",\"width\":530,\"height\":531},{\"@type\":\"BreadcrumbList\",\"@id\":\"https:\\\/\\\/www.treatwell.at/treatment-files\\\/diese-haarfarbentrends-wirst-du-bis-ende-2018-noch-oefters-sehen\\\/#breadcrumb\",\"itemListElement\":[{\"@type\":\"ListItem\",\"position\":1,\"name\":\"Home\",\"item\":\"https:\\\/\\\/www.treatwell.at/treatment-files\\\/\"},{\"@type\":\"ListItem\",\"position\":2,\"name\":\"Beauty\",\"item\":\"https:\\\/\\\/www.treatwell.at/treatment-files\\\/beauty\\\/\"},{\"@type\":\"ListItem\",\"position\":3,\"name\":\"Diese Haarfarbentrends wirst du bis Ende 2018 noch \u00f6fters sehen\"}]},{\"@type\":\"WebSite\",\"@id\":\"https:\\\/\\\/www.treatwell.at/treatment-files\\\/#website\",\"url\":\"https:\\\/\\\/www.treatwell.at/treatment-files\\\/\",\"name\":\"The Treatment Files Blog\",\"description\":\"Beauty entdecken. Beauty erleben.\",\"publisher\":{\"@id\":\"https:\\\/\\\/www.treatwell.at/treatment-files\\\/#organization\"},\"potentialAction\":[{\"@type\":\"SearchAction\",\"target\":{\"@type\":\"EntryPoint\",\"urlTemplate\":\"https:\\\/\\\/www.treatwell.at/treatment-files\\\/?s={search_term_string}\"},\"query-input\":{\"@type\":\"PropertyValueSpecification\",\"valueRequired\":true,\"valueName\":\"search_term_string\"}}],\"inLanguage\":\"de-AT\"},{\"@type\":\"Organization\",\"@id\":\"https:\\\/\\\/www.treatwell.at/treatment-files\\\/#organization\",\"name\":\"Treatwell\",\"url\":\"https:\\\/\\\/www.treatwell.at/treatment-files\\\/\",\"logo\":{\"@type\":\"ImageObject\",\"inLanguage\":\"de-AT\",\"@id\":\"https:\\\/\\\/www.treatwell.at/treatment-files\\\/#\\\/schema\\\/logo\\\/image\\\/\",\"url\":\"https:\\\/\\\/www.treatwell.at/treatment-files\\\/wp-content\\\/uploads\\\/sites\\\/2\\\/2022\\\/03\\\/logo_treatwell.png\",\"contentUrl\":\"https:\\\/\\\/www.treatwell.at/treatment-files\\\/wp-content\\\/uploads\\\/sites\\\/2\\\/2022\\\/03\\\/logo_treatwell.png\",\"width\":889,\"height\":164,\"caption\":\"Treatwell\"},\"image\":{\"@id\":\"https:\\\/\\\/www.treatwell.at/treatment-files\\\/#\\\/schema\\\/logo\\\/image\\\/\"}},{\"@type\":\"Person\",\"@id\":\"https:\\\/\\\/www.treatwell.at/treatment-files\\\/#\\\/schema\\\/person\\\/869d3f19bdf4203c8e6e97c64e1c3c8e\",\"name\":\"Isabella Tombinski-robb\",\"image\":{\"@type\":\"ImageObject\",\"inLanguage\":\"de-AT\",\"@id\":\"https:\\\/\\\/secure.gravatar.com\\\/avatar\\\/624ce3bd6151d711f02c8c31549c8390027943dc1293e17bf28c136ce4288a80?s=96&d=mm&r=g\",\"url\":\"https:\\\/\\\/secure.gravatar.com\\\/avatar\\\/624ce3bd6151d711f02c8c31549c8390027943dc1293e17bf28c136ce4288a80?s=96&d=mm&r=g\",\"contentUrl\":\"https:\\\/\\\/secure.gravatar.com\\\/avatar\\\/624ce3bd6151d711f02c8c31549c8390027943dc1293e17bf28c136ce4288a80?s=96&d=mm&r=g\",\"caption\":\"Isabella Tombinski-robb\"},\"url\":\"https:\\\/\\\/www.treatwell.at/treatment-files\\\/author\\\/isabellatombinskirobb\\\/\"}]}<\/script>\n<!-- \/ Yoast SEO plugin. -->","yoast_head_json":{"title":"Diese Haarfarbentrends wirst du bis Ende 2018 noch \u00f6fters sehen - Treatwell","description":"Was wir dieses Jahr an Haartrends bereits hatten? Pastellt\u00f6ne, 90er Bobs und vieles mehr. Was die Haarfarbentrends betrifft haben wir ein neues Update.","robots":{"index":"index","follow":"follow","max-snippet":"max-snippet:-1","max-image-preview":"max-image-preview:large","max-video-preview":"max-video-preview:-1"},"canonical":"https:\/\/www.treatwell.at/treatment-files\/diese-haarfarbentrends-wirst-du-bis-ende-2018-noch-oefters-sehen\/","og_locale":"de_DE","og_type":"article","og_title":"Diese Haarfarbentrends wirst du bis Ende 2018 noch \u00f6fters sehen - Treatwell","og_description":"Was wir dieses Jahr an Haartrends bereits hatten? Pastellt\u00f6ne, 90er Bobs und vieles mehr. Was die Haarfarbentrends betrifft haben wir ein neues Update.","og_url":"https:\/\/www.treatwell.at/treatment-files\/diese-haarfarbentrends-wirst-du-bis-ende-2018-noch-oefters-sehen\/","og_site_name":"The Treatment Files Blog","article_published_time":"2018-09-17T14:45:28+00:00","article_modified_time":"2026-01-18T13:27:13+00:00","og_image":[{"width":530,"height":531,"url":"https:\/\/www.treatwell.at/treatment-files\/wp-content\/uploads\/sites\/2\/2022\/03\/@ariannachayleneblean.jpg","type":"image\/jpeg"}],"author":"Isabella Tombinski-robb","twitter_card":"summary_large_image","twitter_misc":{"Verfasst von":"Isabella Tombinski-robb","Gesch\u00e4tzte Lesezeit":"1 Minute"},"schema":{"@context":"https:\/\/schema.org","@graph":[{"@type":"Article","@id":"https:\/\/www.treatwell.at/treatment-files\/diese-haarfarbentrends-wirst-du-bis-ende-2018-noch-oefters-sehen\/#article","isPartOf":{"@id":"https:\/\/www.treatwell.at/treatment-files\/diese-haarfarbentrends-wirst-du-bis-ende-2018-noch-oefters-sehen\/"},"author":{"name":"Isabella Tombinski-robb","@id":"https:\/\/www.treatwell.at/treatment-files\/#\/schema\/person\/869d3f19bdf4203c8e6e97c64e1c3c8e"},"headline":"Diese Haarfarbentrends wirst du bis Ende 2018 noch \u00f6fters sehen","datePublished":"2018-09-17T14:45:28+00:00","dateModified":"2026-01-18T13:27:13+00:00","mainEntityOfPage":{"@id":"https:\/\/www.treatwell.at/treatment-files\/diese-haarfarbentrends-wirst-du-bis-ende-2018-noch-oefters-sehen\/"},"wordCount":277,"publisher":{"@id":"https:\/\/www.treatwell.at/treatment-files\/#organization"},"image":{"@id":"https:\/\/www.treatwell.at/treatment-files\/diese-haarfarbentrends-wirst-du-bis-ende-2018-noch-oefters-sehen\/#primaryimage"},"thumbnailUrl":"https:\/\/www.treatwell.at/treatment-files\/wp-content\/uploads\/sites\/2\/2022\/03\/@ariannachayleneblean.jpg","keywords":["Hair","Hair Colouring and Highlights"],"articleSection":["Beauty"],"inLanguage":"de-AT"},{"@type":"WebPage","@id":"https:\/\/www.treatwell.at/treatment-files\/diese-haarfarbentrends-wirst-du-bis-ende-2018-noch-oefters-sehen\/","url":"https:\/\/www.treatwell.at/treatment-files\/diese-haarfarbentrends-wirst-du-bis-ende-2018-noch-oefters-sehen\/","name":"Diese Haarfarbentrends wirst du bis Ende 2018 noch \u00f6fters sehen - Treatwell","isPartOf":{"@id":"https:\/\/www.treatwell.at/treatment-files\/#website"},"primaryImageOfPage":{"@id":"https:\/\/www.treatwell.at/treatment-files\/diese-haarfarbentrends-wirst-du-bis-ende-2018-noch-oefters-sehen\/#primaryimage"},"image":{"@id":"https:\/\/www.treatwell.at/treatment-files\/diese-haarfarbentrends-wirst-du-bis-ende-2018-noch-oefters-sehen\/#primaryimage"},"thumbnailUrl":"https:\/\/www.treatwell.at/treatment-files\/wp-content\/uploads\/sites\/2\/2022\/03\/@ariannachayleneblean.jpg","datePublished":"2018-09-17T14:45:28+00:00","dateModified":"2026-01-18T13:27:13+00:00","description":"Was wir dieses Jahr an Haartrends bereits hatten? Pastellt\u00f6ne, 90er Bobs und vieles mehr. Was die Haarfarbentrends betrifft haben wir ein neues Update.","breadcrumb":{"@id":"https:\/\/www.treatwell.at/treatment-files\/diese-haarfarbentrends-wirst-du-bis-ende-2018-noch-oefters-sehen\/#breadcrumb"},"inLanguage":"de-AT","potentialAction":[{"@type":"ReadAction","target":["https:\/\/www.treatwell.at/treatment-files\/diese-haarfarbentrends-wirst-du-bis-ende-2018-noch-oefters-sehen\/"]}]},{"@type":"ImageObject","inLanguage":"de-AT","@id":"https:\/\/www.treatwell.at/treatment-files\/diese-haarfarbentrends-wirst-du-bis-ende-2018-noch-oefters-sehen\/#primaryimage","url":"https:\/\/www.treatwell.at/treatment-files\/wp-content\/uploads\/sites\/2\/2022\/03\/@ariannachayleneblean.jpg","contentUrl":"https:\/\/www.treatwell.at/treatment-files\/wp-content\/uploads\/sites\/2\/2022\/03\/@ariannachayleneblean.jpg","width":530,"height":531},{"@type":"BreadcrumbList","@id":"https:\/\/www.treatwell.at/treatment-files\/diese-haarfarbentrends-wirst-du-bis-ende-2018-noch-oefters-sehen\/#breadcrumb","itemListElement":[{"@type":"ListItem","position":1,"name":"Home","item":"https:\/\/www.treatwell.at/treatment-files\/"},{"@type":"ListItem","position":2,"name":"Beauty","item":"https:\/\/www.treatwell.at/treatment-files\/beauty\/"},{"@type":"ListItem","position":3,"name":"Diese Haarfarbentrends wirst du bis Ende 2018 noch \u00f6fters sehen"}]},{"@type":"WebSite","@id":"https:\/\/www.treatwell.at/treatment-files\/#website","url":"https:\/\/www.treatwell.at/treatment-files\/","name":"The Treatment Files Blog","description":"Beauty entdecken. Beauty erleben.","publisher":{"@id":"https:\/\/www.treatwell.at/treatment-files\/#organization"},"potentialAction":[{"@type":"SearchAction","target":{"@type":"EntryPoint","urlTemplate":"https:\/\/www.treatwell.at/treatment-files\/?s={search_term_string}"},"query-input":{"@type":"PropertyValueSpecification","valueRequired":true,"valueName":"search_term_string"}}],"inLanguage":"de-AT"},{"@type":"Organization","@id":"https:\/\/www.treatwell.at/treatment-files\/#organization","name":"Treatwell","url":"https:\/\/www.treatwell.at/treatment-files\/","logo":{"@type":"ImageObject","inLanguage":"de-AT","@id":"https:\/\/www.treatwell.at/treatment-files\/#\/schema\/logo\/image\/","url":"https:\/\/www.treatwell.at/treatment-files\/wp-content\/uploads\/sites\/2\/2022\/03\/logo_treatwell.png","contentUrl":"https:\/\/www.treatwell.at/treatment-files\/wp-content\/uploads\/sites\/2\/2022\/03\/logo_treatwell.png","width":889,"height":164,"caption":"Treatwell"},"image":{"@id":"https:\/\/www.treatwell.at/treatment-files\/#\/schema\/logo\/image\/"}},{"@type":"Person","@id":"https:\/\/www.treatwell.at/treatment-files\/#\/schema\/person\/869d3f19bdf4203c8e6e97c64e1c3c8e","name":"Isabella Tombinski-robb","image":{"@type":"ImageObject","inLanguage":"de-AT","@id":"https:\/\/secure.gravatar.com\/avatar\/624ce3bd6151d711f02c8c31549c8390027943dc1293e17bf28c136ce4288a80?s=96&d=mm&r=g","url":"https:\/\/secure.gravatar.com\/avatar\/624ce3bd6151d711f02c8c31549c8390027943dc1293e17bf28c136ce4288a80?s=96&d=mm&r=g","contentUrl":"https:\/\/secure.gravatar.com\/avatar\/624ce3bd6151d711f02c8c31549c8390027943dc1293e17bf28c136ce4288a80?s=96&d=mm&r=g","caption":"Isabella Tombinski-robb"},"url":"https:\/\/www.treatwell.at/treatment-files\/author\/isabellatombinskirobb\/"}]}},"featured_image_src":"https:\/\/www.treatwell.at/treatment-files\/wp-content\/uploads\/sites\/2\/2022\/03\/@ariannachayleneblean-530x400.jpg","featured_image_src_square":"https:\/\/www.treatwell.at/treatment-files\/wp-content\/uploads\/sites\/2\/2022\/03\/@ariannachayleneblean.jpg","author_info":{"display_name":"Isabella Tombinski-robb","author_link":"https:\/\/www.treatwell.at/treatment-files\/author\/isabellatombinskirobb\/"},"_links":{"self":[{"href":"https:\/\/www.treatwell.at\/treatment-files\/wp-json\/wp\/v2\/posts\/14490","targetHints":{"allow":["GET"]}}],"collection":[{"href":"https:\/\/www.treatwell.at\/treatment-files\/wp-json\/wp\/v2\/posts"}],"about":[{"href":"https:\/\/www.treatwell.at\/treatment-files\/wp-json\/wp\/v2\/types\/post"}],"author":[{"embeddable":true,"href":"https:\/\/www.treatwell.at\/treatment-files\/wp-json\/wp\/v2\/users\/3318"}],"replies":[{"embeddable":true,"href":"https:\/\/www.treatwell.at\/treatment-files\/wp-json\/wp\/v2\/comments?post=14490"}],"version-history":[{"count":0,"href":"https:\/\/www.treatwell.at\/treatment-files\/wp-json\/wp\/v2\/posts\/14490\/revisions"}],"wp:featuredmedia":[{"embeddable":true,"href":"https:\/\/www.treatwell.at\/treatment-files\/wp-json\/wp\/v2\/media\/14496"}],"wp:attachment":[{"href":"https:\/\/www.treatwell.at\/treatment-files\/wp-json\/wp\/v2\/media?parent=14490"}],"wp:term":[{"taxonomy":"category","embeddable":true,"href":"https:\/\/www.treatwell.at\/treatment-files\/wp-json\/wp\/v2\/categories?post=14490"},{"taxonomy":"post_tag","embeddable":true,"href":"https:\/\/www.treatwell.at\/treatment-files\/wp-json\/wp\/v2\/tags?post=14490"}],"curies":[{"name":"wp","href":"https:\/\/api.w.org\/{rel}","templated":true}]}}