{"id":14515,"date":"2018-09-24T18:38:14","date_gmt":"2018-09-24T16:38:14","guid":{"rendered":"http:\/\/www.treatwell.at\/treatment-files\/?p=12554"},"modified":"2026-01-18T14:27:15","modified_gmt":"2026-01-18T13:27:15","slug":"men-colour-trend-immer-schoen-bunt-die-haare","status":"publish","type":"post","link":"https:\/\/www.treatwell.at/treatment-files\/men-colour-trend-immer-schoen-bunt-die-haare\/","title":{"rendered":"Men Colour Trend &#8211; Immer sch\u00f6n bunt die Haare"},"content":{"rendered":"<p style=\"text-align: justify\">Vergiss\u2019 das gelbe K\u00fcken der s\u00fc\u00dfen 90er Jahre (Hello Justin Timberlake), diesen Winter haben M\u00e4nner Mut zu Colour und sich in Sachen Hairstyles mehr Farbe gewidmet. Spotted in Los Angeles und London\u2019s High Street haben wir alle m\u00f6glichen Haarfarben von Pastellrosa, \u00fcber Neongr\u00fcn, Lila und Simpson-Gelb. Der Trend-Forecast schreit k\u00fchn und trendy und wir verabschieden die Tage der blonden \u2018Spikes\u2019. Wer nicht wagt, der nicht gewinnt und so rockten M\u00e4nner die Modewochen diesen Herbst.<\/p>\n<p style=\"text-align: justify\"><span style=\"font-weight: 400\">Wenn du dich also dazu entscheidest den Rebell in dir herauszufordern, then do it. Wenn es dann allerdings ans Haare f\u00e4rben geht, immer mit der Ruhe und hole dir daf\u00fcr Rat beim Profi. Je nachdem nach L\u00e4nge deines Haares, gibt es unterschiedliche Farbkombinationen, die gut aussehen. Abgesehen davon ben\u00f6tigen extreme Farber\u00e4nderungen\u00a0<\/span><span style=\"font-weight: 400\">(wie die von Dunkel zu Blond)<\/span><span style=\"font-weight: 400\">\u00a0etwas mehr Zeit und k\u00f6nnten sogar mehrere Friseurstuhlbesuche erfordern. Aber keine Sorge, jede Vorstellungen von minimalistisch \u00fcber extrem kannst du mit deinem Koloristen besprechen. Wie sieht die Farbe Gr\u00fcn mit einem Fade-Cut aus? Was f\u00fcr Kombis rocken die Streets heute? Hier unten gibt\u2019s den Beweis. W\u00e4hle deinen Favoriten!<\/span><\/p>\n<p style=\"text-align: justify\">\n<div class=\"schema-faq wp-block-yoast-faq-block\">\n<div class=\"schema-faq-section\" id=\"faq-question-1768742779945\">\n<h3 class=\"schema-faq-question\">Welche Haarfarben sind diesen Winter besonders angesagt?<\/h3>\n<p class=\"schema-faq-answer\">Diesen Winter dominieren Pastellrosa, Neongr\u00fcn, Lila und Simpson-Gelb die Trends. Auff\u00e4llige Farben setzen mutige Akzente und verleihen deinem Look frische Individualit\u00e4t.<\/div>\n<div class=\"schema-faq-section\" id=\"faq-question-1768742779946\">\n<h3 class=\"schema-faq-question\">Wie kombinierst du auff\u00e4llige Haarfarben mit deinem Haarschnitt?<\/h3>\n<p class=\"schema-faq-answer\">Farben wie Gr\u00fcn wirken besonders spannend mit einem Fade-Cut. Je nach Haarl\u00e4nge bieten sich unterschiedliche Farbkombinationen an, die gemeinsam mit deinem Koloristen auf dich abgestimmt werden k\u00f6nnen.<\/div>\n<div class=\"schema-faq-section\" id=\"faq-question-1768742779947\">\n<h3 class=\"schema-faq-question\">Was solltest du bei extremen Farbwechseln beachten?<\/h3>\n<p class=\"schema-faq-answer\">Extreme Farbver\u00e4nderungen wie von dunkel zu blond ben\u00f6tigen meist mehr Zeit und manchmal mehrere Friseurbesuche. Plane ausreichend Zeit ein, um das Ergebnis zu perfektionieren und deine Haare optimal zu schonen.<\/div>\n<div class=\"schema-faq-section\" id=\"faq-question-1768742779948\">\n<h3 class=\"schema-faq-question\">Warum lohnt sich Beratung durch Fachleute beim Haaref\u00e4rben?<\/h3>\n<p class=\"schema-faq-answer\">Fachleute wissen, wie sie verschiedene Farbkombinationen professionell umsetzen k\u00f6nnen. Mit ihrer Unterst\u00fctzung entstehen gleichm\u00e4\u00dfige Ergebnisse und dein Haar bleibt gesund.<\/div>\n<div class=\"schema-faq-section\" id=\"faq-question-1768742779949\">\n<h3 class=\"schema-faq-question\">Kannst du jeden Haarfarbtrend direkt ausprobieren?<\/h3>\n<p class=\"schema-faq-answer\">Jede Vorstellung von minimalistisch bis extrem l\u00e4sst sich mit Fachleuten realisieren. W\u00e4hle deine Wunschfarbe und bespreche individuelle W\u00fcnsche, um den Look zu erhalten, der zu dir passt.<\/div>\n<\/p><\/div>\n","protected":false},"excerpt":{"rendered":"<p>Vergiss\u2019 das gelbe K\u00fcken der s\u00fc\u00dfen 90er Jahre (Hello Justin Timberlake), diesen Winter haben M\u00e4nner Mut zu Colour und sich in Sachen Hairstyles mehr Farbe gewidmet. Spotted in Los Angeles und London\u2019s High Street haben wir alle m\u00f6glichen Haarfarben von Pastellrosa, \u00fcber Neongr\u00fcn, Lila und Simpson-Gelb. Der Trend-Forecast schreit k\u00fchn und trendy und wir verabschieden [&hellip;]<\/p>\n","protected":false},"author":3318,"featured_media":0,"comment_status":"closed","ping_status":"closed","sticky":false,"template":"","format":"standard","meta":{"_acf_changed":false,"_yoast_wpseo_title":"Men Colour Trend - Immer sch\u00f6n bunt die Haare - Treatwell","_yoast_wpseo_metadesc":"Vergiss\u2019 das gelbe K\u00fcken der s\u00fc\u00dfen 90er Jahre (Hello Justin Timberlake), diesen Winter haben M\u00e4nner Mut zu Colour und sich in Sachen Haarstyles mehr Farbe gewidmet.","_genesis_hide_title":false,"_genesis_hide_breadcrumbs":false,"_genesis_hide_singular_image":false,"_genesis_hide_footer_widgets":false,"_genesis_custom_body_class":"","_genesis_custom_post_class":"","_genesis_layout":"","saswp_custom_schema_field":"{\"@context\":\"https:\/\/schema.org\",\"@type\":\"FAQPage\",\"mainEntity\":[{\"@type\":\"Question\",\"name\":\"Welche Haarfarben sind diesen Winter besonders angesagt?\",\"acceptedAnswer\":{\"@type\":\"Answer\",\"text\":\"Diesen Winter dominieren Pastellrosa, Neongr\u00fcn, Lila und Simpson-Gelb die Trends. Auff\u00e4llige Farben setzen mutige Akzente und verleihen deinem Look frische Individualit\u00e4t.\"}},{\"@type\":\"Question\",\"name\":\"Wie kombinierst du auff\u00e4llige Haarfarben mit deinem Haarschnitt?\",\"acceptedAnswer\":{\"@type\":\"Answer\",\"text\":\"Farben wie Gr\u00fcn wirken besonders spannend mit einem Fade-Cut. Je nach Haarl\u00e4nge bieten sich unterschiedliche Farbkombinationen an, die gemeinsam mit deinem Koloristen auf dich abgestimmt werden k\u00f6nnen.\"}},{\"@type\":\"Question\",\"name\":\"Was solltest du bei extremen Farbwechseln beachten?\",\"acceptedAnswer\":{\"@type\":\"Answer\",\"text\":\"Extreme Farbver\u00e4nderungen wie von dunkel zu blond ben\u00f6tigen meist mehr Zeit und manchmal mehrere Friseurbesuche. Plane ausreichend Zeit ein, um das Ergebnis zu perfektionieren und deine Haare optimal zu schonen.\"}},{\"@type\":\"Question\",\"name\":\"Warum lohnt sich Beratung durch Fachleute beim Haaref\u00e4rben?\",\"acceptedAnswer\":{\"@type\":\"Answer\",\"text\":\"Fachleute wissen, wie sie verschiedene Farbkombinationen professionell umsetzen k\u00f6nnen. Mit ihrer Unterst\u00fctzung entstehen gleichm\u00e4\u00dfige Ergebnisse und dein Haar bleibt gesund.\"}},{\"@type\":\"Question\",\"name\":\"Kannst du jeden Haarfarbtrend direkt ausprobieren?\",\"acceptedAnswer\":{\"@type\":\"Answer\",\"text\":\"Jede Vorstellung von minimalistisch bis extrem l\u00e4sst sich mit Fachleuten realisieren. W\u00e4hle deine Wunschfarbe und bespreche individuelle W\u00fcnsche, um den Look zu erhalten, der zu dir passt.\"}}]}","footnotes":""},"categories":[2],"tags":[57,10],"class_list":{"0":"post-14515","1":"post","2":"type-post","3":"status-publish","4":"format-standard","6":"category-trends","7":"tag-tr731","8":"tag-tr716","9":"entry","10":"has-post-thumbnail"},"acf":{"post_credits":"Bildrechte: Shutterstock, Instagram: @zayn, @jonahhill, @denek_k, @sferaebbasta, @luckybsmith, @manicpanicny, @awstenknight, @piercecady, @anthonymaslo, @kirstenmclennan, @bleachlondon","beauty_blog_post_button_title":"Farbklecks gef\u00e4llig?","beauty_blog_post_button":"https:\/\/www.treatwell.at\/orte\/behandlung-maennerhaarschnitte\/angebot-typ-lokal\/in-at\/","landscape_picture":14516,"blocks":null},"yoast_head":"<!-- This site is optimized with the Yoast SEO plugin v27.5 - https:\/\/yoast.com\/product\/yoast-seo-wordpress\/ -->\n<title>Men Colour Trend - Immer sch\u00f6n bunt die Haare - Treatwell<\/title>\n<meta name=\"description\" content=\"Vergiss\u2019 das gelbe K\u00fcken der s\u00fc\u00dfen 90er Jahre (Hello Justin Timberlake), diesen Winter haben M\u00e4nner Mut zu Colour und sich in Sachen Haarstyles mehr Farbe gewidmet.\" \/>\n<meta name=\"robots\" content=\"index, follow, max-snippet:-1, max-image-preview:large, max-video-preview:-1\" \/>\n<link rel=\"canonical\" href=\"https:\/\/www.treatwell.at/treatment-files\/men-colour-trend-immer-schoen-bunt-die-haare\/\" \/>\n<meta property=\"og:locale\" content=\"de_DE\" \/>\n<meta property=\"og:type\" content=\"article\" \/>\n<meta property=\"og:title\" content=\"Men Colour Trend - Immer sch\u00f6n bunt die Haare - Treatwell\" \/>\n<meta property=\"og:description\" content=\"Vergiss\u2019 das gelbe K\u00fcken der s\u00fc\u00dfen 90er Jahre (Hello Justin Timberlake), diesen Winter haben M\u00e4nner Mut zu Colour und sich in Sachen Haarstyles mehr Farbe gewidmet.\" \/>\n<meta property=\"og:url\" content=\"https:\/\/www.treatwell.at/treatment-files\/men-colour-trend-immer-schoen-bunt-die-haare\/\" \/>\n<meta property=\"og:site_name\" content=\"The Treatment Files Blog\" \/>\n<meta property=\"article:published_time\" content=\"2018-09-24T16:38:14+00:00\" \/>\n<meta property=\"article:modified_time\" content=\"2026-01-18T13:27:15+00:00\" \/>\n<meta name=\"author\" content=\"Isabella Tombinski-robb\" \/>\n<meta name=\"twitter:card\" content=\"summary_large_image\" \/>\n<meta name=\"twitter:label1\" content=\"Verfasst von\" \/>\n\t<meta name=\"twitter:data1\" content=\"Isabella Tombinski-robb\" \/>\n\t<meta name=\"twitter:label2\" content=\"Gesch\u00e4tzte Lesezeit\" \/>\n\t<meta name=\"twitter:data2\" content=\"2 Minuten\" \/>\n<script type=\"application\/ld+json\" class=\"yoast-schema-graph\">{\"@context\":\"https:\\\/\\\/schema.org\",\"@graph\":[{\"@type\":\"Article\",\"@id\":\"https:\\\/\\\/www.treatwell.at/treatment-files\\\/men-colour-trend-immer-schoen-bunt-die-haare\\\/#article\",\"isPartOf\":{\"@id\":\"https:\\\/\\\/www.treatwell.at/treatment-files\\\/men-colour-trend-immer-schoen-bunt-die-haare\\\/\"},\"author\":{\"name\":\"Isabella Tombinski-robb\",\"@id\":\"https:\\\/\\\/www.treatwell.at/treatment-files\\\/#\\\/schema\\\/person\\\/869d3f19bdf4203c8e6e97c64e1c3c8e\"},\"headline\":\"Men Colour Trend &#8211; Immer sch\u00f6n bunt die Haare\",\"datePublished\":\"2018-09-24T16:38:14+00:00\",\"dateModified\":\"2026-01-18T13:27:15+00:00\",\"mainEntityOfPage\":{\"@id\":\"https:\\\/\\\/www.treatwell.at/treatment-files\\\/men-colour-trend-immer-schoen-bunt-die-haare\\\/\"},\"wordCount\":384,\"publisher\":{\"@id\":\"https:\\\/\\\/www.treatwell.at/treatment-files\\\/#organization\"},\"keywords\":[\"Men's Hair Colouring and Greys Coverage\",\"Men's Haircuts and Hairdressing\"],\"articleSection\":[\"Trends\"],\"inLanguage\":\"de-AT\"},{\"@type\":\"WebPage\",\"@id\":\"https:\\\/\\\/www.treatwell.at/treatment-files\\\/men-colour-trend-immer-schoen-bunt-die-haare\\\/\",\"url\":\"https:\\\/\\\/www.treatwell.at/treatment-files\\\/men-colour-trend-immer-schoen-bunt-die-haare\\\/\",\"name\":\"Men Colour Trend - Immer sch\u00f6n bunt die Haare - Treatwell\",\"isPartOf\":{\"@id\":\"https:\\\/\\\/www.treatwell.at/treatment-files\\\/#website\"},\"datePublished\":\"2018-09-24T16:38:14+00:00\",\"dateModified\":\"2026-01-18T13:27:15+00:00\",\"description\":\"Vergiss\u2019 das gelbe K\u00fcken der s\u00fc\u00dfen 90er Jahre (Hello Justin Timberlake), diesen Winter haben M\u00e4nner Mut zu Colour und sich in Sachen Haarstyles mehr Farbe gewidmet.\",\"breadcrumb\":{\"@id\":\"https:\\\/\\\/www.treatwell.at/treatment-files\\\/men-colour-trend-immer-schoen-bunt-die-haare\\\/#breadcrumb\"},\"inLanguage\":\"de-AT\",\"potentialAction\":[{\"@type\":\"ReadAction\",\"target\":[\"https:\\\/\\\/www.treatwell.at/treatment-files\\\/men-colour-trend-immer-schoen-bunt-die-haare\\\/\"]}]},{\"@type\":\"BreadcrumbList\",\"@id\":\"https:\\\/\\\/www.treatwell.at/treatment-files\\\/men-colour-trend-immer-schoen-bunt-die-haare\\\/#breadcrumb\",\"itemListElement\":[{\"@type\":\"ListItem\",\"position\":1,\"name\":\"Home\",\"item\":\"https:\\\/\\\/www.treatwell.at/treatment-files\\\/\"},{\"@type\":\"ListItem\",\"position\":2,\"name\":\"Trends\",\"item\":\"https:\\\/\\\/www.treatwell.at/treatment-files\\\/trends\\\/\"},{\"@type\":\"ListItem\",\"position\":3,\"name\":\"Men Colour Trend &#8211; Immer sch\u00f6n bunt die Haare\"}]},{\"@type\":\"WebSite\",\"@id\":\"https:\\\/\\\/www.treatwell.at/treatment-files\\\/#website\",\"url\":\"https:\\\/\\\/www.treatwell.at/treatment-files\\\/\",\"name\":\"The Treatment Files Blog\",\"description\":\"Beauty entdecken. Beauty erleben.\",\"publisher\":{\"@id\":\"https:\\\/\\\/www.treatwell.at/treatment-files\\\/#organization\"},\"potentialAction\":[{\"@type\":\"SearchAction\",\"target\":{\"@type\":\"EntryPoint\",\"urlTemplate\":\"https:\\\/\\\/www.treatwell.at/treatment-files\\\/?s={search_term_string}\"},\"query-input\":{\"@type\":\"PropertyValueSpecification\",\"valueRequired\":true,\"valueName\":\"search_term_string\"}}],\"inLanguage\":\"de-AT\"},{\"@type\":\"Organization\",\"@id\":\"https:\\\/\\\/www.treatwell.at/treatment-files\\\/#organization\",\"name\":\"Treatwell\",\"url\":\"https:\\\/\\\/www.treatwell.at/treatment-files\\\/\",\"logo\":{\"@type\":\"ImageObject\",\"inLanguage\":\"de-AT\",\"@id\":\"https:\\\/\\\/www.treatwell.at/treatment-files\\\/#\\\/schema\\\/logo\\\/image\\\/\",\"url\":\"https:\\\/\\\/www.treatwell.at/treatment-files\\\/wp-content\\\/uploads\\\/sites\\\/2\\\/2022\\\/03\\\/logo_treatwell.png\",\"contentUrl\":\"https:\\\/\\\/www.treatwell.at/treatment-files\\\/wp-content\\\/uploads\\\/sites\\\/2\\\/2022\\\/03\\\/logo_treatwell.png\",\"width\":889,\"height\":164,\"caption\":\"Treatwell\"},\"image\":{\"@id\":\"https:\\\/\\\/www.treatwell.at/treatment-files\\\/#\\\/schema\\\/logo\\\/image\\\/\"}},{\"@type\":\"Person\",\"@id\":\"https:\\\/\\\/www.treatwell.at/treatment-files\\\/#\\\/schema\\\/person\\\/869d3f19bdf4203c8e6e97c64e1c3c8e\",\"name\":\"Isabella Tombinski-robb\",\"image\":{\"@type\":\"ImageObject\",\"inLanguage\":\"de-AT\",\"@id\":\"https:\\\/\\\/secure.gravatar.com\\\/avatar\\\/624ce3bd6151d711f02c8c31549c8390027943dc1293e17bf28c136ce4288a80?s=96&d=mm&r=g\",\"url\":\"https:\\\/\\\/secure.gravatar.com\\\/avatar\\\/624ce3bd6151d711f02c8c31549c8390027943dc1293e17bf28c136ce4288a80?s=96&d=mm&r=g\",\"contentUrl\":\"https:\\\/\\\/secure.gravatar.com\\\/avatar\\\/624ce3bd6151d711f02c8c31549c8390027943dc1293e17bf28c136ce4288a80?s=96&d=mm&r=g\",\"caption\":\"Isabella Tombinski-robb\"},\"url\":\"https:\\\/\\\/www.treatwell.at/treatment-files\\\/author\\\/isabellatombinskirobb\\\/\"}]}<\/script>\n<!-- \/ Yoast SEO plugin. -->","yoast_head_json":{"title":"Men Colour Trend - Immer sch\u00f6n bunt die Haare - Treatwell","description":"Vergiss\u2019 das gelbe K\u00fcken der s\u00fc\u00dfen 90er Jahre (Hello Justin Timberlake), diesen Winter haben M\u00e4nner Mut zu Colour und sich in Sachen Haarstyles mehr Farbe gewidmet.","robots":{"index":"index","follow":"follow","max-snippet":"max-snippet:-1","max-image-preview":"max-image-preview:large","max-video-preview":"max-video-preview:-1"},"canonical":"https:\/\/www.treatwell.at/treatment-files\/men-colour-trend-immer-schoen-bunt-die-haare\/","og_locale":"de_DE","og_type":"article","og_title":"Men Colour Trend - Immer sch\u00f6n bunt die Haare - Treatwell","og_description":"Vergiss\u2019 das gelbe K\u00fcken der s\u00fc\u00dfen 90er Jahre (Hello Justin Timberlake), diesen Winter haben M\u00e4nner Mut zu Colour und sich in Sachen Haarstyles mehr Farbe gewidmet.","og_url":"https:\/\/www.treatwell.at/treatment-files\/men-colour-trend-immer-schoen-bunt-die-haare\/","og_site_name":"The Treatment Files Blog","article_published_time":"2018-09-24T16:38:14+00:00","article_modified_time":"2026-01-18T13:27:15+00:00","author":"Isabella Tombinski-robb","twitter_card":"summary_large_image","twitter_misc":{"Verfasst von":"Isabella Tombinski-robb","Gesch\u00e4tzte Lesezeit":"2 Minuten"},"schema":{"@context":"https:\/\/schema.org","@graph":[{"@type":"Article","@id":"https:\/\/www.treatwell.at/treatment-files\/men-colour-trend-immer-schoen-bunt-die-haare\/#article","isPartOf":{"@id":"https:\/\/www.treatwell.at/treatment-files\/men-colour-trend-immer-schoen-bunt-die-haare\/"},"author":{"name":"Isabella Tombinski-robb","@id":"https:\/\/www.treatwell.at/treatment-files\/#\/schema\/person\/869d3f19bdf4203c8e6e97c64e1c3c8e"},"headline":"Men Colour Trend &#8211; Immer sch\u00f6n bunt die Haare","datePublished":"2018-09-24T16:38:14+00:00","dateModified":"2026-01-18T13:27:15+00:00","mainEntityOfPage":{"@id":"https:\/\/www.treatwell.at/treatment-files\/men-colour-trend-immer-schoen-bunt-die-haare\/"},"wordCount":384,"publisher":{"@id":"https:\/\/www.treatwell.at/treatment-files\/#organization"},"keywords":["Men's Hair Colouring and Greys Coverage","Men's Haircuts and Hairdressing"],"articleSection":["Trends"],"inLanguage":"de-AT"},{"@type":"WebPage","@id":"https:\/\/www.treatwell.at/treatment-files\/men-colour-trend-immer-schoen-bunt-die-haare\/","url":"https:\/\/www.treatwell.at/treatment-files\/men-colour-trend-immer-schoen-bunt-die-haare\/","name":"Men Colour Trend - Immer sch\u00f6n bunt die Haare - Treatwell","isPartOf":{"@id":"https:\/\/www.treatwell.at/treatment-files\/#website"},"datePublished":"2018-09-24T16:38:14+00:00","dateModified":"2026-01-18T13:27:15+00:00","description":"Vergiss\u2019 das gelbe K\u00fcken der s\u00fc\u00dfen 90er Jahre (Hello Justin Timberlake), diesen Winter haben M\u00e4nner Mut zu Colour und sich in Sachen Haarstyles mehr Farbe gewidmet.","breadcrumb":{"@id":"https:\/\/www.treatwell.at/treatment-files\/men-colour-trend-immer-schoen-bunt-die-haare\/#breadcrumb"},"inLanguage":"de-AT","potentialAction":[{"@type":"ReadAction","target":["https:\/\/www.treatwell.at/treatment-files\/men-colour-trend-immer-schoen-bunt-die-haare\/"]}]},{"@type":"BreadcrumbList","@id":"https:\/\/www.treatwell.at/treatment-files\/men-colour-trend-immer-schoen-bunt-die-haare\/#breadcrumb","itemListElement":[{"@type":"ListItem","position":1,"name":"Home","item":"https:\/\/www.treatwell.at/treatment-files\/"},{"@type":"ListItem","position":2,"name":"Trends","item":"https:\/\/www.treatwell.at/treatment-files\/trends\/"},{"@type":"ListItem","position":3,"name":"Men Colour Trend &#8211; Immer sch\u00f6n bunt die Haare"}]},{"@type":"WebSite","@id":"https:\/\/www.treatwell.at/treatment-files\/#website","url":"https:\/\/www.treatwell.at/treatment-files\/","name":"The Treatment Files Blog","description":"Beauty entdecken. Beauty erleben.","publisher":{"@id":"https:\/\/www.treatwell.at/treatment-files\/#organization"},"potentialAction":[{"@type":"SearchAction","target":{"@type":"EntryPoint","urlTemplate":"https:\/\/www.treatwell.at/treatment-files\/?s={search_term_string}"},"query-input":{"@type":"PropertyValueSpecification","valueRequired":true,"valueName":"search_term_string"}}],"inLanguage":"de-AT"},{"@type":"Organization","@id":"https:\/\/www.treatwell.at/treatment-files\/#organization","name":"Treatwell","url":"https:\/\/www.treatwell.at/treatment-files\/","logo":{"@type":"ImageObject","inLanguage":"de-AT","@id":"https:\/\/www.treatwell.at/treatment-files\/#\/schema\/logo\/image\/","url":"https:\/\/www.treatwell.at/treatment-files\/wp-content\/uploads\/sites\/2\/2022\/03\/logo_treatwell.png","contentUrl":"https:\/\/www.treatwell.at/treatment-files\/wp-content\/uploads\/sites\/2\/2022\/03\/logo_treatwell.png","width":889,"height":164,"caption":"Treatwell"},"image":{"@id":"https:\/\/www.treatwell.at/treatment-files\/#\/schema\/logo\/image\/"}},{"@type":"Person","@id":"https:\/\/www.treatwell.at/treatment-files\/#\/schema\/person\/869d3f19bdf4203c8e6e97c64e1c3c8e","name":"Isabella Tombinski-robb","image":{"@type":"ImageObject","inLanguage":"de-AT","@id":"https:\/\/secure.gravatar.com\/avatar\/624ce3bd6151d711f02c8c31549c8390027943dc1293e17bf28c136ce4288a80?s=96&d=mm&r=g","url":"https:\/\/secure.gravatar.com\/avatar\/624ce3bd6151d711f02c8c31549c8390027943dc1293e17bf28c136ce4288a80?s=96&d=mm&r=g","contentUrl":"https:\/\/secure.gravatar.com\/avatar\/624ce3bd6151d711f02c8c31549c8390027943dc1293e17bf28c136ce4288a80?s=96&d=mm&r=g","caption":"Isabella Tombinski-robb"},"url":"https:\/\/www.treatwell.at/treatment-files\/author\/isabellatombinskirobb\/"}]}},"featured_image_src":null,"featured_image_src_square":null,"author_info":{"display_name":"Isabella Tombinski-robb","author_link":"https:\/\/www.treatwell.at/treatment-files\/author\/isabellatombinskirobb\/"},"_links":{"self":[{"href":"https:\/\/www.treatwell.at\/treatment-files\/wp-json\/wp\/v2\/posts\/14515","targetHints":{"allow":["GET"]}}],"collection":[{"href":"https:\/\/www.treatwell.at\/treatment-files\/wp-json\/wp\/v2\/posts"}],"about":[{"href":"https:\/\/www.treatwell.at\/treatment-files\/wp-json\/wp\/v2\/types\/post"}],"author":[{"embeddable":true,"href":"https:\/\/www.treatwell.at\/treatment-files\/wp-json\/wp\/v2\/users\/3318"}],"replies":[{"embeddable":true,"href":"https:\/\/www.treatwell.at\/treatment-files\/wp-json\/wp\/v2\/comments?post=14515"}],"version-history":[{"count":0,"href":"https:\/\/www.treatwell.at\/treatment-files\/wp-json\/wp\/v2\/posts\/14515\/revisions"}],"wp:attachment":[{"href":"https:\/\/www.treatwell.at\/treatment-files\/wp-json\/wp\/v2\/media?parent=14515"}],"wp:term":[{"taxonomy":"category","embeddable":true,"href":"https:\/\/www.treatwell.at\/treatment-files\/wp-json\/wp\/v2\/categories?post=14515"},{"taxonomy":"post_tag","embeddable":true,"href":"https:\/\/www.treatwell.at\/treatment-files\/wp-json\/wp\/v2\/tags?post=14515"}],"curies":[{"name":"wp","href":"https:\/\/api.w.org\/{rel}","templated":true}]}}