{"id":14517,"date":"2018-09-26T11:00:21","date_gmt":"2018-09-26T09:00:21","guid":{"rendered":"http:\/\/www.treatwell.at\/treatment-files\/?p=12618"},"modified":"2026-01-18T14:27:15","modified_gmt":"2026-01-18T13:27:15","slug":"das-waren-die-beauty-looks-der-fashion-week-ss19","status":"publish","type":"post","link":"https:\/\/www.treatwell.at/treatment-files\/das-waren-die-beauty-looks-der-fashion-week-ss19\/","title":{"rendered":"Das waren die Beauty-Looks der Fashion Week SS19"},"content":{"rendered":"<p style=\"text-align: justify\">New York, London, Milan und jetzt Paris Fashion Week. Die Modewochen gehen langsam dem Ende zu und wir sind overwhelmed von den ganzen Eindr\u00fccken, Trends und neuen Styles. Der Trend-Forecast f\u00fcr Spring\/Summer in Sachen Beauty sieht spannend aus. Was uns bezaubert hat und was wir noch \u00f6fters im Fr\u00fchling auf den High Streets sehen werden, haben wir f\u00fcr euch zusammengefasst. Das waren die Beauty-Looks der Fashion Week.<\/p>\n<div class=\"schema-faq wp-block-yoast-faq-block\">\n<div class=\"schema-faq-section\" id=\"faq-question-1768742776226\">\n<h3 class=\"schema-faq-question\">Welche Nageltrends hast du bei der Fashion Week gesehen?<\/h3>\n<p class=\"schema-faq-answer\">Zu den Nageltrends z\u00e4hlen Ink Nails mit schwarzen Details und 90s Glitter Nails. Ink Nails wirken durch das transparente Design mit schwarzem Akzent auff\u00e4llig, w\u00e4hrend Glitter Nails mit Glitzerelementen und kurzem Schnitt einen minimalistischen Style zeigen.<\/div>\n<div class=\"schema-faq-section\" id=\"faq-question-1768742776227\">\n<h3 class=\"schema-faq-question\">Wie wirkt der Taupe Cat Eyes Look beim Make-up?<\/h3>\n<p class=\"schema-faq-answer\">Der Taupe Cat Eyes Look wirkt dezent und modern zugleich. Taupefarbenes Augen-Make-up in Cat-Eye-Form bringt deine Augen stilvoll zur Geltung und sorgt f\u00fcr einen frischen, britischen Touch.<\/div>\n<div class=\"schema-faq-section\" id=\"faq-question-1768742776228\">\n<h3 class=\"schema-faq-question\">Was macht die Ink Nails bei Moschino besonders?<\/h3>\n<p class=\"schema-faq-answer\">Die mandelf\u00f6rmigen Ink Nails kombinieren ein transparentes Design mit auff\u00e4lligem schwarzem Detail. Sie eignen sich sowohl f\u00fcr den Sommer als auch f\u00fcr herbstliche Looks und stechen durch ihre extravagante Optik hervor.<\/div>\n<div class=\"schema-faq-section\" id=\"faq-question-1768742776229\">\n<h3 class=\"schema-faq-question\">Wie stylst du 90s Glitter Nails unkompliziert?<\/h3>\n<p class=\"schema-faq-answer\">F\u00fcr den 90s Glitter Nageltrend brauchst du kurze N\u00e4gel und Glitzerelemente im Konfetti-Stil. Mit dieser minimalistischen Kombination erh\u00e4ltst du einen Look, der an Kindheitserinnerungen ankn\u00fcpft und aktuell wieder gefragt ist.<\/div>\n<div class=\"schema-faq-section\" id=\"faq-question-1768742776230\">\n<h3 class=\"schema-faq-question\">Wo kannst du Beauty-Termine und Manik\u00fcren online buchen?<\/h3>\n<p class=\"schema-faq-answer\">Du kannst Beauty-Termine sowie deine n\u00e4chste Manik\u00fcre ganz unkompliziert online buchen. Treatwell erm\u00f6glicht dir, aus vielen Lieblingssalons auszuw\u00e4hlen und Buchungen flexibel unterwegs zu erledigen.<\/div>\n<\/p><\/div>\n","protected":false},"excerpt":{"rendered":"<p>New York, London, Milan und jetzt Paris Fashion Week. Die Modewochen gehen langsam dem Ende zu und wir sind overwhelmed von den ganzen Eindr\u00fccken, Trends und neuen Styles. Der Trend-Forecast f\u00fcr Spring\/Summer in Sachen Beauty sieht spannend aus. Was uns bezaubert hat und was wir noch \u00f6fters im Fr\u00fchling auf den High Streets sehen werden, [&hellip;]<\/p>\n","protected":false},"author":3318,"featured_media":0,"comment_status":"closed","ping_status":"closed","sticky":false,"template":"","format":"standard","meta":{"_acf_changed":false,"_yoast_wpseo_title":"Das waren die Beauty-Looks der Fashion Week SS19 - Treatwell","_yoast_wpseo_metadesc":"Was uns bezaubert hat und was wir noch \u00f6fters im Fr\u00fchling auf den High Streets sehen werden, haben wir f\u00fcr euch zusammengefasst. Das waren die Beauty-Looks der Fashion Week SS19.","_genesis_hide_title":false,"_genesis_hide_breadcrumbs":false,"_genesis_hide_singular_image":false,"_genesis_hide_footer_widgets":false,"_genesis_custom_body_class":"","_genesis_custom_post_class":"","_genesis_layout":"","saswp_custom_schema_field":"{\"@context\":\"https:\/\/schema.org\",\"@type\":\"FAQPage\",\"mainEntity\":[{\"@type\":\"Question\",\"name\":\"Welche Nageltrends hast du bei der Fashion Week gesehen?\",\"acceptedAnswer\":{\"@type\":\"Answer\",\"text\":\"Zu den Nageltrends z\u00e4hlen Ink Nails mit schwarzen Details und 90s Glitter Nails. Ink Nails wirken durch das transparente Design mit schwarzem Akzent auff\u00e4llig, w\u00e4hrend Glitter Nails mit Glitzerelementen und kurzem Schnitt einen minimalistischen Style zeigen.\"}},{\"@type\":\"Question\",\"name\":\"Wie wirkt der Taupe Cat Eyes Look beim Make-up?\",\"acceptedAnswer\":{\"@type\":\"Answer\",\"text\":\"Der Taupe Cat Eyes Look wirkt dezent und modern zugleich. Taupefarbenes Augen-Make-up in Cat-Eye-Form bringt deine Augen stilvoll zur Geltung und sorgt f\u00fcr einen frischen, britischen Touch.\"}},{\"@type\":\"Question\",\"name\":\"Was macht die Ink Nails bei Moschino besonders?\",\"acceptedAnswer\":{\"@type\":\"Answer\",\"text\":\"Die mandelf\u00f6rmigen Ink Nails kombinieren ein transparentes Design mit auff\u00e4lligem schwarzem Detail. Sie eignen sich sowohl f\u00fcr den Sommer als auch f\u00fcr herbstliche Looks und stechen durch ihre extravagante Optik hervor.\"}},{\"@type\":\"Question\",\"name\":\"Wie stylst du 90s Glitter Nails unkompliziert?\",\"acceptedAnswer\":{\"@type\":\"Answer\",\"text\":\"F\u00fcr den 90s Glitter Nageltrend brauchst du kurze N\u00e4gel und Glitzerelemente im Konfetti-Stil. Mit dieser minimalistischen Kombination erh\u00e4ltst du einen Look, der an Kindheitserinnerungen ankn\u00fcpft und aktuell wieder gefragt ist.\"}},{\"@type\":\"Question\",\"name\":\"Wo kannst du Beauty-Termine und Manik\u00fcren online buchen?\",\"acceptedAnswer\":{\"@type\":\"Answer\",\"text\":\"Du kannst Beauty-Termine sowie deine n\u00e4chste Manik\u00fcre ganz unkompliziert online buchen. Treatwell erm\u00f6glicht dir, aus vielen Lieblingssalons auszuw\u00e4hlen und Buchungen flexibel unterwegs zu erledigen.\"}}]}","footnotes":""},"categories":[9],"tags":[3,42,38],"class_list":{"0":"post-14517","1":"post","2":"type-post","3":"status-publish","4":"format-standard","6":"category-beauty","7":"tag-tt6","8":"tag-vt53","9":"tag-tt36","10":"entry","11":"has-post-thumbnail"},"acf":{"post_credits":"Bildrechte: Shutterstock, Instagram: @sammcknight1, @sammcknight1, @lynseyalexander, Shutterstock, Shutterstock, @mariannewman, Shutterstock","beauty_blog_post_button_title":"","beauty_blog_post_button":"","landscape_picture":14521,"blocks":[{"block_title":"Taupe Eyes","block_content":"<p>Burberry, darauf haben alle sehns&uuml;chtig gewartet. Sp&auml;testens als Christopher Bailey seinen R&uuml;cktritt bekannt gegeben hat und wir mit Riccardo Tisci konfrontiert waren, konnten wir es kaum erwarten seine erste Kollektion f&uuml;r die britische Modemarke zu sehen. Das Logo, das wir jahrelang kannten? Changed, aber completely. Beautywise haben wir auch hier einen neuen Make-Up Trend ersp&auml;ht; Taupe Cat Eyes.<\/p>\n","video_content":"","block_picture":14518},{"block_title":"Moschino - Ink Nails","block_content":"<p>Okay, okay....tief durchatmen. Dieser Nail-Trend ist einfach zum Hingucken (vor allem l&auml;sst es unsere Beautyherzen h&ouml;her schlagen). Die mandelf&ouml;rmige und transparent Manik&uuml;re mit schwarzem Ink-Detail haben wir bei Moschino ersp&auml;ht. Auch wenn diese Nails eher was f&uuml;r SS19 sind, denken wir, dass diese auch verdammt cool diesen Herbst aussehen k&ouml;nnen. Vielleicht beim n&auml;chsten Mani-Termin? Hmm...<\/p>\n","video_content":"","block_picture":14519},{"block_title":"Anna Sui - 90s Glitter Nails","block_content":"<p>Erinnerst du dich an deine Kindheitstage und als du zum ersten Mal Nagellack probiert hast? Mit gro&szlig;er Wahrscheinlichkeit war dieser Blau oder Glitzer, stimmt&rsquo;s? Glitter Nails wie Konfetti und wie wir sie aus unserer Schulzeit kennen, feiern gerade ein Comeback mit Anna Sui&rsquo;s Fashion Show. Kurze Nails sind hier Key f&uuml;r den Look und verpassen deinen Fingern einen minimalistischen Style.<\/p>\n\n<p>Jetzt solltest du gewappnet sein! Mit&nbsp;Treatwell, kannst du&nbsp;<a href=\"http:\/\/www.treatwell.at\/\">Beauty&nbsp;und all deine Lieblingssalons online buchen<\/a>&nbsp;&ndash; simpel, m&uuml;helos, und du kannst es von unterwegs machen.&nbsp;Hier gehts&nbsp;<a href=\"https:\/\/www.treatwell.at\/orte\/behandlung-damen-waxing\/angebot-typ-lokal\/in-wien-at\/\">zu den besten Salons in deiner Umgebung<\/a>.&nbsp;<\/p>\n","video_content":"","block_picture":14520}]},"yoast_head":"<!-- This site is optimized with the Yoast SEO plugin v27.5 - https:\/\/yoast.com\/product\/yoast-seo-wordpress\/ -->\n<title>Das waren die Beauty-Looks der Fashion Week SS19 - Treatwell<\/title>\n<meta name=\"description\" content=\"Was uns bezaubert hat und was wir noch \u00f6fters im Fr\u00fchling auf den High Streets sehen werden, haben wir f\u00fcr euch zusammengefasst. Das waren die Beauty-Looks der Fashion Week SS19.\" \/>\n<meta name=\"robots\" content=\"index, follow, max-snippet:-1, max-image-preview:large, max-video-preview:-1\" \/>\n<link rel=\"canonical\" href=\"https:\/\/www.treatwell.at/treatment-files\/das-waren-die-beauty-looks-der-fashion-week-ss19\/\" \/>\n<meta property=\"og:locale\" content=\"de_DE\" \/>\n<meta property=\"og:type\" content=\"article\" \/>\n<meta property=\"og:title\" content=\"Das waren die Beauty-Looks der Fashion Week SS19 - Treatwell\" \/>\n<meta property=\"og:description\" content=\"Was uns bezaubert hat und was wir noch \u00f6fters im Fr\u00fchling auf den High Streets sehen werden, haben wir f\u00fcr euch zusammengefasst. Das waren die Beauty-Looks der Fashion Week SS19.\" \/>\n<meta property=\"og:url\" content=\"https:\/\/www.treatwell.at/treatment-files\/das-waren-die-beauty-looks-der-fashion-week-ss19\/\" \/>\n<meta property=\"og:site_name\" content=\"The Treatment Files Blog\" \/>\n<meta property=\"article:published_time\" content=\"2018-09-26T09:00:21+00:00\" \/>\n<meta property=\"article:modified_time\" content=\"2026-01-18T13:27:15+00:00\" \/>\n<meta name=\"author\" content=\"Isabella Tombinski-robb\" \/>\n<meta name=\"twitter:card\" content=\"summary_large_image\" \/>\n<meta name=\"twitter:label1\" content=\"Verfasst von\" \/>\n\t<meta name=\"twitter:data1\" content=\"Isabella Tombinski-robb\" \/>\n\t<meta name=\"twitter:label2\" content=\"Gesch\u00e4tzte Lesezeit\" \/>\n\t<meta name=\"twitter:data2\" content=\"1 Minute\" \/>\n<script type=\"application\/ld+json\" class=\"yoast-schema-graph\">{\"@context\":\"https:\\\/\\\/schema.org\",\"@graph\":[{\"@type\":\"Article\",\"@id\":\"https:\\\/\\\/www.treatwell.at/treatment-files\\\/das-waren-die-beauty-looks-der-fashion-week-ss19\\\/#article\",\"isPartOf\":{\"@id\":\"https:\\\/\\\/www.treatwell.at/treatment-files\\\/das-waren-die-beauty-looks-der-fashion-week-ss19\\\/\"},\"author\":{\"name\":\"Isabella Tombinski-robb\",\"@id\":\"https:\\\/\\\/www.treatwell.at/treatment-files\\\/#\\\/schema\\\/person\\\/869d3f19bdf4203c8e6e97c64e1c3c8e\"},\"headline\":\"Das waren die Beauty-Looks der Fashion Week SS19\",\"datePublished\":\"2018-09-26T09:00:21+00:00\",\"dateModified\":\"2026-01-18T13:27:15+00:00\",\"mainEntityOfPage\":{\"@id\":\"https:\\\/\\\/www.treatwell.at/treatment-files\\\/das-waren-die-beauty-looks-der-fashion-week-ss19\\\/\"},\"wordCount\":286,\"publisher\":{\"@id\":\"https:\\\/\\\/www.treatwell.at/treatment-files\\\/#organization\"},\"keywords\":[\"Hair\",\"Makeup Studio\",\"Nails\"],\"articleSection\":[\"Beauty\"],\"inLanguage\":\"de-AT\"},{\"@type\":\"WebPage\",\"@id\":\"https:\\\/\\\/www.treatwell.at/treatment-files\\\/das-waren-die-beauty-looks-der-fashion-week-ss19\\\/\",\"url\":\"https:\\\/\\\/www.treatwell.at/treatment-files\\\/das-waren-die-beauty-looks-der-fashion-week-ss19\\\/\",\"name\":\"Das waren die Beauty-Looks der Fashion Week SS19 - Treatwell\",\"isPartOf\":{\"@id\":\"https:\\\/\\\/www.treatwell.at/treatment-files\\\/#website\"},\"datePublished\":\"2018-09-26T09:00:21+00:00\",\"dateModified\":\"2026-01-18T13:27:15+00:00\",\"description\":\"Was uns bezaubert hat und was wir noch \u00f6fters im Fr\u00fchling auf den High Streets sehen werden, haben wir f\u00fcr euch zusammengefasst. Das waren die Beauty-Looks der Fashion Week SS19.\",\"breadcrumb\":{\"@id\":\"https:\\\/\\\/www.treatwell.at/treatment-files\\\/das-waren-die-beauty-looks-der-fashion-week-ss19\\\/#breadcrumb\"},\"inLanguage\":\"de-AT\",\"potentialAction\":[{\"@type\":\"ReadAction\",\"target\":[\"https:\\\/\\\/www.treatwell.at/treatment-files\\\/das-waren-die-beauty-looks-der-fashion-week-ss19\\\/\"]}]},{\"@type\":\"BreadcrumbList\",\"@id\":\"https:\\\/\\\/www.treatwell.at/treatment-files\\\/das-waren-die-beauty-looks-der-fashion-week-ss19\\\/#breadcrumb\",\"itemListElement\":[{\"@type\":\"ListItem\",\"position\":1,\"name\":\"Home\",\"item\":\"https:\\\/\\\/www.treatwell.at/treatment-files\\\/\"},{\"@type\":\"ListItem\",\"position\":2,\"name\":\"Beauty\",\"item\":\"https:\\\/\\\/www.treatwell.at/treatment-files\\\/beauty\\\/\"},{\"@type\":\"ListItem\",\"position\":3,\"name\":\"Das waren die Beauty-Looks der Fashion Week SS19\"}]},{\"@type\":\"WebSite\",\"@id\":\"https:\\\/\\\/www.treatwell.at/treatment-files\\\/#website\",\"url\":\"https:\\\/\\\/www.treatwell.at/treatment-files\\\/\",\"name\":\"The Treatment Files Blog\",\"description\":\"Beauty entdecken. Beauty erleben.\",\"publisher\":{\"@id\":\"https:\\\/\\\/www.treatwell.at/treatment-files\\\/#organization\"},\"potentialAction\":[{\"@type\":\"SearchAction\",\"target\":{\"@type\":\"EntryPoint\",\"urlTemplate\":\"https:\\\/\\\/www.treatwell.at/treatment-files\\\/?s={search_term_string}\"},\"query-input\":{\"@type\":\"PropertyValueSpecification\",\"valueRequired\":true,\"valueName\":\"search_term_string\"}}],\"inLanguage\":\"de-AT\"},{\"@type\":\"Organization\",\"@id\":\"https:\\\/\\\/www.treatwell.at/treatment-files\\\/#organization\",\"name\":\"Treatwell\",\"url\":\"https:\\\/\\\/www.treatwell.at/treatment-files\\\/\",\"logo\":{\"@type\":\"ImageObject\",\"inLanguage\":\"de-AT\",\"@id\":\"https:\\\/\\\/www.treatwell.at/treatment-files\\\/#\\\/schema\\\/logo\\\/image\\\/\",\"url\":\"https:\\\/\\\/www.treatwell.at/treatment-files\\\/wp-content\\\/uploads\\\/sites\\\/2\\\/2022\\\/03\\\/logo_treatwell.png\",\"contentUrl\":\"https:\\\/\\\/www.treatwell.at/treatment-files\\\/wp-content\\\/uploads\\\/sites\\\/2\\\/2022\\\/03\\\/logo_treatwell.png\",\"width\":889,\"height\":164,\"caption\":\"Treatwell\"},\"image\":{\"@id\":\"https:\\\/\\\/www.treatwell.at/treatment-files\\\/#\\\/schema\\\/logo\\\/image\\\/\"}},{\"@type\":\"Person\",\"@id\":\"https:\\\/\\\/www.treatwell.at/treatment-files\\\/#\\\/schema\\\/person\\\/869d3f19bdf4203c8e6e97c64e1c3c8e\",\"name\":\"Isabella Tombinski-robb\",\"image\":{\"@type\":\"ImageObject\",\"inLanguage\":\"de-AT\",\"@id\":\"https:\\\/\\\/secure.gravatar.com\\\/avatar\\\/624ce3bd6151d711f02c8c31549c8390027943dc1293e17bf28c136ce4288a80?s=96&d=mm&r=g\",\"url\":\"https:\\\/\\\/secure.gravatar.com\\\/avatar\\\/624ce3bd6151d711f02c8c31549c8390027943dc1293e17bf28c136ce4288a80?s=96&d=mm&r=g\",\"contentUrl\":\"https:\\\/\\\/secure.gravatar.com\\\/avatar\\\/624ce3bd6151d711f02c8c31549c8390027943dc1293e17bf28c136ce4288a80?s=96&d=mm&r=g\",\"caption\":\"Isabella Tombinski-robb\"},\"url\":\"https:\\\/\\\/www.treatwell.at/treatment-files\\\/author\\\/isabellatombinskirobb\\\/\"}]}<\/script>\n<!-- \/ Yoast SEO plugin. -->","yoast_head_json":{"title":"Das waren die Beauty-Looks der Fashion Week SS19 - Treatwell","description":"Was uns bezaubert hat und was wir noch \u00f6fters im Fr\u00fchling auf den High Streets sehen werden, haben wir f\u00fcr euch zusammengefasst. Das waren die Beauty-Looks der Fashion Week SS19.","robots":{"index":"index","follow":"follow","max-snippet":"max-snippet:-1","max-image-preview":"max-image-preview:large","max-video-preview":"max-video-preview:-1"},"canonical":"https:\/\/www.treatwell.at/treatment-files\/das-waren-die-beauty-looks-der-fashion-week-ss19\/","og_locale":"de_DE","og_type":"article","og_title":"Das waren die Beauty-Looks der Fashion Week SS19 - Treatwell","og_description":"Was uns bezaubert hat und was wir noch \u00f6fters im Fr\u00fchling auf den High Streets sehen werden, haben wir f\u00fcr euch zusammengefasst. Das waren die Beauty-Looks der Fashion Week SS19.","og_url":"https:\/\/www.treatwell.at/treatment-files\/das-waren-die-beauty-looks-der-fashion-week-ss19\/","og_site_name":"The Treatment Files Blog","article_published_time":"2018-09-26T09:00:21+00:00","article_modified_time":"2026-01-18T13:27:15+00:00","author":"Isabella Tombinski-robb","twitter_card":"summary_large_image","twitter_misc":{"Verfasst von":"Isabella Tombinski-robb","Gesch\u00e4tzte Lesezeit":"1 Minute"},"schema":{"@context":"https:\/\/schema.org","@graph":[{"@type":"Article","@id":"https:\/\/www.treatwell.at/treatment-files\/das-waren-die-beauty-looks-der-fashion-week-ss19\/#article","isPartOf":{"@id":"https:\/\/www.treatwell.at/treatment-files\/das-waren-die-beauty-looks-der-fashion-week-ss19\/"},"author":{"name":"Isabella Tombinski-robb","@id":"https:\/\/www.treatwell.at/treatment-files\/#\/schema\/person\/869d3f19bdf4203c8e6e97c64e1c3c8e"},"headline":"Das waren die Beauty-Looks der Fashion Week SS19","datePublished":"2018-09-26T09:00:21+00:00","dateModified":"2026-01-18T13:27:15+00:00","mainEntityOfPage":{"@id":"https:\/\/www.treatwell.at/treatment-files\/das-waren-die-beauty-looks-der-fashion-week-ss19\/"},"wordCount":286,"publisher":{"@id":"https:\/\/www.treatwell.at/treatment-files\/#organization"},"keywords":["Hair","Makeup Studio","Nails"],"articleSection":["Beauty"],"inLanguage":"de-AT"},{"@type":"WebPage","@id":"https:\/\/www.treatwell.at/treatment-files\/das-waren-die-beauty-looks-der-fashion-week-ss19\/","url":"https:\/\/www.treatwell.at/treatment-files\/das-waren-die-beauty-looks-der-fashion-week-ss19\/","name":"Das waren die Beauty-Looks der Fashion Week SS19 - Treatwell","isPartOf":{"@id":"https:\/\/www.treatwell.at/treatment-files\/#website"},"datePublished":"2018-09-26T09:00:21+00:00","dateModified":"2026-01-18T13:27:15+00:00","description":"Was uns bezaubert hat und was wir noch \u00f6fters im Fr\u00fchling auf den High Streets sehen werden, haben wir f\u00fcr euch zusammengefasst. Das waren die Beauty-Looks der Fashion Week SS19.","breadcrumb":{"@id":"https:\/\/www.treatwell.at/treatment-files\/das-waren-die-beauty-looks-der-fashion-week-ss19\/#breadcrumb"},"inLanguage":"de-AT","potentialAction":[{"@type":"ReadAction","target":["https:\/\/www.treatwell.at/treatment-files\/das-waren-die-beauty-looks-der-fashion-week-ss19\/"]}]},{"@type":"BreadcrumbList","@id":"https:\/\/www.treatwell.at/treatment-files\/das-waren-die-beauty-looks-der-fashion-week-ss19\/#breadcrumb","itemListElement":[{"@type":"ListItem","position":1,"name":"Home","item":"https:\/\/www.treatwell.at/treatment-files\/"},{"@type":"ListItem","position":2,"name":"Beauty","item":"https:\/\/www.treatwell.at/treatment-files\/beauty\/"},{"@type":"ListItem","position":3,"name":"Das waren die Beauty-Looks der Fashion Week SS19"}]},{"@type":"WebSite","@id":"https:\/\/www.treatwell.at/treatment-files\/#website","url":"https:\/\/www.treatwell.at/treatment-files\/","name":"The Treatment Files Blog","description":"Beauty entdecken. Beauty erleben.","publisher":{"@id":"https:\/\/www.treatwell.at/treatment-files\/#organization"},"potentialAction":[{"@type":"SearchAction","target":{"@type":"EntryPoint","urlTemplate":"https:\/\/www.treatwell.at/treatment-files\/?s={search_term_string}"},"query-input":{"@type":"PropertyValueSpecification","valueRequired":true,"valueName":"search_term_string"}}],"inLanguage":"de-AT"},{"@type":"Organization","@id":"https:\/\/www.treatwell.at/treatment-files\/#organization","name":"Treatwell","url":"https:\/\/www.treatwell.at/treatment-files\/","logo":{"@type":"ImageObject","inLanguage":"de-AT","@id":"https:\/\/www.treatwell.at/treatment-files\/#\/schema\/logo\/image\/","url":"https:\/\/www.treatwell.at/treatment-files\/wp-content\/uploads\/sites\/2\/2022\/03\/logo_treatwell.png","contentUrl":"https:\/\/www.treatwell.at/treatment-files\/wp-content\/uploads\/sites\/2\/2022\/03\/logo_treatwell.png","width":889,"height":164,"caption":"Treatwell"},"image":{"@id":"https:\/\/www.treatwell.at/treatment-files\/#\/schema\/logo\/image\/"}},{"@type":"Person","@id":"https:\/\/www.treatwell.at/treatment-files\/#\/schema\/person\/869d3f19bdf4203c8e6e97c64e1c3c8e","name":"Isabella Tombinski-robb","image":{"@type":"ImageObject","inLanguage":"de-AT","@id":"https:\/\/secure.gravatar.com\/avatar\/624ce3bd6151d711f02c8c31549c8390027943dc1293e17bf28c136ce4288a80?s=96&d=mm&r=g","url":"https:\/\/secure.gravatar.com\/avatar\/624ce3bd6151d711f02c8c31549c8390027943dc1293e17bf28c136ce4288a80?s=96&d=mm&r=g","contentUrl":"https:\/\/secure.gravatar.com\/avatar\/624ce3bd6151d711f02c8c31549c8390027943dc1293e17bf28c136ce4288a80?s=96&d=mm&r=g","caption":"Isabella Tombinski-robb"},"url":"https:\/\/www.treatwell.at/treatment-files\/author\/isabellatombinskirobb\/"}]}},"featured_image_src":null,"featured_image_src_square":null,"author_info":{"display_name":"Isabella Tombinski-robb","author_link":"https:\/\/www.treatwell.at/treatment-files\/author\/isabellatombinskirobb\/"},"_links":{"self":[{"href":"https:\/\/www.treatwell.at\/treatment-files\/wp-json\/wp\/v2\/posts\/14517","targetHints":{"allow":["GET"]}}],"collection":[{"href":"https:\/\/www.treatwell.at\/treatment-files\/wp-json\/wp\/v2\/posts"}],"about":[{"href":"https:\/\/www.treatwell.at\/treatment-files\/wp-json\/wp\/v2\/types\/post"}],"author":[{"embeddable":true,"href":"https:\/\/www.treatwell.at\/treatment-files\/wp-json\/wp\/v2\/users\/3318"}],"replies":[{"embeddable":true,"href":"https:\/\/www.treatwell.at\/treatment-files\/wp-json\/wp\/v2\/comments?post=14517"}],"version-history":[{"count":0,"href":"https:\/\/www.treatwell.at\/treatment-files\/wp-json\/wp\/v2\/posts\/14517\/revisions"}],"wp:attachment":[{"href":"https:\/\/www.treatwell.at\/treatment-files\/wp-json\/wp\/v2\/media?parent=14517"}],"wp:term":[{"taxonomy":"category","embeddable":true,"href":"https:\/\/www.treatwell.at\/treatment-files\/wp-json\/wp\/v2\/categories?post=14517"},{"taxonomy":"post_tag","embeddable":true,"href":"https:\/\/www.treatwell.at\/treatment-files\/wp-json\/wp\/v2\/tags?post=14517"}],"curies":[{"name":"wp","href":"https:\/\/api.w.org\/{rel}","templated":true}]}}