{"id":14522,"date":"2018-10-01T16:19:52","date_gmt":"2018-10-01T14:19:52","guid":{"rendered":"http:\/\/www.treatwell.at\/treatment-files\/?p=12652"},"modified":"2026-01-18T14:27:16","modified_gmt":"2026-01-18T13:27:16","slug":"diese-treats-sind-ideal-fuer-die-kalten-herbsttage","status":"publish","type":"post","link":"https:\/\/www.treatwell.at/treatment-files\/diese-treats-sind-ideal-fuer-die-kalten-herbsttage\/","title":{"rendered":"Diese Treats sind ideal f\u00fcr die kalten Herbsttage"},"content":{"rendered":"<p style=\"text-align: justify\">Na da ist er schon&#8230;der Oktober. Das konnten wir bereits feststellen ohne auch daf\u00fcr in den Kalender zu schauen, denn die Temperaturen und der schnelle Wechsel von Kleid auf Jeans sind der gr\u00f6\u00dfte Beweis daf\u00fcr. Was bedeutet das f\u00fcr unsere Haut? Nun ja, zum einen\u00a0eine Anpassung in Sachen Hautpflege, wie wir euch bereits in unserem Guide zusammengestellt haben, zum anderen aber auch ein Change in Treatments. Die Treatments, die du den Sommer \u00fcber geherzt hast, geraten langsam in Vergessenheit und werden ausgetauscht \u00a0\u2013 denn das sind die Treats f\u00fcr die kalten Herbsttage.<\/p>\n<div class=\"schema-faq wp-block-yoast-faq-block\">\n<div class=\"schema-faq-section\" id=\"faq-question-1768742772043\">\n<h3 class=\"schema-faq-question\">Was passiert bei einer Microdermabrasion?<\/h3>\n<p class=\"schema-faq-answer\">Bei einer Microdermabrasion wird die oberste Hautschicht abgetragen, wodurch abgestorbene Hautzellen und Verhornungen entfernt werden. Nach dem Treatment wirkt die Haut gereinigt und kann Pflegeprodukte besser aufnehmen.<\/div>\n<div class=\"schema-faq-section\" id=\"faq-question-1768742772044\">\n<h3 class=\"schema-faq-question\">Wann eignet sich eine Microdermabrasion besonders gut?<\/h3>\n<p class=\"schema-faq-answer\">Eine Microdermabrasion eignet sich besonders nach dem Sommer, wenn die Haut eine intensive Reinigung und Pflege ben\u00f6tigt. Vor den k\u00e4lteren Herbsttagen kannst du deiner Haut durch dieses Treatment gezielt neue Frische schenken.<\/div>\n<div class=\"schema-faq-section\" id=\"faq-question-1768742772045\">\n<h3 class=\"schema-faq-question\">Worauf solltest du nach einer Microdermabrasion verzichten?<\/h3>\n<p class=\"schema-faq-answer\">Nach der Behandlung solltest du Sonnenbaden, Saunen und Peelings zuhause meiden. Sogar ein Selbstbr\u00e4uner oder \u00e4therische \u00d6le k\u00f6nnen der empfindlichen Haut unmittelbar nach dem Treatment schaden.<\/div>\n<div class=\"schema-faq-section\" id=\"faq-question-1768742772046\">\n<h3 class=\"schema-faq-question\">Kannst du eine Microdermabrasion spontan buchen?<\/h3>\n<p class=\"schema-faq-answer\">Eine Microdermabrasion erfordert immer etwas Planung und z\u00e4hlt nicht zu den spontanen Facials. Du solltest rechtzeitig buchen, damit deine Haut im Anschluss ausreichend Zeit zur Erholung hat.<\/div>\n<\/p><\/div>\n","protected":false},"excerpt":{"rendered":"<p>Na da ist er schon&#8230;der Oktober. Das konnten wir bereits feststellen ohne auch daf\u00fcr in den Kalender zu schauen, denn die Temperaturen und der schnelle Wechsel von Kleid auf Jeans sind der gr\u00f6\u00dfte Beweis daf\u00fcr. Was bedeutet das f\u00fcr unsere Haut? Nun ja, zum einen\u00a0eine Anpassung in Sachen Hautpflege, wie wir euch bereits in unserem [&hellip;]<\/p>\n","protected":false},"author":3318,"featured_media":0,"comment_status":"closed","ping_status":"closed","sticky":false,"template":"","format":"standard","meta":{"_acf_changed":false,"_yoast_wpseo_title":"Diese Treats sind ideal f\u00fcr die kalten Herbsttage - Treatwell","_yoast_wpseo_metadesc":"Na da ist er schon...der Oktober. Das konnten wir bereits feststellen ohne auch daf\u00fcr in den Kalender zu schauen, denn die Temperaturen und der schnelle Wechsel von Kleid auf Jeans sind der gr\u00f6\u00dfte Beweis daf\u00fcr. Was bedeutet das f\u00fcr unsere Haut? Nun ja, zum einen eine Anpassung in Sachen Hautpflege, wie wir euch bereits in unserem Guide zusammengestellt haben, zum anderen aber auch ein Change in Treatments. Die Treatments, die du den Sommer \u00fcber geherzt hast, geraten langsam in Vergessenheit und werden ausgetauscht \u2013 denn das sind die Treats f\u00fcr die kalten Herbsttage.","_genesis_hide_title":false,"_genesis_hide_breadcrumbs":false,"_genesis_hide_singular_image":false,"_genesis_hide_footer_widgets":false,"_genesis_custom_body_class":"","_genesis_custom_post_class":"","_genesis_layout":"","saswp_custom_schema_field":"{\"@context\":\"https:\/\/schema.org\",\"@type\":\"FAQPage\",\"mainEntity\":[{\"@type\":\"Question\",\"name\":\"Was passiert bei einer Microdermabrasion?\",\"acceptedAnswer\":{\"@type\":\"Answer\",\"text\":\"Bei einer Microdermabrasion wird die oberste Hautschicht abgetragen, wodurch abgestorbene Hautzellen und Verhornungen entfernt werden. Nach dem Treatment wirkt die Haut gereinigt und kann Pflegeprodukte besser aufnehmen.\"}},{\"@type\":\"Question\",\"name\":\"Wann eignet sich eine Microdermabrasion besonders gut?\",\"acceptedAnswer\":{\"@type\":\"Answer\",\"text\":\"Eine Microdermabrasion eignet sich besonders nach dem Sommer, wenn die Haut eine intensive Reinigung und Pflege ben\u00f6tigt. Vor den k\u00e4lteren Herbsttagen kannst du deiner Haut durch dieses Treatment gezielt neue Frische schenken.\"}},{\"@type\":\"Question\",\"name\":\"Worauf solltest du nach einer Microdermabrasion verzichten?\",\"acceptedAnswer\":{\"@type\":\"Answer\",\"text\":\"Nach der Behandlung solltest du Sonnenbaden, Saunen und Peelings zuhause meiden. Sogar ein Selbstbr\u00e4uner oder \u00e4therische \u00d6le k\u00f6nnen der empfindlichen Haut unmittelbar nach dem Treatment schaden.\"}},{\"@type\":\"Question\",\"name\":\"Kannst du eine Microdermabrasion spontan buchen?\",\"acceptedAnswer\":{\"@type\":\"Answer\",\"text\":\"Eine Microdermabrasion erfordert immer etwas Planung und z\u00e4hlt nicht zu den spontanen Facials. Du solltest rechtzeitig buchen, damit deine Haut im Anschluss ausreichend Zeit zur Erholung hat.\"}}]}","footnotes":""},"categories":[9],"tags":[34,25,61,44],"class_list":{"0":"post-14522","1":"post","2":"type-post","3":"status-publish","4":"format-standard","6":"category-beauty","7":"tag-tr48","8":"tag-tr517","9":"tag-tr52","10":"tag-tr241","11":"entry","12":"has-post-thumbnail"},"acf":{"post_credits":"Bildrechte: Shutterstock, Instagram: @darth_bador, @veronika__esthetician, @aestheticsbytess, @cassiemarie_beauty","beauty_blog_post_button_title":"","beauty_blog_post_button":"","landscape_picture":14524,"blocks":[{"block_title":"Microdermabrasion","block_content":"<p>Schon mal eine Microdermabrasion probiert? Dann wei&szlig;t du bestimmt, dass diese Behandlung nicht zu den spontanen Facials geh&ouml;rt und etwas Planung im Voraus ben&ouml;tigt. Jetzt eignet sich eine Microdermabrasion besonders gut und du kannst deiner Haut die gew&uuml;nschte Reinigung und Pflege nachdem Sommer g&ouml;nnen. Bei diesem Treatment wird die oberste Hautschicht abgetragen, um abgestorbene Hautzellen und Verhornungen zu entfernen. Da die Haut nach der Behandlung &lsquo;atmen&rsquo; sollte raten wir von Sonnenbaden, Saunen und Peelings zuhause ab. Sogar ein Selbstbr&auml;uner oder &auml;therische &Ouml;le k&ouml;nnen der recht empfindsamen Haut nach der Behandlung ebenfalls schaden.<\/p>\n\n<p>Jetzt solltest du gewappnet sein! Mit&nbsp;Treatwell, kannst du&nbsp;<a href=\"http:\/\/www.treatwell.at\/\">Beauty&nbsp;und all deine Lieblingssalons online buchen<\/a>&nbsp;&ndash; simpel, m&uuml;helos, und du kannst es von unterwegs machen.&nbsp;Hier gehts&nbsp;<a href=\"https:\/\/www.treatwell.at\/orte\/behandlung-gesichtsbehandlungen\/angebot-typ-lokal\/in-at\/\">zu den besten Salons in deiner Umgebung<\/a>.&nbsp;<\/p>\n","video_content":"","block_picture":14523}]},"yoast_head":"<!-- This site is optimized with the Yoast SEO plugin v27.5 - https:\/\/yoast.com\/product\/yoast-seo-wordpress\/ -->\n<title>Diese Treats sind ideal f\u00fcr die kalten Herbsttage - Treatwell<\/title>\n<meta name=\"description\" content=\"Na da ist er schon...der Oktober. Das konnten wir bereits feststellen ohne auch daf\u00fcr in den Kalender zu schauen, denn die Temperaturen und der schnelle Wechsel von Kleid auf Jeans sind der gr\u00f6\u00dfte Beweis daf\u00fcr. Was bedeutet das f\u00fcr unsere Haut? Nun ja, zum einen eine Anpassung in Sachen Hautpflege, wie wir euch bereits in unserem Guide zusammengestellt haben, zum anderen aber auch ein Change in Treatments. Die Treatments, die du den Sommer \u00fcber geherzt hast, geraten langsam in Vergessenheit und werden ausgetauscht \u2013 denn das sind die Treats f\u00fcr die kalten Herbsttage.\" \/>\n<meta name=\"robots\" content=\"index, follow, max-snippet:-1, max-image-preview:large, max-video-preview:-1\" \/>\n<link rel=\"canonical\" href=\"https:\/\/www.treatwell.at/treatment-files\/diese-treats-sind-ideal-fuer-die-kalten-herbsttage\/\" \/>\n<meta property=\"og:locale\" content=\"de_DE\" \/>\n<meta property=\"og:type\" content=\"article\" \/>\n<meta property=\"og:title\" content=\"Diese Treats sind ideal f\u00fcr die kalten Herbsttage - Treatwell\" \/>\n<meta property=\"og:description\" content=\"Na da ist er schon...der Oktober. Das konnten wir bereits feststellen ohne auch daf\u00fcr in den Kalender zu schauen, denn die Temperaturen und der schnelle Wechsel von Kleid auf Jeans sind der gr\u00f6\u00dfte Beweis daf\u00fcr. Was bedeutet das f\u00fcr unsere Haut? Nun ja, zum einen eine Anpassung in Sachen Hautpflege, wie wir euch bereits in unserem Guide zusammengestellt haben, zum anderen aber auch ein Change in Treatments. Die Treatments, die du den Sommer \u00fcber geherzt hast, geraten langsam in Vergessenheit und werden ausgetauscht \u2013 denn das sind die Treats f\u00fcr die kalten Herbsttage.\" \/>\n<meta property=\"og:url\" content=\"https:\/\/www.treatwell.at/treatment-files\/diese-treats-sind-ideal-fuer-die-kalten-herbsttage\/\" \/>\n<meta property=\"og:site_name\" content=\"The Treatment Files Blog\" \/>\n<meta property=\"article:published_time\" content=\"2018-10-01T14:19:52+00:00\" \/>\n<meta property=\"article:modified_time\" content=\"2026-01-18T13:27:16+00:00\" \/>\n<meta name=\"author\" content=\"Isabella Tombinski-robb\" \/>\n<meta name=\"twitter:card\" content=\"summary_large_image\" \/>\n<meta name=\"twitter:label1\" content=\"Verfasst von\" \/>\n\t<meta name=\"twitter:data1\" content=\"Isabella Tombinski-robb\" \/>\n\t<meta name=\"twitter:label2\" content=\"Gesch\u00e4tzte Lesezeit\" \/>\n\t<meta name=\"twitter:data2\" content=\"1 Minute\" \/>\n<script type=\"application\/ld+json\" class=\"yoast-schema-graph\">{\"@context\":\"https:\\\/\\\/schema.org\",\"@graph\":[{\"@type\":\"Article\",\"@id\":\"https:\\\/\\\/www.treatwell.at/treatment-files\\\/diese-treats-sind-ideal-fuer-die-kalten-herbsttage\\\/#article\",\"isPartOf\":{\"@id\":\"https:\\\/\\\/www.treatwell.at/treatment-files\\\/diese-treats-sind-ideal-fuer-die-kalten-herbsttage\\\/\"},\"author\":{\"name\":\"Isabella Tombinski-robb\",\"@id\":\"https:\\\/\\\/www.treatwell.at/treatment-files\\\/#\\\/schema\\\/person\\\/869d3f19bdf4203c8e6e97c64e1c3c8e\"},\"headline\":\"Diese Treats sind ideal f\u00fcr die kalten Herbsttage\",\"datePublished\":\"2018-10-01T14:19:52+00:00\",\"dateModified\":\"2026-01-18T13:27:16+00:00\",\"mainEntityOfPage\":{\"@id\":\"https:\\\/\\\/www.treatwell.at/treatment-files\\\/diese-treats-sind-ideal-fuer-die-kalten-herbsttage\\\/\"},\"wordCount\":249,\"publisher\":{\"@id\":\"https:\\\/\\\/www.treatwell.at/treatment-files\\\/#organization\"},\"keywords\":[\"Eyebrow and Eyelash Treatments\",\"Facials - Micro Needling\",\"Laser Hair Removal\",\"Microdermabrasion\"],\"articleSection\":[\"Beauty\"],\"inLanguage\":\"de-AT\"},{\"@type\":\"WebPage\",\"@id\":\"https:\\\/\\\/www.treatwell.at/treatment-files\\\/diese-treats-sind-ideal-fuer-die-kalten-herbsttage\\\/\",\"url\":\"https:\\\/\\\/www.treatwell.at/treatment-files\\\/diese-treats-sind-ideal-fuer-die-kalten-herbsttage\\\/\",\"name\":\"Diese Treats sind ideal f\u00fcr die kalten Herbsttage - Treatwell\",\"isPartOf\":{\"@id\":\"https:\\\/\\\/www.treatwell.at/treatment-files\\\/#website\"},\"datePublished\":\"2018-10-01T14:19:52+00:00\",\"dateModified\":\"2026-01-18T13:27:16+00:00\",\"description\":\"Na da ist er schon...der Oktober. Das konnten wir bereits feststellen ohne auch daf\u00fcr in den Kalender zu schauen, denn die Temperaturen und der schnelle Wechsel von Kleid auf Jeans sind der gr\u00f6\u00dfte Beweis daf\u00fcr. Was bedeutet das f\u00fcr unsere Haut? Nun ja, zum einen eine Anpassung in Sachen Hautpflege, wie wir euch bereits in unserem Guide zusammengestellt haben, zum anderen aber auch ein Change in Treatments. Die Treatments, die du den Sommer \u00fcber geherzt hast, geraten langsam in Vergessenheit und werden ausgetauscht \u2013 denn das sind die Treats f\u00fcr die kalten Herbsttage.\",\"breadcrumb\":{\"@id\":\"https:\\\/\\\/www.treatwell.at/treatment-files\\\/diese-treats-sind-ideal-fuer-die-kalten-herbsttage\\\/#breadcrumb\"},\"inLanguage\":\"de-AT\",\"potentialAction\":[{\"@type\":\"ReadAction\",\"target\":[\"https:\\\/\\\/www.treatwell.at/treatment-files\\\/diese-treats-sind-ideal-fuer-die-kalten-herbsttage\\\/\"]}]},{\"@type\":\"BreadcrumbList\",\"@id\":\"https:\\\/\\\/www.treatwell.at/treatment-files\\\/diese-treats-sind-ideal-fuer-die-kalten-herbsttage\\\/#breadcrumb\",\"itemListElement\":[{\"@type\":\"ListItem\",\"position\":1,\"name\":\"Home\",\"item\":\"https:\\\/\\\/www.treatwell.at/treatment-files\\\/\"},{\"@type\":\"ListItem\",\"position\":2,\"name\":\"Beauty\",\"item\":\"https:\\\/\\\/www.treatwell.at/treatment-files\\\/beauty\\\/\"},{\"@type\":\"ListItem\",\"position\":3,\"name\":\"Diese Treats sind ideal f\u00fcr die kalten Herbsttage\"}]},{\"@type\":\"WebSite\",\"@id\":\"https:\\\/\\\/www.treatwell.at/treatment-files\\\/#website\",\"url\":\"https:\\\/\\\/www.treatwell.at/treatment-files\\\/\",\"name\":\"The Treatment Files Blog\",\"description\":\"Beauty entdecken. Beauty erleben.\",\"publisher\":{\"@id\":\"https:\\\/\\\/www.treatwell.at/treatment-files\\\/#organization\"},\"potentialAction\":[{\"@type\":\"SearchAction\",\"target\":{\"@type\":\"EntryPoint\",\"urlTemplate\":\"https:\\\/\\\/www.treatwell.at/treatment-files\\\/?s={search_term_string}\"},\"query-input\":{\"@type\":\"PropertyValueSpecification\",\"valueRequired\":true,\"valueName\":\"search_term_string\"}}],\"inLanguage\":\"de-AT\"},{\"@type\":\"Organization\",\"@id\":\"https:\\\/\\\/www.treatwell.at/treatment-files\\\/#organization\",\"name\":\"Treatwell\",\"url\":\"https:\\\/\\\/www.treatwell.at/treatment-files\\\/\",\"logo\":{\"@type\":\"ImageObject\",\"inLanguage\":\"de-AT\",\"@id\":\"https:\\\/\\\/www.treatwell.at/treatment-files\\\/#\\\/schema\\\/logo\\\/image\\\/\",\"url\":\"https:\\\/\\\/www.treatwell.at/treatment-files\\\/wp-content\\\/uploads\\\/sites\\\/2\\\/2022\\\/03\\\/logo_treatwell.png\",\"contentUrl\":\"https:\\\/\\\/www.treatwell.at/treatment-files\\\/wp-content\\\/uploads\\\/sites\\\/2\\\/2022\\\/03\\\/logo_treatwell.png\",\"width\":889,\"height\":164,\"caption\":\"Treatwell\"},\"image\":{\"@id\":\"https:\\\/\\\/www.treatwell.at/treatment-files\\\/#\\\/schema\\\/logo\\\/image\\\/\"}},{\"@type\":\"Person\",\"@id\":\"https:\\\/\\\/www.treatwell.at/treatment-files\\\/#\\\/schema\\\/person\\\/869d3f19bdf4203c8e6e97c64e1c3c8e\",\"name\":\"Isabella Tombinski-robb\",\"image\":{\"@type\":\"ImageObject\",\"inLanguage\":\"de-AT\",\"@id\":\"https:\\\/\\\/secure.gravatar.com\\\/avatar\\\/624ce3bd6151d711f02c8c31549c8390027943dc1293e17bf28c136ce4288a80?s=96&d=mm&r=g\",\"url\":\"https:\\\/\\\/secure.gravatar.com\\\/avatar\\\/624ce3bd6151d711f02c8c31549c8390027943dc1293e17bf28c136ce4288a80?s=96&d=mm&r=g\",\"contentUrl\":\"https:\\\/\\\/secure.gravatar.com\\\/avatar\\\/624ce3bd6151d711f02c8c31549c8390027943dc1293e17bf28c136ce4288a80?s=96&d=mm&r=g\",\"caption\":\"Isabella Tombinski-robb\"},\"url\":\"https:\\\/\\\/www.treatwell.at/treatment-files\\\/author\\\/isabellatombinskirobb\\\/\"}]}<\/script>\n<!-- \/ Yoast SEO plugin. -->","yoast_head_json":{"title":"Diese Treats sind ideal f\u00fcr die kalten Herbsttage - Treatwell","description":"Na da ist er schon...der Oktober. Das konnten wir bereits feststellen ohne auch daf\u00fcr in den Kalender zu schauen, denn die Temperaturen und der schnelle Wechsel von Kleid auf Jeans sind der gr\u00f6\u00dfte Beweis daf\u00fcr. Was bedeutet das f\u00fcr unsere Haut? Nun ja, zum einen eine Anpassung in Sachen Hautpflege, wie wir euch bereits in unserem Guide zusammengestellt haben, zum anderen aber auch ein Change in Treatments. Die Treatments, die du den Sommer \u00fcber geherzt hast, geraten langsam in Vergessenheit und werden ausgetauscht \u2013 denn das sind die Treats f\u00fcr die kalten Herbsttage.","robots":{"index":"index","follow":"follow","max-snippet":"max-snippet:-1","max-image-preview":"max-image-preview:large","max-video-preview":"max-video-preview:-1"},"canonical":"https:\/\/www.treatwell.at/treatment-files\/diese-treats-sind-ideal-fuer-die-kalten-herbsttage\/","og_locale":"de_DE","og_type":"article","og_title":"Diese Treats sind ideal f\u00fcr die kalten Herbsttage - Treatwell","og_description":"Na da ist er schon...der Oktober. Das konnten wir bereits feststellen ohne auch daf\u00fcr in den Kalender zu schauen, denn die Temperaturen und der schnelle Wechsel von Kleid auf Jeans sind der gr\u00f6\u00dfte Beweis daf\u00fcr. Was bedeutet das f\u00fcr unsere Haut? Nun ja, zum einen eine Anpassung in Sachen Hautpflege, wie wir euch bereits in unserem Guide zusammengestellt haben, zum anderen aber auch ein Change in Treatments. Die Treatments, die du den Sommer \u00fcber geherzt hast, geraten langsam in Vergessenheit und werden ausgetauscht \u2013 denn das sind die Treats f\u00fcr die kalten Herbsttage.","og_url":"https:\/\/www.treatwell.at/treatment-files\/diese-treats-sind-ideal-fuer-die-kalten-herbsttage\/","og_site_name":"The Treatment Files Blog","article_published_time":"2018-10-01T14:19:52+00:00","article_modified_time":"2026-01-18T13:27:16+00:00","author":"Isabella Tombinski-robb","twitter_card":"summary_large_image","twitter_misc":{"Verfasst von":"Isabella Tombinski-robb","Gesch\u00e4tzte Lesezeit":"1 Minute"},"schema":{"@context":"https:\/\/schema.org","@graph":[{"@type":"Article","@id":"https:\/\/www.treatwell.at/treatment-files\/diese-treats-sind-ideal-fuer-die-kalten-herbsttage\/#article","isPartOf":{"@id":"https:\/\/www.treatwell.at/treatment-files\/diese-treats-sind-ideal-fuer-die-kalten-herbsttage\/"},"author":{"name":"Isabella Tombinski-robb","@id":"https:\/\/www.treatwell.at/treatment-files\/#\/schema\/person\/869d3f19bdf4203c8e6e97c64e1c3c8e"},"headline":"Diese Treats sind ideal f\u00fcr die kalten Herbsttage","datePublished":"2018-10-01T14:19:52+00:00","dateModified":"2026-01-18T13:27:16+00:00","mainEntityOfPage":{"@id":"https:\/\/www.treatwell.at/treatment-files\/diese-treats-sind-ideal-fuer-die-kalten-herbsttage\/"},"wordCount":249,"publisher":{"@id":"https:\/\/www.treatwell.at/treatment-files\/#organization"},"keywords":["Eyebrow and Eyelash Treatments","Facials - Micro Needling","Laser Hair Removal","Microdermabrasion"],"articleSection":["Beauty"],"inLanguage":"de-AT"},{"@type":"WebPage","@id":"https:\/\/www.treatwell.at/treatment-files\/diese-treats-sind-ideal-fuer-die-kalten-herbsttage\/","url":"https:\/\/www.treatwell.at/treatment-files\/diese-treats-sind-ideal-fuer-die-kalten-herbsttage\/","name":"Diese Treats sind ideal f\u00fcr die kalten Herbsttage - Treatwell","isPartOf":{"@id":"https:\/\/www.treatwell.at/treatment-files\/#website"},"datePublished":"2018-10-01T14:19:52+00:00","dateModified":"2026-01-18T13:27:16+00:00","description":"Na da ist er schon...der Oktober. Das konnten wir bereits feststellen ohne auch daf\u00fcr in den Kalender zu schauen, denn die Temperaturen und der schnelle Wechsel von Kleid auf Jeans sind der gr\u00f6\u00dfte Beweis daf\u00fcr. Was bedeutet das f\u00fcr unsere Haut? Nun ja, zum einen eine Anpassung in Sachen Hautpflege, wie wir euch bereits in unserem Guide zusammengestellt haben, zum anderen aber auch ein Change in Treatments. Die Treatments, die du den Sommer \u00fcber geherzt hast, geraten langsam in Vergessenheit und werden ausgetauscht \u2013 denn das sind die Treats f\u00fcr die kalten Herbsttage.","breadcrumb":{"@id":"https:\/\/www.treatwell.at/treatment-files\/diese-treats-sind-ideal-fuer-die-kalten-herbsttage\/#breadcrumb"},"inLanguage":"de-AT","potentialAction":[{"@type":"ReadAction","target":["https:\/\/www.treatwell.at/treatment-files\/diese-treats-sind-ideal-fuer-die-kalten-herbsttage\/"]}]},{"@type":"BreadcrumbList","@id":"https:\/\/www.treatwell.at/treatment-files\/diese-treats-sind-ideal-fuer-die-kalten-herbsttage\/#breadcrumb","itemListElement":[{"@type":"ListItem","position":1,"name":"Home","item":"https:\/\/www.treatwell.at/treatment-files\/"},{"@type":"ListItem","position":2,"name":"Beauty","item":"https:\/\/www.treatwell.at/treatment-files\/beauty\/"},{"@type":"ListItem","position":3,"name":"Diese Treats sind ideal f\u00fcr die kalten Herbsttage"}]},{"@type":"WebSite","@id":"https:\/\/www.treatwell.at/treatment-files\/#website","url":"https:\/\/www.treatwell.at/treatment-files\/","name":"The Treatment Files Blog","description":"Beauty entdecken. Beauty erleben.","publisher":{"@id":"https:\/\/www.treatwell.at/treatment-files\/#organization"},"potentialAction":[{"@type":"SearchAction","target":{"@type":"EntryPoint","urlTemplate":"https:\/\/www.treatwell.at/treatment-files\/?s={search_term_string}"},"query-input":{"@type":"PropertyValueSpecification","valueRequired":true,"valueName":"search_term_string"}}],"inLanguage":"de-AT"},{"@type":"Organization","@id":"https:\/\/www.treatwell.at/treatment-files\/#organization","name":"Treatwell","url":"https:\/\/www.treatwell.at/treatment-files\/","logo":{"@type":"ImageObject","inLanguage":"de-AT","@id":"https:\/\/www.treatwell.at/treatment-files\/#\/schema\/logo\/image\/","url":"https:\/\/www.treatwell.at/treatment-files\/wp-content\/uploads\/sites\/2\/2022\/03\/logo_treatwell.png","contentUrl":"https:\/\/www.treatwell.at/treatment-files\/wp-content\/uploads\/sites\/2\/2022\/03\/logo_treatwell.png","width":889,"height":164,"caption":"Treatwell"},"image":{"@id":"https:\/\/www.treatwell.at/treatment-files\/#\/schema\/logo\/image\/"}},{"@type":"Person","@id":"https:\/\/www.treatwell.at/treatment-files\/#\/schema\/person\/869d3f19bdf4203c8e6e97c64e1c3c8e","name":"Isabella Tombinski-robb","image":{"@type":"ImageObject","inLanguage":"de-AT","@id":"https:\/\/secure.gravatar.com\/avatar\/624ce3bd6151d711f02c8c31549c8390027943dc1293e17bf28c136ce4288a80?s=96&d=mm&r=g","url":"https:\/\/secure.gravatar.com\/avatar\/624ce3bd6151d711f02c8c31549c8390027943dc1293e17bf28c136ce4288a80?s=96&d=mm&r=g","contentUrl":"https:\/\/secure.gravatar.com\/avatar\/624ce3bd6151d711f02c8c31549c8390027943dc1293e17bf28c136ce4288a80?s=96&d=mm&r=g","caption":"Isabella Tombinski-robb"},"url":"https:\/\/www.treatwell.at/treatment-files\/author\/isabellatombinskirobb\/"}]}},"featured_image_src":null,"featured_image_src_square":null,"author_info":{"display_name":"Isabella Tombinski-robb","author_link":"https:\/\/www.treatwell.at/treatment-files\/author\/isabellatombinskirobb\/"},"_links":{"self":[{"href":"https:\/\/www.treatwell.at\/treatment-files\/wp-json\/wp\/v2\/posts\/14522","targetHints":{"allow":["GET"]}}],"collection":[{"href":"https:\/\/www.treatwell.at\/treatment-files\/wp-json\/wp\/v2\/posts"}],"about":[{"href":"https:\/\/www.treatwell.at\/treatment-files\/wp-json\/wp\/v2\/types\/post"}],"author":[{"embeddable":true,"href":"https:\/\/www.treatwell.at\/treatment-files\/wp-json\/wp\/v2\/users\/3318"}],"replies":[{"embeddable":true,"href":"https:\/\/www.treatwell.at\/treatment-files\/wp-json\/wp\/v2\/comments?post=14522"}],"version-history":[{"count":0,"href":"https:\/\/www.treatwell.at\/treatment-files\/wp-json\/wp\/v2\/posts\/14522\/revisions"}],"wp:attachment":[{"href":"https:\/\/www.treatwell.at\/treatment-files\/wp-json\/wp\/v2\/media?parent=14522"}],"wp:term":[{"taxonomy":"category","embeddable":true,"href":"https:\/\/www.treatwell.at\/treatment-files\/wp-json\/wp\/v2\/categories?post=14522"},{"taxonomy":"post_tag","embeddable":true,"href":"https:\/\/www.treatwell.at\/treatment-files\/wp-json\/wp\/v2\/tags?post=14522"}],"curies":[{"name":"wp","href":"https:\/\/api.w.org\/{rel}","templated":true}]}}