{"id":14570,"date":"2018-10-23T18:12:50","date_gmt":"2018-10-23T16:12:50","guid":{"rendered":"http:\/\/www.treatwell.at\/treatment-files\/?p=12927"},"modified":"2026-01-18T16:44:25","modified_gmt":"2026-01-18T15:44:25","slug":"baby-boomer-nails-das-ombre-upgrade-der-franzoesischen-manikuere","status":"publish","type":"post","link":"https:\/\/www.treatwell.at/treatment-files\/baby-boomer-nails-das-ombre-upgrade-der-franzoesischen-manikuere\/","title":{"rendered":"Baby Boomer Nails &#8211; das Ombr\u00e9 Upgrade der franz\u00f6sischen Manik\u00fcre"},"content":{"rendered":"<p style=\"text-align: justify\"><span style=\"font-weight: 400\">Eine schnelle Google-Suche nach &#8220;Babyboomer-Nails&#8221; und schon hat man den Bildschirm voll mit Bildern einer milchigen Ombr\u00e9 Manik\u00fcre. Dieser Look, ist nicht nur seit Monaten in den USA beliebt aber auch in Europa. Sp\u00e4testens dann, wenn man Frauen im Salon nach \u2018French Tips\u2019 oder einer Farbkombination Rosa und Wei\u00df fragen h\u00f6rt, wei\u00df man was los ist. Babyboomer Nails are taking over. Aber wieso wurde dieser Trend nach der Nachkriegsgeneration benannt? Das ist alles auf den allseits bekannten franz\u00f6sischen Manik\u00fcre-Look aus den sogenannten Babyboomer-Jahren zur\u00fcckzuf\u00fchren. Der wei\u00dfe Ombr\u00e9 Manik\u00fcre-Look, der jetzt die Runden macht, ist tats\u00e4chlich ein Upgrade davon und \u00fcberzeugt durch das elegante und zeitlose Finish, dass einem Cupcake-Frosting. Das Nageldesign zeichnet sich durch einen milchigen \u00dcbergang von zartrosa auf wei\u00dfe Spitzen aus und ist ganz anders als sein Vorg\u00e4nger aus fr\u00fcheren Zeiten. Denn hier wurden die French Tips ganz klar zum Vorschein gebracht.<\/span><\/p>\n<p style=\"text-align: justify\"><span style=\"font-weight: 400\">Baby Boomer Nails sind die perfekte Mischung aus minimaler Nagelkunst und der klassischen franz\u00f6sischen Manik\u00fcre und ideal f\u00fcr alle die, die es eher klassisch bevorzugen. Du hast beschlossen den franz\u00f6sischen Ombr\u00e9-Look zu probieren, aber wei\u00dft nicht wonach du Fragen sollst? Wir haben unten ein paar Inspirationen f\u00fcr deinen n\u00e4chsten Termin zusammengestellt \u2013 Was ist dein Favorit?<\/span><\/p>\n<div class=\"schema-faq wp-block-yoast-faq-block\">\n<div class=\"schema-faq-section\" id=\"faq-question-1768751061430\">\n<h3 class=\"schema-faq-question\">Was verbirgt sich hinter dem Babyboomer-Nails Trend?<\/h3>\n<p class=\"schema-faq-answer\">Babyboomer-Nails zeigen einen milchigen Ombr\u00e9-\u00dcbergang mit Rosa und Wei\u00df bis zu den Spitzen. Dieses Nageldesign kombiniert klassische franz\u00f6sische Manik\u00fcre mit dezenter Nail-Art und steht f\u00fcr ein elegantes, zeitloses Finish.<\/div>\n<div class=\"schema-faq-section\" id=\"faq-question-1768751061431\">\n<h3 class=\"schema-faq-question\">Warum hei\u00dfen Babyboomer-Nails eigentlich so?<\/h3>\n<p class=\"schema-faq-answer\">Der Name stammt von den Babyboomer-Jahren, in denen die French Manik\u00fcre angesagt war. Das moderne Design entwickelt sich aus diesem Klassiker weiter und bringt eine sanfte Ombr\u00e9-Optik mit milchigen Farb\u00fcberg\u00e4ngen.<\/div>\n<div class=\"schema-faq-section\" id=\"faq-question-1768751061432\">\n<h3 class=\"schema-faq-question\">Wie unterscheiden sich Babyboomer-Nails von klassischen French Tips?<\/h3>\n<p class=\"schema-faq-answer\">Babyboomer-Nails setzen auf einen weichen, milchigen Verlauf statt auf auff\u00e4llige, markante Spitzen. Die N\u00e4gel wirken weniger kontrastreich und zeigen ein sanftes Finish, das besonders edel und zur\u00fcckhaltend aussieht.<\/div>\n<div class=\"schema-faq-section\" id=\"faq-question-1768751061433\">\n<h3 class=\"schema-faq-question\">F\u00fcr wen eignen sich Babyboomer-Nails besonders gut?<\/h3>\n<p class=\"schema-faq-answer\">Dieses dezente Design wirkt ideal f\u00fcr alle, die einen klassischen und schlichten Look bevorzugen. Die elegante Optik passt sowohl zum Alltagslook als auch zu besonderen Anl\u00e4ssen und \u00fcberzeugt durch seinen zeitlosen Charakter.<\/div>\n<\/p><\/div>\n","protected":false},"excerpt":{"rendered":"<p>Eine schnelle Google-Suche nach &#8220;Babyboomer-Nails&#8221; und schon hat man den Bildschirm voll mit Bildern einer milchigen Ombr\u00e9 Manik\u00fcre. Dieser Look, ist nicht nur seit Monaten in den USA beliebt aber auch in Europa. Sp\u00e4testens dann, wenn man Frauen im Salon nach \u2018French Tips\u2019 oder einer Farbkombination Rosa und Wei\u00df fragen h\u00f6rt, wei\u00df man was los [&hellip;]<\/p>\n","protected":false},"author":3318,"featured_media":0,"comment_status":"closed","ping_status":"closed","sticky":false,"template":"","format":"standard","meta":{"_acf_changed":false,"_yoast_wpseo_title":"Baby Boomer Nails - das Ombr\u00e9 Upgrade der franz\u00f6sischen Manik\u00fcre - Treatwell","_yoast_wpseo_metadesc":"Eine schnelle Google-Suche nach \"Babyboomer-Nails\" und schon hat man den Bildschirm voll mit Bildern einer milchigen Ombr\u00e9 Manik\u00fcre.","_genesis_hide_title":false,"_genesis_hide_breadcrumbs":false,"_genesis_hide_singular_image":false,"_genesis_hide_footer_widgets":false,"_genesis_custom_body_class":"","_genesis_custom_post_class":"","_genesis_layout":"","saswp_custom_schema_field":"{\"@context\":\"https:\/\/schema.org\",\"@type\":\"FAQPage\",\"mainEntity\":[{\"@type\":\"Question\",\"name\":\"Was verbirgt sich hinter dem Babyboomer-Nails Trend?\",\"acceptedAnswer\":{\"@type\":\"Answer\",\"text\":\"Babyboomer-Nails zeigen einen milchigen Ombr\u00e9-\u00dcbergang mit Rosa und Wei\u00df bis zu den Spitzen. Dieses Nageldesign kombiniert klassische franz\u00f6sische Manik\u00fcre mit dezenter Nail-Art und steht f\u00fcr ein elegantes, zeitloses Finish.\"}},{\"@type\":\"Question\",\"name\":\"Warum hei\u00dfen Babyboomer-Nails eigentlich so?\",\"acceptedAnswer\":{\"@type\":\"Answer\",\"text\":\"Der Name stammt von den Babyboomer-Jahren, in denen die French Manik\u00fcre angesagt war. Das moderne Design entwickelt sich aus diesem Klassiker weiter und bringt eine sanfte Ombr\u00e9-Optik mit milchigen Farb\u00fcberg\u00e4ngen.\"}},{\"@type\":\"Question\",\"name\":\"Wie unterscheiden sich Babyboomer-Nails von klassischen French Tips?\",\"acceptedAnswer\":{\"@type\":\"Answer\",\"text\":\"Babyboomer-Nails setzen auf einen weichen, milchigen Verlauf statt auf auff\u00e4llige, markante Spitzen. Die N\u00e4gel wirken weniger kontrastreich und zeigen ein sanftes Finish, das besonders edel und zur\u00fcckhaltend aussieht.\"}},{\"@type\":\"Question\",\"name\":\"F\u00fcr wen eignen sich Babyboomer-Nails besonders gut?\",\"acceptedAnswer\":{\"@type\":\"Answer\",\"text\":\"Dieses dezente Design wirkt ideal f\u00fcr alle, die einen klassischen und schlichten Look bevorzugen. Die elegante Optik passt sowohl zum Alltagslook als auch zu besonderen Anl\u00e4ssen und \u00fcberzeugt durch seinen zeitlosen Charakter.\"}}]}","footnotes":""},"categories":[2],"tags":[37,43],"class_list":{"0":"post-14570","1":"post","2":"type-post","3":"status-publish","4":"format-standard","6":"category-trends","7":"tag-tr81","8":"tag-tr595","9":"entry","10":"has-post-thumbnail"},"acf":{"post_credits":"Bildrechte: Unsplash - Kyle Johnson\r\nInstagram: @lebaraonglesbyvbab2, @nailsktyrojas, @ban_antwerp\r\n@noraknailart, @joanna__emm.indigo, @salonklaudia.katniak\r\n@city_glamour_official, @jadetangtheartist, @francescagentile8\r\n@jaqueunhasart, @sammynailss, @offmind\r\n@__ongleriechezsandy__, @jillzing","beauty_blog_post_button_title":"Hol dir die klassische Mani","beauty_blog_post_button":"https:\/\/www.treatwell.at\/orte\/behandlung-gel-manikuere\/angebot-typ-lokal\/in-at\/","landscape_picture":14581,"blocks":[{"block_title":"","block_content":"","video_content":"","block_picture":14571},{"block_title":"","block_content":"","video_content":"","block_picture":14572},{"block_title":"","block_content":"","video_content":"","block_picture":14573},{"block_title":"","block_content":"","video_content":"","block_picture":14574},{"block_title":"","block_content":"","video_content":"","block_picture":14575},{"block_title":"","block_content":"","video_content":"","block_picture":14576},{"block_title":"","block_content":"","video_content":"","block_picture":14577},{"block_title":"","block_content":"","video_content":"","block_picture":14578},{"block_title":"","block_content":"","video_content":"","block_picture":14579},{"block_title":"","block_content":"","video_content":"","block_picture":14580}]},"yoast_head":"<!-- This site is optimized with the Yoast SEO plugin v27.4 - https:\/\/yoast.com\/product\/yoast-seo-wordpress\/ -->\n<title>Baby Boomer Nails - das Ombr\u00e9 Upgrade der franz\u00f6sischen Manik\u00fcre - Treatwell<\/title>\n<meta name=\"description\" content=\"Eine schnelle Google-Suche nach &quot;Babyboomer-Nails&quot; und schon hat man den Bildschirm voll mit Bildern einer milchigen Ombr\u00e9 Manik\u00fcre.\" \/>\n<meta name=\"robots\" content=\"index, follow, max-snippet:-1, max-image-preview:large, max-video-preview:-1\" \/>\n<link rel=\"canonical\" href=\"https:\/\/www.treatwell.at/treatment-files\/baby-boomer-nails-das-ombre-upgrade-der-franzoesischen-manikuere\/\" \/>\n<meta property=\"og:locale\" content=\"de_DE\" \/>\n<meta property=\"og:type\" content=\"article\" \/>\n<meta property=\"og:title\" content=\"Baby Boomer Nails - das Ombr\u00e9 Upgrade der franz\u00f6sischen Manik\u00fcre - Treatwell\" \/>\n<meta property=\"og:description\" content=\"Eine schnelle Google-Suche nach &quot;Babyboomer-Nails&quot; und schon hat man den Bildschirm voll mit Bildern einer milchigen Ombr\u00e9 Manik\u00fcre.\" \/>\n<meta property=\"og:url\" content=\"https:\/\/www.treatwell.at/treatment-files\/baby-boomer-nails-das-ombre-upgrade-der-franzoesischen-manikuere\/\" \/>\n<meta property=\"og:site_name\" content=\"The Treatment Files Blog\" \/>\n<meta property=\"article:published_time\" content=\"2018-10-23T16:12:50+00:00\" \/>\n<meta property=\"article:modified_time\" content=\"2026-01-18T15:44:25+00:00\" \/>\n<meta name=\"author\" content=\"Isabella Tombinski-robb\" \/>\n<meta name=\"twitter:card\" content=\"summary_large_image\" \/>\n<meta name=\"twitter:label1\" content=\"Verfasst von\" \/>\n\t<meta name=\"twitter:data1\" content=\"Isabella Tombinski-robb\" \/>\n\t<meta name=\"twitter:label2\" content=\"Gesch\u00e4tzte Lesezeit\" \/>\n\t<meta name=\"twitter:data2\" content=\"2 Minuten\" \/>\n<script type=\"application\/ld+json\" class=\"yoast-schema-graph\">{\"@context\":\"https:\\\/\\\/schema.org\",\"@graph\":[{\"@type\":\"Article\",\"@id\":\"https:\\\/\\\/www.treatwell.at/treatment-files\\\/baby-boomer-nails-das-ombre-upgrade-der-franzoesischen-manikuere\\\/#article\",\"isPartOf\":{\"@id\":\"https:\\\/\\\/www.treatwell.at/treatment-files\\\/baby-boomer-nails-das-ombre-upgrade-der-franzoesischen-manikuere\\\/\"},\"author\":{\"name\":\"Isabella Tombinski-robb\",\"@id\":\"https:\\\/\\\/www.treatwell.at/treatment-files\\\/#\\\/schema\\\/person\\\/869d3f19bdf4203c8e6e97c64e1c3c8e\"},\"headline\":\"Baby Boomer Nails &#8211; das Ombr\u00e9 Upgrade der franz\u00f6sischen Manik\u00fcre\",\"datePublished\":\"2018-10-23T16:12:50+00:00\",\"dateModified\":\"2026-01-18T15:44:25+00:00\",\"mainEntityOfPage\":{\"@id\":\"https:\\\/\\\/www.treatwell.at/treatment-files\\\/baby-boomer-nails-das-ombre-upgrade-der-franzoesischen-manikuere\\\/\"},\"wordCount\":394,\"publisher\":{\"@id\":\"https:\\\/\\\/www.treatwell.at/treatment-files\\\/#organization\"},\"keywords\":[\"Manicure\",\"Two Week Manicure\"],\"articleSection\":[\"Trends\"],\"inLanguage\":\"de-AT\"},{\"@type\":\"WebPage\",\"@id\":\"https:\\\/\\\/www.treatwell.at/treatment-files\\\/baby-boomer-nails-das-ombre-upgrade-der-franzoesischen-manikuere\\\/\",\"url\":\"https:\\\/\\\/www.treatwell.at/treatment-files\\\/baby-boomer-nails-das-ombre-upgrade-der-franzoesischen-manikuere\\\/\",\"name\":\"Baby Boomer Nails - das Ombr\u00e9 Upgrade der franz\u00f6sischen Manik\u00fcre - Treatwell\",\"isPartOf\":{\"@id\":\"https:\\\/\\\/www.treatwell.at/treatment-files\\\/#website\"},\"datePublished\":\"2018-10-23T16:12:50+00:00\",\"dateModified\":\"2026-01-18T15:44:25+00:00\",\"description\":\"Eine schnelle Google-Suche nach \\\"Babyboomer-Nails\\\" und schon hat man den Bildschirm voll mit Bildern einer milchigen Ombr\u00e9 Manik\u00fcre.\",\"breadcrumb\":{\"@id\":\"https:\\\/\\\/www.treatwell.at/treatment-files\\\/baby-boomer-nails-das-ombre-upgrade-der-franzoesischen-manikuere\\\/#breadcrumb\"},\"inLanguage\":\"de-AT\",\"potentialAction\":[{\"@type\":\"ReadAction\",\"target\":[\"https:\\\/\\\/www.treatwell.at/treatment-files\\\/baby-boomer-nails-das-ombre-upgrade-der-franzoesischen-manikuere\\\/\"]}]},{\"@type\":\"BreadcrumbList\",\"@id\":\"https:\\\/\\\/www.treatwell.at/treatment-files\\\/baby-boomer-nails-das-ombre-upgrade-der-franzoesischen-manikuere\\\/#breadcrumb\",\"itemListElement\":[{\"@type\":\"ListItem\",\"position\":1,\"name\":\"Home\",\"item\":\"https:\\\/\\\/www.treatwell.at/treatment-files\\\/\"},{\"@type\":\"ListItem\",\"position\":2,\"name\":\"Trends\",\"item\":\"https:\\\/\\\/www.treatwell.at/treatment-files\\\/trends\\\/\"},{\"@type\":\"ListItem\",\"position\":3,\"name\":\"Baby Boomer Nails &#8211; das Ombr\u00e9 Upgrade der franz\u00f6sischen Manik\u00fcre\"}]},{\"@type\":\"WebSite\",\"@id\":\"https:\\\/\\\/www.treatwell.at/treatment-files\\\/#website\",\"url\":\"https:\\\/\\\/www.treatwell.at/treatment-files\\\/\",\"name\":\"The Treatment Files Blog\",\"description\":\"Beauty entdecken. Beauty erleben.\",\"publisher\":{\"@id\":\"https:\\\/\\\/www.treatwell.at/treatment-files\\\/#organization\"},\"potentialAction\":[{\"@type\":\"SearchAction\",\"target\":{\"@type\":\"EntryPoint\",\"urlTemplate\":\"https:\\\/\\\/www.treatwell.at/treatment-files\\\/?s={search_term_string}\"},\"query-input\":{\"@type\":\"PropertyValueSpecification\",\"valueRequired\":true,\"valueName\":\"search_term_string\"}}],\"inLanguage\":\"de-AT\"},{\"@type\":\"Organization\",\"@id\":\"https:\\\/\\\/www.treatwell.at/treatment-files\\\/#organization\",\"name\":\"Treatwell\",\"url\":\"https:\\\/\\\/www.treatwell.at/treatment-files\\\/\",\"logo\":{\"@type\":\"ImageObject\",\"inLanguage\":\"de-AT\",\"@id\":\"https:\\\/\\\/www.treatwell.at/treatment-files\\\/#\\\/schema\\\/logo\\\/image\\\/\",\"url\":\"https:\\\/\\\/www.treatwell.at/treatment-files\\\/wp-content\\\/uploads\\\/sites\\\/2\\\/2022\\\/03\\\/logo_treatwell.png\",\"contentUrl\":\"https:\\\/\\\/www.treatwell.at/treatment-files\\\/wp-content\\\/uploads\\\/sites\\\/2\\\/2022\\\/03\\\/logo_treatwell.png\",\"width\":889,\"height\":164,\"caption\":\"Treatwell\"},\"image\":{\"@id\":\"https:\\\/\\\/www.treatwell.at/treatment-files\\\/#\\\/schema\\\/logo\\\/image\\\/\"}},{\"@type\":\"Person\",\"@id\":\"https:\\\/\\\/www.treatwell.at/treatment-files\\\/#\\\/schema\\\/person\\\/869d3f19bdf4203c8e6e97c64e1c3c8e\",\"name\":\"Isabella Tombinski-robb\",\"image\":{\"@type\":\"ImageObject\",\"inLanguage\":\"de-AT\",\"@id\":\"https:\\\/\\\/secure.gravatar.com\\\/avatar\\\/624ce3bd6151d711f02c8c31549c8390027943dc1293e17bf28c136ce4288a80?s=96&d=mm&r=g\",\"url\":\"https:\\\/\\\/secure.gravatar.com\\\/avatar\\\/624ce3bd6151d711f02c8c31549c8390027943dc1293e17bf28c136ce4288a80?s=96&d=mm&r=g\",\"contentUrl\":\"https:\\\/\\\/secure.gravatar.com\\\/avatar\\\/624ce3bd6151d711f02c8c31549c8390027943dc1293e17bf28c136ce4288a80?s=96&d=mm&r=g\",\"caption\":\"Isabella Tombinski-robb\"},\"url\":\"https:\\\/\\\/www.treatwell.at/treatment-files\\\/author\\\/isabellatombinskirobb\\\/\"}]}<\/script>\n<!-- \/ Yoast SEO plugin. -->","yoast_head_json":{"title":"Baby Boomer Nails - das Ombr\u00e9 Upgrade der franz\u00f6sischen Manik\u00fcre - Treatwell","description":"Eine schnelle Google-Suche nach \"Babyboomer-Nails\" und schon hat man den Bildschirm voll mit Bildern einer milchigen Ombr\u00e9 Manik\u00fcre.","robots":{"index":"index","follow":"follow","max-snippet":"max-snippet:-1","max-image-preview":"max-image-preview:large","max-video-preview":"max-video-preview:-1"},"canonical":"https:\/\/www.treatwell.at/treatment-files\/baby-boomer-nails-das-ombre-upgrade-der-franzoesischen-manikuere\/","og_locale":"de_DE","og_type":"article","og_title":"Baby Boomer Nails - das Ombr\u00e9 Upgrade der franz\u00f6sischen Manik\u00fcre - Treatwell","og_description":"Eine schnelle Google-Suche nach \"Babyboomer-Nails\" und schon hat man den Bildschirm voll mit Bildern einer milchigen Ombr\u00e9 Manik\u00fcre.","og_url":"https:\/\/www.treatwell.at/treatment-files\/baby-boomer-nails-das-ombre-upgrade-der-franzoesischen-manikuere\/","og_site_name":"The Treatment Files Blog","article_published_time":"2018-10-23T16:12:50+00:00","article_modified_time":"2026-01-18T15:44:25+00:00","author":"Isabella Tombinski-robb","twitter_card":"summary_large_image","twitter_misc":{"Verfasst von":"Isabella Tombinski-robb","Gesch\u00e4tzte Lesezeit":"2 Minuten"},"schema":{"@context":"https:\/\/schema.org","@graph":[{"@type":"Article","@id":"https:\/\/www.treatwell.at/treatment-files\/baby-boomer-nails-das-ombre-upgrade-der-franzoesischen-manikuere\/#article","isPartOf":{"@id":"https:\/\/www.treatwell.at/treatment-files\/baby-boomer-nails-das-ombre-upgrade-der-franzoesischen-manikuere\/"},"author":{"name":"Isabella Tombinski-robb","@id":"https:\/\/www.treatwell.at/treatment-files\/#\/schema\/person\/869d3f19bdf4203c8e6e97c64e1c3c8e"},"headline":"Baby Boomer Nails &#8211; das Ombr\u00e9 Upgrade der franz\u00f6sischen Manik\u00fcre","datePublished":"2018-10-23T16:12:50+00:00","dateModified":"2026-01-18T15:44:25+00:00","mainEntityOfPage":{"@id":"https:\/\/www.treatwell.at/treatment-files\/baby-boomer-nails-das-ombre-upgrade-der-franzoesischen-manikuere\/"},"wordCount":394,"publisher":{"@id":"https:\/\/www.treatwell.at/treatment-files\/#organization"},"keywords":["Manicure","Two Week Manicure"],"articleSection":["Trends"],"inLanguage":"de-AT"},{"@type":"WebPage","@id":"https:\/\/www.treatwell.at/treatment-files\/baby-boomer-nails-das-ombre-upgrade-der-franzoesischen-manikuere\/","url":"https:\/\/www.treatwell.at/treatment-files\/baby-boomer-nails-das-ombre-upgrade-der-franzoesischen-manikuere\/","name":"Baby Boomer Nails - das Ombr\u00e9 Upgrade der franz\u00f6sischen Manik\u00fcre - Treatwell","isPartOf":{"@id":"https:\/\/www.treatwell.at/treatment-files\/#website"},"datePublished":"2018-10-23T16:12:50+00:00","dateModified":"2026-01-18T15:44:25+00:00","description":"Eine schnelle Google-Suche nach \"Babyboomer-Nails\" und schon hat man den Bildschirm voll mit Bildern einer milchigen Ombr\u00e9 Manik\u00fcre.","breadcrumb":{"@id":"https:\/\/www.treatwell.at/treatment-files\/baby-boomer-nails-das-ombre-upgrade-der-franzoesischen-manikuere\/#breadcrumb"},"inLanguage":"de-AT","potentialAction":[{"@type":"ReadAction","target":["https:\/\/www.treatwell.at/treatment-files\/baby-boomer-nails-das-ombre-upgrade-der-franzoesischen-manikuere\/"]}]},{"@type":"BreadcrumbList","@id":"https:\/\/www.treatwell.at/treatment-files\/baby-boomer-nails-das-ombre-upgrade-der-franzoesischen-manikuere\/#breadcrumb","itemListElement":[{"@type":"ListItem","position":1,"name":"Home","item":"https:\/\/www.treatwell.at/treatment-files\/"},{"@type":"ListItem","position":2,"name":"Trends","item":"https:\/\/www.treatwell.at/treatment-files\/trends\/"},{"@type":"ListItem","position":3,"name":"Baby Boomer Nails &#8211; das Ombr\u00e9 Upgrade der franz\u00f6sischen Manik\u00fcre"}]},{"@type":"WebSite","@id":"https:\/\/www.treatwell.at/treatment-files\/#website","url":"https:\/\/www.treatwell.at/treatment-files\/","name":"The Treatment Files Blog","description":"Beauty entdecken. Beauty erleben.","publisher":{"@id":"https:\/\/www.treatwell.at/treatment-files\/#organization"},"potentialAction":[{"@type":"SearchAction","target":{"@type":"EntryPoint","urlTemplate":"https:\/\/www.treatwell.at/treatment-files\/?s={search_term_string}"},"query-input":{"@type":"PropertyValueSpecification","valueRequired":true,"valueName":"search_term_string"}}],"inLanguage":"de-AT"},{"@type":"Organization","@id":"https:\/\/www.treatwell.at/treatment-files\/#organization","name":"Treatwell","url":"https:\/\/www.treatwell.at/treatment-files\/","logo":{"@type":"ImageObject","inLanguage":"de-AT","@id":"https:\/\/www.treatwell.at/treatment-files\/#\/schema\/logo\/image\/","url":"https:\/\/www.treatwell.at/treatment-files\/wp-content\/uploads\/sites\/2\/2022\/03\/logo_treatwell.png","contentUrl":"https:\/\/www.treatwell.at/treatment-files\/wp-content\/uploads\/sites\/2\/2022\/03\/logo_treatwell.png","width":889,"height":164,"caption":"Treatwell"},"image":{"@id":"https:\/\/www.treatwell.at/treatment-files\/#\/schema\/logo\/image\/"}},{"@type":"Person","@id":"https:\/\/www.treatwell.at/treatment-files\/#\/schema\/person\/869d3f19bdf4203c8e6e97c64e1c3c8e","name":"Isabella Tombinski-robb","image":{"@type":"ImageObject","inLanguage":"de-AT","@id":"https:\/\/secure.gravatar.com\/avatar\/624ce3bd6151d711f02c8c31549c8390027943dc1293e17bf28c136ce4288a80?s=96&d=mm&r=g","url":"https:\/\/secure.gravatar.com\/avatar\/624ce3bd6151d711f02c8c31549c8390027943dc1293e17bf28c136ce4288a80?s=96&d=mm&r=g","contentUrl":"https:\/\/secure.gravatar.com\/avatar\/624ce3bd6151d711f02c8c31549c8390027943dc1293e17bf28c136ce4288a80?s=96&d=mm&r=g","caption":"Isabella Tombinski-robb"},"url":"https:\/\/www.treatwell.at/treatment-files\/author\/isabellatombinskirobb\/"}]}},"featured_image_src":null,"featured_image_src_square":null,"author_info":{"display_name":"Isabella Tombinski-robb","author_link":"https:\/\/www.treatwell.at/treatment-files\/author\/isabellatombinskirobb\/"},"_links":{"self":[{"href":"https:\/\/www.treatwell.at\/treatment-files\/wp-json\/wp\/v2\/posts\/14570","targetHints":{"allow":["GET"]}}],"collection":[{"href":"https:\/\/www.treatwell.at\/treatment-files\/wp-json\/wp\/v2\/posts"}],"about":[{"href":"https:\/\/www.treatwell.at\/treatment-files\/wp-json\/wp\/v2\/types\/post"}],"author":[{"embeddable":true,"href":"https:\/\/www.treatwell.at\/treatment-files\/wp-json\/wp\/v2\/users\/3318"}],"replies":[{"embeddable":true,"href":"https:\/\/www.treatwell.at\/treatment-files\/wp-json\/wp\/v2\/comments?post=14570"}],"version-history":[{"count":0,"href":"https:\/\/www.treatwell.at\/treatment-files\/wp-json\/wp\/v2\/posts\/14570\/revisions"}],"wp:attachment":[{"href":"https:\/\/www.treatwell.at\/treatment-files\/wp-json\/wp\/v2\/media?parent=14570"}],"wp:term":[{"taxonomy":"category","embeddable":true,"href":"https:\/\/www.treatwell.at\/treatment-files\/wp-json\/wp\/v2\/categories?post=14570"},{"taxonomy":"post_tag","embeddable":true,"href":"https:\/\/www.treatwell.at\/treatment-files\/wp-json\/wp\/v2\/tags?post=14570"}],"curies":[{"name":"wp","href":"https:\/\/api.w.org\/{rel}","templated":true}]}}