{"id":14590,"date":"2018-10-29T16:29:23","date_gmt":"2018-10-29T15:29:23","guid":{"rendered":"http:\/\/www.treatwell.at\/treatment-files\/?p=13009"},"modified":"2026-01-18T14:27:24","modified_gmt":"2026-01-18T13:27:24","slug":"diese-fade-haarschnitte-sind-perfekt-fuer-deinen-naechsten-besuch-beim-barbier","status":"publish","type":"post","link":"https:\/\/www.treatwell.at/treatment-files\/diese-fade-haarschnitte-sind-perfekt-fuer-deinen-naechsten-besuch-beim-barbier\/","title":{"rendered":"Diese Fade-Haarschnitte sind perfekt f\u00fcr deinen n\u00e4chsten Besuch beim Barbier"},"content":{"rendered":"<p style=\"text-align: justify\">Vom Fade-Haarschnitt hast du bestimmt schon mal geh\u00f6rt. Die Chancen, dass jemand in deinem Friseursalon noch nicht danach gefragt hat, ist relativ gering. Oder vielleicht tr\u00e4gst du ihn bereits (und dir ist es nicht bewusst). Dieser Haarschnitt ist kurz gesagt DER M\u00e4nner Haircut; kurz an den Seiten gehalten mit einem sanften \u00dcbergang zum etwas l\u00e4ngeren Haar am Oberkopf.<\/p>\n<p style=\"text-align: justify\"><span style=\"font-weight: 400\">Der Undercut-Fade ist ein sehr gutes Beispiel f\u00fcr minimalen Aufwand und maximalen Style-Faktor. Dieser Haarschnitt ist nicht nur super einfach zu erhalten, sondern geh\u00f6rt mittlerweile zu den trendigsten Kurzhaarschnitten. Bei diesem Haarschnitt wird maximale L\u00e4nge am Oberkopf gehalten und die Seiten sind oft nur bis zu 3 mm lang. Super kurz!<\/span><\/p>\n<p style=\"text-align: justify\"><span style=\"font-weight: 400\">Wer bereits die Pomade f\u00fcr sich entdeckt hat, wird mit diesem Style in Sachen Vielseitigkeit Freude haben.\u00a0<\/span><span style=\"font-weight: 400\">High-Skin Fade, Low-Skin Fade, Undercut Fade? Wie mit jedem Haarschnitt nat\u00fcrlich ist ein Foto die beste Art um mit deinem Friseur zu kommunizieren. Hier hast du ein paar Vorschl\u00e4ge, von denen du w\u00e4hlen kannst.<\/span><\/p>\n<div class=\"schema-faq wp-block-yoast-faq-block\">\n<div class=\"schema-faq-section\" id=\"faq-question-1768742747450\">\n<h3 class=\"schema-faq-question\">Was unterscheidet einen Fade-Haarschnitt von anderen Kurzhaarschnitten?<\/h3>\n<p class=\"schema-faq-answer\">Ein Fade-Haarschnitt wirkt durch den flie\u00dfenden \u00dcbergang von sehr kurzen Seiten zu l\u00e4ngerem Haar am Oberkopf besonders modern. Dieser Stil hebt sich durch seine sanften \u00dcberg\u00e4nge und flexible Stylingm\u00f6glichkeiten deutlich von klassischen Kurzhaarschnitten ab.<\/div>\n<div class=\"schema-faq-section\" id=\"faq-question-1768742747451\">\n<h3 class=\"schema-faq-question\">Wie kurz werden die Seiten bei einem Undercut-Fade geschnitten?<\/h3>\n<p class=\"schema-faq-answer\">Bei einem Undercut-Fade bleiben die Seiten oft nur bis zu 3 mm lang. Das Haar am Oberkopf beh\u00e4lt dabei seine maximale L\u00e4nge, sodass starke Kontraste und individuelle Looks entstehen.<\/div>\n<div class=\"schema-faq-section\" id=\"faq-question-1768742747452\">\n<h3 class=\"schema-faq-question\">Welche Varianten vom Fade gibt es bei diesem Style?<\/h3>\n<p class=\"schema-faq-answer\">Drei auff\u00e4llige Varianten sind High-Skin Fade, Low-Skin Fade und Undercut Fade. Diese Versionen unterscheiden sich vor allem durch den Ansatzpunkt und die Intensit\u00e4t des Verlaufes an den Seiten.<\/div>\n<div class=\"schema-faq-section\" id=\"faq-question-1768742747453\">\n<h3 class=\"schema-faq-question\">Wie kommunizierst du am besten deinen gew\u00fcnschten Fade-Haarschnitt?<\/h3>\n<p class=\"schema-faq-answer\">Ein Foto von deinem Wunschstyle eignet sich am besten f\u00fcr eine klare Kommunikation mit deinem Friseur. So stellst du sicher, dass die Fachleute exakt verstehen, welchen Look du bevorzugst.<\/div>\n<div class=\"schema-faq-section\" id=\"faq-question-1768742747454\">\n<h3 class=\"schema-faq-question\">Welche Stylingprodukte passen zu einem Fade-Haarschnitt?<\/h3>\n<p class=\"schema-faq-answer\">Pomade eignet sich besonders gut, um die Vielseitigkeit eines Fade-Haarschnitts hervorzuheben. Sie erm\u00f6glicht flexible Stylings und verleiht dem Haar eine gepflegte Struktur.<\/div>\n<\/p><\/div>\n","protected":false},"excerpt":{"rendered":"<p>Vom Fade-Haarschnitt hast du bestimmt schon mal geh\u00f6rt. Die Chancen, dass jemand in deinem Friseursalon noch nicht danach gefragt hat, ist relativ gering. Oder vielleicht tr\u00e4gst du ihn bereits (und dir ist es nicht bewusst). Dieser Haarschnitt ist kurz gesagt DER M\u00e4nner Haircut; kurz an den Seiten gehalten mit einem sanften \u00dcbergang zum etwas l\u00e4ngeren [&hellip;]<\/p>\n","protected":false},"author":3318,"featured_media":0,"comment_status":"closed","ping_status":"closed","sticky":false,"template":"","format":"standard","meta":{"_acf_changed":false,"_yoast_wpseo_title":"Diese Fade-Haarschnitte sind perfekt f\u00fcr deinen n\u00e4chsten Besuch beim Barbier - Treatwell","_yoast_wpseo_metadesc":"Vom Fade-Haarschnitt hast du bestimmt schon mal geh\u00f6rt. Die Chancen, dass jemand in deinem Friseursalon noch nicht danach gefragt hat, ist relativ gering.","_genesis_hide_title":false,"_genesis_hide_breadcrumbs":false,"_genesis_hide_singular_image":false,"_genesis_hide_footer_widgets":false,"_genesis_custom_body_class":"","_genesis_custom_post_class":"","_genesis_layout":"","saswp_custom_schema_field":"{\"@context\":\"https:\/\/schema.org\",\"@type\":\"FAQPage\",\"mainEntity\":[{\"@type\":\"Question\",\"name\":\"Was unterscheidet einen Fade-Haarschnitt von anderen Kurzhaarschnitten?\",\"acceptedAnswer\":{\"@type\":\"Answer\",\"text\":\"Ein Fade-Haarschnitt wirkt durch den flie\u00dfenden \u00dcbergang von sehr kurzen Seiten zu l\u00e4ngerem Haar am Oberkopf besonders modern. Dieser Stil hebt sich durch seine sanften \u00dcberg\u00e4nge und flexible Stylingm\u00f6glichkeiten deutlich von klassischen Kurzhaarschnitten ab.\"}},{\"@type\":\"Question\",\"name\":\"Wie kurz werden die Seiten bei einem Undercut-Fade geschnitten?\",\"acceptedAnswer\":{\"@type\":\"Answer\",\"text\":\"Bei einem Undercut-Fade bleiben die Seiten oft nur bis zu 3 mm lang. Das Haar am Oberkopf beh\u00e4lt dabei seine maximale L\u00e4nge, sodass starke Kontraste und individuelle Looks entstehen.\"}},{\"@type\":\"Question\",\"name\":\"Welche Varianten vom Fade gibt es bei diesem Style?\",\"acceptedAnswer\":{\"@type\":\"Answer\",\"text\":\"Drei auff\u00e4llige Varianten sind High-Skin Fade, Low-Skin Fade und Undercut Fade. Diese Versionen unterscheiden sich vor allem durch den Ansatzpunkt und die Intensit\u00e4t des Verlaufes an den Seiten.\"}},{\"@type\":\"Question\",\"name\":\"Wie kommunizierst du am besten deinen gew\u00fcnschten Fade-Haarschnitt?\",\"acceptedAnswer\":{\"@type\":\"Answer\",\"text\":\"Ein Foto von deinem Wunschstyle eignet sich am besten f\u00fcr eine klare Kommunikation mit deinem Friseur. So stellst du sicher, dass die Fachleute exakt verstehen, welchen Look du bevorzugst.\"}},{\"@type\":\"Question\",\"name\":\"Welche Stylingprodukte passen zu einem Fade-Haarschnitt?\",\"acceptedAnswer\":{\"@type\":\"Answer\",\"text\":\"Pomade eignet sich besonders gut, um die Vielseitigkeit eines Fade-Haarschnitts hervorzuheben. Sie erm\u00f6glicht flexible Stylings und verleiht dem Haar eine gepflegte Struktur.\"}}]}","footnotes":""},"categories":[2],"tags":[10],"class_list":{"0":"post-14590","1":"post","2":"type-post","3":"status-publish","4":"format-standard","6":"category-trends","7":"tag-tr716","8":"entry","9":"has-post-thumbnail"},"acf":{"post_credits":"Bildrechte: Shutterstock, \r\nInstagram:\r\n@nomadbarber, @stevenbarnes__, \r\n@nomadbarber, @nomadbarber\r\n@nomadbarber, @nomadbarber\r\n@hbad, @nomadbarber\r\n@britishmasterbarbers, @britishmasterbarbers\r\n@aonouk, @britishmasterbarbers\r\n@andrewdoeshair, @britishmasterbarbers\r\n@vinny.jesus_, @andrewdoeshair\r\n@nomadbarber, @alan_beak","beauty_blog_post_button_title":"Fade Haarschnitt buchen","beauty_blog_post_button":"https:\/\/www.treatwell.at\/orte\/behandlung-maennerhaarschnitte\/angebot-typ-lokal\/in-at\/","landscape_picture":14592,"blocks":[{"block_title":"","block_content":"","video_content":"","block_picture":14591}]},"yoast_head":"<!-- This site is optimized with the Yoast SEO plugin v27.5 - https:\/\/yoast.com\/product\/yoast-seo-wordpress\/ -->\n<title>Diese Fade-Haarschnitte sind perfekt f\u00fcr deinen n\u00e4chsten Besuch beim Barbier - Treatwell<\/title>\n<meta name=\"description\" content=\"Vom Fade-Haarschnitt hast du bestimmt schon mal geh\u00f6rt. Die Chancen, dass jemand in deinem Friseursalon noch nicht danach gefragt hat, ist relativ gering.\" \/>\n<meta name=\"robots\" content=\"index, follow, max-snippet:-1, max-image-preview:large, max-video-preview:-1\" \/>\n<link rel=\"canonical\" href=\"https:\/\/www.treatwell.at/treatment-files\/diese-fade-haarschnitte-sind-perfekt-fuer-deinen-naechsten-besuch-beim-barbier\/\" \/>\n<meta property=\"og:locale\" content=\"de_DE\" \/>\n<meta property=\"og:type\" content=\"article\" \/>\n<meta property=\"og:title\" content=\"Diese Fade-Haarschnitte sind perfekt f\u00fcr deinen n\u00e4chsten Besuch beim Barbier - Treatwell\" \/>\n<meta property=\"og:description\" content=\"Vom Fade-Haarschnitt hast du bestimmt schon mal geh\u00f6rt. Die Chancen, dass jemand in deinem Friseursalon noch nicht danach gefragt hat, ist relativ gering.\" \/>\n<meta property=\"og:url\" content=\"https:\/\/www.treatwell.at/treatment-files\/diese-fade-haarschnitte-sind-perfekt-fuer-deinen-naechsten-besuch-beim-barbier\/\" \/>\n<meta property=\"og:site_name\" content=\"The Treatment Files Blog\" \/>\n<meta property=\"article:published_time\" content=\"2018-10-29T15:29:23+00:00\" \/>\n<meta property=\"article:modified_time\" content=\"2026-01-18T13:27:24+00:00\" \/>\n<meta name=\"author\" content=\"Isabella Tombinski-robb\" \/>\n<meta name=\"twitter:card\" content=\"summary_large_image\" \/>\n<meta name=\"twitter:label1\" content=\"Verfasst von\" \/>\n\t<meta name=\"twitter:data1\" content=\"Isabella Tombinski-robb\" \/>\n\t<meta name=\"twitter:label2\" content=\"Gesch\u00e4tzte Lesezeit\" \/>\n\t<meta name=\"twitter:data2\" content=\"2 Minuten\" \/>\n<script type=\"application\/ld+json\" class=\"yoast-schema-graph\">{\"@context\":\"https:\\\/\\\/schema.org\",\"@graph\":[{\"@type\":\"Article\",\"@id\":\"https:\\\/\\\/www.treatwell.at/treatment-files\\\/diese-fade-haarschnitte-sind-perfekt-fuer-deinen-naechsten-besuch-beim-barbier\\\/#article\",\"isPartOf\":{\"@id\":\"https:\\\/\\\/www.treatwell.at/treatment-files\\\/diese-fade-haarschnitte-sind-perfekt-fuer-deinen-naechsten-besuch-beim-barbier\\\/\"},\"author\":{\"name\":\"Isabella Tombinski-robb\",\"@id\":\"https:\\\/\\\/www.treatwell.at/treatment-files\\\/#\\\/schema\\\/person\\\/869d3f19bdf4203c8e6e97c64e1c3c8e\"},\"headline\":\"Diese Fade-Haarschnitte sind perfekt f\u00fcr deinen n\u00e4chsten Besuch beim Barbier\",\"datePublished\":\"2018-10-29T15:29:23+00:00\",\"dateModified\":\"2026-01-18T13:27:24+00:00\",\"mainEntityOfPage\":{\"@id\":\"https:\\\/\\\/www.treatwell.at/treatment-files\\\/diese-fade-haarschnitte-sind-perfekt-fuer-deinen-naechsten-besuch-beim-barbier\\\/\"},\"wordCount\":373,\"publisher\":{\"@id\":\"https:\\\/\\\/www.treatwell.at/treatment-files\\\/#organization\"},\"keywords\":[\"Men's Haircuts and Hairdressing\"],\"articleSection\":[\"Trends\"],\"inLanguage\":\"de-AT\"},{\"@type\":\"WebPage\",\"@id\":\"https:\\\/\\\/www.treatwell.at/treatment-files\\\/diese-fade-haarschnitte-sind-perfekt-fuer-deinen-naechsten-besuch-beim-barbier\\\/\",\"url\":\"https:\\\/\\\/www.treatwell.at/treatment-files\\\/diese-fade-haarschnitte-sind-perfekt-fuer-deinen-naechsten-besuch-beim-barbier\\\/\",\"name\":\"Diese Fade-Haarschnitte sind perfekt f\u00fcr deinen n\u00e4chsten Besuch beim Barbier - Treatwell\",\"isPartOf\":{\"@id\":\"https:\\\/\\\/www.treatwell.at/treatment-files\\\/#website\"},\"datePublished\":\"2018-10-29T15:29:23+00:00\",\"dateModified\":\"2026-01-18T13:27:24+00:00\",\"description\":\"Vom Fade-Haarschnitt hast du bestimmt schon mal geh\u00f6rt. Die Chancen, dass jemand in deinem Friseursalon noch nicht danach gefragt hat, ist relativ gering.\",\"breadcrumb\":{\"@id\":\"https:\\\/\\\/www.treatwell.at/treatment-files\\\/diese-fade-haarschnitte-sind-perfekt-fuer-deinen-naechsten-besuch-beim-barbier\\\/#breadcrumb\"},\"inLanguage\":\"de-AT\",\"potentialAction\":[{\"@type\":\"ReadAction\",\"target\":[\"https:\\\/\\\/www.treatwell.at/treatment-files\\\/diese-fade-haarschnitte-sind-perfekt-fuer-deinen-naechsten-besuch-beim-barbier\\\/\"]}]},{\"@type\":\"BreadcrumbList\",\"@id\":\"https:\\\/\\\/www.treatwell.at/treatment-files\\\/diese-fade-haarschnitte-sind-perfekt-fuer-deinen-naechsten-besuch-beim-barbier\\\/#breadcrumb\",\"itemListElement\":[{\"@type\":\"ListItem\",\"position\":1,\"name\":\"Home\",\"item\":\"https:\\\/\\\/www.treatwell.at/treatment-files\\\/\"},{\"@type\":\"ListItem\",\"position\":2,\"name\":\"Trends\",\"item\":\"https:\\\/\\\/www.treatwell.at/treatment-files\\\/trends\\\/\"},{\"@type\":\"ListItem\",\"position\":3,\"name\":\"Diese Fade-Haarschnitte sind perfekt f\u00fcr deinen n\u00e4chsten Besuch beim Barbier\"}]},{\"@type\":\"WebSite\",\"@id\":\"https:\\\/\\\/www.treatwell.at/treatment-files\\\/#website\",\"url\":\"https:\\\/\\\/www.treatwell.at/treatment-files\\\/\",\"name\":\"The Treatment Files Blog\",\"description\":\"Beauty entdecken. Beauty erleben.\",\"publisher\":{\"@id\":\"https:\\\/\\\/www.treatwell.at/treatment-files\\\/#organization\"},\"potentialAction\":[{\"@type\":\"SearchAction\",\"target\":{\"@type\":\"EntryPoint\",\"urlTemplate\":\"https:\\\/\\\/www.treatwell.at/treatment-files\\\/?s={search_term_string}\"},\"query-input\":{\"@type\":\"PropertyValueSpecification\",\"valueRequired\":true,\"valueName\":\"search_term_string\"}}],\"inLanguage\":\"de-AT\"},{\"@type\":\"Organization\",\"@id\":\"https:\\\/\\\/www.treatwell.at/treatment-files\\\/#organization\",\"name\":\"Treatwell\",\"url\":\"https:\\\/\\\/www.treatwell.at/treatment-files\\\/\",\"logo\":{\"@type\":\"ImageObject\",\"inLanguage\":\"de-AT\",\"@id\":\"https:\\\/\\\/www.treatwell.at/treatment-files\\\/#\\\/schema\\\/logo\\\/image\\\/\",\"url\":\"https:\\\/\\\/www.treatwell.at/treatment-files\\\/wp-content\\\/uploads\\\/sites\\\/2\\\/2022\\\/03\\\/logo_treatwell.png\",\"contentUrl\":\"https:\\\/\\\/www.treatwell.at/treatment-files\\\/wp-content\\\/uploads\\\/sites\\\/2\\\/2022\\\/03\\\/logo_treatwell.png\",\"width\":889,\"height\":164,\"caption\":\"Treatwell\"},\"image\":{\"@id\":\"https:\\\/\\\/www.treatwell.at/treatment-files\\\/#\\\/schema\\\/logo\\\/image\\\/\"}},{\"@type\":\"Person\",\"@id\":\"https:\\\/\\\/www.treatwell.at/treatment-files\\\/#\\\/schema\\\/person\\\/869d3f19bdf4203c8e6e97c64e1c3c8e\",\"name\":\"Isabella Tombinski-robb\",\"image\":{\"@type\":\"ImageObject\",\"inLanguage\":\"de-AT\",\"@id\":\"https:\\\/\\\/secure.gravatar.com\\\/avatar\\\/624ce3bd6151d711f02c8c31549c8390027943dc1293e17bf28c136ce4288a80?s=96&d=mm&r=g\",\"url\":\"https:\\\/\\\/secure.gravatar.com\\\/avatar\\\/624ce3bd6151d711f02c8c31549c8390027943dc1293e17bf28c136ce4288a80?s=96&d=mm&r=g\",\"contentUrl\":\"https:\\\/\\\/secure.gravatar.com\\\/avatar\\\/624ce3bd6151d711f02c8c31549c8390027943dc1293e17bf28c136ce4288a80?s=96&d=mm&r=g\",\"caption\":\"Isabella Tombinski-robb\"},\"url\":\"https:\\\/\\\/www.treatwell.at/treatment-files\\\/author\\\/isabellatombinskirobb\\\/\"}]}<\/script>\n<!-- \/ Yoast SEO plugin. -->","yoast_head_json":{"title":"Diese Fade-Haarschnitte sind perfekt f\u00fcr deinen n\u00e4chsten Besuch beim Barbier - Treatwell","description":"Vom Fade-Haarschnitt hast du bestimmt schon mal geh\u00f6rt. Die Chancen, dass jemand in deinem Friseursalon noch nicht danach gefragt hat, ist relativ gering.","robots":{"index":"index","follow":"follow","max-snippet":"max-snippet:-1","max-image-preview":"max-image-preview:large","max-video-preview":"max-video-preview:-1"},"canonical":"https:\/\/www.treatwell.at/treatment-files\/diese-fade-haarschnitte-sind-perfekt-fuer-deinen-naechsten-besuch-beim-barbier\/","og_locale":"de_DE","og_type":"article","og_title":"Diese Fade-Haarschnitte sind perfekt f\u00fcr deinen n\u00e4chsten Besuch beim Barbier - Treatwell","og_description":"Vom Fade-Haarschnitt hast du bestimmt schon mal geh\u00f6rt. Die Chancen, dass jemand in deinem Friseursalon noch nicht danach gefragt hat, ist relativ gering.","og_url":"https:\/\/www.treatwell.at/treatment-files\/diese-fade-haarschnitte-sind-perfekt-fuer-deinen-naechsten-besuch-beim-barbier\/","og_site_name":"The Treatment Files Blog","article_published_time":"2018-10-29T15:29:23+00:00","article_modified_time":"2026-01-18T13:27:24+00:00","author":"Isabella Tombinski-robb","twitter_card":"summary_large_image","twitter_misc":{"Verfasst von":"Isabella Tombinski-robb","Gesch\u00e4tzte Lesezeit":"2 Minuten"},"schema":{"@context":"https:\/\/schema.org","@graph":[{"@type":"Article","@id":"https:\/\/www.treatwell.at/treatment-files\/diese-fade-haarschnitte-sind-perfekt-fuer-deinen-naechsten-besuch-beim-barbier\/#article","isPartOf":{"@id":"https:\/\/www.treatwell.at/treatment-files\/diese-fade-haarschnitte-sind-perfekt-fuer-deinen-naechsten-besuch-beim-barbier\/"},"author":{"name":"Isabella Tombinski-robb","@id":"https:\/\/www.treatwell.at/treatment-files\/#\/schema\/person\/869d3f19bdf4203c8e6e97c64e1c3c8e"},"headline":"Diese Fade-Haarschnitte sind perfekt f\u00fcr deinen n\u00e4chsten Besuch beim Barbier","datePublished":"2018-10-29T15:29:23+00:00","dateModified":"2026-01-18T13:27:24+00:00","mainEntityOfPage":{"@id":"https:\/\/www.treatwell.at/treatment-files\/diese-fade-haarschnitte-sind-perfekt-fuer-deinen-naechsten-besuch-beim-barbier\/"},"wordCount":373,"publisher":{"@id":"https:\/\/www.treatwell.at/treatment-files\/#organization"},"keywords":["Men's Haircuts and Hairdressing"],"articleSection":["Trends"],"inLanguage":"de-AT"},{"@type":"WebPage","@id":"https:\/\/www.treatwell.at/treatment-files\/diese-fade-haarschnitte-sind-perfekt-fuer-deinen-naechsten-besuch-beim-barbier\/","url":"https:\/\/www.treatwell.at/treatment-files\/diese-fade-haarschnitte-sind-perfekt-fuer-deinen-naechsten-besuch-beim-barbier\/","name":"Diese Fade-Haarschnitte sind perfekt f\u00fcr deinen n\u00e4chsten Besuch beim Barbier - Treatwell","isPartOf":{"@id":"https:\/\/www.treatwell.at/treatment-files\/#website"},"datePublished":"2018-10-29T15:29:23+00:00","dateModified":"2026-01-18T13:27:24+00:00","description":"Vom Fade-Haarschnitt hast du bestimmt schon mal geh\u00f6rt. Die Chancen, dass jemand in deinem Friseursalon noch nicht danach gefragt hat, ist relativ gering.","breadcrumb":{"@id":"https:\/\/www.treatwell.at/treatment-files\/diese-fade-haarschnitte-sind-perfekt-fuer-deinen-naechsten-besuch-beim-barbier\/#breadcrumb"},"inLanguage":"de-AT","potentialAction":[{"@type":"ReadAction","target":["https:\/\/www.treatwell.at/treatment-files\/diese-fade-haarschnitte-sind-perfekt-fuer-deinen-naechsten-besuch-beim-barbier\/"]}]},{"@type":"BreadcrumbList","@id":"https:\/\/www.treatwell.at/treatment-files\/diese-fade-haarschnitte-sind-perfekt-fuer-deinen-naechsten-besuch-beim-barbier\/#breadcrumb","itemListElement":[{"@type":"ListItem","position":1,"name":"Home","item":"https:\/\/www.treatwell.at/treatment-files\/"},{"@type":"ListItem","position":2,"name":"Trends","item":"https:\/\/www.treatwell.at/treatment-files\/trends\/"},{"@type":"ListItem","position":3,"name":"Diese Fade-Haarschnitte sind perfekt f\u00fcr deinen n\u00e4chsten Besuch beim Barbier"}]},{"@type":"WebSite","@id":"https:\/\/www.treatwell.at/treatment-files\/#website","url":"https:\/\/www.treatwell.at/treatment-files\/","name":"The Treatment Files Blog","description":"Beauty entdecken. Beauty erleben.","publisher":{"@id":"https:\/\/www.treatwell.at/treatment-files\/#organization"},"potentialAction":[{"@type":"SearchAction","target":{"@type":"EntryPoint","urlTemplate":"https:\/\/www.treatwell.at/treatment-files\/?s={search_term_string}"},"query-input":{"@type":"PropertyValueSpecification","valueRequired":true,"valueName":"search_term_string"}}],"inLanguage":"de-AT"},{"@type":"Organization","@id":"https:\/\/www.treatwell.at/treatment-files\/#organization","name":"Treatwell","url":"https:\/\/www.treatwell.at/treatment-files\/","logo":{"@type":"ImageObject","inLanguage":"de-AT","@id":"https:\/\/www.treatwell.at/treatment-files\/#\/schema\/logo\/image\/","url":"https:\/\/www.treatwell.at/treatment-files\/wp-content\/uploads\/sites\/2\/2022\/03\/logo_treatwell.png","contentUrl":"https:\/\/www.treatwell.at/treatment-files\/wp-content\/uploads\/sites\/2\/2022\/03\/logo_treatwell.png","width":889,"height":164,"caption":"Treatwell"},"image":{"@id":"https:\/\/www.treatwell.at/treatment-files\/#\/schema\/logo\/image\/"}},{"@type":"Person","@id":"https:\/\/www.treatwell.at/treatment-files\/#\/schema\/person\/869d3f19bdf4203c8e6e97c64e1c3c8e","name":"Isabella Tombinski-robb","image":{"@type":"ImageObject","inLanguage":"de-AT","@id":"https:\/\/secure.gravatar.com\/avatar\/624ce3bd6151d711f02c8c31549c8390027943dc1293e17bf28c136ce4288a80?s=96&d=mm&r=g","url":"https:\/\/secure.gravatar.com\/avatar\/624ce3bd6151d711f02c8c31549c8390027943dc1293e17bf28c136ce4288a80?s=96&d=mm&r=g","contentUrl":"https:\/\/secure.gravatar.com\/avatar\/624ce3bd6151d711f02c8c31549c8390027943dc1293e17bf28c136ce4288a80?s=96&d=mm&r=g","caption":"Isabella Tombinski-robb"},"url":"https:\/\/www.treatwell.at/treatment-files\/author\/isabellatombinskirobb\/"}]}},"featured_image_src":null,"featured_image_src_square":null,"author_info":{"display_name":"Isabella Tombinski-robb","author_link":"https:\/\/www.treatwell.at/treatment-files\/author\/isabellatombinskirobb\/"},"_links":{"self":[{"href":"https:\/\/www.treatwell.at\/treatment-files\/wp-json\/wp\/v2\/posts\/14590","targetHints":{"allow":["GET"]}}],"collection":[{"href":"https:\/\/www.treatwell.at\/treatment-files\/wp-json\/wp\/v2\/posts"}],"about":[{"href":"https:\/\/www.treatwell.at\/treatment-files\/wp-json\/wp\/v2\/types\/post"}],"author":[{"embeddable":true,"href":"https:\/\/www.treatwell.at\/treatment-files\/wp-json\/wp\/v2\/users\/3318"}],"replies":[{"embeddable":true,"href":"https:\/\/www.treatwell.at\/treatment-files\/wp-json\/wp\/v2\/comments?post=14590"}],"version-history":[{"count":0,"href":"https:\/\/www.treatwell.at\/treatment-files\/wp-json\/wp\/v2\/posts\/14590\/revisions"}],"wp:attachment":[{"href":"https:\/\/www.treatwell.at\/treatment-files\/wp-json\/wp\/v2\/media?parent=14590"}],"wp:term":[{"taxonomy":"category","embeddable":true,"href":"https:\/\/www.treatwell.at\/treatment-files\/wp-json\/wp\/v2\/categories?post=14590"},{"taxonomy":"post_tag","embeddable":true,"href":"https:\/\/www.treatwell.at\/treatment-files\/wp-json\/wp\/v2\/tags?post=14590"}],"curies":[{"name":"wp","href":"https:\/\/api.w.org\/{rel}","templated":true}]}}