{"id":14599,"date":"2018-10-31T18:14:04","date_gmt":"2018-10-31T17:14:04","guid":{"rendered":"http:\/\/www.treatwell.at\/treatment-files\/?p=13074"},"modified":"2026-01-18T14:27:25","modified_gmt":"2026-01-18T13:27:25","slug":"kann-ich-meine-haare-der-schwangerschaft-farben","status":"publish","type":"post","link":"https:\/\/www.treatwell.at/treatment-files\/kann-ich-meine-haare-der-schwangerschaft-farben\/","title":{"rendered":"Kann ich meine Haare in der Schwangerschaft f\u00e4rben?"},"content":{"rendered":"<p style=\"text-align: justify\">W\u00e4hrend der Schwangerschaft stellen wir oft unsere Ern\u00e4hrung und unseren Lebensstil auf den Kopf. Wir verzichten dabei auf Alkohol, unseren gewohnte Tasse Kaffee am Morgen und sogar auf das ein oder andere Beauty Treatment. Warum gerade Beauty, fragst du? Bei manchen Treatments wie zum Beispiel dem Haare f\u00e4rben, spielt die Chemie eine wichtige Rolle. Die Chemikalien, die man in Haarf\u00e4rbemitteln vorfindet, sind nicht toxisch, aber dennoch nicht ungef\u00e4hrlich und k\u00f6nnen mitunter die Gesundheit deines Babys gef\u00e4hrden. Aber kein Grund zur Sorge \u2013 du musst deinen anstehenden Friseurbesuch nicht gleich komplett ausfallen lassen. Das sind die Punkte, auf die du achten solltest.<\/p>\n<div class=\"schema-faq wp-block-yoast-faq-block\">\n<div class=\"schema-faq-section\" id=\"faq-question-1768742743530\">\n<h3 class=\"schema-faq-question\">Kannst du w\u00e4hrend der Schwangerschaft deine Haare weiter f\u00e4rben?<\/h3>\n<p class=\"schema-faq-answer\">Ein Friseurbesuch zum Haaref\u00e4rben bleibt auch in der Schwangerschaft m\u00f6glich, erfordert aber Vorsicht. Ein Patch-Test 48 Stunden vorher hilft, allergische Reaktionen auszuschlie\u00dfen, da die Chemikalien die Gesundheit deines Babys beeinflussen k\u00f6nnten.<\/div>\n<div class=\"schema-faq-section\" id=\"faq-question-1768742743531\">\n<h3 class=\"schema-faq-question\">Warum ver\u00e4ndert sich dein Geruchssinn beim Friseurbesuch in der Schwangerschaft?<\/h3>\n<p class=\"schema-faq-answer\">W\u00e4hrend der Schwangerschaft reagiert der K\u00f6rper empfindlicher auf Ger\u00fcche, was oft durch hormonelle Ver\u00e4nderungen entsteht. Der Ammoniakgeruch von Haarf\u00e4rbemitteln kann dadurch schneller \u00dcbelkeit ausl\u00f6sen, weshalb viele Schwangere ammoniakfreie Alternativen bevorzugen.<\/div>\n<div class=\"schema-faq-section\" id=\"faq-question-1768742743532\">\n<h3 class=\"schema-faq-question\">Welche Haarf\u00e4rbemittel eignen sich in der Schwangerschaft besser?<\/h3>\n<p class=\"schema-faq-answer\">Ammoniakfreie Haarf\u00e4rbemittel oder Pflanzenf\u00e4rbemittel sind w\u00e4hrend der Schwangerschaft eine gute Wahl. Diese Produkte verursachen meist weniger intensive Ger\u00fcche und enthalten weniger aggressive Chemikalien.<\/div>\n<div class=\"schema-faq-section\" id=\"faq-question-1768742743533\">\n<h3 class=\"schema-faq-question\">Wann solltest du einen Allergietest vor dem Haaref\u00e4rben machen?<\/h3>\n<p class=\"schema-faq-answer\">F\u00fchre den Patch-Test immer 48 Stunden vor deinem Friseurtermin durch. Betupfe dazu eine kleine Hautstelle, zum Beispiel hinter dem Ohr, mit etwas Farbe und achte auf Anzeichen f\u00fcr Juckreiz, Schwellung oder Brennen.<\/div>\n<\/p><\/div>\n","protected":false},"excerpt":{"rendered":"<p>W\u00e4hrend der Schwangerschaft stellen wir oft unsere Ern\u00e4hrung und unseren Lebensstil auf den Kopf. Wir verzichten dabei auf Alkohol, unseren gewohnte Tasse Kaffee am Morgen und sogar auf das ein oder andere Beauty Treatment. Warum gerade Beauty, fragst du? Bei manchen Treatments wie zum Beispiel dem Haare f\u00e4rben, spielt die Chemie eine wichtige Rolle. Die [&hellip;]<\/p>\n","protected":false},"author":3318,"featured_media":0,"comment_status":"closed","ping_status":"closed","sticky":false,"template":"","format":"standard","meta":{"_acf_changed":false,"_yoast_wpseo_title":"Kann ich meine Haare in der Schwangerschaft f\u00e4rben? - Treatwell","_yoast_wpseo_metadesc":"W\u00e4hrend der Schwangerschaft stellen wir oft unsere Ern\u00e4hrung und unseren Lebensstil auf den Kopf.","_genesis_hide_title":false,"_genesis_hide_breadcrumbs":false,"_genesis_hide_singular_image":false,"_genesis_hide_footer_widgets":false,"_genesis_custom_body_class":"","_genesis_custom_post_class":"","_genesis_layout":"","saswp_custom_schema_field":"{\"@context\":\"https:\/\/schema.org\",\"@type\":\"FAQPage\",\"mainEntity\":[{\"@type\":\"Question\",\"name\":\"Kannst du w\u00e4hrend der Schwangerschaft deine Haare weiter f\u00e4rben?\",\"acceptedAnswer\":{\"@type\":\"Answer\",\"text\":\"Ein Friseurbesuch zum Haaref\u00e4rben bleibt auch in der Schwangerschaft m\u00f6glich, erfordert aber Vorsicht. Ein Patch-Test 48 Stunden vorher hilft, allergische Reaktionen auszuschlie\u00dfen, da die Chemikalien die Gesundheit deines Babys beeinflussen k\u00f6nnten.\"}},{\"@type\":\"Question\",\"name\":\"Warum ver\u00e4ndert sich dein Geruchssinn beim Friseurbesuch in der Schwangerschaft?\",\"acceptedAnswer\":{\"@type\":\"Answer\",\"text\":\"W\u00e4hrend der Schwangerschaft reagiert der K\u00f6rper empfindlicher auf Ger\u00fcche, was oft durch hormonelle Ver\u00e4nderungen entsteht. Der Ammoniakgeruch von Haarf\u00e4rbemitteln kann dadurch schneller \u00dcbelkeit ausl\u00f6sen, weshalb viele Schwangere ammoniakfreie Alternativen bevorzugen.\"}},{\"@type\":\"Question\",\"name\":\"Welche Haarf\u00e4rbemittel eignen sich in der Schwangerschaft besser?\",\"acceptedAnswer\":{\"@type\":\"Answer\",\"text\":\"Ammoniakfreie Haarf\u00e4rbemittel oder Pflanzenf\u00e4rbemittel sind w\u00e4hrend der Schwangerschaft eine gute Wahl. Diese Produkte verursachen meist weniger intensive Ger\u00fcche und enthalten weniger aggressive Chemikalien.\"}},{\"@type\":\"Question\",\"name\":\"Wann solltest du einen Allergietest vor dem Haaref\u00e4rben machen?\",\"acceptedAnswer\":{\"@type\":\"Answer\",\"text\":\"F\u00fchre den Patch-Test immer 48 Stunden vor deinem Friseurtermin durch. Betupfe dazu eine kleine Hautstelle, zum Beispiel hinter dem Ohr, mit etwas Farbe und achte auf Anzeichen f\u00fcr Juckreiz, Schwellung oder Brennen.\"}}]}","footnotes":""},"categories":[9],"tags":[4],"class_list":{"0":"post-14599","1":"post","2":"type-post","3":"status-publish","4":"format-standard","6":"category-beauty","7":"tag-tr273","8":"entry","9":"has-post-thumbnail"},"acf":{"post_credits":"Bildrechte: Shutterstock, Instagram: @thejoyfultribe, @jordanmarkayhair, @kloranemaroc, @fifo.dad, @rogerioapcosta","beauty_blog_post_button_title":"","beauty_blog_post_button":"","landscape_picture":14602,"blocks":[{"block_title":"Ist Haaref\u00e4rben ganz tabu?","block_content":"<p>Ja und nein. Was die Allergien w&auml;hrend der Schwangerschaft anbelangt, solltest du auf alle F&auml;lle einen Patch-Test 48 Stunden vor deinem Salonbesuch machen. Hierbei wird eine kleine Hautstelle, wie die hinter dem Ohr, mit reiner Farbe betupft. Im besten Fall sollte deine Haut keine Reaktion zeigen und daher kein Juckreiz, Schwellung oder Brennen zustande kommen. Solltest du allergisch reagieren, dann ist das F&auml;rbemittel ganz klar tabu. Dann hei&szlig;t es Ausschau nach Alternativen zu halten und diese gegebenenfalls auch zu testen.<\/p>\n","video_content":"","block_picture":14600},{"block_title":"Der Geruchsinn","block_content":"<p>Da sich w&auml;hrend der Schwangerschaft auch dein Geruchsinn ver&auml;ndert, kann es sein, dass dir der Ammoniakgeruch, w&auml;hrend deines Friseurbesuchs &Uuml;belkeit bereiten kann. Halte deshalb Ausschau nach Salons, die auch ammoniakfreie Haarf&auml;rbemittel im Sortiment haben und diese auch anbieten. Pflanzenf&auml;rbemittel bieten hier wieder einen erheblichen Vorteil.<\/p>\n\n<p>Mit&nbsp;Treatwell, kannst du&nbsp;<a href=\"http:\/\/www.treatwell.at\/\">Beauty&nbsp;und all deine Lieblingssalons online buchen<\/a>&nbsp;&ndash; simpel, m&uuml;helos, und du kannst es von unterwegs machen.&nbsp;Hier gehts&nbsp;<a href=\"https:\/\/www.treatwell.at\/orte\/behandlung-damen-farbe-toenung-straehnen\/angebot-typ-lokal\/in-at\/\">zu den besten Salons in deiner Umgebung<\/a>.&nbsp;<\/p>\n","video_content":"","block_picture":14601}]},"yoast_head":"<!-- This site is optimized with the Yoast SEO plugin v27.5 - https:\/\/yoast.com\/product\/yoast-seo-wordpress\/ -->\n<title>Kann ich meine Haare in der Schwangerschaft f\u00e4rben? - Treatwell<\/title>\n<meta name=\"description\" content=\"W\u00e4hrend der Schwangerschaft stellen wir oft unsere Ern\u00e4hrung und unseren Lebensstil auf den Kopf.\" \/>\n<meta name=\"robots\" content=\"index, follow, max-snippet:-1, max-image-preview:large, max-video-preview:-1\" \/>\n<link rel=\"canonical\" href=\"https:\/\/www.treatwell.at/treatment-files\/kann-ich-meine-haare-der-schwangerschaft-farben\/\" \/>\n<meta property=\"og:locale\" content=\"de_DE\" \/>\n<meta property=\"og:type\" content=\"article\" \/>\n<meta property=\"og:title\" content=\"Kann ich meine Haare in der Schwangerschaft f\u00e4rben? - Treatwell\" \/>\n<meta property=\"og:description\" content=\"W\u00e4hrend der Schwangerschaft stellen wir oft unsere Ern\u00e4hrung und unseren Lebensstil auf den Kopf.\" \/>\n<meta property=\"og:url\" content=\"https:\/\/www.treatwell.at/treatment-files\/kann-ich-meine-haare-der-schwangerschaft-farben\/\" \/>\n<meta property=\"og:site_name\" content=\"The Treatment Files Blog\" \/>\n<meta property=\"article:published_time\" content=\"2018-10-31T17:14:04+00:00\" \/>\n<meta property=\"article:modified_time\" content=\"2026-01-18T13:27:25+00:00\" \/>\n<meta name=\"author\" content=\"Isabella Tombinski-robb\" \/>\n<meta name=\"twitter:card\" content=\"summary_large_image\" \/>\n<meta name=\"twitter:label1\" content=\"Verfasst von\" \/>\n\t<meta name=\"twitter:data1\" content=\"Isabella Tombinski-robb\" \/>\n\t<meta name=\"twitter:label2\" content=\"Gesch\u00e4tzte Lesezeit\" \/>\n\t<meta name=\"twitter:data2\" content=\"1 Minute\" \/>\n<script type=\"application\/ld+json\" class=\"yoast-schema-graph\">{\"@context\":\"https:\\\/\\\/schema.org\",\"@graph\":[{\"@type\":\"Article\",\"@id\":\"https:\\\/\\\/www.treatwell.at/treatment-files\\\/kann-ich-meine-haare-der-schwangerschaft-farben\\\/#article\",\"isPartOf\":{\"@id\":\"https:\\\/\\\/www.treatwell.at/treatment-files\\\/kann-ich-meine-haare-der-schwangerschaft-farben\\\/\"},\"author\":{\"name\":\"Isabella Tombinski-robb\",\"@id\":\"https:\\\/\\\/www.treatwell.at/treatment-files\\\/#\\\/schema\\\/person\\\/869d3f19bdf4203c8e6e97c64e1c3c8e\"},\"headline\":\"Kann ich meine Haare in der Schwangerschaft f\u00e4rben?\",\"datePublished\":\"2018-10-31T17:14:04+00:00\",\"dateModified\":\"2026-01-18T13:27:25+00:00\",\"mainEntityOfPage\":{\"@id\":\"https:\\\/\\\/www.treatwell.at/treatment-files\\\/kann-ich-meine-haare-der-schwangerschaft-farben\\\/\"},\"wordCount\":287,\"publisher\":{\"@id\":\"https:\\\/\\\/www.treatwell.at/treatment-files\\\/#organization\"},\"keywords\":[\"Hair Colouring and Highlights\"],\"articleSection\":[\"Beauty\"],\"inLanguage\":\"de-AT\"},{\"@type\":\"WebPage\",\"@id\":\"https:\\\/\\\/www.treatwell.at/treatment-files\\\/kann-ich-meine-haare-der-schwangerschaft-farben\\\/\",\"url\":\"https:\\\/\\\/www.treatwell.at/treatment-files\\\/kann-ich-meine-haare-der-schwangerschaft-farben\\\/\",\"name\":\"Kann ich meine Haare in der Schwangerschaft f\u00e4rben? - Treatwell\",\"isPartOf\":{\"@id\":\"https:\\\/\\\/www.treatwell.at/treatment-files\\\/#website\"},\"datePublished\":\"2018-10-31T17:14:04+00:00\",\"dateModified\":\"2026-01-18T13:27:25+00:00\",\"description\":\"W\u00e4hrend der Schwangerschaft stellen wir oft unsere Ern\u00e4hrung und unseren Lebensstil auf den Kopf.\",\"breadcrumb\":{\"@id\":\"https:\\\/\\\/www.treatwell.at/treatment-files\\\/kann-ich-meine-haare-der-schwangerschaft-farben\\\/#breadcrumb\"},\"inLanguage\":\"de-AT\",\"potentialAction\":[{\"@type\":\"ReadAction\",\"target\":[\"https:\\\/\\\/www.treatwell.at/treatment-files\\\/kann-ich-meine-haare-der-schwangerschaft-farben\\\/\"]}]},{\"@type\":\"BreadcrumbList\",\"@id\":\"https:\\\/\\\/www.treatwell.at/treatment-files\\\/kann-ich-meine-haare-der-schwangerschaft-farben\\\/#breadcrumb\",\"itemListElement\":[{\"@type\":\"ListItem\",\"position\":1,\"name\":\"Home\",\"item\":\"https:\\\/\\\/www.treatwell.at/treatment-files\\\/\"},{\"@type\":\"ListItem\",\"position\":2,\"name\":\"Beauty\",\"item\":\"https:\\\/\\\/www.treatwell.at/treatment-files\\\/beauty\\\/\"},{\"@type\":\"ListItem\",\"position\":3,\"name\":\"Kann ich meine Haare in der Schwangerschaft f\u00e4rben?\"}]},{\"@type\":\"WebSite\",\"@id\":\"https:\\\/\\\/www.treatwell.at/treatment-files\\\/#website\",\"url\":\"https:\\\/\\\/www.treatwell.at/treatment-files\\\/\",\"name\":\"The Treatment Files Blog\",\"description\":\"Beauty entdecken. Beauty erleben.\",\"publisher\":{\"@id\":\"https:\\\/\\\/www.treatwell.at/treatment-files\\\/#organization\"},\"potentialAction\":[{\"@type\":\"SearchAction\",\"target\":{\"@type\":\"EntryPoint\",\"urlTemplate\":\"https:\\\/\\\/www.treatwell.at/treatment-files\\\/?s={search_term_string}\"},\"query-input\":{\"@type\":\"PropertyValueSpecification\",\"valueRequired\":true,\"valueName\":\"search_term_string\"}}],\"inLanguage\":\"de-AT\"},{\"@type\":\"Organization\",\"@id\":\"https:\\\/\\\/www.treatwell.at/treatment-files\\\/#organization\",\"name\":\"Treatwell\",\"url\":\"https:\\\/\\\/www.treatwell.at/treatment-files\\\/\",\"logo\":{\"@type\":\"ImageObject\",\"inLanguage\":\"de-AT\",\"@id\":\"https:\\\/\\\/www.treatwell.at/treatment-files\\\/#\\\/schema\\\/logo\\\/image\\\/\",\"url\":\"https:\\\/\\\/www.treatwell.at/treatment-files\\\/wp-content\\\/uploads\\\/sites\\\/2\\\/2022\\\/03\\\/logo_treatwell.png\",\"contentUrl\":\"https:\\\/\\\/www.treatwell.at/treatment-files\\\/wp-content\\\/uploads\\\/sites\\\/2\\\/2022\\\/03\\\/logo_treatwell.png\",\"width\":889,\"height\":164,\"caption\":\"Treatwell\"},\"image\":{\"@id\":\"https:\\\/\\\/www.treatwell.at/treatment-files\\\/#\\\/schema\\\/logo\\\/image\\\/\"}},{\"@type\":\"Person\",\"@id\":\"https:\\\/\\\/www.treatwell.at/treatment-files\\\/#\\\/schema\\\/person\\\/869d3f19bdf4203c8e6e97c64e1c3c8e\",\"name\":\"Isabella Tombinski-robb\",\"image\":{\"@type\":\"ImageObject\",\"inLanguage\":\"de-AT\",\"@id\":\"https:\\\/\\\/secure.gravatar.com\\\/avatar\\\/624ce3bd6151d711f02c8c31549c8390027943dc1293e17bf28c136ce4288a80?s=96&d=mm&r=g\",\"url\":\"https:\\\/\\\/secure.gravatar.com\\\/avatar\\\/624ce3bd6151d711f02c8c31549c8390027943dc1293e17bf28c136ce4288a80?s=96&d=mm&r=g\",\"contentUrl\":\"https:\\\/\\\/secure.gravatar.com\\\/avatar\\\/624ce3bd6151d711f02c8c31549c8390027943dc1293e17bf28c136ce4288a80?s=96&d=mm&r=g\",\"caption\":\"Isabella Tombinski-robb\"},\"url\":\"https:\\\/\\\/www.treatwell.at/treatment-files\\\/author\\\/isabellatombinskirobb\\\/\"}]}<\/script>\n<!-- \/ Yoast SEO plugin. -->","yoast_head_json":{"title":"Kann ich meine Haare in der Schwangerschaft f\u00e4rben? - Treatwell","description":"W\u00e4hrend der Schwangerschaft stellen wir oft unsere Ern\u00e4hrung und unseren Lebensstil auf den Kopf.","robots":{"index":"index","follow":"follow","max-snippet":"max-snippet:-1","max-image-preview":"max-image-preview:large","max-video-preview":"max-video-preview:-1"},"canonical":"https:\/\/www.treatwell.at/treatment-files\/kann-ich-meine-haare-der-schwangerschaft-farben\/","og_locale":"de_DE","og_type":"article","og_title":"Kann ich meine Haare in der Schwangerschaft f\u00e4rben? - Treatwell","og_description":"W\u00e4hrend der Schwangerschaft stellen wir oft unsere Ern\u00e4hrung und unseren Lebensstil auf den Kopf.","og_url":"https:\/\/www.treatwell.at/treatment-files\/kann-ich-meine-haare-der-schwangerschaft-farben\/","og_site_name":"The Treatment Files Blog","article_published_time":"2018-10-31T17:14:04+00:00","article_modified_time":"2026-01-18T13:27:25+00:00","author":"Isabella Tombinski-robb","twitter_card":"summary_large_image","twitter_misc":{"Verfasst von":"Isabella Tombinski-robb","Gesch\u00e4tzte Lesezeit":"1 Minute"},"schema":{"@context":"https:\/\/schema.org","@graph":[{"@type":"Article","@id":"https:\/\/www.treatwell.at/treatment-files\/kann-ich-meine-haare-der-schwangerschaft-farben\/#article","isPartOf":{"@id":"https:\/\/www.treatwell.at/treatment-files\/kann-ich-meine-haare-der-schwangerschaft-farben\/"},"author":{"name":"Isabella Tombinski-robb","@id":"https:\/\/www.treatwell.at/treatment-files\/#\/schema\/person\/869d3f19bdf4203c8e6e97c64e1c3c8e"},"headline":"Kann ich meine Haare in der Schwangerschaft f\u00e4rben?","datePublished":"2018-10-31T17:14:04+00:00","dateModified":"2026-01-18T13:27:25+00:00","mainEntityOfPage":{"@id":"https:\/\/www.treatwell.at/treatment-files\/kann-ich-meine-haare-der-schwangerschaft-farben\/"},"wordCount":287,"publisher":{"@id":"https:\/\/www.treatwell.at/treatment-files\/#organization"},"keywords":["Hair Colouring and Highlights"],"articleSection":["Beauty"],"inLanguage":"de-AT"},{"@type":"WebPage","@id":"https:\/\/www.treatwell.at/treatment-files\/kann-ich-meine-haare-der-schwangerschaft-farben\/","url":"https:\/\/www.treatwell.at/treatment-files\/kann-ich-meine-haare-der-schwangerschaft-farben\/","name":"Kann ich meine Haare in der Schwangerschaft f\u00e4rben? - Treatwell","isPartOf":{"@id":"https:\/\/www.treatwell.at/treatment-files\/#website"},"datePublished":"2018-10-31T17:14:04+00:00","dateModified":"2026-01-18T13:27:25+00:00","description":"W\u00e4hrend der Schwangerschaft stellen wir oft unsere Ern\u00e4hrung und unseren Lebensstil auf den Kopf.","breadcrumb":{"@id":"https:\/\/www.treatwell.at/treatment-files\/kann-ich-meine-haare-der-schwangerschaft-farben\/#breadcrumb"},"inLanguage":"de-AT","potentialAction":[{"@type":"ReadAction","target":["https:\/\/www.treatwell.at/treatment-files\/kann-ich-meine-haare-der-schwangerschaft-farben\/"]}]},{"@type":"BreadcrumbList","@id":"https:\/\/www.treatwell.at/treatment-files\/kann-ich-meine-haare-der-schwangerschaft-farben\/#breadcrumb","itemListElement":[{"@type":"ListItem","position":1,"name":"Home","item":"https:\/\/www.treatwell.at/treatment-files\/"},{"@type":"ListItem","position":2,"name":"Beauty","item":"https:\/\/www.treatwell.at/treatment-files\/beauty\/"},{"@type":"ListItem","position":3,"name":"Kann ich meine Haare in der Schwangerschaft f\u00e4rben?"}]},{"@type":"WebSite","@id":"https:\/\/www.treatwell.at/treatment-files\/#website","url":"https:\/\/www.treatwell.at/treatment-files\/","name":"The Treatment Files Blog","description":"Beauty entdecken. Beauty erleben.","publisher":{"@id":"https:\/\/www.treatwell.at/treatment-files\/#organization"},"potentialAction":[{"@type":"SearchAction","target":{"@type":"EntryPoint","urlTemplate":"https:\/\/www.treatwell.at/treatment-files\/?s={search_term_string}"},"query-input":{"@type":"PropertyValueSpecification","valueRequired":true,"valueName":"search_term_string"}}],"inLanguage":"de-AT"},{"@type":"Organization","@id":"https:\/\/www.treatwell.at/treatment-files\/#organization","name":"Treatwell","url":"https:\/\/www.treatwell.at/treatment-files\/","logo":{"@type":"ImageObject","inLanguage":"de-AT","@id":"https:\/\/www.treatwell.at/treatment-files\/#\/schema\/logo\/image\/","url":"https:\/\/www.treatwell.at/treatment-files\/wp-content\/uploads\/sites\/2\/2022\/03\/logo_treatwell.png","contentUrl":"https:\/\/www.treatwell.at/treatment-files\/wp-content\/uploads\/sites\/2\/2022\/03\/logo_treatwell.png","width":889,"height":164,"caption":"Treatwell"},"image":{"@id":"https:\/\/www.treatwell.at/treatment-files\/#\/schema\/logo\/image\/"}},{"@type":"Person","@id":"https:\/\/www.treatwell.at/treatment-files\/#\/schema\/person\/869d3f19bdf4203c8e6e97c64e1c3c8e","name":"Isabella Tombinski-robb","image":{"@type":"ImageObject","inLanguage":"de-AT","@id":"https:\/\/secure.gravatar.com\/avatar\/624ce3bd6151d711f02c8c31549c8390027943dc1293e17bf28c136ce4288a80?s=96&d=mm&r=g","url":"https:\/\/secure.gravatar.com\/avatar\/624ce3bd6151d711f02c8c31549c8390027943dc1293e17bf28c136ce4288a80?s=96&d=mm&r=g","contentUrl":"https:\/\/secure.gravatar.com\/avatar\/624ce3bd6151d711f02c8c31549c8390027943dc1293e17bf28c136ce4288a80?s=96&d=mm&r=g","caption":"Isabella Tombinski-robb"},"url":"https:\/\/www.treatwell.at/treatment-files\/author\/isabellatombinskirobb\/"}]}},"featured_image_src":null,"featured_image_src_square":null,"author_info":{"display_name":"Isabella Tombinski-robb","author_link":"https:\/\/www.treatwell.at/treatment-files\/author\/isabellatombinskirobb\/"},"_links":{"self":[{"href":"https:\/\/www.treatwell.at\/treatment-files\/wp-json\/wp\/v2\/posts\/14599","targetHints":{"allow":["GET"]}}],"collection":[{"href":"https:\/\/www.treatwell.at\/treatment-files\/wp-json\/wp\/v2\/posts"}],"about":[{"href":"https:\/\/www.treatwell.at\/treatment-files\/wp-json\/wp\/v2\/types\/post"}],"author":[{"embeddable":true,"href":"https:\/\/www.treatwell.at\/treatment-files\/wp-json\/wp\/v2\/users\/3318"}],"replies":[{"embeddable":true,"href":"https:\/\/www.treatwell.at\/treatment-files\/wp-json\/wp\/v2\/comments?post=14599"}],"version-history":[{"count":0,"href":"https:\/\/www.treatwell.at\/treatment-files\/wp-json\/wp\/v2\/posts\/14599\/revisions"}],"wp:attachment":[{"href":"https:\/\/www.treatwell.at\/treatment-files\/wp-json\/wp\/v2\/media?parent=14599"}],"wp:term":[{"taxonomy":"category","embeddable":true,"href":"https:\/\/www.treatwell.at\/treatment-files\/wp-json\/wp\/v2\/categories?post=14599"},{"taxonomy":"post_tag","embeddable":true,"href":"https:\/\/www.treatwell.at\/treatment-files\/wp-json\/wp\/v2\/tags?post=14599"}],"curies":[{"name":"wp","href":"https:\/\/api.w.org\/{rel}","templated":true}]}}