{"id":14606,"date":"2018-11-06T18:29:03","date_gmt":"2018-11-06T17:29:03","guid":{"rendered":"http:\/\/www.treatwell.at\/treatment-files\/?p=13117"},"modified":"2026-01-18T14:27:28","modified_gmt":"2026-01-18T13:27:28","slug":"inside-beauty-so-sieht-die-zukunft-der-beautyindustrie-aus","status":"publish","type":"post","link":"https:\/\/www.treatwell.at/treatment-files\/inside-beauty-so-sieht-die-zukunft-der-beautyindustrie-aus\/","title":{"rendered":"Inside Beauty &#8211; so sieht die Zukunft der Beautyindustrie aus"},"content":{"rendered":"<p style=\"text-align: justify\">Beauty Produkte und Make-up Tutorials haben die Social Media Kan\u00e4le im Sturm erobert. Und wir lieben es. Von Beauty Tutorials, \u00fcber Swatches, Frisur-DIYs und Beautyroutinen f\u00fcr fast jede Lebenssituation, von Hochzeit \u00fcber Geburtstag \u00fcber Halloween und vieles mehr: Uns ist kaum bewusst, wieviel davon wir bereits \u2018blind\u2019 in unsere eigene Sch\u00f6nheitsagenda integriert haben. Diese Dinge und unsere liebsten Beautyinfluencer haben bis heute noch einen gro\u00dfen Einfluss auf unseren Beautykonsum via Social Media. Wie sieht die Zukunft der Beautyindustrie aus und wie wird sich die Beauty-Content-Landschaft ver\u00e4ndern? Das haben wir k\u00fcrzlich beim Inside Beauty Event bei Facebook erfahren und die wichtigsten Fakten f\u00fcr euch festgehalten.<\/p>\n<div class=\"schema-faq wp-block-yoast-faq-block\">\n<div class=\"schema-faq-section\" id=\"faq-question-1768742735174\">\n<h3 class=\"schema-faq-question\">Wie hat sich das Sch\u00f6nheitsideal auf Social Media ver\u00e4ndert?<\/h3>\n<p class=\"schema-faq-answer\">Immer mehr Menschen feiern individuelle Sch\u00f6nheit statt genormter Ideale. Aspekte wie ungezupfte Augenbrauen, Hautunreinheiten oder Dehnungsstreifen werden heute als Teil einzigartiger Sch\u00f6nheit gew\u00fcrdigt.<\/div>\n<div class=\"schema-faq-section\" id=\"faq-question-1768742735175\">\n<h3 class=\"schema-faq-question\">Welche Rolle spielen Beautyinfluencer f\u00fcr deinen Beautykonsum?<\/h3>\n<p class=\"schema-faq-answer\">Beautyinfluencer pr\u00e4gen ma\u00dfgeblich, welche Produkte und Routinen du ausw\u00e4hlst. Ihre Tipps wirken oft wie eine Inspirationsquelle und beeinflussen, was in deiner t\u00e4glichen Sch\u00f6nheitsroutine landet.<\/div>\n<div class=\"schema-faq-section\" id=\"faq-question-1768742735176\">\n<h3 class=\"schema-faq-question\">Warum werden Produkte in der Beautyindustrie als Tools betrachtet?<\/h3>\n<p class=\"schema-faq-answer\">Produkte unterst\u00fctzen dabei, innere Sch\u00f6nheit hervorzuheben, statt Standards zu entsprechen. Sie dienen als Hilfsmittel, um deine pers\u00f6nliche Ausstrahlung optimal zu unterstreichen.<\/div>\n<div class=\"schema-faq-section\" id=\"faq-question-1768742735177\">\n<h3 class=\"schema-faq-question\">Was verbirgt sich hinter dem Trend Beautifully Imperfect?<\/h3>\n<p class=\"schema-faq-answer\">Beautifully Imperfect steht f\u00fcr das Bewusstsein, dass Imperfektion und Individualit\u00e4t in der Beautyszene zunehmend gefeiert werden. Soziale Medien f\u00f6rdern diesen Wandel und er\u00f6ffnen Raum f\u00fcr mehr Vielfalt.<\/div>\n<div class=\"schema-faq-section\" id=\"faq-question-1768742735178\">\n<h3 class=\"schema-faq-question\">Wie wird die Beauty-Community auf Instagram in Zukunft aussehen?<\/h3>\n<p class=\"schema-faq-answer\">Die Beauty-Community entwickelt sich zu einer kulturreichen und vielseitigen Plattform, die Beauty unterschiedlich interpretiert. Dabei wandelt sich der Fokus von Normen zu pers\u00f6nlicher Freiheit und Selbstakzeptanz.<\/div>\n<\/p><\/div>\n","protected":false},"excerpt":{"rendered":"<p>Beauty Produkte und Make-up Tutorials haben die Social Media Kan\u00e4le im Sturm erobert. Und wir lieben es. Von Beauty Tutorials, \u00fcber Swatches, Frisur-DIYs und Beautyroutinen f\u00fcr fast jede Lebenssituation, von Hochzeit \u00fcber Geburtstag \u00fcber Halloween und vieles mehr: Uns ist kaum bewusst, wieviel davon wir bereits \u2018blind\u2019 in unsere eigene Sch\u00f6nheitsagenda integriert haben. Diese Dinge [&hellip;]<\/p>\n","protected":false},"author":3318,"featured_media":0,"comment_status":"closed","ping_status":"closed","sticky":false,"template":"","format":"standard","meta":{"_acf_changed":false,"_yoast_wpseo_title":"Inside Beauty - so sieht die Zukunft der Beautyindustrie aus - Treatwell","_yoast_wpseo_metadesc":"Wie sieht die Zukunft der Beautyindustrie aus? Das haben wir letzte Woche beim Inside Beauty Event bei Facebook erfahren.","_genesis_hide_title":false,"_genesis_hide_breadcrumbs":false,"_genesis_hide_singular_image":false,"_genesis_hide_footer_widgets":false,"_genesis_custom_body_class":"","_genesis_custom_post_class":"","_genesis_layout":"","saswp_custom_schema_field":"{\"@context\":\"https:\/\/schema.org\",\"@type\":\"FAQPage\",\"mainEntity\":[{\"@type\":\"Question\",\"name\":\"Wie hat sich das Sch\u00f6nheitsideal auf Social Media ver\u00e4ndert?\",\"acceptedAnswer\":{\"@type\":\"Answer\",\"text\":\"Immer mehr Menschen feiern individuelle Sch\u00f6nheit statt genormter Ideale. Aspekte wie ungezupfte Augenbrauen, Hautunreinheiten oder Dehnungsstreifen werden heute als Teil einzigartiger Sch\u00f6nheit gew\u00fcrdigt.\"}},{\"@type\":\"Question\",\"name\":\"Welche Rolle spielen Beautyinfluencer f\u00fcr deinen Beautykonsum?\",\"acceptedAnswer\":{\"@type\":\"Answer\",\"text\":\"Beautyinfluencer pr\u00e4gen ma\u00dfgeblich, welche Produkte und Routinen du ausw\u00e4hlst. Ihre Tipps wirken oft wie eine Inspirationsquelle und beeinflussen, was in deiner t\u00e4glichen Sch\u00f6nheitsroutine landet.\"}},{\"@type\":\"Question\",\"name\":\"Warum werden Produkte in der Beautyindustrie als Tools betrachtet?\",\"acceptedAnswer\":{\"@type\":\"Answer\",\"text\":\"Produkte unterst\u00fctzen dabei, innere Sch\u00f6nheit hervorzuheben, statt Standards zu entsprechen. Sie dienen als Hilfsmittel, um deine pers\u00f6nliche Ausstrahlung optimal zu unterstreichen.\"}},{\"@type\":\"Question\",\"name\":\"Was verbirgt sich hinter dem Trend Beautifully Imperfect?\",\"acceptedAnswer\":{\"@type\":\"Answer\",\"text\":\"Beautifully Imperfect steht f\u00fcr das Bewusstsein, dass Imperfektion und Individualit\u00e4t in der Beautyszene zunehmend gefeiert werden. Soziale Medien f\u00f6rdern diesen Wandel und er\u00f6ffnen Raum f\u00fcr mehr Vielfalt.\"}},{\"@type\":\"Question\",\"name\":\"Wie wird die Beauty-Community auf Instagram in Zukunft aussehen?\",\"acceptedAnswer\":{\"@type\":\"Answer\",\"text\":\"Die Beauty-Community entwickelt sich zu einer kulturreichen und vielseitigen Plattform, die Beauty unterschiedlich interpretiert. Dabei wandelt sich der Fokus von Normen zu pers\u00f6nlicher Freiheit und Selbstakzeptanz.\"}}]}","footnotes":""},"categories":[9],"tags":[],"class_list":{"0":"post-14606","1":"post","2":"type-post","3":"status-publish","4":"format-standard","6":"category-beauty","7":"entry","8":"has-post-thumbnail"},"acf":{"post_credits":"Bildrechte: Shutterstock, Instagram: @harnaamkaur, @radiantbambi, @jakejamie, @torinashtun, Treatwell","beauty_blog_post_button_title":"","beauty_blog_post_button":"","landscape_picture":14609,"blocks":[{"block_title":"Beautifully Imperfect","block_content":"<p>Die Sch&ouml;nheitsideale auf Instagram und Co haben sich ver&auml;ndert. Anstatt sich einem bestimmten Beauty-Standard anzupassen, werden immer mehr neue und einzigartige Beauty-Ideale gefeiert. Dazu geh&ouml;ren auch Bereiche unseres K&ouml;rpers, die wir bisher nicht unbedingt gerne zur Schau stellen wollten; dazu geh&ouml;ren ungezupfte Augenbrauen, Hautunreinheiten, Dehnungsstreifen und sogar B&auml;rte. Aufgrund einer polyzystischen Eierstockerkrankung tr&auml;gt <a href=\"https:\/\/www.instagram.com\/harnaamkaur\/\">Beautyinfluencer Harnaam Kaur <\/a>seit ihrem sechzehnten&nbsp;Lebensjahr einen Bart. F&uuml;r den Bartwuchs und ihr Aussehen wurde sie &uuml;ber viele Jahre hinweg in der Schule gemobbt. Es hat viel Mut und Kraft erfordert, diese Negativit&auml;t aus ihrem Leben zu streichen. Heute l&auml;sst Harnaam all das hinter sich und zelebriert stattdessen ihre einzigartige Sch&ouml;nheit auf Instagram: &ldquo;Ich benutze Instagram, um meine Geschichte mit anderen zu teilen. Ich m&ouml;chte den Menschen zeigen, dass sie es sich selbst wert sind und dass alle ein Gef&uuml;hl von Freiheit in ihrem eigenen K&ouml;rper verdienen,&rdquo; offenbart Harnaam w&auml;hrend des Beauty Panels. Imperfekt und Individualismus werden die n&auml;chsten Jahre die Beautyszene dominieren.<\/p>\n","video_content":"","block_picture":14607},{"block_title":"Take-away Message","block_content":"<p>Wie sieht die Zukunft der Beautyindustrie aus? Wir hoffen auf ein unglaublich reiches, komplexes und vor allem kulturreiches Ergebnis. Den Beweis daf&uuml;r liefert uns die Beautycommunity auf Instagram bereits, denn Beauty wird immer mehr auf unterschiedliche Weise interpretiert und die Idee das es so was wie einen genormten Beautystandard gibt verblasst. Was ist hier die haupts&auml;chliche Take-away Message f&uuml;r uns? Das innere Sch&ouml;nheit vorgeht, Produkte zu Tools werden, die uns dabei helfen diese Sch&ouml;nheit besser zum Vorschein zu bringen.<\/p>\n","video_content":"","block_picture":14608}]},"yoast_head":"<!-- This site is optimized with the Yoast SEO plugin v27.5 - https:\/\/yoast.com\/product\/yoast-seo-wordpress\/ -->\n<title>Inside Beauty - so sieht die Zukunft der Beautyindustrie aus - Treatwell<\/title>\n<meta name=\"description\" content=\"Wie sieht die Zukunft der Beautyindustrie aus? Das haben wir letzte Woche beim Inside Beauty Event bei Facebook erfahren.\" \/>\n<meta name=\"robots\" content=\"index, follow, max-snippet:-1, max-image-preview:large, max-video-preview:-1\" \/>\n<link rel=\"canonical\" href=\"https:\/\/www.treatwell.at/treatment-files\/inside-beauty-so-sieht-die-zukunft-der-beautyindustrie-aus\/\" \/>\n<meta property=\"og:locale\" content=\"de_DE\" \/>\n<meta property=\"og:type\" content=\"article\" \/>\n<meta property=\"og:title\" content=\"Inside Beauty - so sieht die Zukunft der Beautyindustrie aus - Treatwell\" \/>\n<meta property=\"og:description\" content=\"Wie sieht die Zukunft der Beautyindustrie aus? Das haben wir letzte Woche beim Inside Beauty Event bei Facebook erfahren.\" \/>\n<meta property=\"og:url\" content=\"https:\/\/www.treatwell.at/treatment-files\/inside-beauty-so-sieht-die-zukunft-der-beautyindustrie-aus\/\" \/>\n<meta property=\"og:site_name\" content=\"The Treatment Files Blog\" \/>\n<meta property=\"article:published_time\" content=\"2018-11-06T17:29:03+00:00\" \/>\n<meta property=\"article:modified_time\" content=\"2026-01-18T13:27:28+00:00\" \/>\n<meta name=\"author\" content=\"Isabella Tombinski-robb\" \/>\n<meta name=\"twitter:card\" content=\"summary_large_image\" \/>\n<meta name=\"twitter:label1\" content=\"Verfasst von\" \/>\n\t<meta name=\"twitter:data1\" content=\"Isabella Tombinski-robb\" \/>\n\t<meta name=\"twitter:label2\" content=\"Gesch\u00e4tzte Lesezeit\" \/>\n\t<meta name=\"twitter:data2\" content=\"1 Minute\" \/>\n<script type=\"application\/ld+json\" class=\"yoast-schema-graph\">{\"@context\":\"https:\\\/\\\/schema.org\",\"@graph\":[{\"@type\":\"Article\",\"@id\":\"https:\\\/\\\/www.treatwell.at/treatment-files\\\/inside-beauty-so-sieht-die-zukunft-der-beautyindustrie-aus\\\/#article\",\"isPartOf\":{\"@id\":\"https:\\\/\\\/www.treatwell.at/treatment-files\\\/inside-beauty-so-sieht-die-zukunft-der-beautyindustrie-aus\\\/\"},\"author\":{\"name\":\"Isabella Tombinski-robb\",\"@id\":\"https:\\\/\\\/www.treatwell.at/treatment-files\\\/#\\\/schema\\\/person\\\/869d3f19bdf4203c8e6e97c64e1c3c8e\"},\"headline\":\"Inside Beauty &#8211; so sieht die Zukunft der Beautyindustrie aus\",\"datePublished\":\"2018-11-06T17:29:03+00:00\",\"dateModified\":\"2026-01-18T13:27:28+00:00\",\"mainEntityOfPage\":{\"@id\":\"https:\\\/\\\/www.treatwell.at/treatment-files\\\/inside-beauty-so-sieht-die-zukunft-der-beautyindustrie-aus\\\/\"},\"wordCount\":304,\"publisher\":{\"@id\":\"https:\\\/\\\/www.treatwell.at/treatment-files\\\/#organization\"},\"articleSection\":[\"Beauty\"],\"inLanguage\":\"de-AT\"},{\"@type\":\"WebPage\",\"@id\":\"https:\\\/\\\/www.treatwell.at/treatment-files\\\/inside-beauty-so-sieht-die-zukunft-der-beautyindustrie-aus\\\/\",\"url\":\"https:\\\/\\\/www.treatwell.at/treatment-files\\\/inside-beauty-so-sieht-die-zukunft-der-beautyindustrie-aus\\\/\",\"name\":\"Inside Beauty - so sieht die Zukunft der Beautyindustrie aus - Treatwell\",\"isPartOf\":{\"@id\":\"https:\\\/\\\/www.treatwell.at/treatment-files\\\/#website\"},\"datePublished\":\"2018-11-06T17:29:03+00:00\",\"dateModified\":\"2026-01-18T13:27:28+00:00\",\"description\":\"Wie sieht die Zukunft der Beautyindustrie aus? Das haben wir letzte Woche beim Inside Beauty Event bei Facebook erfahren.\",\"breadcrumb\":{\"@id\":\"https:\\\/\\\/www.treatwell.at/treatment-files\\\/inside-beauty-so-sieht-die-zukunft-der-beautyindustrie-aus\\\/#breadcrumb\"},\"inLanguage\":\"de-AT\",\"potentialAction\":[{\"@type\":\"ReadAction\",\"target\":[\"https:\\\/\\\/www.treatwell.at/treatment-files\\\/inside-beauty-so-sieht-die-zukunft-der-beautyindustrie-aus\\\/\"]}]},{\"@type\":\"BreadcrumbList\",\"@id\":\"https:\\\/\\\/www.treatwell.at/treatment-files\\\/inside-beauty-so-sieht-die-zukunft-der-beautyindustrie-aus\\\/#breadcrumb\",\"itemListElement\":[{\"@type\":\"ListItem\",\"position\":1,\"name\":\"Home\",\"item\":\"https:\\\/\\\/www.treatwell.at/treatment-files\\\/\"},{\"@type\":\"ListItem\",\"position\":2,\"name\":\"Beauty\",\"item\":\"https:\\\/\\\/www.treatwell.at/treatment-files\\\/beauty\\\/\"},{\"@type\":\"ListItem\",\"position\":3,\"name\":\"Inside Beauty &#8211; so sieht die Zukunft der Beautyindustrie aus\"}]},{\"@type\":\"WebSite\",\"@id\":\"https:\\\/\\\/www.treatwell.at/treatment-files\\\/#website\",\"url\":\"https:\\\/\\\/www.treatwell.at/treatment-files\\\/\",\"name\":\"The Treatment Files Blog\",\"description\":\"Beauty entdecken. Beauty erleben.\",\"publisher\":{\"@id\":\"https:\\\/\\\/www.treatwell.at/treatment-files\\\/#organization\"},\"potentialAction\":[{\"@type\":\"SearchAction\",\"target\":{\"@type\":\"EntryPoint\",\"urlTemplate\":\"https:\\\/\\\/www.treatwell.at/treatment-files\\\/?s={search_term_string}\"},\"query-input\":{\"@type\":\"PropertyValueSpecification\",\"valueRequired\":true,\"valueName\":\"search_term_string\"}}],\"inLanguage\":\"de-AT\"},{\"@type\":\"Organization\",\"@id\":\"https:\\\/\\\/www.treatwell.at/treatment-files\\\/#organization\",\"name\":\"Treatwell\",\"url\":\"https:\\\/\\\/www.treatwell.at/treatment-files\\\/\",\"logo\":{\"@type\":\"ImageObject\",\"inLanguage\":\"de-AT\",\"@id\":\"https:\\\/\\\/www.treatwell.at/treatment-files\\\/#\\\/schema\\\/logo\\\/image\\\/\",\"url\":\"https:\\\/\\\/www.treatwell.at/treatment-files\\\/wp-content\\\/uploads\\\/sites\\\/2\\\/2022\\\/03\\\/logo_treatwell.png\",\"contentUrl\":\"https:\\\/\\\/www.treatwell.at/treatment-files\\\/wp-content\\\/uploads\\\/sites\\\/2\\\/2022\\\/03\\\/logo_treatwell.png\",\"width\":889,\"height\":164,\"caption\":\"Treatwell\"},\"image\":{\"@id\":\"https:\\\/\\\/www.treatwell.at/treatment-files\\\/#\\\/schema\\\/logo\\\/image\\\/\"}},{\"@type\":\"Person\",\"@id\":\"https:\\\/\\\/www.treatwell.at/treatment-files\\\/#\\\/schema\\\/person\\\/869d3f19bdf4203c8e6e97c64e1c3c8e\",\"name\":\"Isabella Tombinski-robb\",\"image\":{\"@type\":\"ImageObject\",\"inLanguage\":\"de-AT\",\"@id\":\"https:\\\/\\\/secure.gravatar.com\\\/avatar\\\/624ce3bd6151d711f02c8c31549c8390027943dc1293e17bf28c136ce4288a80?s=96&d=mm&r=g\",\"url\":\"https:\\\/\\\/secure.gravatar.com\\\/avatar\\\/624ce3bd6151d711f02c8c31549c8390027943dc1293e17bf28c136ce4288a80?s=96&d=mm&r=g\",\"contentUrl\":\"https:\\\/\\\/secure.gravatar.com\\\/avatar\\\/624ce3bd6151d711f02c8c31549c8390027943dc1293e17bf28c136ce4288a80?s=96&d=mm&r=g\",\"caption\":\"Isabella Tombinski-robb\"},\"url\":\"https:\\\/\\\/www.treatwell.at/treatment-files\\\/author\\\/isabellatombinskirobb\\\/\"}]}<\/script>\n<!-- \/ Yoast SEO plugin. -->","yoast_head_json":{"title":"Inside Beauty - so sieht die Zukunft der Beautyindustrie aus - Treatwell","description":"Wie sieht die Zukunft der Beautyindustrie aus? Das haben wir letzte Woche beim Inside Beauty Event bei Facebook erfahren.","robots":{"index":"index","follow":"follow","max-snippet":"max-snippet:-1","max-image-preview":"max-image-preview:large","max-video-preview":"max-video-preview:-1"},"canonical":"https:\/\/www.treatwell.at/treatment-files\/inside-beauty-so-sieht-die-zukunft-der-beautyindustrie-aus\/","og_locale":"de_DE","og_type":"article","og_title":"Inside Beauty - so sieht die Zukunft der Beautyindustrie aus - Treatwell","og_description":"Wie sieht die Zukunft der Beautyindustrie aus? Das haben wir letzte Woche beim Inside Beauty Event bei Facebook erfahren.","og_url":"https:\/\/www.treatwell.at/treatment-files\/inside-beauty-so-sieht-die-zukunft-der-beautyindustrie-aus\/","og_site_name":"The Treatment Files Blog","article_published_time":"2018-11-06T17:29:03+00:00","article_modified_time":"2026-01-18T13:27:28+00:00","author":"Isabella Tombinski-robb","twitter_card":"summary_large_image","twitter_misc":{"Verfasst von":"Isabella Tombinski-robb","Gesch\u00e4tzte Lesezeit":"1 Minute"},"schema":{"@context":"https:\/\/schema.org","@graph":[{"@type":"Article","@id":"https:\/\/www.treatwell.at/treatment-files\/inside-beauty-so-sieht-die-zukunft-der-beautyindustrie-aus\/#article","isPartOf":{"@id":"https:\/\/www.treatwell.at/treatment-files\/inside-beauty-so-sieht-die-zukunft-der-beautyindustrie-aus\/"},"author":{"name":"Isabella Tombinski-robb","@id":"https:\/\/www.treatwell.at/treatment-files\/#\/schema\/person\/869d3f19bdf4203c8e6e97c64e1c3c8e"},"headline":"Inside Beauty &#8211; so sieht die Zukunft der Beautyindustrie aus","datePublished":"2018-11-06T17:29:03+00:00","dateModified":"2026-01-18T13:27:28+00:00","mainEntityOfPage":{"@id":"https:\/\/www.treatwell.at/treatment-files\/inside-beauty-so-sieht-die-zukunft-der-beautyindustrie-aus\/"},"wordCount":304,"publisher":{"@id":"https:\/\/www.treatwell.at/treatment-files\/#organization"},"articleSection":["Beauty"],"inLanguage":"de-AT"},{"@type":"WebPage","@id":"https:\/\/www.treatwell.at/treatment-files\/inside-beauty-so-sieht-die-zukunft-der-beautyindustrie-aus\/","url":"https:\/\/www.treatwell.at/treatment-files\/inside-beauty-so-sieht-die-zukunft-der-beautyindustrie-aus\/","name":"Inside Beauty - so sieht die Zukunft der Beautyindustrie aus - Treatwell","isPartOf":{"@id":"https:\/\/www.treatwell.at/treatment-files\/#website"},"datePublished":"2018-11-06T17:29:03+00:00","dateModified":"2026-01-18T13:27:28+00:00","description":"Wie sieht die Zukunft der Beautyindustrie aus? Das haben wir letzte Woche beim Inside Beauty Event bei Facebook erfahren.","breadcrumb":{"@id":"https:\/\/www.treatwell.at/treatment-files\/inside-beauty-so-sieht-die-zukunft-der-beautyindustrie-aus\/#breadcrumb"},"inLanguage":"de-AT","potentialAction":[{"@type":"ReadAction","target":["https:\/\/www.treatwell.at/treatment-files\/inside-beauty-so-sieht-die-zukunft-der-beautyindustrie-aus\/"]}]},{"@type":"BreadcrumbList","@id":"https:\/\/www.treatwell.at/treatment-files\/inside-beauty-so-sieht-die-zukunft-der-beautyindustrie-aus\/#breadcrumb","itemListElement":[{"@type":"ListItem","position":1,"name":"Home","item":"https:\/\/www.treatwell.at/treatment-files\/"},{"@type":"ListItem","position":2,"name":"Beauty","item":"https:\/\/www.treatwell.at/treatment-files\/beauty\/"},{"@type":"ListItem","position":3,"name":"Inside Beauty &#8211; so sieht die Zukunft der Beautyindustrie aus"}]},{"@type":"WebSite","@id":"https:\/\/www.treatwell.at/treatment-files\/#website","url":"https:\/\/www.treatwell.at/treatment-files\/","name":"The Treatment Files Blog","description":"Beauty entdecken. Beauty erleben.","publisher":{"@id":"https:\/\/www.treatwell.at/treatment-files\/#organization"},"potentialAction":[{"@type":"SearchAction","target":{"@type":"EntryPoint","urlTemplate":"https:\/\/www.treatwell.at/treatment-files\/?s={search_term_string}"},"query-input":{"@type":"PropertyValueSpecification","valueRequired":true,"valueName":"search_term_string"}}],"inLanguage":"de-AT"},{"@type":"Organization","@id":"https:\/\/www.treatwell.at/treatment-files\/#organization","name":"Treatwell","url":"https:\/\/www.treatwell.at/treatment-files\/","logo":{"@type":"ImageObject","inLanguage":"de-AT","@id":"https:\/\/www.treatwell.at/treatment-files\/#\/schema\/logo\/image\/","url":"https:\/\/www.treatwell.at/treatment-files\/wp-content\/uploads\/sites\/2\/2022\/03\/logo_treatwell.png","contentUrl":"https:\/\/www.treatwell.at/treatment-files\/wp-content\/uploads\/sites\/2\/2022\/03\/logo_treatwell.png","width":889,"height":164,"caption":"Treatwell"},"image":{"@id":"https:\/\/www.treatwell.at/treatment-files\/#\/schema\/logo\/image\/"}},{"@type":"Person","@id":"https:\/\/www.treatwell.at/treatment-files\/#\/schema\/person\/869d3f19bdf4203c8e6e97c64e1c3c8e","name":"Isabella Tombinski-robb","image":{"@type":"ImageObject","inLanguage":"de-AT","@id":"https:\/\/secure.gravatar.com\/avatar\/624ce3bd6151d711f02c8c31549c8390027943dc1293e17bf28c136ce4288a80?s=96&d=mm&r=g","url":"https:\/\/secure.gravatar.com\/avatar\/624ce3bd6151d711f02c8c31549c8390027943dc1293e17bf28c136ce4288a80?s=96&d=mm&r=g","contentUrl":"https:\/\/secure.gravatar.com\/avatar\/624ce3bd6151d711f02c8c31549c8390027943dc1293e17bf28c136ce4288a80?s=96&d=mm&r=g","caption":"Isabella Tombinski-robb"},"url":"https:\/\/www.treatwell.at/treatment-files\/author\/isabellatombinskirobb\/"}]}},"featured_image_src":null,"featured_image_src_square":null,"author_info":{"display_name":"Isabella Tombinski-robb","author_link":"https:\/\/www.treatwell.at/treatment-files\/author\/isabellatombinskirobb\/"},"_links":{"self":[{"href":"https:\/\/www.treatwell.at\/treatment-files\/wp-json\/wp\/v2\/posts\/14606","targetHints":{"allow":["GET"]}}],"collection":[{"href":"https:\/\/www.treatwell.at\/treatment-files\/wp-json\/wp\/v2\/posts"}],"about":[{"href":"https:\/\/www.treatwell.at\/treatment-files\/wp-json\/wp\/v2\/types\/post"}],"author":[{"embeddable":true,"href":"https:\/\/www.treatwell.at\/treatment-files\/wp-json\/wp\/v2\/users\/3318"}],"replies":[{"embeddable":true,"href":"https:\/\/www.treatwell.at\/treatment-files\/wp-json\/wp\/v2\/comments?post=14606"}],"version-history":[{"count":0,"href":"https:\/\/www.treatwell.at\/treatment-files\/wp-json\/wp\/v2\/posts\/14606\/revisions"}],"wp:attachment":[{"href":"https:\/\/www.treatwell.at\/treatment-files\/wp-json\/wp\/v2\/media?parent=14606"}],"wp:term":[{"taxonomy":"category","embeddable":true,"href":"https:\/\/www.treatwell.at\/treatment-files\/wp-json\/wp\/v2\/categories?post=14606"},{"taxonomy":"post_tag","embeddable":true,"href":"https:\/\/www.treatwell.at\/treatment-files\/wp-json\/wp\/v2\/tags?post=14606"}],"curies":[{"name":"wp","href":"https:\/\/api.w.org\/{rel}","templated":true}]}}