{"id":14761,"date":"2018-12-11T20:57:16","date_gmt":"2018-12-11T19:57:16","guid":{"rendered":"http:\/\/www.treatwell.at\/treatment-files\/?p=13695"},"modified":"2026-01-18T16:45:30","modified_gmt":"2026-01-18T15:45:30","slug":"14-haarschnitte-die-mit-scheitel-einfach-klassisch-gut-aussehen","status":"publish","type":"post","link":"https:\/\/www.treatwell.at/treatment-files\/14-haarschnitte-die-mit-scheitel-einfach-klassisch-gut-aussehen\/","title":{"rendered":"14 Haarschnitte die mit Scheitel einfach klassisch gut aussehen"},"content":{"rendered":"<p style=\"text-align: justify\"><span style=\"font-weight: 400\">Wer\u2019s glaubt oder nicht, aber der Scheitel wird in dieser Saison auf der High Street mit Stolz getragen. Egal ob seitlich oder mittig: Markante Linien, diagonal oder gerade, sind zum Accessoire der M\u00e4nnerhaarschnitte geworden. So viel k\u00f6nnen wir schon vorab sagen: Ein Throwback zu den Backstreet Boys und James Dean ist garantiert. Das hei\u00dft, allerdings nicht, dass der Haarschnitt furchtbar und komplett kitschig wirken muss. Ein richtig gew\u00e4hlter Scheitel kann Vorteile mit sich bringen und unter anderem mehr Volumen auf\u2019s Haupt zaubern. Speziell wenn er seitlich getragen wird in Kombi mit dem klassischen Fade-Cut sieht er einfach cool aus. Mit diesen 14 Klassikern kann nichts schief gehen. Also hab schon mal die Pomade ready!<\/span><\/p>\n<div class=\"schema-faq wp-block-yoast-faq-block\">\n<div class=\"schema-faq-section\" id=\"faq-question-1768750810283\">\n<h3 class=\"schema-faq-question\">Was bewirkt ein Scheitel bei M\u00e4nnerhaarschnitten?<\/h3>\n<p class=\"schema-faq-answer\">Ein Scheitel schafft markante Linien und kann dem Haar mehr Volumen verleihen. Besonders in Kombination mit einem Fade-Cut wirkt dein Look modern und cool.<\/div>\n<div class=\"schema-faq-section\" id=\"faq-question-1768750810284\">\n<h3 class=\"schema-faq-question\">Wie kombinierst du einen Scheitel mit einem Fade-Cut?<\/h3>\n<p class=\"schema-faq-answer\">Ein seitlicher Scheitel passt ideal zum klassischen Fade-Cut. Diese Kombination sorgt f\u00fcr einen zeitlosen und stylischen Look, der auff\u00e4llig wirkt und zugleich gepflegt erscheint.<\/div>\n<div class=\"schema-faq-section\" id=\"faq-question-1768750810285\">\n<h3 class=\"schema-faq-question\">Welche Wirkung erzielt ein mittiger oder seitlicher Scheitel?<\/h3>\n<p class=\"schema-faq-answer\">Sowohl mittige als auch seitliche Scheitel setzen auff\u00e4llige Akzente in deiner Frisur. Mit klaren Linien erh\u00e4ltst du ein individuelles und angesagtes Styling, das an ikonische Looks erinnert.<\/div>\n<div class=\"schema-faq-section\" id=\"faq-question-1768750810286\">\n<h3 class=\"schema-faq-question\">F\u00fcr wen eignen sich markante Scheitel-Linien besonders?<\/h3>\n<p class=\"schema-faq-answer\">Markante Scheitel-Linien eignen sich f\u00fcr alle, die auf der Suche nach einer auff\u00e4lligen Frisur sind. Auch klassisch geschnittenes Haar profitiert von zus\u00e4tzlichem Volumen und einem stylischen Abschluss.<\/div>\n<div class=\"schema-faq-section\" id=\"faq-question-1768750810287\">\n<h3 class=\"schema-faq-question\">Mit welchem Produkt frisierst du den Scheitel am besten?<\/h3>\n<p class=\"schema-faq-answer\">Pomade eignet sich optimal, um den Scheitel pr\u00e4zise zu stylen und das Haar zu definieren. Damit bleibt dein Look \u00fcber den ganzen Tag hinweg in Form und wirkt gepflegt.<\/div>\n<\/p><\/div>\n","protected":false},"excerpt":{"rendered":"<p>Wer\u2019s glaubt oder nicht, aber der Scheitel wird in dieser Saison auf der High Street mit Stolz getragen. Egal ob seitlich oder mittig: Markante Linien, diagonal oder gerade, sind zum Accessoire der M\u00e4nnerhaarschnitte geworden. So viel k\u00f6nnen wir schon vorab sagen: Ein Throwback zu den Backstreet Boys und James Dean ist garantiert. Das hei\u00dft, allerdings [&hellip;]<\/p>\n","protected":false},"author":3318,"featured_media":0,"comment_status":"closed","ping_status":"closed","sticky":false,"template":"","format":"standard","meta":{"_acf_changed":false,"_yoast_wpseo_title":"14 Haarschnitte die mit Scheitel einfach klassisch gut aussehen - Treatwell","_yoast_wpseo_metadesc":"Wer\u2019s glaubt oder nicht, aber der Scheitel wird diese Wintersaison auf der High Street mit Stolz getragen.","_genesis_hide_title":false,"_genesis_hide_breadcrumbs":false,"_genesis_hide_singular_image":false,"_genesis_hide_footer_widgets":false,"_genesis_custom_body_class":"","_genesis_custom_post_class":"","_genesis_layout":"","saswp_custom_schema_field":"{\"@context\":\"https:\/\/schema.org\",\"@type\":\"FAQPage\",\"mainEntity\":[{\"@type\":\"Question\",\"name\":\"Was bewirkt ein Scheitel bei M\u00e4nnerhaarschnitten?\",\"acceptedAnswer\":{\"@type\":\"Answer\",\"text\":\"Ein Scheitel schafft markante Linien und kann dem Haar mehr Volumen verleihen. Besonders in Kombination mit einem Fade-Cut wirkt dein Look modern und cool.\"}},{\"@type\":\"Question\",\"name\":\"Wie kombinierst du einen Scheitel mit einem Fade-Cut?\",\"acceptedAnswer\":{\"@type\":\"Answer\",\"text\":\"Ein seitlicher Scheitel passt ideal zum klassischen Fade-Cut. Diese Kombination sorgt f\u00fcr einen zeitlosen und stylischen Look, der auff\u00e4llig wirkt und zugleich gepflegt erscheint.\"}},{\"@type\":\"Question\",\"name\":\"Welche Wirkung erzielt ein mittiger oder seitlicher Scheitel?\",\"acceptedAnswer\":{\"@type\":\"Answer\",\"text\":\"Sowohl mittige als auch seitliche Scheitel setzen auff\u00e4llige Akzente in deiner Frisur. Mit klaren Linien erh\u00e4ltst du ein individuelles und angesagtes Styling, das an ikonische Looks erinnert.\"}},{\"@type\":\"Question\",\"name\":\"F\u00fcr wen eignen sich markante Scheitel-Linien besonders?\",\"acceptedAnswer\":{\"@type\":\"Answer\",\"text\":\"Markante Scheitel-Linien eignen sich f\u00fcr alle, die auf der Suche nach einer auff\u00e4lligen Frisur sind. Auch klassisch geschnittenes Haar profitiert von zus\u00e4tzlichem Volumen und einem stylischen Abschluss.\"}},{\"@type\":\"Question\",\"name\":\"Mit welchem Produkt frisierst du den Scheitel am besten?\",\"acceptedAnswer\":{\"@type\":\"Answer\",\"text\":\"Pomade eignet sich optimal, um den Scheitel pr\u00e4zise zu stylen und das Haar zu definieren. Damit bleibt dein Look \u00fcber den ganzen Tag hinweg in Form und wirkt gepflegt.\"}}]}","footnotes":""},"categories":[2],"tags":[10],"class_list":{"0":"post-14761","1":"post","2":"type-post","3":"status-publish","4":"format-standard","6":"category-trends","7":"tag-tr716","8":"entry","9":"has-post-thumbnail"},"acf":{"post_credits":"Bildrechte: Shutterstock, Instagram: @toastiestyles, @gingertkachev, @citystreetstylee, \r\n@toastiestyles, @barberinspirations, @blackfishbry, @paypik, @toastiestyles, \r\n@barberinspirations, @swaggerandblade, @themailroombarber, \r\n@rh.barbershop, @blackfishbry, @barberinspirations","beauty_blog_post_button_title":"Zum Barbier hier lang","beauty_blog_post_button":"https:\/\/www.treatwell.at\/orte\/behandlung-maennerhaarschnitte\/angebot-typ-lokal\/in-at\/","landscape_picture":14765,"blocks":[{"block_title":"","block_content":"","video_content":"","block_picture":14762},{"block_title":"","block_content":"","video_content":"","block_picture":14763},{"block_title":"","block_content":"","video_content":"","block_picture":14764}]},"yoast_head":"<!-- This site is optimized with the Yoast SEO plugin v27.5 - https:\/\/yoast.com\/product\/yoast-seo-wordpress\/ -->\n<title>14 Haarschnitte die mit Scheitel einfach klassisch gut aussehen - Treatwell<\/title>\n<meta name=\"description\" content=\"Wer\u2019s glaubt oder nicht, aber der Scheitel wird diese Wintersaison auf der High Street mit Stolz getragen.\" \/>\n<meta name=\"robots\" content=\"index, follow, max-snippet:-1, max-image-preview:large, max-video-preview:-1\" \/>\n<link rel=\"canonical\" href=\"https:\/\/www.treatwell.at/treatment-files\/14-haarschnitte-die-mit-scheitel-einfach-klassisch-gut-aussehen\/\" \/>\n<meta property=\"og:locale\" content=\"de_DE\" \/>\n<meta property=\"og:type\" content=\"article\" \/>\n<meta property=\"og:title\" content=\"14 Haarschnitte die mit Scheitel einfach klassisch gut aussehen - Treatwell\" \/>\n<meta property=\"og:description\" content=\"Wer\u2019s glaubt oder nicht, aber der Scheitel wird diese Wintersaison auf der High Street mit Stolz getragen.\" \/>\n<meta property=\"og:url\" content=\"https:\/\/www.treatwell.at/treatment-files\/14-haarschnitte-die-mit-scheitel-einfach-klassisch-gut-aussehen\/\" \/>\n<meta property=\"og:site_name\" content=\"The Treatment Files Blog\" \/>\n<meta property=\"article:published_time\" content=\"2018-12-11T19:57:16+00:00\" \/>\n<meta property=\"article:modified_time\" content=\"2026-01-18T15:45:30+00:00\" \/>\n<meta name=\"author\" content=\"Isabella Tombinski-robb\" \/>\n<meta name=\"twitter:card\" content=\"summary_large_image\" \/>\n<meta name=\"twitter:label1\" content=\"Verfasst von\" \/>\n\t<meta name=\"twitter:data1\" content=\"Isabella Tombinski-robb\" \/>\n\t<meta name=\"twitter:label2\" content=\"Gesch\u00e4tzte Lesezeit\" \/>\n\t<meta name=\"twitter:data2\" content=\"1 Minute\" \/>\n<script type=\"application\/ld+json\" class=\"yoast-schema-graph\">{\"@context\":\"https:\\\/\\\/schema.org\",\"@graph\":[{\"@type\":\"Article\",\"@id\":\"https:\\\/\\\/www.treatwell.at/treatment-files\\\/14-haarschnitte-die-mit-scheitel-einfach-klassisch-gut-aussehen\\\/#article\",\"isPartOf\":{\"@id\":\"https:\\\/\\\/www.treatwell.at/treatment-files\\\/14-haarschnitte-die-mit-scheitel-einfach-klassisch-gut-aussehen\\\/\"},\"author\":{\"name\":\"Isabella Tombinski-robb\",\"@id\":\"https:\\\/\\\/www.treatwell.at/treatment-files\\\/#\\\/schema\\\/person\\\/869d3f19bdf4203c8e6e97c64e1c3c8e\"},\"headline\":\"14 Haarschnitte die mit Scheitel einfach klassisch gut aussehen\",\"datePublished\":\"2018-12-11T19:57:16+00:00\",\"dateModified\":\"2026-01-18T15:45:30+00:00\",\"mainEntityOfPage\":{\"@id\":\"https:\\\/\\\/www.treatwell.at/treatment-files\\\/14-haarschnitte-die-mit-scheitel-einfach-klassisch-gut-aussehen\\\/\"},\"wordCount\":306,\"publisher\":{\"@id\":\"https:\\\/\\\/www.treatwell.at/treatment-files\\\/#organization\"},\"keywords\":[\"Men's Haircuts and Hairdressing\"],\"articleSection\":[\"Trends\"],\"inLanguage\":\"de-AT\"},{\"@type\":\"WebPage\",\"@id\":\"https:\\\/\\\/www.treatwell.at/treatment-files\\\/14-haarschnitte-die-mit-scheitel-einfach-klassisch-gut-aussehen\\\/\",\"url\":\"https:\\\/\\\/www.treatwell.at/treatment-files\\\/14-haarschnitte-die-mit-scheitel-einfach-klassisch-gut-aussehen\\\/\",\"name\":\"14 Haarschnitte die mit Scheitel einfach klassisch gut aussehen - Treatwell\",\"isPartOf\":{\"@id\":\"https:\\\/\\\/www.treatwell.at/treatment-files\\\/#website\"},\"datePublished\":\"2018-12-11T19:57:16+00:00\",\"dateModified\":\"2026-01-18T15:45:30+00:00\",\"description\":\"Wer\u2019s glaubt oder nicht, aber der Scheitel wird diese Wintersaison auf der High Street mit Stolz getragen.\",\"breadcrumb\":{\"@id\":\"https:\\\/\\\/www.treatwell.at/treatment-files\\\/14-haarschnitte-die-mit-scheitel-einfach-klassisch-gut-aussehen\\\/#breadcrumb\"},\"inLanguage\":\"de-AT\",\"potentialAction\":[{\"@type\":\"ReadAction\",\"target\":[\"https:\\\/\\\/www.treatwell.at/treatment-files\\\/14-haarschnitte-die-mit-scheitel-einfach-klassisch-gut-aussehen\\\/\"]}]},{\"@type\":\"BreadcrumbList\",\"@id\":\"https:\\\/\\\/www.treatwell.at/treatment-files\\\/14-haarschnitte-die-mit-scheitel-einfach-klassisch-gut-aussehen\\\/#breadcrumb\",\"itemListElement\":[{\"@type\":\"ListItem\",\"position\":1,\"name\":\"Home\",\"item\":\"https:\\\/\\\/www.treatwell.at/treatment-files\\\/\"},{\"@type\":\"ListItem\",\"position\":2,\"name\":\"Trends\",\"item\":\"https:\\\/\\\/www.treatwell.at/treatment-files\\\/trends\\\/\"},{\"@type\":\"ListItem\",\"position\":3,\"name\":\"14 Haarschnitte die mit Scheitel einfach klassisch gut aussehen\"}]},{\"@type\":\"WebSite\",\"@id\":\"https:\\\/\\\/www.treatwell.at/treatment-files\\\/#website\",\"url\":\"https:\\\/\\\/www.treatwell.at/treatment-files\\\/\",\"name\":\"The Treatment Files Blog\",\"description\":\"Beauty entdecken. Beauty erleben.\",\"publisher\":{\"@id\":\"https:\\\/\\\/www.treatwell.at/treatment-files\\\/#organization\"},\"potentialAction\":[{\"@type\":\"SearchAction\",\"target\":{\"@type\":\"EntryPoint\",\"urlTemplate\":\"https:\\\/\\\/www.treatwell.at/treatment-files\\\/?s={search_term_string}\"},\"query-input\":{\"@type\":\"PropertyValueSpecification\",\"valueRequired\":true,\"valueName\":\"search_term_string\"}}],\"inLanguage\":\"de-AT\"},{\"@type\":\"Organization\",\"@id\":\"https:\\\/\\\/www.treatwell.at/treatment-files\\\/#organization\",\"name\":\"Treatwell\",\"url\":\"https:\\\/\\\/www.treatwell.at/treatment-files\\\/\",\"logo\":{\"@type\":\"ImageObject\",\"inLanguage\":\"de-AT\",\"@id\":\"https:\\\/\\\/www.treatwell.at/treatment-files\\\/#\\\/schema\\\/logo\\\/image\\\/\",\"url\":\"https:\\\/\\\/www.treatwell.at/treatment-files\\\/wp-content\\\/uploads\\\/sites\\\/2\\\/2022\\\/03\\\/logo_treatwell.png\",\"contentUrl\":\"https:\\\/\\\/www.treatwell.at/treatment-files\\\/wp-content\\\/uploads\\\/sites\\\/2\\\/2022\\\/03\\\/logo_treatwell.png\",\"width\":889,\"height\":164,\"caption\":\"Treatwell\"},\"image\":{\"@id\":\"https:\\\/\\\/www.treatwell.at/treatment-files\\\/#\\\/schema\\\/logo\\\/image\\\/\"}},{\"@type\":\"Person\",\"@id\":\"https:\\\/\\\/www.treatwell.at/treatment-files\\\/#\\\/schema\\\/person\\\/869d3f19bdf4203c8e6e97c64e1c3c8e\",\"name\":\"Isabella Tombinski-robb\",\"image\":{\"@type\":\"ImageObject\",\"inLanguage\":\"de-AT\",\"@id\":\"https:\\\/\\\/secure.gravatar.com\\\/avatar\\\/624ce3bd6151d711f02c8c31549c8390027943dc1293e17bf28c136ce4288a80?s=96&d=mm&r=g\",\"url\":\"https:\\\/\\\/secure.gravatar.com\\\/avatar\\\/624ce3bd6151d711f02c8c31549c8390027943dc1293e17bf28c136ce4288a80?s=96&d=mm&r=g\",\"contentUrl\":\"https:\\\/\\\/secure.gravatar.com\\\/avatar\\\/624ce3bd6151d711f02c8c31549c8390027943dc1293e17bf28c136ce4288a80?s=96&d=mm&r=g\",\"caption\":\"Isabella Tombinski-robb\"},\"url\":\"https:\\\/\\\/www.treatwell.at/treatment-files\\\/author\\\/isabellatombinskirobb\\\/\"}]}<\/script>\n<!-- \/ Yoast SEO plugin. -->","yoast_head_json":{"title":"14 Haarschnitte die mit Scheitel einfach klassisch gut aussehen - Treatwell","description":"Wer\u2019s glaubt oder nicht, aber der Scheitel wird diese Wintersaison auf der High Street mit Stolz getragen.","robots":{"index":"index","follow":"follow","max-snippet":"max-snippet:-1","max-image-preview":"max-image-preview:large","max-video-preview":"max-video-preview:-1"},"canonical":"https:\/\/www.treatwell.at/treatment-files\/14-haarschnitte-die-mit-scheitel-einfach-klassisch-gut-aussehen\/","og_locale":"de_DE","og_type":"article","og_title":"14 Haarschnitte die mit Scheitel einfach klassisch gut aussehen - Treatwell","og_description":"Wer\u2019s glaubt oder nicht, aber der Scheitel wird diese Wintersaison auf der High Street mit Stolz getragen.","og_url":"https:\/\/www.treatwell.at/treatment-files\/14-haarschnitte-die-mit-scheitel-einfach-klassisch-gut-aussehen\/","og_site_name":"The Treatment Files Blog","article_published_time":"2018-12-11T19:57:16+00:00","article_modified_time":"2026-01-18T15:45:30+00:00","author":"Isabella Tombinski-robb","twitter_card":"summary_large_image","twitter_misc":{"Verfasst von":"Isabella Tombinski-robb","Gesch\u00e4tzte Lesezeit":"1 Minute"},"schema":{"@context":"https:\/\/schema.org","@graph":[{"@type":"Article","@id":"https:\/\/www.treatwell.at/treatment-files\/14-haarschnitte-die-mit-scheitel-einfach-klassisch-gut-aussehen\/#article","isPartOf":{"@id":"https:\/\/www.treatwell.at/treatment-files\/14-haarschnitte-die-mit-scheitel-einfach-klassisch-gut-aussehen\/"},"author":{"name":"Isabella Tombinski-robb","@id":"https:\/\/www.treatwell.at/treatment-files\/#\/schema\/person\/869d3f19bdf4203c8e6e97c64e1c3c8e"},"headline":"14 Haarschnitte die mit Scheitel einfach klassisch gut aussehen","datePublished":"2018-12-11T19:57:16+00:00","dateModified":"2026-01-18T15:45:30+00:00","mainEntityOfPage":{"@id":"https:\/\/www.treatwell.at/treatment-files\/14-haarschnitte-die-mit-scheitel-einfach-klassisch-gut-aussehen\/"},"wordCount":306,"publisher":{"@id":"https:\/\/www.treatwell.at/treatment-files\/#organization"},"keywords":["Men's Haircuts and Hairdressing"],"articleSection":["Trends"],"inLanguage":"de-AT"},{"@type":"WebPage","@id":"https:\/\/www.treatwell.at/treatment-files\/14-haarschnitte-die-mit-scheitel-einfach-klassisch-gut-aussehen\/","url":"https:\/\/www.treatwell.at/treatment-files\/14-haarschnitte-die-mit-scheitel-einfach-klassisch-gut-aussehen\/","name":"14 Haarschnitte die mit Scheitel einfach klassisch gut aussehen - Treatwell","isPartOf":{"@id":"https:\/\/www.treatwell.at/treatment-files\/#website"},"datePublished":"2018-12-11T19:57:16+00:00","dateModified":"2026-01-18T15:45:30+00:00","description":"Wer\u2019s glaubt oder nicht, aber der Scheitel wird diese Wintersaison auf der High Street mit Stolz getragen.","breadcrumb":{"@id":"https:\/\/www.treatwell.at/treatment-files\/14-haarschnitte-die-mit-scheitel-einfach-klassisch-gut-aussehen\/#breadcrumb"},"inLanguage":"de-AT","potentialAction":[{"@type":"ReadAction","target":["https:\/\/www.treatwell.at/treatment-files\/14-haarschnitte-die-mit-scheitel-einfach-klassisch-gut-aussehen\/"]}]},{"@type":"BreadcrumbList","@id":"https:\/\/www.treatwell.at/treatment-files\/14-haarschnitte-die-mit-scheitel-einfach-klassisch-gut-aussehen\/#breadcrumb","itemListElement":[{"@type":"ListItem","position":1,"name":"Home","item":"https:\/\/www.treatwell.at/treatment-files\/"},{"@type":"ListItem","position":2,"name":"Trends","item":"https:\/\/www.treatwell.at/treatment-files\/trends\/"},{"@type":"ListItem","position":3,"name":"14 Haarschnitte die mit Scheitel einfach klassisch gut aussehen"}]},{"@type":"WebSite","@id":"https:\/\/www.treatwell.at/treatment-files\/#website","url":"https:\/\/www.treatwell.at/treatment-files\/","name":"The Treatment Files Blog","description":"Beauty entdecken. Beauty erleben.","publisher":{"@id":"https:\/\/www.treatwell.at/treatment-files\/#organization"},"potentialAction":[{"@type":"SearchAction","target":{"@type":"EntryPoint","urlTemplate":"https:\/\/www.treatwell.at/treatment-files\/?s={search_term_string}"},"query-input":{"@type":"PropertyValueSpecification","valueRequired":true,"valueName":"search_term_string"}}],"inLanguage":"de-AT"},{"@type":"Organization","@id":"https:\/\/www.treatwell.at/treatment-files\/#organization","name":"Treatwell","url":"https:\/\/www.treatwell.at/treatment-files\/","logo":{"@type":"ImageObject","inLanguage":"de-AT","@id":"https:\/\/www.treatwell.at/treatment-files\/#\/schema\/logo\/image\/","url":"https:\/\/www.treatwell.at/treatment-files\/wp-content\/uploads\/sites\/2\/2022\/03\/logo_treatwell.png","contentUrl":"https:\/\/www.treatwell.at/treatment-files\/wp-content\/uploads\/sites\/2\/2022\/03\/logo_treatwell.png","width":889,"height":164,"caption":"Treatwell"},"image":{"@id":"https:\/\/www.treatwell.at/treatment-files\/#\/schema\/logo\/image\/"}},{"@type":"Person","@id":"https:\/\/www.treatwell.at/treatment-files\/#\/schema\/person\/869d3f19bdf4203c8e6e97c64e1c3c8e","name":"Isabella Tombinski-robb","image":{"@type":"ImageObject","inLanguage":"de-AT","@id":"https:\/\/secure.gravatar.com\/avatar\/624ce3bd6151d711f02c8c31549c8390027943dc1293e17bf28c136ce4288a80?s=96&d=mm&r=g","url":"https:\/\/secure.gravatar.com\/avatar\/624ce3bd6151d711f02c8c31549c8390027943dc1293e17bf28c136ce4288a80?s=96&d=mm&r=g","contentUrl":"https:\/\/secure.gravatar.com\/avatar\/624ce3bd6151d711f02c8c31549c8390027943dc1293e17bf28c136ce4288a80?s=96&d=mm&r=g","caption":"Isabella Tombinski-robb"},"url":"https:\/\/www.treatwell.at/treatment-files\/author\/isabellatombinskirobb\/"}]}},"featured_image_src":null,"featured_image_src_square":null,"author_info":{"display_name":"Isabella Tombinski-robb","author_link":"https:\/\/www.treatwell.at/treatment-files\/author\/isabellatombinskirobb\/"},"_links":{"self":[{"href":"https:\/\/www.treatwell.at\/treatment-files\/wp-json\/wp\/v2\/posts\/14761","targetHints":{"allow":["GET"]}}],"collection":[{"href":"https:\/\/www.treatwell.at\/treatment-files\/wp-json\/wp\/v2\/posts"}],"about":[{"href":"https:\/\/www.treatwell.at\/treatment-files\/wp-json\/wp\/v2\/types\/post"}],"author":[{"embeddable":true,"href":"https:\/\/www.treatwell.at\/treatment-files\/wp-json\/wp\/v2\/users\/3318"}],"replies":[{"embeddable":true,"href":"https:\/\/www.treatwell.at\/treatment-files\/wp-json\/wp\/v2\/comments?post=14761"}],"version-history":[{"count":0,"href":"https:\/\/www.treatwell.at\/treatment-files\/wp-json\/wp\/v2\/posts\/14761\/revisions"}],"wp:attachment":[{"href":"https:\/\/www.treatwell.at\/treatment-files\/wp-json\/wp\/v2\/media?parent=14761"}],"wp:term":[{"taxonomy":"category","embeddable":true,"href":"https:\/\/www.treatwell.at\/treatment-files\/wp-json\/wp\/v2\/categories?post=14761"},{"taxonomy":"post_tag","embeddable":true,"href":"https:\/\/www.treatwell.at\/treatment-files\/wp-json\/wp\/v2\/tags?post=14761"}],"curies":[{"name":"wp","href":"https:\/\/api.w.org\/{rel}","templated":true}]}}