{"id":14824,"date":"2019-01-04T09:00:03","date_gmt":"2019-01-04T08:00:03","guid":{"rendered":"http:\/\/www.treatwell.at\/treatment-files\/?p=14079"},"modified":"2026-01-18T14:28:00","modified_gmt":"2026-01-18T13:28:00","slug":"mini-fringe-comeback","status":"publish","type":"post","link":"https:\/\/www.treatwell.at/treatment-files\/mini-fringe-comeback\/","title":{"rendered":"Gerade gelandet: 2019 feiert der Mini-Fringe ein Comeback"},"content":{"rendered":"<p style=\"text-align: justify\">Auch wenn es dich auf den ersten Blick an dein 6-j\u00e4hriges Ich erinnert (und Mamas Erstversuche mit deinen Stirnfransen) ist der Mini-Fringe schon lange nicht mehr das, was er mal war. Von geraden Stirnfransen \u00fcber Mikro- und Mini-Fringe: Dank Audrey Hepburn und Uma Thurman in Pulp Fiction f\u00fchlt es sich an als w\u00fcrden wir diese Frisur schon eine halbe Ewigkeit kennen. Ein Fringe mag vielleicht auf den ersten Blick einfach aussehen und nach einem Selbstversuch schreien, aber ben\u00f6tigt in der Regel eine ruhige Hand (<a href=\"https:\/\/www.instagram.com\/explore\/tags\/microfringe\/\">#microfringe<\/a> und du siehst, was wir meinen). Deshalb begeben wir uns hier lieber in sichere H\u00e4nde. Jetzt bleibt nur mehr die Frage: Welchen Fringe und wie lang oder kurz soll er sein?<\/p>\n<p style=\"text-align: justify\">Der klassische Mini-Fringe wird scharf und gerade geschnitten und ist ideal, wenn man auf der Suche nach etwas Trendigem ist.<\/p>\n<p style=\"text-align: justify\">Der eher ausged\u00fcnnte Fringe wird stufig geschnitten und ist f\u00fcr all die, die ihrem Mini-Fringe ein wenig mehr Pers\u00f6nlichkeit und Pepp verleihen wollen. Au\u00dferdem sieht dieser Look \u2018unperfekt\u2019 aus, was dein Gesicht zugleich s\u00fc\u00df und frech (das coole frech nat\u00fcrlich) erscheinen lassen kann. Wenn dein Ziel ein eher l\u00e4ssiger Style ist, dann hast du hier einen Goldgriff gemacht.<\/p>\n<p style=\"text-align: justify\">Dann gibt es noch den geschwungenen Fringe: der die Gesichtsform betont und etwas mehr Vintage aussieht. Wir sehen es als eine Ode an die 20er oder 50er Jahre und Rockabilly Zeit.<\/p>\n<p style=\"text-align: justify\">Schon deinen Style gefunden? Falls nicht, unten findest du ein wenig Inspiration.<\/p>\n<p style=\"text-align: justify\">\n<div class=\"schema-faq wp-block-yoast-faq-block\">\n<div class=\"schema-faq-section\" id=\"faq-question-1768742647125\">\n<h3 class=\"schema-faq-question\">Was verbirgt sich hinter einem Mini-Fringe?<\/h3>\n<p class=\"schema-faq-answer\">Ein Mini-Fringe ist ein scharf und gerade geschnittener, kurzer Pony, der auff\u00e4llig wirkt und deiner Frisur einen trendigen Look verleiht. Dieser Style pr\u00e4gt besonders durch seine pr\u00e4zise Form das Gesicht und erinnert an Ikonen wie Audrey Hepburn.<\/div>\n<div class=\"schema-faq-section\" id=\"faq-question-1768742647126\">\n<h3 class=\"schema-faq-question\">Welche Varianten vom Mini-Fringe kannst du w\u00e4hlen?<\/h3>\n<p class=\"schema-faq-answer\">Du kannst zwischen klassisch gerade geschnittenen, ausged\u00fcnnten und geschwungenen Mini-Fringe-Varianten w\u00e4hlen. Jede Option unterstreicht unterschiedliche Stilrichtungen \u2013 von cool und frech bis Vintage und verspielt.<\/div>\n<div class=\"schema-faq-section\" id=\"faq-question-1768742647127\">\n<h3 class=\"schema-faq-question\">Wann passt ein ausged\u00fcnnter Mini-Fringe zu deinem Stil?<\/h3>\n<p class=\"schema-faq-answer\">Ein ausged\u00fcnnter Mini-Fringe passt, wenn du deinem Look mehr Pers\u00f6nlichkeit und Pepp verleihen willst. Die stufige Schnitttechnik sorgt f\u00fcr einen l\u00e4ssigen und s\u00fc\u00df-frechen Effekt, der dein Gesicht modern betont.<\/div>\n<div class=\"schema-faq-section\" id=\"faq-question-1768742647128\">\n<h3 class=\"schema-faq-question\">Wie wirkt ein geschwungener Mini-Fringe?<\/h3>\n<p class=\"schema-faq-answer\">Ein geschwungener Mini-Fringe setzt deine Gesichtsform effektvoll in Szene und spiegelt einen Vintage-Look wider. Diese Form erinnert an die Mode der 20er und 50er Jahre und inspiriert zu einem individuellen Rockabilly-Style.<\/div>\n<div class=\"schema-faq-section\" id=\"faq-question-1768742647129\">\n<h3 class=\"schema-faq-question\">Warum solltest du den Mini-Fringe lieber von Fachleuten schneiden lassen?<\/h3>\n<p class=\"schema-faq-answer\">Ein Mini-Fringe ben\u00f6tigt Pr\u00e4zision und eine ruhige Hand, weshalb Fachleute den perfekten Schnitt erzielen. Der Pony wirkt dadurch sauber und stylisch und du vermeidest misslungene Selbstversuche.<\/div>\n<\/p><\/div>\n","protected":false},"excerpt":{"rendered":"<p>Auch wenn es dich auf den ersten Blick an dein 6-j\u00e4hriges Ich erinnert (und Mamas Erstversuche mit deinen Stirnfransen) ist der Mini-Fringe schon lange nicht mehr das, was er mal war. Von geraden Stirnfransen \u00fcber Mikro- und Mini-Fringe: Dank Audrey Hepburn und Uma Thurman in Pulp Fiction f\u00fchlt es sich an als w\u00fcrden wir diese [&hellip;]<\/p>\n","protected":false},"author":3318,"featured_media":14842,"comment_status":"closed","ping_status":"closed","sticky":false,"template":"","format":"standard","meta":{"_acf_changed":false,"_yoast_wpseo_title":"Gerade gelandet: 2019 feiert der Mini-Fringe ein Comeback - Treatwell","_yoast_wpseo_metadesc":"Auch wenn es dich auf den ersten Blick an dein 6-j\u00e4hriges Ich erinnert (und Mamas Erstversuche mit deinen Stirnfransen) ist der Mini-Fringe schon lange nicht mehr das, was er mal war.","_genesis_hide_title":false,"_genesis_hide_breadcrumbs":false,"_genesis_hide_singular_image":false,"_genesis_hide_footer_widgets":false,"_genesis_custom_body_class":"","_genesis_custom_post_class":"","_genesis_layout":"","saswp_custom_schema_field":"{\"@context\":\"https:\/\/schema.org\",\"@type\":\"FAQPage\",\"mainEntity\":[{\"@type\":\"Question\",\"name\":\"Was verbirgt sich hinter einem Mini-Fringe?\",\"acceptedAnswer\":{\"@type\":\"Answer\",\"text\":\"Ein Mini-Fringe ist ein scharf und gerade geschnittener, kurzer Pony, der auff\u00e4llig wirkt und deiner Frisur einen trendigen Look verleiht. Dieser Style pr\u00e4gt besonders durch seine pr\u00e4zise Form das Gesicht und erinnert an Ikonen wie Audrey Hepburn.\"}},{\"@type\":\"Question\",\"name\":\"Welche Varianten vom Mini-Fringe kannst du w\u00e4hlen?\",\"acceptedAnswer\":{\"@type\":\"Answer\",\"text\":\"Du kannst zwischen klassisch gerade geschnittenen, ausged\u00fcnnten und geschwungenen Mini-Fringe-Varianten w\u00e4hlen. Jede Option unterstreicht unterschiedliche Stilrichtungen \u2013 von cool und frech bis Vintage und verspielt.\"}},{\"@type\":\"Question\",\"name\":\"Wann passt ein ausged\u00fcnnter Mini-Fringe zu deinem Stil?\",\"acceptedAnswer\":{\"@type\":\"Answer\",\"text\":\"Ein ausged\u00fcnnter Mini-Fringe passt, wenn du deinem Look mehr Pers\u00f6nlichkeit und Pepp verleihen willst. Die stufige Schnitttechnik sorgt f\u00fcr einen l\u00e4ssigen und s\u00fc\u00df-frechen Effekt, der dein Gesicht modern betont.\"}},{\"@type\":\"Question\",\"name\":\"Wie wirkt ein geschwungener Mini-Fringe?\",\"acceptedAnswer\":{\"@type\":\"Answer\",\"text\":\"Ein geschwungener Mini-Fringe setzt deine Gesichtsform effektvoll in Szene und spiegelt einen Vintage-Look wider. Diese Form erinnert an die Mode der 20er und 50er Jahre und inspiriert zu einem individuellen Rockabilly-Style.\"}},{\"@type\":\"Question\",\"name\":\"Warum solltest du den Mini-Fringe lieber von Fachleuten schneiden lassen?\",\"acceptedAnswer\":{\"@type\":\"Answer\",\"text\":\"Ein Mini-Fringe ben\u00f6tigt Pr\u00e4zision und eine ruhige Hand, weshalb Fachleute den perfekten Schnitt erzielen. Der Pony wirkt dadurch sauber und stylisch und du vermeidest misslungene Selbstversuche.\"}}]}","footnotes":""},"categories":[2],"tags":[3,5],"class_list":{"0":"post-14824","1":"post","2":"type-post","3":"status-publish","4":"format-standard","5":"has-post-thumbnail","7":"category-trends","8":"tag-tt6","9":"tag-tr166","10":"entry"},"acf":{"post_credits":"Bildrechte: Shutterstock, Instagram: @alwaysjudging, @darth_bador, @eshkhair\r\n@lapaellen, @morbidxmua, @taylorlashae\r\n@thelofttoronto, @vasudasalon, @alex_at_flint, @alipike709, @clarezyy\r\n@crissykay_official, @hannahburdy, @lapaellen, @libby_hairdesigner, \r\n@sarahgoddardstylist, @toniandguyitalia, @x320x","beauty_blog_post_button_title":"Haarschnitt buchen","beauty_blog_post_button":"https:\/\/www.treatwell.at\/orte\/behandlung-damenhaarschnitt\/angebot-typ-lokal\/in-at\/","landscape_picture":14841,"blocks":[{"block_title":"","block_content":"","video_content":"","block_picture":14825},{"block_title":"","block_content":"","video_content":"","block_picture":14826},{"block_title":"","block_content":"","video_content":"","block_picture":14827},{"block_title":"","block_content":"","video_content":"","block_picture":14828},{"block_title":"","block_content":"","video_content":"","block_picture":14829},{"block_title":"","block_content":"","video_content":"","block_picture":14830},{"block_title":"","block_content":"","video_content":"","block_picture":14831},{"block_title":"","block_content":"","video_content":"","block_picture":14832},{"block_title":"","block_content":"","video_content":"","block_picture":14833},{"block_title":"","block_content":"","video_content":"","block_picture":14834},{"block_title":"","block_content":"","video_content":"","block_picture":14835},{"block_title":"","block_content":"","video_content":"","block_picture":14836},{"block_title":"","block_content":"","video_content":"","block_picture":14837},{"block_title":"","block_content":"","video_content":"","block_picture":14838},{"block_title":"","block_content":"","video_content":"","block_picture":14839},{"block_title":"","block_content":"","video_content":"","block_picture":14840}]},"yoast_head":"<!-- This site is optimized with the Yoast SEO plugin v27.5 - https:\/\/yoast.com\/product\/yoast-seo-wordpress\/ -->\n<title>Gerade gelandet: 2019 feiert der Mini-Fringe ein Comeback - Treatwell<\/title>\n<meta name=\"description\" content=\"Auch wenn es dich auf den ersten Blick an dein 6-j\u00e4hriges Ich erinnert (und Mamas Erstversuche mit deinen Stirnfransen) ist der Mini-Fringe schon lange nicht mehr das, was er mal war.\" \/>\n<meta name=\"robots\" content=\"index, follow, max-snippet:-1, max-image-preview:large, max-video-preview:-1\" \/>\n<link rel=\"canonical\" href=\"https:\/\/www.treatwell.at/treatment-files\/mini-fringe-comeback\/\" \/>\n<meta property=\"og:locale\" content=\"de_DE\" \/>\n<meta property=\"og:type\" content=\"article\" \/>\n<meta property=\"og:title\" content=\"Gerade gelandet: 2019 feiert der Mini-Fringe ein Comeback - Treatwell\" \/>\n<meta property=\"og:description\" content=\"Auch wenn es dich auf den ersten Blick an dein 6-j\u00e4hriges Ich erinnert (und Mamas Erstversuche mit deinen Stirnfransen) ist der Mini-Fringe schon lange nicht mehr das, was er mal war.\" \/>\n<meta property=\"og:url\" content=\"https:\/\/www.treatwell.at/treatment-files\/mini-fringe-comeback\/\" \/>\n<meta property=\"og:site_name\" content=\"The Treatment Files Blog\" \/>\n<meta property=\"article:published_time\" content=\"2019-01-04T08:00:03+00:00\" \/>\n<meta property=\"article:modified_time\" content=\"2026-01-18T13:28:00+00:00\" \/>\n<meta property=\"og:image\" content=\"https:\/\/www.treatwell.at/treatment-files\/wp-content\/uploads\/sites\/2\/2022\/03\/x320x.png\" \/>\n\t<meta property=\"og:image:width\" content=\"430\" \/>\n\t<meta property=\"og:image:height\" content=\"430\" \/>\n\t<meta property=\"og:image:type\" content=\"image\/png\" \/>\n<meta name=\"author\" content=\"Isabella Tombinski-robb\" \/>\n<meta name=\"twitter:card\" content=\"summary_large_image\" \/>\n<meta name=\"twitter:label1\" content=\"Verfasst von\" \/>\n\t<meta name=\"twitter:data1\" content=\"Isabella Tombinski-robb\" \/>\n\t<meta name=\"twitter:label2\" content=\"Gesch\u00e4tzte Lesezeit\" \/>\n\t<meta name=\"twitter:data2\" content=\"2 Minuten\" \/>\n<script type=\"application\/ld+json\" class=\"yoast-schema-graph\">{\"@context\":\"https:\\\/\\\/schema.org\",\"@graph\":[{\"@type\":\"Article\",\"@id\":\"https:\\\/\\\/www.treatwell.at/treatment-files\\\/mini-fringe-comeback\\\/#article\",\"isPartOf\":{\"@id\":\"https:\\\/\\\/www.treatwell.at/treatment-files\\\/mini-fringe-comeback\\\/\"},\"author\":{\"name\":\"Isabella Tombinski-robb\",\"@id\":\"https:\\\/\\\/www.treatwell.at/treatment-files\\\/#\\\/schema\\\/person\\\/869d3f19bdf4203c8e6e97c64e1c3c8e\"},\"headline\":\"Gerade gelandet: 2019 feiert der Mini-Fringe ein Comeback\",\"datePublished\":\"2019-01-04T08:00:03+00:00\",\"dateModified\":\"2026-01-18T13:28:00+00:00\",\"mainEntityOfPage\":{\"@id\":\"https:\\\/\\\/www.treatwell.at/treatment-files\\\/mini-fringe-comeback\\\/\"},\"wordCount\":452,\"publisher\":{\"@id\":\"https:\\\/\\\/www.treatwell.at/treatment-files\\\/#organization\"},\"image\":{\"@id\":\"https:\\\/\\\/www.treatwell.at/treatment-files\\\/mini-fringe-comeback\\\/#primaryimage\"},\"thumbnailUrl\":\"https:\\\/\\\/www.treatwell.at/treatment-files\\\/wp-content\\\/uploads\\\/sites\\\/2\\\/2022\\\/03\\\/x320x.png\",\"keywords\":[\"Hair\",\"Haircuts and Hairdressing\"],\"articleSection\":[\"Trends\"],\"inLanguage\":\"de-AT\"},{\"@type\":\"WebPage\",\"@id\":\"https:\\\/\\\/www.treatwell.at/treatment-files\\\/mini-fringe-comeback\\\/\",\"url\":\"https:\\\/\\\/www.treatwell.at/treatment-files\\\/mini-fringe-comeback\\\/\",\"name\":\"Gerade gelandet: 2019 feiert der Mini-Fringe ein Comeback - Treatwell\",\"isPartOf\":{\"@id\":\"https:\\\/\\\/www.treatwell.at/treatment-files\\\/#website\"},\"primaryImageOfPage\":{\"@id\":\"https:\\\/\\\/www.treatwell.at/treatment-files\\\/mini-fringe-comeback\\\/#primaryimage\"},\"image\":{\"@id\":\"https:\\\/\\\/www.treatwell.at/treatment-files\\\/mini-fringe-comeback\\\/#primaryimage\"},\"thumbnailUrl\":\"https:\\\/\\\/www.treatwell.at/treatment-files\\\/wp-content\\\/uploads\\\/sites\\\/2\\\/2022\\\/03\\\/x320x.png\",\"datePublished\":\"2019-01-04T08:00:03+00:00\",\"dateModified\":\"2026-01-18T13:28:00+00:00\",\"description\":\"Auch wenn es dich auf den ersten Blick an dein 6-j\u00e4hriges Ich erinnert (und Mamas Erstversuche mit deinen Stirnfransen) ist der Mini-Fringe schon lange nicht mehr das, was er mal war.\",\"breadcrumb\":{\"@id\":\"https:\\\/\\\/www.treatwell.at/treatment-files\\\/mini-fringe-comeback\\\/#breadcrumb\"},\"inLanguage\":\"de-AT\",\"potentialAction\":[{\"@type\":\"ReadAction\",\"target\":[\"https:\\\/\\\/www.treatwell.at/treatment-files\\\/mini-fringe-comeback\\\/\"]}]},{\"@type\":\"ImageObject\",\"inLanguage\":\"de-AT\",\"@id\":\"https:\\\/\\\/www.treatwell.at/treatment-files\\\/mini-fringe-comeback\\\/#primaryimage\",\"url\":\"https:\\\/\\\/www.treatwell.at/treatment-files\\\/wp-content\\\/uploads\\\/sites\\\/2\\\/2022\\\/03\\\/x320x.png\",\"contentUrl\":\"https:\\\/\\\/www.treatwell.at/treatment-files\\\/wp-content\\\/uploads\\\/sites\\\/2\\\/2022\\\/03\\\/x320x.png\",\"width\":430,\"height\":430},{\"@type\":\"BreadcrumbList\",\"@id\":\"https:\\\/\\\/www.treatwell.at/treatment-files\\\/mini-fringe-comeback\\\/#breadcrumb\",\"itemListElement\":[{\"@type\":\"ListItem\",\"position\":1,\"name\":\"Home\",\"item\":\"https:\\\/\\\/www.treatwell.at/treatment-files\\\/\"},{\"@type\":\"ListItem\",\"position\":2,\"name\":\"Trends\",\"item\":\"https:\\\/\\\/www.treatwell.at/treatment-files\\\/trends\\\/\"},{\"@type\":\"ListItem\",\"position\":3,\"name\":\"Gerade gelandet: 2019 feiert der Mini-Fringe ein Comeback\"}]},{\"@type\":\"WebSite\",\"@id\":\"https:\\\/\\\/www.treatwell.at/treatment-files\\\/#website\",\"url\":\"https:\\\/\\\/www.treatwell.at/treatment-files\\\/\",\"name\":\"The Treatment Files Blog\",\"description\":\"Beauty entdecken. Beauty erleben.\",\"publisher\":{\"@id\":\"https:\\\/\\\/www.treatwell.at/treatment-files\\\/#organization\"},\"potentialAction\":[{\"@type\":\"SearchAction\",\"target\":{\"@type\":\"EntryPoint\",\"urlTemplate\":\"https:\\\/\\\/www.treatwell.at/treatment-files\\\/?s={search_term_string}\"},\"query-input\":{\"@type\":\"PropertyValueSpecification\",\"valueRequired\":true,\"valueName\":\"search_term_string\"}}],\"inLanguage\":\"de-AT\"},{\"@type\":\"Organization\",\"@id\":\"https:\\\/\\\/www.treatwell.at/treatment-files\\\/#organization\",\"name\":\"Treatwell\",\"url\":\"https:\\\/\\\/www.treatwell.at/treatment-files\\\/\",\"logo\":{\"@type\":\"ImageObject\",\"inLanguage\":\"de-AT\",\"@id\":\"https:\\\/\\\/www.treatwell.at/treatment-files\\\/#\\\/schema\\\/logo\\\/image\\\/\",\"url\":\"https:\\\/\\\/www.treatwell.at/treatment-files\\\/wp-content\\\/uploads\\\/sites\\\/2\\\/2022\\\/03\\\/logo_treatwell.png\",\"contentUrl\":\"https:\\\/\\\/www.treatwell.at/treatment-files\\\/wp-content\\\/uploads\\\/sites\\\/2\\\/2022\\\/03\\\/logo_treatwell.png\",\"width\":889,\"height\":164,\"caption\":\"Treatwell\"},\"image\":{\"@id\":\"https:\\\/\\\/www.treatwell.at/treatment-files\\\/#\\\/schema\\\/logo\\\/image\\\/\"}},{\"@type\":\"Person\",\"@id\":\"https:\\\/\\\/www.treatwell.at/treatment-files\\\/#\\\/schema\\\/person\\\/869d3f19bdf4203c8e6e97c64e1c3c8e\",\"name\":\"Isabella Tombinski-robb\",\"image\":{\"@type\":\"ImageObject\",\"inLanguage\":\"de-AT\",\"@id\":\"https:\\\/\\\/secure.gravatar.com\\\/avatar\\\/624ce3bd6151d711f02c8c31549c8390027943dc1293e17bf28c136ce4288a80?s=96&d=mm&r=g\",\"url\":\"https:\\\/\\\/secure.gravatar.com\\\/avatar\\\/624ce3bd6151d711f02c8c31549c8390027943dc1293e17bf28c136ce4288a80?s=96&d=mm&r=g\",\"contentUrl\":\"https:\\\/\\\/secure.gravatar.com\\\/avatar\\\/624ce3bd6151d711f02c8c31549c8390027943dc1293e17bf28c136ce4288a80?s=96&d=mm&r=g\",\"caption\":\"Isabella Tombinski-robb\"},\"url\":\"https:\\\/\\\/www.treatwell.at/treatment-files\\\/author\\\/isabellatombinskirobb\\\/\"}]}<\/script>\n<!-- \/ Yoast SEO plugin. -->","yoast_head_json":{"title":"Gerade gelandet: 2019 feiert der Mini-Fringe ein Comeback - Treatwell","description":"Auch wenn es dich auf den ersten Blick an dein 6-j\u00e4hriges Ich erinnert (und Mamas Erstversuche mit deinen Stirnfransen) ist der Mini-Fringe schon lange nicht mehr das, was er mal war.","robots":{"index":"index","follow":"follow","max-snippet":"max-snippet:-1","max-image-preview":"max-image-preview:large","max-video-preview":"max-video-preview:-1"},"canonical":"https:\/\/www.treatwell.at/treatment-files\/mini-fringe-comeback\/","og_locale":"de_DE","og_type":"article","og_title":"Gerade gelandet: 2019 feiert der Mini-Fringe ein Comeback - Treatwell","og_description":"Auch wenn es dich auf den ersten Blick an dein 6-j\u00e4hriges Ich erinnert (und Mamas Erstversuche mit deinen Stirnfransen) ist der Mini-Fringe schon lange nicht mehr das, was er mal war.","og_url":"https:\/\/www.treatwell.at/treatment-files\/mini-fringe-comeback\/","og_site_name":"The Treatment Files Blog","article_published_time":"2019-01-04T08:00:03+00:00","article_modified_time":"2026-01-18T13:28:00+00:00","og_image":[{"width":430,"height":430,"url":"https:\/\/www.treatwell.at/treatment-files\/wp-content\/uploads\/sites\/2\/2022\/03\/x320x.png","type":"image\/png"}],"author":"Isabella Tombinski-robb","twitter_card":"summary_large_image","twitter_misc":{"Verfasst von":"Isabella Tombinski-robb","Gesch\u00e4tzte Lesezeit":"2 Minuten"},"schema":{"@context":"https:\/\/schema.org","@graph":[{"@type":"Article","@id":"https:\/\/www.treatwell.at/treatment-files\/mini-fringe-comeback\/#article","isPartOf":{"@id":"https:\/\/www.treatwell.at/treatment-files\/mini-fringe-comeback\/"},"author":{"name":"Isabella Tombinski-robb","@id":"https:\/\/www.treatwell.at/treatment-files\/#\/schema\/person\/869d3f19bdf4203c8e6e97c64e1c3c8e"},"headline":"Gerade gelandet: 2019 feiert der Mini-Fringe ein Comeback","datePublished":"2019-01-04T08:00:03+00:00","dateModified":"2026-01-18T13:28:00+00:00","mainEntityOfPage":{"@id":"https:\/\/www.treatwell.at/treatment-files\/mini-fringe-comeback\/"},"wordCount":452,"publisher":{"@id":"https:\/\/www.treatwell.at/treatment-files\/#organization"},"image":{"@id":"https:\/\/www.treatwell.at/treatment-files\/mini-fringe-comeback\/#primaryimage"},"thumbnailUrl":"https:\/\/www.treatwell.at/treatment-files\/wp-content\/uploads\/sites\/2\/2022\/03\/x320x.png","keywords":["Hair","Haircuts and Hairdressing"],"articleSection":["Trends"],"inLanguage":"de-AT"},{"@type":"WebPage","@id":"https:\/\/www.treatwell.at/treatment-files\/mini-fringe-comeback\/","url":"https:\/\/www.treatwell.at/treatment-files\/mini-fringe-comeback\/","name":"Gerade gelandet: 2019 feiert der Mini-Fringe ein Comeback - Treatwell","isPartOf":{"@id":"https:\/\/www.treatwell.at/treatment-files\/#website"},"primaryImageOfPage":{"@id":"https:\/\/www.treatwell.at/treatment-files\/mini-fringe-comeback\/#primaryimage"},"image":{"@id":"https:\/\/www.treatwell.at/treatment-files\/mini-fringe-comeback\/#primaryimage"},"thumbnailUrl":"https:\/\/www.treatwell.at/treatment-files\/wp-content\/uploads\/sites\/2\/2022\/03\/x320x.png","datePublished":"2019-01-04T08:00:03+00:00","dateModified":"2026-01-18T13:28:00+00:00","description":"Auch wenn es dich auf den ersten Blick an dein 6-j\u00e4hriges Ich erinnert (und Mamas Erstversuche mit deinen Stirnfransen) ist der Mini-Fringe schon lange nicht mehr das, was er mal war.","breadcrumb":{"@id":"https:\/\/www.treatwell.at/treatment-files\/mini-fringe-comeback\/#breadcrumb"},"inLanguage":"de-AT","potentialAction":[{"@type":"ReadAction","target":["https:\/\/www.treatwell.at/treatment-files\/mini-fringe-comeback\/"]}]},{"@type":"ImageObject","inLanguage":"de-AT","@id":"https:\/\/www.treatwell.at/treatment-files\/mini-fringe-comeback\/#primaryimage","url":"https:\/\/www.treatwell.at/treatment-files\/wp-content\/uploads\/sites\/2\/2022\/03\/x320x.png","contentUrl":"https:\/\/www.treatwell.at/treatment-files\/wp-content\/uploads\/sites\/2\/2022\/03\/x320x.png","width":430,"height":430},{"@type":"BreadcrumbList","@id":"https:\/\/www.treatwell.at/treatment-files\/mini-fringe-comeback\/#breadcrumb","itemListElement":[{"@type":"ListItem","position":1,"name":"Home","item":"https:\/\/www.treatwell.at/treatment-files\/"},{"@type":"ListItem","position":2,"name":"Trends","item":"https:\/\/www.treatwell.at/treatment-files\/trends\/"},{"@type":"ListItem","position":3,"name":"Gerade gelandet: 2019 feiert der Mini-Fringe ein Comeback"}]},{"@type":"WebSite","@id":"https:\/\/www.treatwell.at/treatment-files\/#website","url":"https:\/\/www.treatwell.at/treatment-files\/","name":"The Treatment Files Blog","description":"Beauty entdecken. Beauty erleben.","publisher":{"@id":"https:\/\/www.treatwell.at/treatment-files\/#organization"},"potentialAction":[{"@type":"SearchAction","target":{"@type":"EntryPoint","urlTemplate":"https:\/\/www.treatwell.at/treatment-files\/?s={search_term_string}"},"query-input":{"@type":"PropertyValueSpecification","valueRequired":true,"valueName":"search_term_string"}}],"inLanguage":"de-AT"},{"@type":"Organization","@id":"https:\/\/www.treatwell.at/treatment-files\/#organization","name":"Treatwell","url":"https:\/\/www.treatwell.at/treatment-files\/","logo":{"@type":"ImageObject","inLanguage":"de-AT","@id":"https:\/\/www.treatwell.at/treatment-files\/#\/schema\/logo\/image\/","url":"https:\/\/www.treatwell.at/treatment-files\/wp-content\/uploads\/sites\/2\/2022\/03\/logo_treatwell.png","contentUrl":"https:\/\/www.treatwell.at/treatment-files\/wp-content\/uploads\/sites\/2\/2022\/03\/logo_treatwell.png","width":889,"height":164,"caption":"Treatwell"},"image":{"@id":"https:\/\/www.treatwell.at/treatment-files\/#\/schema\/logo\/image\/"}},{"@type":"Person","@id":"https:\/\/www.treatwell.at/treatment-files\/#\/schema\/person\/869d3f19bdf4203c8e6e97c64e1c3c8e","name":"Isabella Tombinski-robb","image":{"@type":"ImageObject","inLanguage":"de-AT","@id":"https:\/\/secure.gravatar.com\/avatar\/624ce3bd6151d711f02c8c31549c8390027943dc1293e17bf28c136ce4288a80?s=96&d=mm&r=g","url":"https:\/\/secure.gravatar.com\/avatar\/624ce3bd6151d711f02c8c31549c8390027943dc1293e17bf28c136ce4288a80?s=96&d=mm&r=g","contentUrl":"https:\/\/secure.gravatar.com\/avatar\/624ce3bd6151d711f02c8c31549c8390027943dc1293e17bf28c136ce4288a80?s=96&d=mm&r=g","caption":"Isabella Tombinski-robb"},"url":"https:\/\/www.treatwell.at/treatment-files\/author\/isabellatombinskirobb\/"}]}},"featured_image_src":"https:\/\/www.treatwell.at/treatment-files\/wp-content\/uploads\/sites\/2\/2022\/03\/x320x-430x400.png","featured_image_src_square":"https:\/\/www.treatwell.at/treatment-files\/wp-content\/uploads\/sites\/2\/2022\/03\/x320x.png","author_info":{"display_name":"Isabella Tombinski-robb","author_link":"https:\/\/www.treatwell.at/treatment-files\/author\/isabellatombinskirobb\/"},"_links":{"self":[{"href":"https:\/\/www.treatwell.at\/treatment-files\/wp-json\/wp\/v2\/posts\/14824","targetHints":{"allow":["GET"]}}],"collection":[{"href":"https:\/\/www.treatwell.at\/treatment-files\/wp-json\/wp\/v2\/posts"}],"about":[{"href":"https:\/\/www.treatwell.at\/treatment-files\/wp-json\/wp\/v2\/types\/post"}],"author":[{"embeddable":true,"href":"https:\/\/www.treatwell.at\/treatment-files\/wp-json\/wp\/v2\/users\/3318"}],"replies":[{"embeddable":true,"href":"https:\/\/www.treatwell.at\/treatment-files\/wp-json\/wp\/v2\/comments?post=14824"}],"version-history":[{"count":0,"href":"https:\/\/www.treatwell.at\/treatment-files\/wp-json\/wp\/v2\/posts\/14824\/revisions"}],"wp:featuredmedia":[{"embeddable":true,"href":"https:\/\/www.treatwell.at\/treatment-files\/wp-json\/wp\/v2\/media\/14842"}],"wp:attachment":[{"href":"https:\/\/www.treatwell.at\/treatment-files\/wp-json\/wp\/v2\/media?parent=14824"}],"wp:term":[{"taxonomy":"category","embeddable":true,"href":"https:\/\/www.treatwell.at\/treatment-files\/wp-json\/wp\/v2\/categories?post=14824"},{"taxonomy":"post_tag","embeddable":true,"href":"https:\/\/www.treatwell.at\/treatment-files\/wp-json\/wp\/v2\/tags?post=14824"}],"curies":[{"name":"wp","href":"https:\/\/api.w.org\/{rel}","templated":true}]}}