{"id":14906,"date":"2019-02-13T18:39:16","date_gmt":"2019-02-13T17:39:16","guid":{"rendered":"http:\/\/www.treatwell.at\/treatment-files\/?p=14438"},"modified":"2026-01-18T14:28:09","modified_gmt":"2026-01-18T13:28:09","slug":"haartrends-fur-2019","status":"publish","type":"post","link":"https:\/\/www.treatwell.at/treatment-files\/haartrends-fur-2019\/","title":{"rendered":"Wir haben Friseure gefragt: das sind die gr\u00f6\u00dften Haartrends f\u00fcr 2019"},"content":{"rendered":"<p style=\"text-align: justify\"><span style=\"font-weight: 400\">Egal ob frisch geschnitten oder frisch gef\u00f6hnt: Nichts schl\u00e4gt das Gef\u00fchl von gl\u00e4nzendem und geschmeidigem Haar nach einem Friseurbesuch. Kaum haben wir den Salon verlassen, steigt uns bereits ein blumenhafter Duft in die Nase. Dann dauert es nicht mehr lange, bis wir uns durch die Haare fahren oder sogar einzelne Str\u00e4hnchen um den Finger wickeln. Ein Mysterium, das wir uns bis heute nicht erkl\u00e4ren k\u00f6nnen. Jetzt haben wir allerdings noch mehr Gr\u00fcnde unseren Lieblingssalon aufzusuchen: Wir haben uns mit Haarexperten unterhalten und uns die Haartrends der aktuellen Zeit verraten lassen (Haarfarben und Haarschnitte inklusive). Bist du bereit?<\/span><\/p>\n<div class=\"schema-faq wp-block-yoast-faq-block\">\n<div class=\"schema-faq-section\" id=\"faq-question-1768742615174\">\n<h3 class=\"schema-faq-question\">F\u00fcr wen eignet sich der Long Bob besonders gut?<\/h3>\n<p class=\"schema-faq-answer\">Ein Long Bob eignet sich f\u00fcr alle, die eine sanfte Ver\u00e4nderung ohne radikalen Schnitt bevorzugen. Besonders bei langem Haar wirkt diese Schulterl\u00e4nge frisch und pflegeleicht und l\u00e4sst sich mit Stufen individuell anpassen.<\/div>\n<div class=\"schema-faq-section\" id=\"faq-question-1768742615175\">\n<h3 class=\"schema-faq-question\">Welche Haarfarbe liegt aktuell voll im Trend?<\/h3>\n<p class=\"schema-faq-answer\">Kupferrot z\u00e4hlt zu den angesagtesten Haarfarben und \u00fcberzeugt durch den Wechsel zwischen gedeckten Kupfert\u00f6nen und intensiven Rott\u00f6nen. Auch Kastanienbraun und helle, nat\u00fcrliche Farben wie Babyhighlights wirken luxuri\u00f6s und vielseitig.<\/div>\n<div class=\"schema-faq-section\" id=\"faq-question-1768742615176\">\n<h3 class=\"schema-faq-question\">Wie unterscheiden sich moderne Highlights von klassischen Str\u00e4hnchen?<\/h3>\n<p class=\"schema-faq-answer\">Moderne Highlights setzen auf nat\u00fcrliche \u00dcberg\u00e4nge und dezente Akzente, statt auff\u00e4lliger Kontraste aus den 90ern. Speziell Babyhighlights geben dem Haar mehr Dimension und Struktur, wachsen unauff\u00e4llig heraus und erfordern weniger Salonbesuche.<\/div>\n<div class=\"schema-faq-section\" id=\"faq-question-1768742615177\">\n<h3 class=\"schema-faq-question\">Warum wird der Pixie-Cut immer beliebter?<\/h3>\n<p class=\"schema-faq-answer\">Der Pixie-Cut \u00fcberzeugt durch minimalen Stylingaufwand und einen frischen, modernen Look. Gerade f\u00fcr Kurzhaarfans oder alle, die morgens Zeit sparen m\u00f6chten, wirkt dieser Schnitt besonders praktisch und trendy.<\/div>\n<div class=\"schema-faq-section\" id=\"faq-question-1768742615178\">\n<h3 class=\"schema-faq-question\">Wie findest du den passenden Farbton bei Kupferrot?<\/h3>\n<p class=\"schema-faq-answer\">Jede Haut hat einen passenden Kupferton, weil Kupferrot universell wirkt. Sanfte Varianten wie Pfirsichrot harmonieren mit hellerer Haut, w\u00e4hrend intensivere Rott\u00f6ne einen extravaganten Akzent setzen. Im Zweifel unterst\u00fctzt das Fachpersonal dabei, den perfekten Ton auszuw\u00e4hlen.<\/div>\n<\/p><\/div>\n","protected":false},"excerpt":{"rendered":"<p>Egal ob frisch geschnitten oder frisch gef\u00f6hnt: Nichts schl\u00e4gt das Gef\u00fchl von gl\u00e4nzendem und geschmeidigem Haar nach einem Friseurbesuch. Kaum haben wir den Salon verlassen, steigt uns bereits ein blumenhafter Duft in die Nase. Dann dauert es nicht mehr lange, bis wir uns durch die Haare fahren oder sogar einzelne Str\u00e4hnchen um den Finger wickeln. [&hellip;]<\/p>\n","protected":false},"author":3318,"featured_media":14912,"comment_status":"closed","ping_status":"closed","sticky":false,"template":"","format":"standard","meta":{"_acf_changed":false,"_yoast_wpseo_title":"Wir haben Friseure gefragt: das sind die gr\u00f6\u00dften Haartrends f\u00fcr 2019 - Treatwell","_yoast_wpseo_metadesc":"Wir haben uns mit Haarexperten unterhalten und uns die Haartrends des Jahres verraten lassen (Haarfarben und Haarschnitte inklusive). Bist du bereit?","_genesis_hide_title":false,"_genesis_hide_breadcrumbs":false,"_genesis_hide_singular_image":false,"_genesis_hide_footer_widgets":false,"_genesis_custom_body_class":"","_genesis_custom_post_class":"","_genesis_layout":"","saswp_custom_schema_field":"{\"@context\":\"https:\/\/schema.org\",\"@type\":\"FAQPage\",\"mainEntity\":[{\"@type\":\"Question\",\"name\":\"F\u00fcr wen eignet sich der Long Bob besonders gut?\",\"acceptedAnswer\":{\"@type\":\"Answer\",\"text\":\"Ein Long Bob eignet sich f\u00fcr alle, die eine sanfte Ver\u00e4nderung ohne radikalen Schnitt bevorzugen. Besonders bei langem Haar wirkt diese Schulterl\u00e4nge frisch und pflegeleicht und l\u00e4sst sich mit Stufen individuell anpassen.\"}},{\"@type\":\"Question\",\"name\":\"Welche Haarfarbe liegt aktuell voll im Trend?\",\"acceptedAnswer\":{\"@type\":\"Answer\",\"text\":\"Kupferrot z\u00e4hlt zu den angesagtesten Haarfarben und \u00fcberzeugt durch den Wechsel zwischen gedeckten Kupfert\u00f6nen und intensiven Rott\u00f6nen. Auch Kastanienbraun und helle, nat\u00fcrliche Farben wie Babyhighlights wirken luxuri\u00f6s und vielseitig.\"}},{\"@type\":\"Question\",\"name\":\"Wie unterscheiden sich moderne Highlights von klassischen Str\u00e4hnchen?\",\"acceptedAnswer\":{\"@type\":\"Answer\",\"text\":\"Moderne Highlights setzen auf nat\u00fcrliche \u00dcberg\u00e4nge und dezente Akzente, statt auff\u00e4lliger Kontraste aus den 90ern. Speziell Babyhighlights geben dem Haar mehr Dimension und Struktur, wachsen unauff\u00e4llig heraus und erfordern weniger Salonbesuche.\"}},{\"@type\":\"Question\",\"name\":\"Warum wird der Pixie-Cut immer beliebter?\",\"acceptedAnswer\":{\"@type\":\"Answer\",\"text\":\"Der Pixie-Cut \u00fcberzeugt durch minimalen Stylingaufwand und einen frischen, modernen Look. Gerade f\u00fcr Kurzhaarfans oder alle, die morgens Zeit sparen m\u00f6chten, wirkt dieser Schnitt besonders praktisch und trendy.\"}},{\"@type\":\"Question\",\"name\":\"Wie findest du den passenden Farbton bei Kupferrot?\",\"acceptedAnswer\":{\"@type\":\"Answer\",\"text\":\"Jede Haut hat einen passenden Kupferton, weil Kupferrot universell wirkt. Sanfte Varianten wie Pfirsichrot harmonieren mit hellerer Haut, w\u00e4hrend intensivere Rott\u00f6ne einen extravaganten Akzent setzen. Im Zweifel unterst\u00fctzt das Fachpersonal dabei, den perfekten Ton auszuw\u00e4hlen.\"}}]}","footnotes":""},"categories":[9],"tags":[3,4,5],"class_list":{"0":"post-14906","1":"post","2":"type-post","3":"status-publish","4":"format-standard","5":"has-post-thumbnail","7":"category-beauty","8":"tag-tt6","9":"tag-tr273","10":"tag-tr166","11":"entry"},"acf":{"post_credits":"Bildrechte: Shutterstock, Instagram:  @laura_cuts_hair, @hairby_emilia, @lexuncensored, @maisalonuk","beauty_blog_post_button_title":"","beauty_blog_post_button":"","landscape_picture":14911,"blocks":[{"block_title":"Schnitt: Lob","block_content":"<p>Der Lob ist auch bekannt unter dem Namen &lsquo;Long Bob&rsquo;. Bei diesem Haarschnitt wird das Haar auf Schulterl&auml;nge geschnitten und bei Wunsch durchgestuft. Dieser Look ist eine tolle L&ouml;sung f&uuml;r alle die, die keine drastische Ver&auml;nderung wollen (speziell dann wenn die Haare lang sind). &ldquo;Der Lob mit Textur ist immer noch sehr popul&auml;r. Viele Kunden trauen sich, androgyne Schnitte auszuprobieren, die etwas k&uuml;rzer sind,&rdquo; erkl&auml;rt Khanh Pham, Salonbesitzerin des Mai Salon in Manchester.<\/p>\n","video_content":"","block_picture":14907},{"block_title":"Farbe: Kupferrot","block_content":"<p>Wella hat die Farbe Kupferrot zur Trendfarbe 2019 gek&uuml;rt. Auf der Wella Insta-Vintage Webseite beschreibt <a href=\"https:\/\/www.wella.com\/professional\/de-DE\/look-page\/aw19-leather-red#\/?_k=5krqrx\">Andreas Kurkowitz<\/a> die Haarfarbe als einen &ldquo;spielerischen Wechsel zwischen gedecktem Kupfer und intensiveren Rott&ouml;nen mit einem luxuri&ouml;sen Finish.&rdquo; Stylistin Kate Page von Lipstick Gunpowder hat uns verraten, das die Farbe Kupferrot in ihrem Salon besonders gefragt ist: &ldquo;Kupfer und Kastanienbraun sind hoch im Kurs. Sie wirken luxuri&ouml;s und passen zu allen Hautt&ouml;nen.&rdquo; Wenn Kupferrot etwas zu wagemutig ist, probiere stattdessen ein blasseres Pfirsichrot. Und wenn du Zweifel hast: Dein Stylist wei&szlig; immer am besten Bescheid, was zu deinem Typ passt.<\/p>\n","video_content":"","block_picture":14908},{"block_title":"Schnitt: Super kurz und stufig","block_content":"<p>F&uuml;r die wagemutigen unter uns ist dieser Trend einen Versuch wert. Ganz speziell der Pixie-Cut, wie Jason Miller vom Salon Charlie Miller berichtet: W&auml;hrend lange und schulterlange Haarschnitte weiterhin an Popularit&auml;t gewinnen, steigt seit Neuestem die Anfrage nach frechen und verspielten Kurzhaarschnitten.&rdquo; Gemeint sind coole Cuts, wie der von Scarlett Johansson, aber auch ein Pixie a l&aacute; Michelle Williams. Wenn minimaler Stylingaufwand jeden Morgen dein ultimatives Goal ist, dann solltest du diesen Look probieren.<\/p>\n\n<p>&nbsp;<\/p>\n","video_content":"","block_picture":14909},{"block_title":"Farbe: Highlights","block_content":"<p>Etwas Old-School und nicht wirklich neu sind Highlights und Str&auml;hnchen, die zurzeit ein gro&szlig;es Comeback feiern. Etwas anders sind sie aber doch, wie Farben-Spezialist Lloyd Court erz&auml;hlt: &ldquo;Highlights erobern Salons im Sturm, diesmal allerdings ohne den 90ziger Jahre Vibe. Vielmehr hat sich die Technik weiterentwickelt, dank dem allseitsbeliebten Balayage Trend.&rdquo; Immer mehr Kunden tendieren zu hellen und nat&uuml;rlichen Farben und speziell &lsquo;Babyhighlights&rsquo;, die dem Haar Dimension und Textur verleihen. Weniger Highlights, bedeuten weniger Friseurbesuche und sind leichter zu managen, wenn sie beginnen nachzuwachsen. Karamellblonde Babyhighlights sind besonders beliebt und heben die nat&uuml;rliche Farbe hervor.<\/p>\n\n<p>Mit&nbsp;Treatwell, kannst du&nbsp;<a href=\"http:\/\/www.treatwell.at\/\">Beauty&nbsp;und all deine Lieblingssalons online buchen<\/a>&nbsp;&ndash; simpel, m&uuml;helos, und du kannst es von unterwegs machen.&nbsp;Hier gehts&nbsp;<a href=\"https:\/\/www.treatwell.at\/orte\/behandlung-damenhaarschnitt\/angebot-typ-lokal\/in-at\/?mkt_params=GC~valentine19_LC~dachlvalentine19_PM~TF_CM~sales-blog\">zu den besten Salons in deiner Umgebung<\/a>.&nbsp;<\/p>\n","video_content":"","block_picture":14910}]},"yoast_head":"<!-- This site is optimized with the Yoast SEO plugin v27.5 - https:\/\/yoast.com\/product\/yoast-seo-wordpress\/ -->\n<title>Wir haben Friseure gefragt: das sind die gr\u00f6\u00dften Haartrends f\u00fcr 2019 - Treatwell<\/title>\n<meta name=\"description\" content=\"Wir haben uns mit Haarexperten unterhalten und uns die Haartrends des Jahres verraten lassen (Haarfarben und Haarschnitte inklusive). Bist du bereit?\" \/>\n<meta name=\"robots\" content=\"index, follow, max-snippet:-1, max-image-preview:large, max-video-preview:-1\" \/>\n<link rel=\"canonical\" href=\"https:\/\/www.treatwell.at/treatment-files\/haartrends-fur-2019\/\" \/>\n<meta property=\"og:locale\" content=\"de_DE\" \/>\n<meta property=\"og:type\" content=\"article\" \/>\n<meta property=\"og:title\" content=\"Wir haben Friseure gefragt: das sind die gr\u00f6\u00dften Haartrends f\u00fcr 2019 - Treatwell\" \/>\n<meta property=\"og:description\" content=\"Wir haben uns mit Haarexperten unterhalten und uns die Haartrends des Jahres verraten lassen (Haarfarben und Haarschnitte inklusive). Bist du bereit?\" \/>\n<meta property=\"og:url\" content=\"https:\/\/www.treatwell.at/treatment-files\/haartrends-fur-2019\/\" \/>\n<meta property=\"og:site_name\" content=\"The Treatment Files Blog\" \/>\n<meta property=\"article:published_time\" content=\"2019-02-13T17:39:16+00:00\" \/>\n<meta property=\"article:modified_time\" content=\"2026-01-18T13:28:09+00:00\" \/>\n<meta property=\"og:image\" content=\"https:\/\/www.treatwell.at/treatment-files\/wp-content\/uploads\/sites\/2\/2022\/03\/@laura_cuts_hair.png\" \/>\n\t<meta property=\"og:image:width\" content=\"500\" \/>\n\t<meta property=\"og:image:height\" content=\"600\" \/>\n\t<meta property=\"og:image:type\" content=\"image\/png\" \/>\n<meta name=\"author\" content=\"Isabella Tombinski-robb\" \/>\n<meta name=\"twitter:card\" content=\"summary_large_image\" \/>\n<meta name=\"twitter:label1\" content=\"Verfasst von\" \/>\n\t<meta name=\"twitter:data1\" content=\"Isabella Tombinski-robb\" \/>\n\t<meta name=\"twitter:label2\" content=\"Gesch\u00e4tzte Lesezeit\" \/>\n\t<meta name=\"twitter:data2\" content=\"2 Minuten\" \/>\n<script type=\"application\/ld+json\" class=\"yoast-schema-graph\">{\"@context\":\"https:\\\/\\\/schema.org\",\"@graph\":[{\"@type\":\"Article\",\"@id\":\"https:\\\/\\\/www.treatwell.at/treatment-files\\\/haartrends-fur-2019\\\/#article\",\"isPartOf\":{\"@id\":\"https:\\\/\\\/www.treatwell.at/treatment-files\\\/haartrends-fur-2019\\\/\"},\"author\":{\"name\":\"Isabella Tombinski-robb\",\"@id\":\"https:\\\/\\\/www.treatwell.at/treatment-files\\\/#\\\/schema\\\/person\\\/869d3f19bdf4203c8e6e97c64e1c3c8e\"},\"headline\":\"Wir haben Friseure gefragt: das sind die gr\u00f6\u00dften Haartrends f\u00fcr 2019\",\"datePublished\":\"2019-02-13T17:39:16+00:00\",\"dateModified\":\"2026-01-18T13:28:09+00:00\",\"mainEntityOfPage\":{\"@id\":\"https:\\\/\\\/www.treatwell.at/treatment-files\\\/haartrends-fur-2019\\\/\"},\"wordCount\":331,\"publisher\":{\"@id\":\"https:\\\/\\\/www.treatwell.at/treatment-files\\\/#organization\"},\"image\":{\"@id\":\"https:\\\/\\\/www.treatwell.at/treatment-files\\\/haartrends-fur-2019\\\/#primaryimage\"},\"thumbnailUrl\":\"https:\\\/\\\/www.treatwell.at/treatment-files\\\/wp-content\\\/uploads\\\/sites\\\/2\\\/2022\\\/03\\\/@laura_cuts_hair.png\",\"keywords\":[\"Hair\",\"Hair Colouring and Highlights\",\"Haircuts and Hairdressing\"],\"articleSection\":[\"Beauty\"],\"inLanguage\":\"de-AT\"},{\"@type\":\"WebPage\",\"@id\":\"https:\\\/\\\/www.treatwell.at/treatment-files\\\/haartrends-fur-2019\\\/\",\"url\":\"https:\\\/\\\/www.treatwell.at/treatment-files\\\/haartrends-fur-2019\\\/\",\"name\":\"Wir haben Friseure gefragt: das sind die gr\u00f6\u00dften Haartrends f\u00fcr 2019 - Treatwell\",\"isPartOf\":{\"@id\":\"https:\\\/\\\/www.treatwell.at/treatment-files\\\/#website\"},\"primaryImageOfPage\":{\"@id\":\"https:\\\/\\\/www.treatwell.at/treatment-files\\\/haartrends-fur-2019\\\/#primaryimage\"},\"image\":{\"@id\":\"https:\\\/\\\/www.treatwell.at/treatment-files\\\/haartrends-fur-2019\\\/#primaryimage\"},\"thumbnailUrl\":\"https:\\\/\\\/www.treatwell.at/treatment-files\\\/wp-content\\\/uploads\\\/sites\\\/2\\\/2022\\\/03\\\/@laura_cuts_hair.png\",\"datePublished\":\"2019-02-13T17:39:16+00:00\",\"dateModified\":\"2026-01-18T13:28:09+00:00\",\"description\":\"Wir haben uns mit Haarexperten unterhalten und uns die Haartrends des Jahres verraten lassen (Haarfarben und Haarschnitte inklusive). Bist du bereit?\",\"breadcrumb\":{\"@id\":\"https:\\\/\\\/www.treatwell.at/treatment-files\\\/haartrends-fur-2019\\\/#breadcrumb\"},\"inLanguage\":\"de-AT\",\"potentialAction\":[{\"@type\":\"ReadAction\",\"target\":[\"https:\\\/\\\/www.treatwell.at/treatment-files\\\/haartrends-fur-2019\\\/\"]}]},{\"@type\":\"ImageObject\",\"inLanguage\":\"de-AT\",\"@id\":\"https:\\\/\\\/www.treatwell.at/treatment-files\\\/haartrends-fur-2019\\\/#primaryimage\",\"url\":\"https:\\\/\\\/www.treatwell.at/treatment-files\\\/wp-content\\\/uploads\\\/sites\\\/2\\\/2022\\\/03\\\/@laura_cuts_hair.png\",\"contentUrl\":\"https:\\\/\\\/www.treatwell.at/treatment-files\\\/wp-content\\\/uploads\\\/sites\\\/2\\\/2022\\\/03\\\/@laura_cuts_hair.png\",\"width\":500,\"height\":600},{\"@type\":\"BreadcrumbList\",\"@id\":\"https:\\\/\\\/www.treatwell.at/treatment-files\\\/haartrends-fur-2019\\\/#breadcrumb\",\"itemListElement\":[{\"@type\":\"ListItem\",\"position\":1,\"name\":\"Home\",\"item\":\"https:\\\/\\\/www.treatwell.at/treatment-files\\\/\"},{\"@type\":\"ListItem\",\"position\":2,\"name\":\"Beauty\",\"item\":\"https:\\\/\\\/www.treatwell.at/treatment-files\\\/beauty\\\/\"},{\"@type\":\"ListItem\",\"position\":3,\"name\":\"Wir haben Friseure gefragt: das sind die gr\u00f6\u00dften Haartrends f\u00fcr 2019\"}]},{\"@type\":\"WebSite\",\"@id\":\"https:\\\/\\\/www.treatwell.at/treatment-files\\\/#website\",\"url\":\"https:\\\/\\\/www.treatwell.at/treatment-files\\\/\",\"name\":\"The Treatment Files Blog\",\"description\":\"Beauty entdecken. Beauty erleben.\",\"publisher\":{\"@id\":\"https:\\\/\\\/www.treatwell.at/treatment-files\\\/#organization\"},\"potentialAction\":[{\"@type\":\"SearchAction\",\"target\":{\"@type\":\"EntryPoint\",\"urlTemplate\":\"https:\\\/\\\/www.treatwell.at/treatment-files\\\/?s={search_term_string}\"},\"query-input\":{\"@type\":\"PropertyValueSpecification\",\"valueRequired\":true,\"valueName\":\"search_term_string\"}}],\"inLanguage\":\"de-AT\"},{\"@type\":\"Organization\",\"@id\":\"https:\\\/\\\/www.treatwell.at/treatment-files\\\/#organization\",\"name\":\"Treatwell\",\"url\":\"https:\\\/\\\/www.treatwell.at/treatment-files\\\/\",\"logo\":{\"@type\":\"ImageObject\",\"inLanguage\":\"de-AT\",\"@id\":\"https:\\\/\\\/www.treatwell.at/treatment-files\\\/#\\\/schema\\\/logo\\\/image\\\/\",\"url\":\"https:\\\/\\\/www.treatwell.at/treatment-files\\\/wp-content\\\/uploads\\\/sites\\\/2\\\/2022\\\/03\\\/logo_treatwell.png\",\"contentUrl\":\"https:\\\/\\\/www.treatwell.at/treatment-files\\\/wp-content\\\/uploads\\\/sites\\\/2\\\/2022\\\/03\\\/logo_treatwell.png\",\"width\":889,\"height\":164,\"caption\":\"Treatwell\"},\"image\":{\"@id\":\"https:\\\/\\\/www.treatwell.at/treatment-files\\\/#\\\/schema\\\/logo\\\/image\\\/\"}},{\"@type\":\"Person\",\"@id\":\"https:\\\/\\\/www.treatwell.at/treatment-files\\\/#\\\/schema\\\/person\\\/869d3f19bdf4203c8e6e97c64e1c3c8e\",\"name\":\"Isabella Tombinski-robb\",\"image\":{\"@type\":\"ImageObject\",\"inLanguage\":\"de-AT\",\"@id\":\"https:\\\/\\\/secure.gravatar.com\\\/avatar\\\/624ce3bd6151d711f02c8c31549c8390027943dc1293e17bf28c136ce4288a80?s=96&d=mm&r=g\",\"url\":\"https:\\\/\\\/secure.gravatar.com\\\/avatar\\\/624ce3bd6151d711f02c8c31549c8390027943dc1293e17bf28c136ce4288a80?s=96&d=mm&r=g\",\"contentUrl\":\"https:\\\/\\\/secure.gravatar.com\\\/avatar\\\/624ce3bd6151d711f02c8c31549c8390027943dc1293e17bf28c136ce4288a80?s=96&d=mm&r=g\",\"caption\":\"Isabella Tombinski-robb\"},\"url\":\"https:\\\/\\\/www.treatwell.at/treatment-files\\\/author\\\/isabellatombinskirobb\\\/\"}]}<\/script>\n<!-- \/ Yoast SEO plugin. -->","yoast_head_json":{"title":"Wir haben Friseure gefragt: das sind die gr\u00f6\u00dften Haartrends f\u00fcr 2019 - Treatwell","description":"Wir haben uns mit Haarexperten unterhalten und uns die Haartrends des Jahres verraten lassen (Haarfarben und Haarschnitte inklusive). Bist du bereit?","robots":{"index":"index","follow":"follow","max-snippet":"max-snippet:-1","max-image-preview":"max-image-preview:large","max-video-preview":"max-video-preview:-1"},"canonical":"https:\/\/www.treatwell.at/treatment-files\/haartrends-fur-2019\/","og_locale":"de_DE","og_type":"article","og_title":"Wir haben Friseure gefragt: das sind die gr\u00f6\u00dften Haartrends f\u00fcr 2019 - Treatwell","og_description":"Wir haben uns mit Haarexperten unterhalten und uns die Haartrends des Jahres verraten lassen (Haarfarben und Haarschnitte inklusive). Bist du bereit?","og_url":"https:\/\/www.treatwell.at/treatment-files\/haartrends-fur-2019\/","og_site_name":"The Treatment Files Blog","article_published_time":"2019-02-13T17:39:16+00:00","article_modified_time":"2026-01-18T13:28:09+00:00","og_image":[{"width":500,"height":600,"url":"https:\/\/www.treatwell.at/treatment-files\/wp-content\/uploads\/sites\/2\/2022\/03\/@laura_cuts_hair.png","type":"image\/png"}],"author":"Isabella Tombinski-robb","twitter_card":"summary_large_image","twitter_misc":{"Verfasst von":"Isabella Tombinski-robb","Gesch\u00e4tzte Lesezeit":"2 Minuten"},"schema":{"@context":"https:\/\/schema.org","@graph":[{"@type":"Article","@id":"https:\/\/www.treatwell.at/treatment-files\/haartrends-fur-2019\/#article","isPartOf":{"@id":"https:\/\/www.treatwell.at/treatment-files\/haartrends-fur-2019\/"},"author":{"name":"Isabella Tombinski-robb","@id":"https:\/\/www.treatwell.at/treatment-files\/#\/schema\/person\/869d3f19bdf4203c8e6e97c64e1c3c8e"},"headline":"Wir haben Friseure gefragt: das sind die gr\u00f6\u00dften Haartrends f\u00fcr 2019","datePublished":"2019-02-13T17:39:16+00:00","dateModified":"2026-01-18T13:28:09+00:00","mainEntityOfPage":{"@id":"https:\/\/www.treatwell.at/treatment-files\/haartrends-fur-2019\/"},"wordCount":331,"publisher":{"@id":"https:\/\/www.treatwell.at/treatment-files\/#organization"},"image":{"@id":"https:\/\/www.treatwell.at/treatment-files\/haartrends-fur-2019\/#primaryimage"},"thumbnailUrl":"https:\/\/www.treatwell.at/treatment-files\/wp-content\/uploads\/sites\/2\/2022\/03\/@laura_cuts_hair.png","keywords":["Hair","Hair Colouring and Highlights","Haircuts and Hairdressing"],"articleSection":["Beauty"],"inLanguage":"de-AT"},{"@type":"WebPage","@id":"https:\/\/www.treatwell.at/treatment-files\/haartrends-fur-2019\/","url":"https:\/\/www.treatwell.at/treatment-files\/haartrends-fur-2019\/","name":"Wir haben Friseure gefragt: das sind die gr\u00f6\u00dften Haartrends f\u00fcr 2019 - Treatwell","isPartOf":{"@id":"https:\/\/www.treatwell.at/treatment-files\/#website"},"primaryImageOfPage":{"@id":"https:\/\/www.treatwell.at/treatment-files\/haartrends-fur-2019\/#primaryimage"},"image":{"@id":"https:\/\/www.treatwell.at/treatment-files\/haartrends-fur-2019\/#primaryimage"},"thumbnailUrl":"https:\/\/www.treatwell.at/treatment-files\/wp-content\/uploads\/sites\/2\/2022\/03\/@laura_cuts_hair.png","datePublished":"2019-02-13T17:39:16+00:00","dateModified":"2026-01-18T13:28:09+00:00","description":"Wir haben uns mit Haarexperten unterhalten und uns die Haartrends des Jahres verraten lassen (Haarfarben und Haarschnitte inklusive). Bist du bereit?","breadcrumb":{"@id":"https:\/\/www.treatwell.at/treatment-files\/haartrends-fur-2019\/#breadcrumb"},"inLanguage":"de-AT","potentialAction":[{"@type":"ReadAction","target":["https:\/\/www.treatwell.at/treatment-files\/haartrends-fur-2019\/"]}]},{"@type":"ImageObject","inLanguage":"de-AT","@id":"https:\/\/www.treatwell.at/treatment-files\/haartrends-fur-2019\/#primaryimage","url":"https:\/\/www.treatwell.at/treatment-files\/wp-content\/uploads\/sites\/2\/2022\/03\/@laura_cuts_hair.png","contentUrl":"https:\/\/www.treatwell.at/treatment-files\/wp-content\/uploads\/sites\/2\/2022\/03\/@laura_cuts_hair.png","width":500,"height":600},{"@type":"BreadcrumbList","@id":"https:\/\/www.treatwell.at/treatment-files\/haartrends-fur-2019\/#breadcrumb","itemListElement":[{"@type":"ListItem","position":1,"name":"Home","item":"https:\/\/www.treatwell.at/treatment-files\/"},{"@type":"ListItem","position":2,"name":"Beauty","item":"https:\/\/www.treatwell.at/treatment-files\/beauty\/"},{"@type":"ListItem","position":3,"name":"Wir haben Friseure gefragt: das sind die gr\u00f6\u00dften Haartrends f\u00fcr 2019"}]},{"@type":"WebSite","@id":"https:\/\/www.treatwell.at/treatment-files\/#website","url":"https:\/\/www.treatwell.at/treatment-files\/","name":"The Treatment Files Blog","description":"Beauty entdecken. Beauty erleben.","publisher":{"@id":"https:\/\/www.treatwell.at/treatment-files\/#organization"},"potentialAction":[{"@type":"SearchAction","target":{"@type":"EntryPoint","urlTemplate":"https:\/\/www.treatwell.at/treatment-files\/?s={search_term_string}"},"query-input":{"@type":"PropertyValueSpecification","valueRequired":true,"valueName":"search_term_string"}}],"inLanguage":"de-AT"},{"@type":"Organization","@id":"https:\/\/www.treatwell.at/treatment-files\/#organization","name":"Treatwell","url":"https:\/\/www.treatwell.at/treatment-files\/","logo":{"@type":"ImageObject","inLanguage":"de-AT","@id":"https:\/\/www.treatwell.at/treatment-files\/#\/schema\/logo\/image\/","url":"https:\/\/www.treatwell.at/treatment-files\/wp-content\/uploads\/sites\/2\/2022\/03\/logo_treatwell.png","contentUrl":"https:\/\/www.treatwell.at/treatment-files\/wp-content\/uploads\/sites\/2\/2022\/03\/logo_treatwell.png","width":889,"height":164,"caption":"Treatwell"},"image":{"@id":"https:\/\/www.treatwell.at/treatment-files\/#\/schema\/logo\/image\/"}},{"@type":"Person","@id":"https:\/\/www.treatwell.at/treatment-files\/#\/schema\/person\/869d3f19bdf4203c8e6e97c64e1c3c8e","name":"Isabella Tombinski-robb","image":{"@type":"ImageObject","inLanguage":"de-AT","@id":"https:\/\/secure.gravatar.com\/avatar\/624ce3bd6151d711f02c8c31549c8390027943dc1293e17bf28c136ce4288a80?s=96&d=mm&r=g","url":"https:\/\/secure.gravatar.com\/avatar\/624ce3bd6151d711f02c8c31549c8390027943dc1293e17bf28c136ce4288a80?s=96&d=mm&r=g","contentUrl":"https:\/\/secure.gravatar.com\/avatar\/624ce3bd6151d711f02c8c31549c8390027943dc1293e17bf28c136ce4288a80?s=96&d=mm&r=g","caption":"Isabella Tombinski-robb"},"url":"https:\/\/www.treatwell.at/treatment-files\/author\/isabellatombinskirobb\/"}]}},"featured_image_src":"https:\/\/www.treatwell.at/treatment-files\/wp-content\/uploads\/sites\/2\/2022\/03\/@laura_cuts_hair-500x400.png","featured_image_src_square":"https:\/\/www.treatwell.at/treatment-files\/wp-content\/uploads\/sites\/2\/2022\/03\/@laura_cuts_hair.png","author_info":{"display_name":"Isabella Tombinski-robb","author_link":"https:\/\/www.treatwell.at/treatment-files\/author\/isabellatombinskirobb\/"},"_links":{"self":[{"href":"https:\/\/www.treatwell.at\/treatment-files\/wp-json\/wp\/v2\/posts\/14906","targetHints":{"allow":["GET"]}}],"collection":[{"href":"https:\/\/www.treatwell.at\/treatment-files\/wp-json\/wp\/v2\/posts"}],"about":[{"href":"https:\/\/www.treatwell.at\/treatment-files\/wp-json\/wp\/v2\/types\/post"}],"author":[{"embeddable":true,"href":"https:\/\/www.treatwell.at\/treatment-files\/wp-json\/wp\/v2\/users\/3318"}],"replies":[{"embeddable":true,"href":"https:\/\/www.treatwell.at\/treatment-files\/wp-json\/wp\/v2\/comments?post=14906"}],"version-history":[{"count":0,"href":"https:\/\/www.treatwell.at\/treatment-files\/wp-json\/wp\/v2\/posts\/14906\/revisions"}],"wp:featuredmedia":[{"embeddable":true,"href":"https:\/\/www.treatwell.at\/treatment-files\/wp-json\/wp\/v2\/media\/14912"}],"wp:attachment":[{"href":"https:\/\/www.treatwell.at\/treatment-files\/wp-json\/wp\/v2\/media?parent=14906"}],"wp:term":[{"taxonomy":"category","embeddable":true,"href":"https:\/\/www.treatwell.at\/treatment-files\/wp-json\/wp\/v2\/categories?post=14906"},{"taxonomy":"post_tag","embeddable":true,"href":"https:\/\/www.treatwell.at\/treatment-files\/wp-json\/wp\/v2\/tags?post=14906"}],"curies":[{"name":"wp","href":"https:\/\/api.w.org\/{rel}","templated":true}]}}