{"id":14920,"date":"2019-02-15T14:28:20","date_gmt":"2019-02-15T13:28:20","guid":{"rendered":"http:\/\/www.treatwell.at\/treatment-files\/?p=14464"},"modified":"2026-01-18T14:28:12","modified_gmt":"2026-01-18T13:28:12","slug":"btw-schulterlanges-haar-schmeichelt-jeder-gesichtsform","status":"publish","type":"post","link":"https:\/\/www.treatwell.at/treatment-files\/btw-schulterlanges-haar-schmeichelt-jeder-gesichtsform\/","title":{"rendered":"BTW schulterlanges Haar schmeichelt jeder Gesichtsform"},"content":{"rendered":"<p style=\"text-align: justify\"><span style=\"font-weight: 400\">Wir sind in einer Zeit angekommen, in der alles nach Ver\u00e4nderung und Neuanfang schreit. Neues Tagebuch, sich neuen Dingen widmen und unsere Neujahrsvors\u00e4tze probieren wir ebenfalls umzusetzen. Was das Haar anbelangt denken wir hier eher an Haarschnitte mit minimalem Aufwand: einer davon ist schulterlanges Haar, das perfekt f\u00fcr die \u00dcbergangsphase zum Fr\u00fchling ist.<\/span><\/p>\n<p style=\"text-align: justify\"><span style=\"font-weight: 400\">Unabh\u00e4ngig davon, ob deine nat\u00fcrliche Haarstruktur gekr\u00e4uselt, gelockt oder gerade ist: Mit diesem Style lassen sich einfache und schnelle Frisuren zaubern. Ein Dutt im Nacken ist eine Option, unsere Augen sind allerdings vielmehr auf Maxi-Haarclips und Accessoires gerichtet. Solltest du gerade zuf\u00e4llig dein Geld <a href=\"https:\/\/www.instagram.com\/p\/BsWM4QsgZ1n\/\">in eine dieser stylischen und \u00fcbergro\u00dfen Haarspangen<\/a> investiert haben, dann kannst du mit deinem Pony coole Akzente setzen. So oder so: Diese Frisur ist leicht zu stylen und ist ein Retter in der Not an stressigen Montagmorgen. Wir haben f\u00fcr euch ein wenig Inspiration gesammelt, damit euch die Entscheidung f\u00fcr diesen coolen Style etwas leichter f\u00e4llt.<\/span><\/p>\n<div class=\"schema-faq wp-block-yoast-faq-block\">\n<div class=\"schema-faq-section\" id=\"faq-question-1768742605714\">\n<h3 class=\"schema-faq-question\">Was macht einen schulterlangen Haarschnitt im Fr\u00fchling so praktisch?<\/h3>\n<p class=\"schema-faq-answer\">Ein schulterlanger Haarschnitt wirkt besonders vielseitig und ben\u00f6tigt nur minimalen Aufwand beim Styling. Diese L\u00e4nge eignet sich optimal als \u00dcbergang zum Fr\u00fchling und passt zu jeder Haarstruktur.<\/div>\n<div class=\"schema-faq-section\" id=\"faq-question-1768742605715\">\n<h3 class=\"schema-faq-question\">Welche Frisuren gelingen schnell mit schulterlangem Haar?<\/h3>\n<p class=\"schema-faq-answer\">Mit schulterlangem Haar gelingen ein Dutt im Nacken oder offene Stylings besonders einfach. Du kannst zudem Maxi-Haarclips und auff\u00e4llige Accessoires nutzen, um Akzente zu setzen.<\/div>\n<div class=\"schema-faq-section\" id=\"faq-question-1768742605716\">\n<h3 class=\"schema-faq-question\">Wie nutzt du Maxi-Haarclips bei schulterlangem Haar?<\/h3>\n<p class=\"schema-faq-answer\">Maxi-Haarclips verleihen schulterlangem Haar in Sekunden ein neues Aussehen. Sie lassen sich einfach ins Haar setzen und wirken als auff\u00e4lliges Statement im Alltag.<\/div>\n<div class=\"schema-faq-section\" id=\"faq-question-1768742605717\">\n<h3 class=\"schema-faq-question\">Wann bietet sich die Frisur als schnelle L\u00f6sung an?<\/h3>\n<p class=\"schema-faq-answer\">Diese Frisur eignet sich ideal an stressigen Montagmorgen, wenn wenig Zeit f\u00fcr aufwendiges Styling bleibt. Schulterlanges Haar kannst du dann im Handumdrehen ordnen und dennoch stylisch auftreten.<\/div>\n<\/p><\/div>\n","protected":false},"excerpt":{"rendered":"<p>Wir sind in einer Zeit angekommen, in der alles nach Ver\u00e4nderung und Neuanfang schreit. Neues Tagebuch, sich neuen Dingen widmen und unsere Neujahrsvors\u00e4tze probieren wir ebenfalls umzusetzen. Was das Haar anbelangt denken wir hier eher an Haarschnitte mit minimalem Aufwand: einer davon ist schulterlanges Haar, das perfekt f\u00fcr die \u00dcbergangsphase zum Fr\u00fchling ist. Unabh\u00e4ngig davon, [&hellip;]<\/p>\n","protected":false},"author":3318,"featured_media":14940,"comment_status":"closed","ping_status":"closed","sticky":false,"template":"","format":"standard","meta":{"_acf_changed":false,"_yoast_wpseo_title":"BTW schulterlanges Haar schmeichelt jeder Gesichtsform - Treatwell","_yoast_wpseo_metadesc":"Was das Haar anbelangt denken wir hier eher an Haarschnitte mit minimalem Aufwand: einer davon ist schulterlanges Haar, perfekt f\u00fcr die \u00dcbergangsphase zum Fr\u00fchling ist.","_genesis_hide_title":false,"_genesis_hide_breadcrumbs":false,"_genesis_hide_singular_image":false,"_genesis_hide_footer_widgets":false,"_genesis_custom_body_class":"","_genesis_custom_post_class":"","_genesis_layout":"","saswp_custom_schema_field":"{\"@context\":\"https:\/\/schema.org\",\"@type\":\"FAQPage\",\"mainEntity\":[{\"@type\":\"Question\",\"name\":\"Was macht einen schulterlangen Haarschnitt im Fr\u00fchling so praktisch?\",\"acceptedAnswer\":{\"@type\":\"Answer\",\"text\":\"Ein schulterlanger Haarschnitt wirkt besonders vielseitig und ben\u00f6tigt nur minimalen Aufwand beim Styling. Diese L\u00e4nge eignet sich optimal als \u00dcbergang zum Fr\u00fchling und passt zu jeder Haarstruktur.\"}},{\"@type\":\"Question\",\"name\":\"Welche Frisuren gelingen schnell mit schulterlangem Haar?\",\"acceptedAnswer\":{\"@type\":\"Answer\",\"text\":\"Mit schulterlangem Haar gelingen ein Dutt im Nacken oder offene Stylings besonders einfach. Du kannst zudem Maxi-Haarclips und auff\u00e4llige Accessoires nutzen, um Akzente zu setzen.\"}},{\"@type\":\"Question\",\"name\":\"Wie nutzt du Maxi-Haarclips bei schulterlangem Haar?\",\"acceptedAnswer\":{\"@type\":\"Answer\",\"text\":\"Maxi-Haarclips verleihen schulterlangem Haar in Sekunden ein neues Aussehen. Sie lassen sich einfach ins Haar setzen und wirken als auff\u00e4lliges Statement im Alltag.\"}},{\"@type\":\"Question\",\"name\":\"Wann bietet sich die Frisur als schnelle L\u00f6sung an?\",\"acceptedAnswer\":{\"@type\":\"Answer\",\"text\":\"Diese Frisur eignet sich ideal an stressigen Montagmorgen, wenn wenig Zeit f\u00fcr aufwendiges Styling bleibt. Schulterlanges Haar kannst du dann im Handumdrehen ordnen und dennoch stylisch auftreten.\"}}]}","footnotes":""},"categories":[2],"tags":[3,5],"class_list":{"0":"post-14920","1":"post","2":"type-post","3":"status-publish","4":"format-standard","5":"has-post-thumbnail","7":"category-trends","8":"tag-tt6","9":"tag-tr166","10":"entry"},"acf":{"post_credits":"Bildrechte: Shutterstock, Instagram: @_pale_ness, @bleachlondon, @couturekulten, @danielleavila.hair, @dawon.m, @fhlurs, @hairbyleesa_, @jenniferbehr, @kaiagerberm, @merakihairr, @painted.by.nancysimpson, @rubygolani, @salon77west, @samanthaljeffery, @shannonrha, @stelladuval, @tashimrod, @toniandguyitalia","beauty_blog_post_button_title":"Friseurtermin sichern","beauty_blog_post_button":"https:\/\/www.treatwell.at\/orte\/behandlung-damenhaarschnitt\/angebot-typ-lokal\/in-at\/?mkt_params=GC~valentine19_LC~dachlvalentine19_PM~TF_CM~sales-blog","landscape_picture":14939,"blocks":[{"block_title":"","block_content":"","video_content":"","block_picture":14921},{"block_title":"","block_content":"","video_content":"","block_picture":14922},{"block_title":"","block_content":"","video_content":"","block_picture":14923},{"block_title":"","block_content":"","video_content":"","block_picture":14924},{"block_title":"","block_content":"","video_content":"","block_picture":14925},{"block_title":"","block_content":"","video_content":"","block_picture":14926},{"block_title":"","block_content":"","video_content":"","block_picture":14927},{"block_title":"","block_content":"","video_content":"","block_picture":14928},{"block_title":"","block_content":"","video_content":"","block_picture":14929},{"block_title":"","block_content":"","video_content":"","block_picture":14930},{"block_title":"","block_content":"","video_content":"","block_picture":14931},{"block_title":"","block_content":"","video_content":"","block_picture":14932},{"block_title":"","block_content":"","video_content":"","block_picture":14933},{"block_title":"","block_content":"","video_content":"","block_picture":14934},{"block_title":"","block_content":"","video_content":"","block_picture":14935},{"block_title":"","block_content":"","video_content":"","block_picture":14936},{"block_title":"","block_content":"","video_content":"","block_picture":14937},{"block_title":"","block_content":"","video_content":"","block_picture":14938}]},"yoast_head":"<!-- This site is optimized with the Yoast SEO plugin v27.5 - https:\/\/yoast.com\/product\/yoast-seo-wordpress\/ -->\n<title>BTW schulterlanges Haar schmeichelt jeder Gesichtsform - Treatwell<\/title>\n<meta name=\"description\" content=\"Was das Haar anbelangt denken wir hier eher an Haarschnitte mit minimalem Aufwand: einer davon ist schulterlanges Haar, perfekt f\u00fcr die \u00dcbergangsphase zum Fr\u00fchling ist.\" \/>\n<meta name=\"robots\" content=\"index, follow, max-snippet:-1, max-image-preview:large, max-video-preview:-1\" \/>\n<link rel=\"canonical\" href=\"https:\/\/www.treatwell.at/treatment-files\/btw-schulterlanges-haar-schmeichelt-jeder-gesichtsform\/\" \/>\n<meta property=\"og:locale\" content=\"de_DE\" \/>\n<meta property=\"og:type\" content=\"article\" \/>\n<meta property=\"og:title\" content=\"BTW schulterlanges Haar schmeichelt jeder Gesichtsform - Treatwell\" \/>\n<meta property=\"og:description\" content=\"Was das Haar anbelangt denken wir hier eher an Haarschnitte mit minimalem Aufwand: einer davon ist schulterlanges Haar, perfekt f\u00fcr die \u00dcbergangsphase zum Fr\u00fchling ist.\" \/>\n<meta property=\"og:url\" content=\"https:\/\/www.treatwell.at/treatment-files\/btw-schulterlanges-haar-schmeichelt-jeder-gesichtsform\/\" \/>\n<meta property=\"og:site_name\" content=\"The Treatment Files Blog\" \/>\n<meta property=\"article:published_time\" content=\"2019-02-15T13:28:20+00:00\" \/>\n<meta property=\"article:modified_time\" content=\"2026-01-18T13:28:12+00:00\" \/>\n<meta property=\"og:image\" content=\"https:\/\/www.treatwell.at/treatment-files\/wp-content\/uploads\/sites\/2\/2022\/03\/@toniandguyitalia.png\" \/>\n\t<meta property=\"og:image:width\" content=\"500\" \/>\n\t<meta property=\"og:image:height\" content=\"499\" \/>\n\t<meta property=\"og:image:type\" content=\"image\/png\" \/>\n<meta name=\"author\" content=\"Isabella Tombinski-robb\" \/>\n<meta name=\"twitter:card\" content=\"summary_large_image\" \/>\n<meta name=\"twitter:label1\" content=\"Verfasst von\" \/>\n\t<meta name=\"twitter:data1\" content=\"Isabella Tombinski-robb\" \/>\n\t<meta name=\"twitter:label2\" content=\"Gesch\u00e4tzte Lesezeit\" \/>\n\t<meta name=\"twitter:data2\" content=\"2 Minuten\" \/>\n<script type=\"application\/ld+json\" class=\"yoast-schema-graph\">{\"@context\":\"https:\\\/\\\/schema.org\",\"@graph\":[{\"@type\":\"Article\",\"@id\":\"https:\\\/\\\/www.treatwell.at/treatment-files\\\/btw-schulterlanges-haar-schmeichelt-jeder-gesichtsform\\\/#article\",\"isPartOf\":{\"@id\":\"https:\\\/\\\/www.treatwell.at/treatment-files\\\/btw-schulterlanges-haar-schmeichelt-jeder-gesichtsform\\\/\"},\"author\":{\"name\":\"Isabella Tombinski-robb\",\"@id\":\"https:\\\/\\\/www.treatwell.at/treatment-files\\\/#\\\/schema\\\/person\\\/869d3f19bdf4203c8e6e97c64e1c3c8e\"},\"headline\":\"BTW schulterlanges Haar schmeichelt jeder Gesichtsform\",\"datePublished\":\"2019-02-15T13:28:20+00:00\",\"dateModified\":\"2026-01-18T13:28:12+00:00\",\"mainEntityOfPage\":{\"@id\":\"https:\\\/\\\/www.treatwell.at/treatment-files\\\/btw-schulterlanges-haar-schmeichelt-jeder-gesichtsform\\\/\"},\"wordCount\":313,\"publisher\":{\"@id\":\"https:\\\/\\\/www.treatwell.at/treatment-files\\\/#organization\"},\"image\":{\"@id\":\"https:\\\/\\\/www.treatwell.at/treatment-files\\\/btw-schulterlanges-haar-schmeichelt-jeder-gesichtsform\\\/#primaryimage\"},\"thumbnailUrl\":\"https:\\\/\\\/www.treatwell.at/treatment-files\\\/wp-content\\\/uploads\\\/sites\\\/2\\\/2022\\\/03\\\/@toniandguyitalia.png\",\"keywords\":[\"Hair\",\"Haircuts and Hairdressing\"],\"articleSection\":[\"Trends\"],\"inLanguage\":\"de-AT\"},{\"@type\":\"WebPage\",\"@id\":\"https:\\\/\\\/www.treatwell.at/treatment-files\\\/btw-schulterlanges-haar-schmeichelt-jeder-gesichtsform\\\/\",\"url\":\"https:\\\/\\\/www.treatwell.at/treatment-files\\\/btw-schulterlanges-haar-schmeichelt-jeder-gesichtsform\\\/\",\"name\":\"BTW schulterlanges Haar schmeichelt jeder Gesichtsform - Treatwell\",\"isPartOf\":{\"@id\":\"https:\\\/\\\/www.treatwell.at/treatment-files\\\/#website\"},\"primaryImageOfPage\":{\"@id\":\"https:\\\/\\\/www.treatwell.at/treatment-files\\\/btw-schulterlanges-haar-schmeichelt-jeder-gesichtsform\\\/#primaryimage\"},\"image\":{\"@id\":\"https:\\\/\\\/www.treatwell.at/treatment-files\\\/btw-schulterlanges-haar-schmeichelt-jeder-gesichtsform\\\/#primaryimage\"},\"thumbnailUrl\":\"https:\\\/\\\/www.treatwell.at/treatment-files\\\/wp-content\\\/uploads\\\/sites\\\/2\\\/2022\\\/03\\\/@toniandguyitalia.png\",\"datePublished\":\"2019-02-15T13:28:20+00:00\",\"dateModified\":\"2026-01-18T13:28:12+00:00\",\"description\":\"Was das Haar anbelangt denken wir hier eher an Haarschnitte mit minimalem Aufwand: einer davon ist schulterlanges Haar, perfekt f\u00fcr die \u00dcbergangsphase zum Fr\u00fchling ist.\",\"breadcrumb\":{\"@id\":\"https:\\\/\\\/www.treatwell.at/treatment-files\\\/btw-schulterlanges-haar-schmeichelt-jeder-gesichtsform\\\/#breadcrumb\"},\"inLanguage\":\"de-AT\",\"potentialAction\":[{\"@type\":\"ReadAction\",\"target\":[\"https:\\\/\\\/www.treatwell.at/treatment-files\\\/btw-schulterlanges-haar-schmeichelt-jeder-gesichtsform\\\/\"]}]},{\"@type\":\"ImageObject\",\"inLanguage\":\"de-AT\",\"@id\":\"https:\\\/\\\/www.treatwell.at/treatment-files\\\/btw-schulterlanges-haar-schmeichelt-jeder-gesichtsform\\\/#primaryimage\",\"url\":\"https:\\\/\\\/www.treatwell.at/treatment-files\\\/wp-content\\\/uploads\\\/sites\\\/2\\\/2022\\\/03\\\/@toniandguyitalia.png\",\"contentUrl\":\"https:\\\/\\\/www.treatwell.at/treatment-files\\\/wp-content\\\/uploads\\\/sites\\\/2\\\/2022\\\/03\\\/@toniandguyitalia.png\",\"width\":500,\"height\":499},{\"@type\":\"BreadcrumbList\",\"@id\":\"https:\\\/\\\/www.treatwell.at/treatment-files\\\/btw-schulterlanges-haar-schmeichelt-jeder-gesichtsform\\\/#breadcrumb\",\"itemListElement\":[{\"@type\":\"ListItem\",\"position\":1,\"name\":\"Home\",\"item\":\"https:\\\/\\\/www.treatwell.at/treatment-files\\\/\"},{\"@type\":\"ListItem\",\"position\":2,\"name\":\"Trends\",\"item\":\"https:\\\/\\\/www.treatwell.at/treatment-files\\\/trends\\\/\"},{\"@type\":\"ListItem\",\"position\":3,\"name\":\"BTW schulterlanges Haar schmeichelt jeder Gesichtsform\"}]},{\"@type\":\"WebSite\",\"@id\":\"https:\\\/\\\/www.treatwell.at/treatment-files\\\/#website\",\"url\":\"https:\\\/\\\/www.treatwell.at/treatment-files\\\/\",\"name\":\"The Treatment Files Blog\",\"description\":\"Beauty entdecken. Beauty erleben.\",\"publisher\":{\"@id\":\"https:\\\/\\\/www.treatwell.at/treatment-files\\\/#organization\"},\"potentialAction\":[{\"@type\":\"SearchAction\",\"target\":{\"@type\":\"EntryPoint\",\"urlTemplate\":\"https:\\\/\\\/www.treatwell.at/treatment-files\\\/?s={search_term_string}\"},\"query-input\":{\"@type\":\"PropertyValueSpecification\",\"valueRequired\":true,\"valueName\":\"search_term_string\"}}],\"inLanguage\":\"de-AT\"},{\"@type\":\"Organization\",\"@id\":\"https:\\\/\\\/www.treatwell.at/treatment-files\\\/#organization\",\"name\":\"Treatwell\",\"url\":\"https:\\\/\\\/www.treatwell.at/treatment-files\\\/\",\"logo\":{\"@type\":\"ImageObject\",\"inLanguage\":\"de-AT\",\"@id\":\"https:\\\/\\\/www.treatwell.at/treatment-files\\\/#\\\/schema\\\/logo\\\/image\\\/\",\"url\":\"https:\\\/\\\/www.treatwell.at/treatment-files\\\/wp-content\\\/uploads\\\/sites\\\/2\\\/2022\\\/03\\\/logo_treatwell.png\",\"contentUrl\":\"https:\\\/\\\/www.treatwell.at/treatment-files\\\/wp-content\\\/uploads\\\/sites\\\/2\\\/2022\\\/03\\\/logo_treatwell.png\",\"width\":889,\"height\":164,\"caption\":\"Treatwell\"},\"image\":{\"@id\":\"https:\\\/\\\/www.treatwell.at/treatment-files\\\/#\\\/schema\\\/logo\\\/image\\\/\"}},{\"@type\":\"Person\",\"@id\":\"https:\\\/\\\/www.treatwell.at/treatment-files\\\/#\\\/schema\\\/person\\\/869d3f19bdf4203c8e6e97c64e1c3c8e\",\"name\":\"Isabella Tombinski-robb\",\"image\":{\"@type\":\"ImageObject\",\"inLanguage\":\"de-AT\",\"@id\":\"https:\\\/\\\/secure.gravatar.com\\\/avatar\\\/624ce3bd6151d711f02c8c31549c8390027943dc1293e17bf28c136ce4288a80?s=96&d=mm&r=g\",\"url\":\"https:\\\/\\\/secure.gravatar.com\\\/avatar\\\/624ce3bd6151d711f02c8c31549c8390027943dc1293e17bf28c136ce4288a80?s=96&d=mm&r=g\",\"contentUrl\":\"https:\\\/\\\/secure.gravatar.com\\\/avatar\\\/624ce3bd6151d711f02c8c31549c8390027943dc1293e17bf28c136ce4288a80?s=96&d=mm&r=g\",\"caption\":\"Isabella Tombinski-robb\"},\"url\":\"https:\\\/\\\/www.treatwell.at/treatment-files\\\/author\\\/isabellatombinskirobb\\\/\"}]}<\/script>\n<!-- \/ Yoast SEO plugin. -->","yoast_head_json":{"title":"BTW schulterlanges Haar schmeichelt jeder Gesichtsform - Treatwell","description":"Was das Haar anbelangt denken wir hier eher an Haarschnitte mit minimalem Aufwand: einer davon ist schulterlanges Haar, perfekt f\u00fcr die \u00dcbergangsphase zum Fr\u00fchling ist.","robots":{"index":"index","follow":"follow","max-snippet":"max-snippet:-1","max-image-preview":"max-image-preview:large","max-video-preview":"max-video-preview:-1"},"canonical":"https:\/\/www.treatwell.at/treatment-files\/btw-schulterlanges-haar-schmeichelt-jeder-gesichtsform\/","og_locale":"de_DE","og_type":"article","og_title":"BTW schulterlanges Haar schmeichelt jeder Gesichtsform - Treatwell","og_description":"Was das Haar anbelangt denken wir hier eher an Haarschnitte mit minimalem Aufwand: einer davon ist schulterlanges Haar, perfekt f\u00fcr die \u00dcbergangsphase zum Fr\u00fchling ist.","og_url":"https:\/\/www.treatwell.at/treatment-files\/btw-schulterlanges-haar-schmeichelt-jeder-gesichtsform\/","og_site_name":"The Treatment Files Blog","article_published_time":"2019-02-15T13:28:20+00:00","article_modified_time":"2026-01-18T13:28:12+00:00","og_image":[{"width":500,"height":499,"url":"https:\/\/www.treatwell.at/treatment-files\/wp-content\/uploads\/sites\/2\/2022\/03\/@toniandguyitalia.png","type":"image\/png"}],"author":"Isabella Tombinski-robb","twitter_card":"summary_large_image","twitter_misc":{"Verfasst von":"Isabella Tombinski-robb","Gesch\u00e4tzte Lesezeit":"2 Minuten"},"schema":{"@context":"https:\/\/schema.org","@graph":[{"@type":"Article","@id":"https:\/\/www.treatwell.at/treatment-files\/btw-schulterlanges-haar-schmeichelt-jeder-gesichtsform\/#article","isPartOf":{"@id":"https:\/\/www.treatwell.at/treatment-files\/btw-schulterlanges-haar-schmeichelt-jeder-gesichtsform\/"},"author":{"name":"Isabella Tombinski-robb","@id":"https:\/\/www.treatwell.at/treatment-files\/#\/schema\/person\/869d3f19bdf4203c8e6e97c64e1c3c8e"},"headline":"BTW schulterlanges Haar schmeichelt jeder Gesichtsform","datePublished":"2019-02-15T13:28:20+00:00","dateModified":"2026-01-18T13:28:12+00:00","mainEntityOfPage":{"@id":"https:\/\/www.treatwell.at/treatment-files\/btw-schulterlanges-haar-schmeichelt-jeder-gesichtsform\/"},"wordCount":313,"publisher":{"@id":"https:\/\/www.treatwell.at/treatment-files\/#organization"},"image":{"@id":"https:\/\/www.treatwell.at/treatment-files\/btw-schulterlanges-haar-schmeichelt-jeder-gesichtsform\/#primaryimage"},"thumbnailUrl":"https:\/\/www.treatwell.at/treatment-files\/wp-content\/uploads\/sites\/2\/2022\/03\/@toniandguyitalia.png","keywords":["Hair","Haircuts and Hairdressing"],"articleSection":["Trends"],"inLanguage":"de-AT"},{"@type":"WebPage","@id":"https:\/\/www.treatwell.at/treatment-files\/btw-schulterlanges-haar-schmeichelt-jeder-gesichtsform\/","url":"https:\/\/www.treatwell.at/treatment-files\/btw-schulterlanges-haar-schmeichelt-jeder-gesichtsform\/","name":"BTW schulterlanges Haar schmeichelt jeder Gesichtsform - Treatwell","isPartOf":{"@id":"https:\/\/www.treatwell.at/treatment-files\/#website"},"primaryImageOfPage":{"@id":"https:\/\/www.treatwell.at/treatment-files\/btw-schulterlanges-haar-schmeichelt-jeder-gesichtsform\/#primaryimage"},"image":{"@id":"https:\/\/www.treatwell.at/treatment-files\/btw-schulterlanges-haar-schmeichelt-jeder-gesichtsform\/#primaryimage"},"thumbnailUrl":"https:\/\/www.treatwell.at/treatment-files\/wp-content\/uploads\/sites\/2\/2022\/03\/@toniandguyitalia.png","datePublished":"2019-02-15T13:28:20+00:00","dateModified":"2026-01-18T13:28:12+00:00","description":"Was das Haar anbelangt denken wir hier eher an Haarschnitte mit minimalem Aufwand: einer davon ist schulterlanges Haar, perfekt f\u00fcr die \u00dcbergangsphase zum Fr\u00fchling ist.","breadcrumb":{"@id":"https:\/\/www.treatwell.at/treatment-files\/btw-schulterlanges-haar-schmeichelt-jeder-gesichtsform\/#breadcrumb"},"inLanguage":"de-AT","potentialAction":[{"@type":"ReadAction","target":["https:\/\/www.treatwell.at/treatment-files\/btw-schulterlanges-haar-schmeichelt-jeder-gesichtsform\/"]}]},{"@type":"ImageObject","inLanguage":"de-AT","@id":"https:\/\/www.treatwell.at/treatment-files\/btw-schulterlanges-haar-schmeichelt-jeder-gesichtsform\/#primaryimage","url":"https:\/\/www.treatwell.at/treatment-files\/wp-content\/uploads\/sites\/2\/2022\/03\/@toniandguyitalia.png","contentUrl":"https:\/\/www.treatwell.at/treatment-files\/wp-content\/uploads\/sites\/2\/2022\/03\/@toniandguyitalia.png","width":500,"height":499},{"@type":"BreadcrumbList","@id":"https:\/\/www.treatwell.at/treatment-files\/btw-schulterlanges-haar-schmeichelt-jeder-gesichtsform\/#breadcrumb","itemListElement":[{"@type":"ListItem","position":1,"name":"Home","item":"https:\/\/www.treatwell.at/treatment-files\/"},{"@type":"ListItem","position":2,"name":"Trends","item":"https:\/\/www.treatwell.at/treatment-files\/trends\/"},{"@type":"ListItem","position":3,"name":"BTW schulterlanges Haar schmeichelt jeder Gesichtsform"}]},{"@type":"WebSite","@id":"https:\/\/www.treatwell.at/treatment-files\/#website","url":"https:\/\/www.treatwell.at/treatment-files\/","name":"The Treatment Files Blog","description":"Beauty entdecken. Beauty erleben.","publisher":{"@id":"https:\/\/www.treatwell.at/treatment-files\/#organization"},"potentialAction":[{"@type":"SearchAction","target":{"@type":"EntryPoint","urlTemplate":"https:\/\/www.treatwell.at/treatment-files\/?s={search_term_string}"},"query-input":{"@type":"PropertyValueSpecification","valueRequired":true,"valueName":"search_term_string"}}],"inLanguage":"de-AT"},{"@type":"Organization","@id":"https:\/\/www.treatwell.at/treatment-files\/#organization","name":"Treatwell","url":"https:\/\/www.treatwell.at/treatment-files\/","logo":{"@type":"ImageObject","inLanguage":"de-AT","@id":"https:\/\/www.treatwell.at/treatment-files\/#\/schema\/logo\/image\/","url":"https:\/\/www.treatwell.at/treatment-files\/wp-content\/uploads\/sites\/2\/2022\/03\/logo_treatwell.png","contentUrl":"https:\/\/www.treatwell.at/treatment-files\/wp-content\/uploads\/sites\/2\/2022\/03\/logo_treatwell.png","width":889,"height":164,"caption":"Treatwell"},"image":{"@id":"https:\/\/www.treatwell.at/treatment-files\/#\/schema\/logo\/image\/"}},{"@type":"Person","@id":"https:\/\/www.treatwell.at/treatment-files\/#\/schema\/person\/869d3f19bdf4203c8e6e97c64e1c3c8e","name":"Isabella Tombinski-robb","image":{"@type":"ImageObject","inLanguage":"de-AT","@id":"https:\/\/secure.gravatar.com\/avatar\/624ce3bd6151d711f02c8c31549c8390027943dc1293e17bf28c136ce4288a80?s=96&d=mm&r=g","url":"https:\/\/secure.gravatar.com\/avatar\/624ce3bd6151d711f02c8c31549c8390027943dc1293e17bf28c136ce4288a80?s=96&d=mm&r=g","contentUrl":"https:\/\/secure.gravatar.com\/avatar\/624ce3bd6151d711f02c8c31549c8390027943dc1293e17bf28c136ce4288a80?s=96&d=mm&r=g","caption":"Isabella Tombinski-robb"},"url":"https:\/\/www.treatwell.at/treatment-files\/author\/isabellatombinskirobb\/"}]}},"featured_image_src":"https:\/\/www.treatwell.at/treatment-files\/wp-content\/uploads\/sites\/2\/2022\/03\/@toniandguyitalia-500x400.png","featured_image_src_square":"https:\/\/www.treatwell.at/treatment-files\/wp-content\/uploads\/sites\/2\/2022\/03\/@toniandguyitalia.png","author_info":{"display_name":"Isabella Tombinski-robb","author_link":"https:\/\/www.treatwell.at/treatment-files\/author\/isabellatombinskirobb\/"},"_links":{"self":[{"href":"https:\/\/www.treatwell.at\/treatment-files\/wp-json\/wp\/v2\/posts\/14920","targetHints":{"allow":["GET"]}}],"collection":[{"href":"https:\/\/www.treatwell.at\/treatment-files\/wp-json\/wp\/v2\/posts"}],"about":[{"href":"https:\/\/www.treatwell.at\/treatment-files\/wp-json\/wp\/v2\/types\/post"}],"author":[{"embeddable":true,"href":"https:\/\/www.treatwell.at\/treatment-files\/wp-json\/wp\/v2\/users\/3318"}],"replies":[{"embeddable":true,"href":"https:\/\/www.treatwell.at\/treatment-files\/wp-json\/wp\/v2\/comments?post=14920"}],"version-history":[{"count":0,"href":"https:\/\/www.treatwell.at\/treatment-files\/wp-json\/wp\/v2\/posts\/14920\/revisions"}],"wp:featuredmedia":[{"embeddable":true,"href":"https:\/\/www.treatwell.at\/treatment-files\/wp-json\/wp\/v2\/media\/14940"}],"wp:attachment":[{"href":"https:\/\/www.treatwell.at\/treatment-files\/wp-json\/wp\/v2\/media?parent=14920"}],"wp:term":[{"taxonomy":"category","embeddable":true,"href":"https:\/\/www.treatwell.at\/treatment-files\/wp-json\/wp\/v2\/categories?post=14920"},{"taxonomy":"post_tag","embeddable":true,"href":"https:\/\/www.treatwell.at\/treatment-files\/wp-json\/wp\/v2\/tags?post=14920"}],"curies":[{"name":"wp","href":"https:\/\/api.w.org\/{rel}","templated":true}]}}