{"id":14955,"date":"2019-02-21T17:18:29","date_gmt":"2019-02-21T16:18:29","guid":{"rendered":"http:\/\/www.treatwell.at\/treatment-files\/?p=14546"},"modified":"2026-01-18T14:28:16","modified_gmt":"2026-01-18T13:28:16","slug":"ode-an-karl-lagerfeld-seine-schonsten-beauty-looks-fur-chanel","status":"publish","type":"post","link":"https:\/\/www.treatwell.at/treatment-files\/ode-an-karl-lagerfeld-seine-schonsten-beauty-looks-fur-chanel\/","title":{"rendered":"Ode an Karl Lagerfeld: Seine sch\u00f6nsten Beauty-Looks f\u00fcr Chanel"},"content":{"rendered":"<p style=\"text-align: justify\"><span style=\"font-weight: 400\">Diese Woche gab\u2019s traurige Nachricht aus Paris: Karl Lagerfeld, Creative Director und Mastermind der Marke Chanel ist im Alter von 85 Jahren verstorben. Seit seiner letzten Pr\u00e4sentation stellte sich uns die Frage, wie es um das Wohlergehen des Designers steht, der am Ende der Show nicht mehr \u00fcber den Laufsteg lief. In den vergangenen Wochen hatte sich die Sorge um Karl Lagerfeld\u2019s Gesundheit gemehrt, da er sich seit einiger Zeit von der Bildfl\u00e4che zur\u00fcckgezogen hatte. W\u00e4hrend wir uns mit einem lachenden und weinenden Auge von der wohl gr\u00f6\u00dften Ikone der Modewelt verabschieden, denken wir an seine sch\u00f6nsten Kreationen in der Beautyszene zur\u00fcck.<\/span><\/p>\n<p style=\"text-align: justify\"><span style=\"font-weight: 400\">Wie zum Beispiel bei einer ikonischen Chanel-Show: <\/span><a href=\"https:\/\/www.vogue.com\/fashion-shows\/fall-2003-ready-to-wear\/chanel\/slideshow\/collection#4\"><span style=\"font-weight: 400\">Die ersten gehighlighteten Wangen<\/span><\/a><span style=\"font-weight: 400\"> stolzieren \u00fcber den Laufsteg als Teil einer Fall\/Winter Kollektion. In einer Zeit w\u00e4hrend Bronzing Puder noch hoch im Kurs war, haben schimmernde Lidschatten und zartrosa Lippen die Beautywelt im Sturm erobert.<\/span><\/p>\n<p style=\"text-align: justify\"><span style=\"font-weight: 400\">Oder als die \u2018girl next door\u201d-\u00c4ra Chanel f\u00fcr eine Spring\/Summer Kollektion inspirierte. <\/span><a href=\"https:\/\/www.vogue.com\/fashion-shows\/spring-2004-ready-to-wear\/chanel\/slideshow\/collection#19\"><span style=\"font-weight: 400\">Peacock-Farben aus den wilden 60er Jahren<\/span><\/a><span style=\"font-weight: 400\"> geben den Ton an und lassen Kleidungsst\u00fccke und Beauty-Looks cool und chic aussehen. Die blaue Mascara hat unter Beautygurus bereits eifrig f\u00fcr Gespr\u00e4chsstoff gesorgt, genauso wie t\u00fcrkiser und blaugr\u00fcner Lidschatten. Chanel wird mutiger in der Kreation: All in all \u2013 fun and wild!<\/span><\/p>\n<p style=\"text-align: justify\"><span style=\"font-weight: 400\">Und nat\u00fcrlich: Chanel\u2019s Deb\u00fct mit einer Kombination aus franz\u00f6sischer Royalty und einem Touch von Karl Lagerfelds Rock-Star Edge. Als Teil einer Fall\/Winter Kollektion sorgte texturierter Lidschatten f\u00fcr Verwirrung und Aufsehen in der Beautyszene. Tragbar oder nicht, war wohl eher die Frage. Die Grundidee dahinter war allerdings das Augen Make-up an die Textur der Handtaschen und Schuhe (das bekannte Tweedmuster) anzupassen. Kreiert wurde der Look ganz einfach aus schwarzen Pigmenten, die im Anschluss auf das Augenlid \u2018gestempelt\u2019 wurden. <\/span><a href=\"https:\/\/www.vogue.com\/fashion-shows\/fall-2010-ready-to-wear\/chanel\/slideshow\/details#2\"><span style=\"font-weight: 400\">Auftoupierte Haare<\/span><\/a><span style=\"font-weight: 400\"> haben den punkigen und dennoch eleganten Beauty-Look der Models erg\u00e4nzt.\u00a0<\/span><span style=\"font-weight: 400\">Wie dir aber bereits dein Chanel-Erinnerungsverm\u00f6gen offenbart hat, war das noch l\u00e4ngst nicht alles (denn es gibt noch jede Menge mehr). Deshalb haben wir die bekanntesten Beauty-Looks zusammengesucht, die uns f\u00fcr immer in Erinnerung bleiben werden. Karl is gone, but his legend lives on!<\/span><\/p>\n<p style=\"text-align: justify\">\n<div class=\"schema-faq wp-block-yoast-faq-block\">\n<div class=\"schema-faq-section\" id=\"faq-question-1768742597492\">\n<h3 class=\"schema-faq-question\">Welche Beauty-Looks haben Chanel-Shows besonders gepr\u00e4gt?<\/h3>\n<p class=\"schema-faq-answer\">Schimmernde Lidschatten, zartrosa Lippen und gehighlightete Wangen geh\u00f6ren zu den auff\u00e4lligsten Chanel-Looks. Auch texturierter Lidschatten und Peacock-Farben aus den 60er Jahren wirken wegweisend und lassen die Kreationen cool und chic erscheinen.<\/div>\n<div class=\"schema-faq-section\" id=\"faq-question-1768742597493\">\n<h3 class=\"schema-faq-question\">Wie wurde das Augen-Make-up an Tweedmuster angepasst?<\/h3>\n<p class=\"schema-faq-answer\">Texturierter Lidschatten wird durch schwarze Pigmente erzeugt, die auf das Augenlid gestempelt werden. Dieser Look nimmt die Struktur von Handtaschen und Schuhen auf und setzt damit einen ungew\u00f6hnlichen \u00e4sthetischen Akzent.<\/div>\n<div class=\"schema-faq-section\" id=\"faq-question-1768742597494\">\n<h3 class=\"schema-faq-question\">Wann wurden blaue Mascara und bunte Lidschatten bei Chanel auff\u00e4llig?<\/h3>\n<p class=\"schema-faq-answer\">W\u00e4hrend einer Spring\/Summer Kollektion pr\u00e4gte blaue Mascara gemeinsam mit t\u00fcrkisem und blaugr\u00fcnem Lidschatten auff\u00e4llige Looks. Inspiriert von den wilden 60er Jahren, ziehen diese Farben die Blicke auf sich und gelten als mutiges Statement.<\/div>\n<div class=\"schema-faq-section\" id=\"faq-question-1768742597495\">\n<h3 class=\"schema-faq-question\">Warum gelten Karl Lagerfelds Chanel-Looks als legend\u00e4r in der Beautyszene?<\/h3>\n<p class=\"schema-faq-answer\">Seine Kreationen verbinden franz\u00f6sische Royalty mit Rock-Star-Einfl\u00fcssen und glamour\u00f6sen Beauty-Highlights. Besonders das Experimentieren mit neuen Texturen und auff\u00e4lligen Farben pr\u00e4gt die Erinnerung an seine Shows bis heute.<\/div>\n<div class=\"schema-faq-section\" id=\"faq-question-1768742597496\">\n<h3 class=\"schema-faq-question\">Wie haben auftoupierte Haare den Chanel-Beauty-Look erg\u00e4nzt?<\/h3>\n<p class=\"schema-faq-answer\">Auftoupierte Haare verst\u00e4rken den punkigen und zugleich eleganten Eindruck der Models. Diese Frisuren begleiten auff\u00e4lliges Make-up und sorgen f\u00fcr einen stimmigen Gesamtlook auf dem Laufsteg.<\/div>\n<\/p><\/div>\n","protected":false},"excerpt":{"rendered":"<p>Diese Woche gab\u2019s traurige Nachricht aus Paris: Karl Lagerfeld, Creative Director und Mastermind der Marke Chanel ist im Alter von 85 Jahren verstorben. Seit seiner letzten Pr\u00e4sentation stellte sich uns die Frage, wie es um das Wohlergehen des Designers steht, der am Ende der Show nicht mehr \u00fcber den Laufsteg lief. In den vergangenen Wochen [&hellip;]<\/p>\n","protected":false},"author":3318,"featured_media":14970,"comment_status":"closed","ping_status":"closed","sticky":false,"template":"","format":"standard","meta":{"_acf_changed":false,"_yoast_wpseo_title":"Ode an Karl Lagerfeld: Seine sch\u00f6nsten Beauty-Looks f\u00fcr Chanel - Treatwell","_yoast_wpseo_metadesc":"Heute Morgen gab\u2019s traurige Nachricht aus Paris: Karl Lagerfeld, Creative Director und Mastermind der Marke Chanel ist im Alter von 85 Jahren verstorben.","_genesis_hide_title":false,"_genesis_hide_breadcrumbs":false,"_genesis_hide_singular_image":false,"_genesis_hide_footer_widgets":false,"_genesis_custom_body_class":"","_genesis_custom_post_class":"","_genesis_layout":"","saswp_custom_schema_field":"{\"@context\":\"https:\/\/schema.org\",\"@type\":\"FAQPage\",\"mainEntity\":[{\"@type\":\"Question\",\"name\":\"Welche Beauty-Looks haben Chanel-Shows besonders gepr\u00e4gt?\",\"acceptedAnswer\":{\"@type\":\"Answer\",\"text\":\"Schimmernde Lidschatten, zartrosa Lippen und gehighlightete Wangen geh\u00f6ren zu den auff\u00e4lligsten Chanel-Looks. Auch texturierter Lidschatten und Peacock-Farben aus den 60er Jahren wirken wegweisend und lassen die Kreationen cool und chic erscheinen.\"}},{\"@type\":\"Question\",\"name\":\"Wie wurde das Augen-Make-up an Tweedmuster angepasst?\",\"acceptedAnswer\":{\"@type\":\"Answer\",\"text\":\"Texturierter Lidschatten wird durch schwarze Pigmente erzeugt, die auf das Augenlid gestempelt werden. Dieser Look nimmt die Struktur von Handtaschen und Schuhen auf und setzt damit einen ungew\u00f6hnlichen \u00e4sthetischen Akzent.\"}},{\"@type\":\"Question\",\"name\":\"Wann wurden blaue Mascara und bunte Lidschatten bei Chanel auff\u00e4llig?\",\"acceptedAnswer\":{\"@type\":\"Answer\",\"text\":\"W\u00e4hrend einer Spring\/Summer Kollektion pr\u00e4gte blaue Mascara gemeinsam mit t\u00fcrkisem und blaugr\u00fcnem Lidschatten auff\u00e4llige Looks. Inspiriert von den wilden 60er Jahren, ziehen diese Farben die Blicke auf sich und gelten als mutiges Statement.\"}},{\"@type\":\"Question\",\"name\":\"Warum gelten Karl Lagerfelds Chanel-Looks als legend\u00e4r in der Beautyszene?\",\"acceptedAnswer\":{\"@type\":\"Answer\",\"text\":\"Seine Kreationen verbinden franz\u00f6sische Royalty mit Rock-Star-Einfl\u00fcssen und glamour\u00f6sen Beauty-Highlights. Besonders das Experimentieren mit neuen Texturen und auff\u00e4lligen Farben pr\u00e4gt die Erinnerung an seine Shows bis heute.\"}},{\"@type\":\"Question\",\"name\":\"Wie haben auftoupierte Haare den Chanel-Beauty-Look erg\u00e4nzt?\",\"acceptedAnswer\":{\"@type\":\"Answer\",\"text\":\"Auftoupierte Haare verst\u00e4rken den punkigen und zugleich eleganten Eindruck der Models. Diese Frisuren begleiten auff\u00e4lliges Make-up und sorgen f\u00fcr einen stimmigen Gesamtlook auf dem Laufsteg.\"}}]}","footnotes":""},"categories":[2],"tags":[41],"class_list":{"0":"post-14955","1":"post","2":"type-post","3":"status-publish","4":"format-standard","5":"has-post-thumbnail","7":"category-trends","8":"tag-tr212","9":"entry"},"acf":{"post_credits":"Bildrechte: Shutterstock: Hero, 3,5,8,9,10,11,12,13 Instagram: 1: @curvycaravan, 2: @frenchfripes, 4: @lurobbie, 6: @sprinkesofvogue, 7: @everythingcocochanel","beauty_blog_post_button_title":"","beauty_blog_post_button":"","landscape_picture":14969,"blocks":[{"block_title":"","block_content":"","video_content":"","block_picture":14956},{"block_title":"","block_content":"","video_content":"","block_picture":14957},{"block_title":"","block_content":"","video_content":"","block_picture":14958},{"block_title":"","block_content":"","video_content":"","block_picture":14959},{"block_title":"","block_content":"","video_content":"","block_picture":14960},{"block_title":"","block_content":"","video_content":"","block_picture":14961},{"block_title":"","block_content":"","video_content":"","block_picture":14962},{"block_title":"","block_content":"","video_content":"","block_picture":14963},{"block_title":"","block_content":"","video_content":"","block_picture":14964},{"block_title":"","block_content":"","video_content":"","block_picture":14965},{"block_title":"","block_content":"","video_content":"","block_picture":14966},{"block_title":"","block_content":"","video_content":"","block_picture":14967},{"block_title":"","block_content":"","video_content":"","block_picture":14968}]},"yoast_head":"<!-- This site is optimized with the Yoast SEO plugin v27.5 - https:\/\/yoast.com\/product\/yoast-seo-wordpress\/ -->\n<title>Ode an Karl Lagerfeld: Seine sch\u00f6nsten Beauty-Looks f\u00fcr Chanel - Treatwell<\/title>\n<meta name=\"description\" content=\"Heute Morgen gab\u2019s traurige Nachricht aus Paris: Karl Lagerfeld, Creative Director und Mastermind der Marke Chanel ist im Alter von 85 Jahren verstorben.\" \/>\n<meta name=\"robots\" content=\"index, follow, max-snippet:-1, max-image-preview:large, max-video-preview:-1\" \/>\n<link rel=\"canonical\" href=\"https:\/\/www.treatwell.at/treatment-files\/ode-an-karl-lagerfeld-seine-schonsten-beauty-looks-fur-chanel\/\" \/>\n<meta property=\"og:locale\" content=\"de_DE\" \/>\n<meta property=\"og:type\" content=\"article\" \/>\n<meta property=\"og:title\" content=\"Ode an Karl Lagerfeld: Seine sch\u00f6nsten Beauty-Looks f\u00fcr Chanel - Treatwell\" \/>\n<meta property=\"og:description\" content=\"Heute Morgen gab\u2019s traurige Nachricht aus Paris: Karl Lagerfeld, Creative Director und Mastermind der Marke Chanel ist im Alter von 85 Jahren verstorben.\" \/>\n<meta property=\"og:url\" content=\"https:\/\/www.treatwell.at/treatment-files\/ode-an-karl-lagerfeld-seine-schonsten-beauty-looks-fur-chanel\/\" \/>\n<meta property=\"og:site_name\" content=\"The Treatment Files Blog\" \/>\n<meta property=\"article:published_time\" content=\"2019-02-21T16:18:29+00:00\" \/>\n<meta property=\"article:modified_time\" content=\"2026-01-18T13:28:16+00:00\" \/>\n<meta property=\"og:image\" content=\"https:\/\/www.treatwell.at/treatment-files\/wp-content\/uploads\/sites\/2\/2022\/03\/Chanel-Featured.png\" \/>\n\t<meta property=\"og:image:width\" content=\"500\" \/>\n\t<meta property=\"og:image:height\" content=\"500\" \/>\n\t<meta property=\"og:image:type\" content=\"image\/png\" \/>\n<meta name=\"author\" content=\"Isabella Tombinski-robb\" \/>\n<meta name=\"twitter:card\" content=\"summary_large_image\" \/>\n<meta name=\"twitter:label1\" content=\"Verfasst von\" \/>\n\t<meta name=\"twitter:data1\" content=\"Isabella Tombinski-robb\" \/>\n\t<meta name=\"twitter:label2\" content=\"Gesch\u00e4tzte Lesezeit\" \/>\n\t<meta name=\"twitter:data2\" content=\"3 Minuten\" \/>\n<script type=\"application\/ld+json\" class=\"yoast-schema-graph\">{\"@context\":\"https:\\\/\\\/schema.org\",\"@graph\":[{\"@type\":\"Article\",\"@id\":\"https:\\\/\\\/www.treatwell.at/treatment-files\\\/ode-an-karl-lagerfeld-seine-schonsten-beauty-looks-fur-chanel\\\/#article\",\"isPartOf\":{\"@id\":\"https:\\\/\\\/www.treatwell.at/treatment-files\\\/ode-an-karl-lagerfeld-seine-schonsten-beauty-looks-fur-chanel\\\/\"},\"author\":{\"name\":\"Isabella Tombinski-robb\",\"@id\":\"https:\\\/\\\/www.treatwell.at/treatment-files\\\/#\\\/schema\\\/person\\\/869d3f19bdf4203c8e6e97c64e1c3c8e\"},\"headline\":\"Ode an Karl Lagerfeld: Seine sch\u00f6nsten Beauty-Looks f\u00fcr Chanel\",\"datePublished\":\"2019-02-21T16:18:29+00:00\",\"dateModified\":\"2026-01-18T13:28:16+00:00\",\"mainEntityOfPage\":{\"@id\":\"https:\\\/\\\/www.treatwell.at/treatment-files\\\/ode-an-karl-lagerfeld-seine-schonsten-beauty-looks-fur-chanel\\\/\"},\"wordCount\":584,\"publisher\":{\"@id\":\"https:\\\/\\\/www.treatwell.at/treatment-files\\\/#organization\"},\"image\":{\"@id\":\"https:\\\/\\\/www.treatwell.at/treatment-files\\\/ode-an-karl-lagerfeld-seine-schonsten-beauty-looks-fur-chanel\\\/#primaryimage\"},\"thumbnailUrl\":\"https:\\\/\\\/www.treatwell.at/treatment-files\\\/wp-content\\\/uploads\\\/sites\\\/2\\\/2022\\\/03\\\/Chanel-Featured.png\",\"keywords\":[\"Makeup\"],\"articleSection\":[\"Trends\"],\"inLanguage\":\"de-AT\"},{\"@type\":\"WebPage\",\"@id\":\"https:\\\/\\\/www.treatwell.at/treatment-files\\\/ode-an-karl-lagerfeld-seine-schonsten-beauty-looks-fur-chanel\\\/\",\"url\":\"https:\\\/\\\/www.treatwell.at/treatment-files\\\/ode-an-karl-lagerfeld-seine-schonsten-beauty-looks-fur-chanel\\\/\",\"name\":\"Ode an Karl Lagerfeld: Seine sch\u00f6nsten Beauty-Looks f\u00fcr Chanel - Treatwell\",\"isPartOf\":{\"@id\":\"https:\\\/\\\/www.treatwell.at/treatment-files\\\/#website\"},\"primaryImageOfPage\":{\"@id\":\"https:\\\/\\\/www.treatwell.at/treatment-files\\\/ode-an-karl-lagerfeld-seine-schonsten-beauty-looks-fur-chanel\\\/#primaryimage\"},\"image\":{\"@id\":\"https:\\\/\\\/www.treatwell.at/treatment-files\\\/ode-an-karl-lagerfeld-seine-schonsten-beauty-looks-fur-chanel\\\/#primaryimage\"},\"thumbnailUrl\":\"https:\\\/\\\/www.treatwell.at/treatment-files\\\/wp-content\\\/uploads\\\/sites\\\/2\\\/2022\\\/03\\\/Chanel-Featured.png\",\"datePublished\":\"2019-02-21T16:18:29+00:00\",\"dateModified\":\"2026-01-18T13:28:16+00:00\",\"description\":\"Heute Morgen gab\u2019s traurige Nachricht aus Paris: Karl Lagerfeld, Creative Director und Mastermind der Marke Chanel ist im Alter von 85 Jahren verstorben.\",\"breadcrumb\":{\"@id\":\"https:\\\/\\\/www.treatwell.at/treatment-files\\\/ode-an-karl-lagerfeld-seine-schonsten-beauty-looks-fur-chanel\\\/#breadcrumb\"},\"inLanguage\":\"de-AT\",\"potentialAction\":[{\"@type\":\"ReadAction\",\"target\":[\"https:\\\/\\\/www.treatwell.at/treatment-files\\\/ode-an-karl-lagerfeld-seine-schonsten-beauty-looks-fur-chanel\\\/\"]}]},{\"@type\":\"ImageObject\",\"inLanguage\":\"de-AT\",\"@id\":\"https:\\\/\\\/www.treatwell.at/treatment-files\\\/ode-an-karl-lagerfeld-seine-schonsten-beauty-looks-fur-chanel\\\/#primaryimage\",\"url\":\"https:\\\/\\\/www.treatwell.at/treatment-files\\\/wp-content\\\/uploads\\\/sites\\\/2\\\/2022\\\/03\\\/Chanel-Featured.png\",\"contentUrl\":\"https:\\\/\\\/www.treatwell.at/treatment-files\\\/wp-content\\\/uploads\\\/sites\\\/2\\\/2022\\\/03\\\/Chanel-Featured.png\",\"width\":500,\"height\":500},{\"@type\":\"BreadcrumbList\",\"@id\":\"https:\\\/\\\/www.treatwell.at/treatment-files\\\/ode-an-karl-lagerfeld-seine-schonsten-beauty-looks-fur-chanel\\\/#breadcrumb\",\"itemListElement\":[{\"@type\":\"ListItem\",\"position\":1,\"name\":\"Home\",\"item\":\"https:\\\/\\\/www.treatwell.at/treatment-files\\\/\"},{\"@type\":\"ListItem\",\"position\":2,\"name\":\"Trends\",\"item\":\"https:\\\/\\\/www.treatwell.at/treatment-files\\\/trends\\\/\"},{\"@type\":\"ListItem\",\"position\":3,\"name\":\"Ode an Karl Lagerfeld: Seine sch\u00f6nsten Beauty-Looks f\u00fcr Chanel\"}]},{\"@type\":\"WebSite\",\"@id\":\"https:\\\/\\\/www.treatwell.at/treatment-files\\\/#website\",\"url\":\"https:\\\/\\\/www.treatwell.at/treatment-files\\\/\",\"name\":\"The Treatment Files Blog\",\"description\":\"Beauty entdecken. Beauty erleben.\",\"publisher\":{\"@id\":\"https:\\\/\\\/www.treatwell.at/treatment-files\\\/#organization\"},\"potentialAction\":[{\"@type\":\"SearchAction\",\"target\":{\"@type\":\"EntryPoint\",\"urlTemplate\":\"https:\\\/\\\/www.treatwell.at/treatment-files\\\/?s={search_term_string}\"},\"query-input\":{\"@type\":\"PropertyValueSpecification\",\"valueRequired\":true,\"valueName\":\"search_term_string\"}}],\"inLanguage\":\"de-AT\"},{\"@type\":\"Organization\",\"@id\":\"https:\\\/\\\/www.treatwell.at/treatment-files\\\/#organization\",\"name\":\"Treatwell\",\"url\":\"https:\\\/\\\/www.treatwell.at/treatment-files\\\/\",\"logo\":{\"@type\":\"ImageObject\",\"inLanguage\":\"de-AT\",\"@id\":\"https:\\\/\\\/www.treatwell.at/treatment-files\\\/#\\\/schema\\\/logo\\\/image\\\/\",\"url\":\"https:\\\/\\\/www.treatwell.at/treatment-files\\\/wp-content\\\/uploads\\\/sites\\\/2\\\/2022\\\/03\\\/logo_treatwell.png\",\"contentUrl\":\"https:\\\/\\\/www.treatwell.at/treatment-files\\\/wp-content\\\/uploads\\\/sites\\\/2\\\/2022\\\/03\\\/logo_treatwell.png\",\"width\":889,\"height\":164,\"caption\":\"Treatwell\"},\"image\":{\"@id\":\"https:\\\/\\\/www.treatwell.at/treatment-files\\\/#\\\/schema\\\/logo\\\/image\\\/\"}},{\"@type\":\"Person\",\"@id\":\"https:\\\/\\\/www.treatwell.at/treatment-files\\\/#\\\/schema\\\/person\\\/869d3f19bdf4203c8e6e97c64e1c3c8e\",\"name\":\"Isabella Tombinski-robb\",\"image\":{\"@type\":\"ImageObject\",\"inLanguage\":\"de-AT\",\"@id\":\"https:\\\/\\\/secure.gravatar.com\\\/avatar\\\/624ce3bd6151d711f02c8c31549c8390027943dc1293e17bf28c136ce4288a80?s=96&d=mm&r=g\",\"url\":\"https:\\\/\\\/secure.gravatar.com\\\/avatar\\\/624ce3bd6151d711f02c8c31549c8390027943dc1293e17bf28c136ce4288a80?s=96&d=mm&r=g\",\"contentUrl\":\"https:\\\/\\\/secure.gravatar.com\\\/avatar\\\/624ce3bd6151d711f02c8c31549c8390027943dc1293e17bf28c136ce4288a80?s=96&d=mm&r=g\",\"caption\":\"Isabella Tombinski-robb\"},\"url\":\"https:\\\/\\\/www.treatwell.at/treatment-files\\\/author\\\/isabellatombinskirobb\\\/\"}]}<\/script>\n<!-- \/ Yoast SEO plugin. -->","yoast_head_json":{"title":"Ode an Karl Lagerfeld: Seine sch\u00f6nsten Beauty-Looks f\u00fcr Chanel - Treatwell","description":"Heute Morgen gab\u2019s traurige Nachricht aus Paris: Karl Lagerfeld, Creative Director und Mastermind der Marke Chanel ist im Alter von 85 Jahren verstorben.","robots":{"index":"index","follow":"follow","max-snippet":"max-snippet:-1","max-image-preview":"max-image-preview:large","max-video-preview":"max-video-preview:-1"},"canonical":"https:\/\/www.treatwell.at/treatment-files\/ode-an-karl-lagerfeld-seine-schonsten-beauty-looks-fur-chanel\/","og_locale":"de_DE","og_type":"article","og_title":"Ode an Karl Lagerfeld: Seine sch\u00f6nsten Beauty-Looks f\u00fcr Chanel - Treatwell","og_description":"Heute Morgen gab\u2019s traurige Nachricht aus Paris: Karl Lagerfeld, Creative Director und Mastermind der Marke Chanel ist im Alter von 85 Jahren verstorben.","og_url":"https:\/\/www.treatwell.at/treatment-files\/ode-an-karl-lagerfeld-seine-schonsten-beauty-looks-fur-chanel\/","og_site_name":"The Treatment Files Blog","article_published_time":"2019-02-21T16:18:29+00:00","article_modified_time":"2026-01-18T13:28:16+00:00","og_image":[{"width":500,"height":500,"url":"https:\/\/www.treatwell.at/treatment-files\/wp-content\/uploads\/sites\/2\/2022\/03\/Chanel-Featured.png","type":"image\/png"}],"author":"Isabella Tombinski-robb","twitter_card":"summary_large_image","twitter_misc":{"Verfasst von":"Isabella Tombinski-robb","Gesch\u00e4tzte Lesezeit":"3 Minuten"},"schema":{"@context":"https:\/\/schema.org","@graph":[{"@type":"Article","@id":"https:\/\/www.treatwell.at/treatment-files\/ode-an-karl-lagerfeld-seine-schonsten-beauty-looks-fur-chanel\/#article","isPartOf":{"@id":"https:\/\/www.treatwell.at/treatment-files\/ode-an-karl-lagerfeld-seine-schonsten-beauty-looks-fur-chanel\/"},"author":{"name":"Isabella Tombinski-robb","@id":"https:\/\/www.treatwell.at/treatment-files\/#\/schema\/person\/869d3f19bdf4203c8e6e97c64e1c3c8e"},"headline":"Ode an Karl Lagerfeld: Seine sch\u00f6nsten Beauty-Looks f\u00fcr Chanel","datePublished":"2019-02-21T16:18:29+00:00","dateModified":"2026-01-18T13:28:16+00:00","mainEntityOfPage":{"@id":"https:\/\/www.treatwell.at/treatment-files\/ode-an-karl-lagerfeld-seine-schonsten-beauty-looks-fur-chanel\/"},"wordCount":584,"publisher":{"@id":"https:\/\/www.treatwell.at/treatment-files\/#organization"},"image":{"@id":"https:\/\/www.treatwell.at/treatment-files\/ode-an-karl-lagerfeld-seine-schonsten-beauty-looks-fur-chanel\/#primaryimage"},"thumbnailUrl":"https:\/\/www.treatwell.at/treatment-files\/wp-content\/uploads\/sites\/2\/2022\/03\/Chanel-Featured.png","keywords":["Makeup"],"articleSection":["Trends"],"inLanguage":"de-AT"},{"@type":"WebPage","@id":"https:\/\/www.treatwell.at/treatment-files\/ode-an-karl-lagerfeld-seine-schonsten-beauty-looks-fur-chanel\/","url":"https:\/\/www.treatwell.at/treatment-files\/ode-an-karl-lagerfeld-seine-schonsten-beauty-looks-fur-chanel\/","name":"Ode an Karl Lagerfeld: Seine sch\u00f6nsten Beauty-Looks f\u00fcr Chanel - Treatwell","isPartOf":{"@id":"https:\/\/www.treatwell.at/treatment-files\/#website"},"primaryImageOfPage":{"@id":"https:\/\/www.treatwell.at/treatment-files\/ode-an-karl-lagerfeld-seine-schonsten-beauty-looks-fur-chanel\/#primaryimage"},"image":{"@id":"https:\/\/www.treatwell.at/treatment-files\/ode-an-karl-lagerfeld-seine-schonsten-beauty-looks-fur-chanel\/#primaryimage"},"thumbnailUrl":"https:\/\/www.treatwell.at/treatment-files\/wp-content\/uploads\/sites\/2\/2022\/03\/Chanel-Featured.png","datePublished":"2019-02-21T16:18:29+00:00","dateModified":"2026-01-18T13:28:16+00:00","description":"Heute Morgen gab\u2019s traurige Nachricht aus Paris: Karl Lagerfeld, Creative Director und Mastermind der Marke Chanel ist im Alter von 85 Jahren verstorben.","breadcrumb":{"@id":"https:\/\/www.treatwell.at/treatment-files\/ode-an-karl-lagerfeld-seine-schonsten-beauty-looks-fur-chanel\/#breadcrumb"},"inLanguage":"de-AT","potentialAction":[{"@type":"ReadAction","target":["https:\/\/www.treatwell.at/treatment-files\/ode-an-karl-lagerfeld-seine-schonsten-beauty-looks-fur-chanel\/"]}]},{"@type":"ImageObject","inLanguage":"de-AT","@id":"https:\/\/www.treatwell.at/treatment-files\/ode-an-karl-lagerfeld-seine-schonsten-beauty-looks-fur-chanel\/#primaryimage","url":"https:\/\/www.treatwell.at/treatment-files\/wp-content\/uploads\/sites\/2\/2022\/03\/Chanel-Featured.png","contentUrl":"https:\/\/www.treatwell.at/treatment-files\/wp-content\/uploads\/sites\/2\/2022\/03\/Chanel-Featured.png","width":500,"height":500},{"@type":"BreadcrumbList","@id":"https:\/\/www.treatwell.at/treatment-files\/ode-an-karl-lagerfeld-seine-schonsten-beauty-looks-fur-chanel\/#breadcrumb","itemListElement":[{"@type":"ListItem","position":1,"name":"Home","item":"https:\/\/www.treatwell.at/treatment-files\/"},{"@type":"ListItem","position":2,"name":"Trends","item":"https:\/\/www.treatwell.at/treatment-files\/trends\/"},{"@type":"ListItem","position":3,"name":"Ode an Karl Lagerfeld: Seine sch\u00f6nsten Beauty-Looks f\u00fcr Chanel"}]},{"@type":"WebSite","@id":"https:\/\/www.treatwell.at/treatment-files\/#website","url":"https:\/\/www.treatwell.at/treatment-files\/","name":"The Treatment Files Blog","description":"Beauty entdecken. Beauty erleben.","publisher":{"@id":"https:\/\/www.treatwell.at/treatment-files\/#organization"},"potentialAction":[{"@type":"SearchAction","target":{"@type":"EntryPoint","urlTemplate":"https:\/\/www.treatwell.at/treatment-files\/?s={search_term_string}"},"query-input":{"@type":"PropertyValueSpecification","valueRequired":true,"valueName":"search_term_string"}}],"inLanguage":"de-AT"},{"@type":"Organization","@id":"https:\/\/www.treatwell.at/treatment-files\/#organization","name":"Treatwell","url":"https:\/\/www.treatwell.at/treatment-files\/","logo":{"@type":"ImageObject","inLanguage":"de-AT","@id":"https:\/\/www.treatwell.at/treatment-files\/#\/schema\/logo\/image\/","url":"https:\/\/www.treatwell.at/treatment-files\/wp-content\/uploads\/sites\/2\/2022\/03\/logo_treatwell.png","contentUrl":"https:\/\/www.treatwell.at/treatment-files\/wp-content\/uploads\/sites\/2\/2022\/03\/logo_treatwell.png","width":889,"height":164,"caption":"Treatwell"},"image":{"@id":"https:\/\/www.treatwell.at/treatment-files\/#\/schema\/logo\/image\/"}},{"@type":"Person","@id":"https:\/\/www.treatwell.at/treatment-files\/#\/schema\/person\/869d3f19bdf4203c8e6e97c64e1c3c8e","name":"Isabella Tombinski-robb","image":{"@type":"ImageObject","inLanguage":"de-AT","@id":"https:\/\/secure.gravatar.com\/avatar\/624ce3bd6151d711f02c8c31549c8390027943dc1293e17bf28c136ce4288a80?s=96&d=mm&r=g","url":"https:\/\/secure.gravatar.com\/avatar\/624ce3bd6151d711f02c8c31549c8390027943dc1293e17bf28c136ce4288a80?s=96&d=mm&r=g","contentUrl":"https:\/\/secure.gravatar.com\/avatar\/624ce3bd6151d711f02c8c31549c8390027943dc1293e17bf28c136ce4288a80?s=96&d=mm&r=g","caption":"Isabella Tombinski-robb"},"url":"https:\/\/www.treatwell.at/treatment-files\/author\/isabellatombinskirobb\/"}]}},"featured_image_src":"https:\/\/www.treatwell.at/treatment-files\/wp-content\/uploads\/sites\/2\/2022\/03\/Chanel-Featured-500x400.png","featured_image_src_square":"https:\/\/www.treatwell.at/treatment-files\/wp-content\/uploads\/sites\/2\/2022\/03\/Chanel-Featured.png","author_info":{"display_name":"Isabella Tombinski-robb","author_link":"https:\/\/www.treatwell.at/treatment-files\/author\/isabellatombinskirobb\/"},"_links":{"self":[{"href":"https:\/\/www.treatwell.at\/treatment-files\/wp-json\/wp\/v2\/posts\/14955","targetHints":{"allow":["GET"]}}],"collection":[{"href":"https:\/\/www.treatwell.at\/treatment-files\/wp-json\/wp\/v2\/posts"}],"about":[{"href":"https:\/\/www.treatwell.at\/treatment-files\/wp-json\/wp\/v2\/types\/post"}],"author":[{"embeddable":true,"href":"https:\/\/www.treatwell.at\/treatment-files\/wp-json\/wp\/v2\/users\/3318"}],"replies":[{"embeddable":true,"href":"https:\/\/www.treatwell.at\/treatment-files\/wp-json\/wp\/v2\/comments?post=14955"}],"version-history":[{"count":0,"href":"https:\/\/www.treatwell.at\/treatment-files\/wp-json\/wp\/v2\/posts\/14955\/revisions"}],"wp:featuredmedia":[{"embeddable":true,"href":"https:\/\/www.treatwell.at\/treatment-files\/wp-json\/wp\/v2\/media\/14970"}],"wp:attachment":[{"href":"https:\/\/www.treatwell.at\/treatment-files\/wp-json\/wp\/v2\/media?parent=14955"}],"wp:term":[{"taxonomy":"category","embeddable":true,"href":"https:\/\/www.treatwell.at\/treatment-files\/wp-json\/wp\/v2\/categories?post=14955"},{"taxonomy":"post_tag","embeddable":true,"href":"https:\/\/www.treatwell.at\/treatment-files\/wp-json\/wp\/v2\/tags?post=14955"}],"curies":[{"name":"wp","href":"https:\/\/api.w.org\/{rel}","templated":true}]}}