{"id":14971,"date":"2019-02-25T17:42:10","date_gmt":"2019-02-25T16:42:10","guid":{"rendered":"http:\/\/www.treatwell.at\/treatment-files\/?p=14591"},"modified":"2026-01-18T14:28:17","modified_gmt":"2026-01-18T13:28:17","slug":"ballerina-nails-15-grunde-warum-pastellrosa-die-farbe-fur-den-fruhling-ist","status":"publish","type":"post","link":"https:\/\/www.treatwell.at/treatment-files\/ballerina-nails-15-grunde-warum-pastellrosa-die-farbe-fur-den-fruhling-ist\/","title":{"rendered":"Ballerina Nails: 15 Gr\u00fcnde warum Pastellrosa die Farbe f\u00fcr den Fr\u00fchling ist"},"content":{"rendered":"<p style=\"text-align: justify\">Obwohl wir die Sonne \u00f6fters zu sehen kriegen, als gedacht, bringt uns das spontan in Fr\u00fchlingsstimmung. Auf Instagram findet man zahlreiche Accounts, die sich mit den neuesten Nailart-Kreationen auseinandersetzen: Polka Dot, Pastellfarben, Matt-Looks und vieles mehr. Die Auswahl ist gro\u00df und je nach Mood und Laune ist f\u00fcr jeden was dabei, wenn es darum geht die Fingerspitzen in Szene zu setzen. Mit dem Fr\u00fchling stehen dann auch wieder die ersten Hochzeiten, Geburtstage und Feiern an. Deshalb sind Ballerina Nails unsere Alltime Favoriten, vor allem dann wenn man ein Fan von \u2018weniger ist mehr\u2019 ist. Damit dann auch alles stimmig mit dem Outfit ist, tippen wir auf zarte Nuancen wie Nude-Ros\u00e9 bis Pastellrosa. Diese Nagellackt\u00f6ne eignen sich perfekt f\u00fcr die anstehenden Fr\u00fchlingstage und bringen deine Fingerspitzen zum Gl\u00e4nzen.<\/p>\n<div class=\"schema-faq wp-block-yoast-faq-block\">\n<div class=\"schema-faq-section\" id=\"faq-question-1768742593275\">\n<h3 class=\"schema-faq-question\">Welche Nail-Art Trends passen zum Fr\u00fchling?<\/h3>\n<p class=\"schema-faq-answer\">Pastellfarben, Polka Dot Muster und Matt-Looks pr\u00e4gen den Fr\u00fchlingstrend bei Nails. Diese Designs sorgen f\u00fcr auff\u00e4llige und dennoch sanfte Akzente, die ideal zum Fr\u00fchlingsgef\u00fchl passen.<\/div>\n<div class=\"schema-faq-section\" id=\"faq-question-1768742593276\">\n<h3 class=\"schema-faq-question\">Was macht Ballerina Nails besonders beliebt f\u00fcr Feiern?<\/h3>\n<p class=\"schema-faq-answer\">Ballerina Nails wirken dezent und stilvoll, wodurch sie sich perfekt f\u00fcr Hochzeiten, Geburtstage und andere Feiern eignen. Die Form betont deine Fingerspitzen und unterstreicht ein elegantes Gesamterscheinungsbild.<\/div>\n<div class=\"schema-faq-section\" id=\"faq-question-1768742593277\">\n<h3 class=\"schema-faq-question\">Welche Nagellackt\u00f6ne empfehlen sich f\u00fcr die kommende Saison?<\/h3>\n<p class=\"schema-faq-answer\">Zarte Nuancen wie Nude-Ros\u00e9 bis Pastellrosa passen hervorragend zur Fr\u00fchlingssaison. Solche Farben bringen deine Fingerspitzen zum Gl\u00e4nzen und harmonieren mit verschiedensten Outfits.<\/div>\n<div class=\"schema-faq-section\" id=\"faq-question-1768742593278\">\n<h3 class=\"schema-faq-question\">Warum eignen sich dezente Farben f\u00fcr den Alltagslook?<\/h3>\n<p class=\"schema-faq-answer\">Dezente Farben wie Nude- oder Pastellt\u00f6ne wirken unaufdringlich und lassen sich einfach mit deinem Outfit kombinieren. Sie unterstreichen einen nat\u00fcrlichen, gepflegten Look, ohne zu dominant zu wirken.<\/div>\n<\/p><\/div>\n","protected":false},"excerpt":{"rendered":"<p>Obwohl wir die Sonne \u00f6fters zu sehen kriegen, als gedacht, bringt uns das spontan in Fr\u00fchlingsstimmung. Auf Instagram findet man zahlreiche Accounts, die sich mit den neuesten Nailart-Kreationen auseinandersetzen: Polka Dot, Pastellfarben, Matt-Looks und vieles mehr. Die Auswahl ist gro\u00df und je nach Mood und Laune ist f\u00fcr jeden was dabei, wenn es darum geht [&hellip;]<\/p>\n","protected":false},"author":3318,"featured_media":14988,"comment_status":"closed","ping_status":"closed","sticky":false,"template":"","format":"standard","meta":{"_acf_changed":false,"_yoast_wpseo_title":"Ballerina Nails: 15 Gr\u00fcnde warum Pastellrosa die Farbe f\u00fcr den Fr\u00fchling ist - Treatwell","_yoast_wpseo_metadesc":"Mit dem Fr\u00fchling stehen dann auch wieder die ersten Hochzeiten, Geburtstage und Feiern an. Deshalb sind Ballerina Nails unsere Alltime Favoriten, vor allem dann wenn man ein Fan von \u2018weniger ist mehr\u2019 ist.","_genesis_hide_title":false,"_genesis_hide_breadcrumbs":false,"_genesis_hide_singular_image":false,"_genesis_hide_footer_widgets":false,"_genesis_custom_body_class":"","_genesis_custom_post_class":"","_genesis_layout":"","saswp_custom_schema_field":"{\"@context\":\"https:\/\/schema.org\",\"@type\":\"FAQPage\",\"mainEntity\":[{\"@type\":\"Question\",\"name\":\"Welche Nail-Art Trends passen zum Fr\u00fchling?\",\"acceptedAnswer\":{\"@type\":\"Answer\",\"text\":\"Pastellfarben, Polka Dot Muster und Matt-Looks pr\u00e4gen den Fr\u00fchlingstrend bei Nails. Diese Designs sorgen f\u00fcr auff\u00e4llige und dennoch sanfte Akzente, die ideal zum Fr\u00fchlingsgef\u00fchl passen.\"}},{\"@type\":\"Question\",\"name\":\"Was macht Ballerina Nails besonders beliebt f\u00fcr Feiern?\",\"acceptedAnswer\":{\"@type\":\"Answer\",\"text\":\"Ballerina Nails wirken dezent und stilvoll, wodurch sie sich perfekt f\u00fcr Hochzeiten, Geburtstage und andere Feiern eignen. Die Form betont deine Fingerspitzen und unterstreicht ein elegantes Gesamterscheinungsbild.\"}},{\"@type\":\"Question\",\"name\":\"Welche Nagellackt\u00f6ne empfehlen sich f\u00fcr die kommende Saison?\",\"acceptedAnswer\":{\"@type\":\"Answer\",\"text\":\"Zarte Nuancen wie Nude-Ros\u00e9 bis Pastellrosa passen hervorragend zur Fr\u00fchlingssaison. Solche Farben bringen deine Fingerspitzen zum Gl\u00e4nzen und harmonieren mit verschiedensten Outfits.\"}},{\"@type\":\"Question\",\"name\":\"Warum eignen sich dezente Farben f\u00fcr den Alltagslook?\",\"acceptedAnswer\":{\"@type\":\"Answer\",\"text\":\"Dezente Farben wie Nude- oder Pastellt\u00f6ne wirken unaufdringlich und lassen sich einfach mit deinem Outfit kombinieren. Sie unterstreichen einen nat\u00fcrlichen, gepflegten Look, ohne zu dominant zu wirken.\"}}]}","footnotes":""},"categories":[2],"tags":[37,43],"class_list":{"0":"post-14971","1":"post","2":"type-post","3":"status-publish","4":"format-standard","5":"has-post-thumbnail","7":"category-trends","8":"tag-tr81","9":"tag-tr595","10":"entry"},"acf":{"post_credits":"Bildrechte: Shutterstock, Instagram: 1-@cndworld, 2-@cndworld, 3-@cndworld, \r\n4-@cndworld, 5-@nailboutiqueroma, 6-@cndworld, 7-@manicure.d, 8-@hugsxkissesnailbar\r\n9-@nadialdingerstyle, 10-@evpa_nails, 11-@anastasia_yka_nails, 12-@merry.sia, 13-@naglarbymikaela\r\n14-@bliss.diamonds, 15-@_di_nails","beauty_blog_post_button_title":"Ballerina Nails hier lang","beauty_blog_post_button":"https:\/\/www.treatwell.at\/orte\/behandlung-manikuere\/angebot-typ-lokal\/in-at\/?mkt_params=GC~valentine19_LC~dachlvalentine19_PM~TF_CM~sales-blog","landscape_picture":14987,"blocks":[{"block_title":"","block_content":"","video_content":"","block_picture":14972},{"block_title":"","block_content":"","video_content":"","block_picture":14973},{"block_title":"","block_content":"","video_content":"","block_picture":14974},{"block_title":"","block_content":"","video_content":"","block_picture":14975},{"block_title":"","block_content":"","video_content":"","block_picture":14976},{"block_title":"","block_content":"","video_content":"","block_picture":14977},{"block_title":"","block_content":"","video_content":"","block_picture":14978},{"block_title":"","block_content":"","video_content":"","block_picture":14979},{"block_title":"","block_content":"","video_content":"","block_picture":14980},{"block_title":"","block_content":"","video_content":"","block_picture":14981},{"block_title":"","block_content":"","video_content":"","block_picture":14982},{"block_title":"","block_content":"","video_content":"","block_picture":14983},{"block_title":"","block_content":"","video_content":"","block_picture":14984},{"block_title":"","block_content":"","video_content":"","block_picture":14985},{"block_title":"","block_content":"","video_content":"","block_picture":14986}]},"yoast_head":"<!-- This site is optimized with the Yoast SEO plugin v27.5 - https:\/\/yoast.com\/product\/yoast-seo-wordpress\/ -->\n<title>Ballerina Nails: 15 Gr\u00fcnde warum Pastellrosa die Farbe f\u00fcr den Fr\u00fchling ist - Treatwell<\/title>\n<meta name=\"description\" content=\"Mit dem Fr\u00fchling stehen dann auch wieder die ersten Hochzeiten, Geburtstage und Feiern an. Deshalb sind Ballerina Nails unsere Alltime Favoriten, vor allem dann wenn man ein Fan von \u2018weniger ist mehr\u2019 ist.\" \/>\n<meta name=\"robots\" content=\"index, follow, max-snippet:-1, max-image-preview:large, max-video-preview:-1\" \/>\n<link rel=\"canonical\" href=\"https:\/\/www.treatwell.at/treatment-files\/ballerina-nails-15-grunde-warum-pastellrosa-die-farbe-fur-den-fruhling-ist\/\" \/>\n<meta property=\"og:locale\" content=\"de_DE\" \/>\n<meta property=\"og:type\" content=\"article\" \/>\n<meta property=\"og:title\" content=\"Ballerina Nails: 15 Gr\u00fcnde warum Pastellrosa die Farbe f\u00fcr den Fr\u00fchling ist - Treatwell\" \/>\n<meta property=\"og:description\" content=\"Mit dem Fr\u00fchling stehen dann auch wieder die ersten Hochzeiten, Geburtstage und Feiern an. Deshalb sind Ballerina Nails unsere Alltime Favoriten, vor allem dann wenn man ein Fan von \u2018weniger ist mehr\u2019 ist.\" \/>\n<meta property=\"og:url\" content=\"https:\/\/www.treatwell.at/treatment-files\/ballerina-nails-15-grunde-warum-pastellrosa-die-farbe-fur-den-fruhling-ist\/\" \/>\n<meta property=\"og:site_name\" content=\"The Treatment Files Blog\" \/>\n<meta property=\"article:published_time\" content=\"2019-02-25T16:42:10+00:00\" \/>\n<meta property=\"article:modified_time\" content=\"2026-01-18T13:28:17+00:00\" \/>\n<meta property=\"og:image\" content=\"https:\/\/www.treatwell.at/treatment-files\/wp-content\/uploads\/sites\/2\/2022\/03\/cndworld.jpg\" \/>\n\t<meta property=\"og:image:width\" content=\"628\" \/>\n\t<meta property=\"og:image:height\" content=\"628\" \/>\n\t<meta property=\"og:image:type\" content=\"image\/jpeg\" \/>\n<meta name=\"author\" content=\"Isabella Tombinski-robb\" \/>\n<meta name=\"twitter:card\" content=\"summary_large_image\" \/>\n<meta name=\"twitter:label1\" content=\"Verfasst von\" \/>\n\t<meta name=\"twitter:data1\" content=\"Isabella Tombinski-robb\" \/>\n\t<meta name=\"twitter:label2\" content=\"Gesch\u00e4tzte Lesezeit\" \/>\n\t<meta name=\"twitter:data2\" content=\"1 Minute\" \/>\n<script type=\"application\/ld+json\" class=\"yoast-schema-graph\">{\"@context\":\"https:\\\/\\\/schema.org\",\"@graph\":[{\"@type\":\"Article\",\"@id\":\"https:\\\/\\\/www.treatwell.at/treatment-files\\\/ballerina-nails-15-grunde-warum-pastellrosa-die-farbe-fur-den-fruhling-ist\\\/#article\",\"isPartOf\":{\"@id\":\"https:\\\/\\\/www.treatwell.at/treatment-files\\\/ballerina-nails-15-grunde-warum-pastellrosa-die-farbe-fur-den-fruhling-ist\\\/\"},\"author\":{\"name\":\"Isabella Tombinski-robb\",\"@id\":\"https:\\\/\\\/www.treatwell.at/treatment-files\\\/#\\\/schema\\\/person\\\/869d3f19bdf4203c8e6e97c64e1c3c8e\"},\"headline\":\"Ballerina Nails: 15 Gr\u00fcnde warum Pastellrosa die Farbe f\u00fcr den Fr\u00fchling ist\",\"datePublished\":\"2019-02-25T16:42:10+00:00\",\"dateModified\":\"2026-01-18T13:28:17+00:00\",\"mainEntityOfPage\":{\"@id\":\"https:\\\/\\\/www.treatwell.at/treatment-files\\\/ballerina-nails-15-grunde-warum-pastellrosa-die-farbe-fur-den-fruhling-ist\\\/\"},\"wordCount\":295,\"publisher\":{\"@id\":\"https:\\\/\\\/www.treatwell.at/treatment-files\\\/#organization\"},\"image\":{\"@id\":\"https:\\\/\\\/www.treatwell.at/treatment-files\\\/ballerina-nails-15-grunde-warum-pastellrosa-die-farbe-fur-den-fruhling-ist\\\/#primaryimage\"},\"thumbnailUrl\":\"https:\\\/\\\/www.treatwell.at/treatment-files\\\/wp-content\\\/uploads\\\/sites\\\/2\\\/2022\\\/03\\\/cndworld.jpg\",\"keywords\":[\"Manicure\",\"Two Week Manicure\"],\"articleSection\":[\"Trends\"],\"inLanguage\":\"de-AT\"},{\"@type\":\"WebPage\",\"@id\":\"https:\\\/\\\/www.treatwell.at/treatment-files\\\/ballerina-nails-15-grunde-warum-pastellrosa-die-farbe-fur-den-fruhling-ist\\\/\",\"url\":\"https:\\\/\\\/www.treatwell.at/treatment-files\\\/ballerina-nails-15-grunde-warum-pastellrosa-die-farbe-fur-den-fruhling-ist\\\/\",\"name\":\"Ballerina Nails: 15 Gr\u00fcnde warum Pastellrosa die Farbe f\u00fcr den Fr\u00fchling ist - Treatwell\",\"isPartOf\":{\"@id\":\"https:\\\/\\\/www.treatwell.at/treatment-files\\\/#website\"},\"primaryImageOfPage\":{\"@id\":\"https:\\\/\\\/www.treatwell.at/treatment-files\\\/ballerina-nails-15-grunde-warum-pastellrosa-die-farbe-fur-den-fruhling-ist\\\/#primaryimage\"},\"image\":{\"@id\":\"https:\\\/\\\/www.treatwell.at/treatment-files\\\/ballerina-nails-15-grunde-warum-pastellrosa-die-farbe-fur-den-fruhling-ist\\\/#primaryimage\"},\"thumbnailUrl\":\"https:\\\/\\\/www.treatwell.at/treatment-files\\\/wp-content\\\/uploads\\\/sites\\\/2\\\/2022\\\/03\\\/cndworld.jpg\",\"datePublished\":\"2019-02-25T16:42:10+00:00\",\"dateModified\":\"2026-01-18T13:28:17+00:00\",\"description\":\"Mit dem Fr\u00fchling stehen dann auch wieder die ersten Hochzeiten, Geburtstage und Feiern an. Deshalb sind Ballerina Nails unsere Alltime Favoriten, vor allem dann wenn man ein Fan von \u2018weniger ist mehr\u2019 ist.\",\"breadcrumb\":{\"@id\":\"https:\\\/\\\/www.treatwell.at/treatment-files\\\/ballerina-nails-15-grunde-warum-pastellrosa-die-farbe-fur-den-fruhling-ist\\\/#breadcrumb\"},\"inLanguage\":\"de-AT\",\"potentialAction\":[{\"@type\":\"ReadAction\",\"target\":[\"https:\\\/\\\/www.treatwell.at/treatment-files\\\/ballerina-nails-15-grunde-warum-pastellrosa-die-farbe-fur-den-fruhling-ist\\\/\"]}]},{\"@type\":\"ImageObject\",\"inLanguage\":\"de-AT\",\"@id\":\"https:\\\/\\\/www.treatwell.at/treatment-files\\\/ballerina-nails-15-grunde-warum-pastellrosa-die-farbe-fur-den-fruhling-ist\\\/#primaryimage\",\"url\":\"https:\\\/\\\/www.treatwell.at/treatment-files\\\/wp-content\\\/uploads\\\/sites\\\/2\\\/2022\\\/03\\\/cndworld.jpg\",\"contentUrl\":\"https:\\\/\\\/www.treatwell.at/treatment-files\\\/wp-content\\\/uploads\\\/sites\\\/2\\\/2022\\\/03\\\/cndworld.jpg\",\"width\":628,\"height\":628},{\"@type\":\"BreadcrumbList\",\"@id\":\"https:\\\/\\\/www.treatwell.at/treatment-files\\\/ballerina-nails-15-grunde-warum-pastellrosa-die-farbe-fur-den-fruhling-ist\\\/#breadcrumb\",\"itemListElement\":[{\"@type\":\"ListItem\",\"position\":1,\"name\":\"Home\",\"item\":\"https:\\\/\\\/www.treatwell.at/treatment-files\\\/\"},{\"@type\":\"ListItem\",\"position\":2,\"name\":\"Trends\",\"item\":\"https:\\\/\\\/www.treatwell.at/treatment-files\\\/trends\\\/\"},{\"@type\":\"ListItem\",\"position\":3,\"name\":\"Ballerina Nails: 15 Gr\u00fcnde warum Pastellrosa die Farbe f\u00fcr den Fr\u00fchling ist\"}]},{\"@type\":\"WebSite\",\"@id\":\"https:\\\/\\\/www.treatwell.at/treatment-files\\\/#website\",\"url\":\"https:\\\/\\\/www.treatwell.at/treatment-files\\\/\",\"name\":\"The Treatment Files Blog\",\"description\":\"Beauty entdecken. Beauty erleben.\",\"publisher\":{\"@id\":\"https:\\\/\\\/www.treatwell.at/treatment-files\\\/#organization\"},\"potentialAction\":[{\"@type\":\"SearchAction\",\"target\":{\"@type\":\"EntryPoint\",\"urlTemplate\":\"https:\\\/\\\/www.treatwell.at/treatment-files\\\/?s={search_term_string}\"},\"query-input\":{\"@type\":\"PropertyValueSpecification\",\"valueRequired\":true,\"valueName\":\"search_term_string\"}}],\"inLanguage\":\"de-AT\"},{\"@type\":\"Organization\",\"@id\":\"https:\\\/\\\/www.treatwell.at/treatment-files\\\/#organization\",\"name\":\"Treatwell\",\"url\":\"https:\\\/\\\/www.treatwell.at/treatment-files\\\/\",\"logo\":{\"@type\":\"ImageObject\",\"inLanguage\":\"de-AT\",\"@id\":\"https:\\\/\\\/www.treatwell.at/treatment-files\\\/#\\\/schema\\\/logo\\\/image\\\/\",\"url\":\"https:\\\/\\\/www.treatwell.at/treatment-files\\\/wp-content\\\/uploads\\\/sites\\\/2\\\/2022\\\/03\\\/logo_treatwell.png\",\"contentUrl\":\"https:\\\/\\\/www.treatwell.at/treatment-files\\\/wp-content\\\/uploads\\\/sites\\\/2\\\/2022\\\/03\\\/logo_treatwell.png\",\"width\":889,\"height\":164,\"caption\":\"Treatwell\"},\"image\":{\"@id\":\"https:\\\/\\\/www.treatwell.at/treatment-files\\\/#\\\/schema\\\/logo\\\/image\\\/\"}},{\"@type\":\"Person\",\"@id\":\"https:\\\/\\\/www.treatwell.at/treatment-files\\\/#\\\/schema\\\/person\\\/869d3f19bdf4203c8e6e97c64e1c3c8e\",\"name\":\"Isabella Tombinski-robb\",\"image\":{\"@type\":\"ImageObject\",\"inLanguage\":\"de-AT\",\"@id\":\"https:\\\/\\\/secure.gravatar.com\\\/avatar\\\/624ce3bd6151d711f02c8c31549c8390027943dc1293e17bf28c136ce4288a80?s=96&d=mm&r=g\",\"url\":\"https:\\\/\\\/secure.gravatar.com\\\/avatar\\\/624ce3bd6151d711f02c8c31549c8390027943dc1293e17bf28c136ce4288a80?s=96&d=mm&r=g\",\"contentUrl\":\"https:\\\/\\\/secure.gravatar.com\\\/avatar\\\/624ce3bd6151d711f02c8c31549c8390027943dc1293e17bf28c136ce4288a80?s=96&d=mm&r=g\",\"caption\":\"Isabella Tombinski-robb\"},\"url\":\"https:\\\/\\\/www.treatwell.at/treatment-files\\\/author\\\/isabellatombinskirobb\\\/\"}]}<\/script>\n<!-- \/ Yoast SEO plugin. -->","yoast_head_json":{"title":"Ballerina Nails: 15 Gr\u00fcnde warum Pastellrosa die Farbe f\u00fcr den Fr\u00fchling ist - Treatwell","description":"Mit dem Fr\u00fchling stehen dann auch wieder die ersten Hochzeiten, Geburtstage und Feiern an. Deshalb sind Ballerina Nails unsere Alltime Favoriten, vor allem dann wenn man ein Fan von \u2018weniger ist mehr\u2019 ist.","robots":{"index":"index","follow":"follow","max-snippet":"max-snippet:-1","max-image-preview":"max-image-preview:large","max-video-preview":"max-video-preview:-1"},"canonical":"https:\/\/www.treatwell.at/treatment-files\/ballerina-nails-15-grunde-warum-pastellrosa-die-farbe-fur-den-fruhling-ist\/","og_locale":"de_DE","og_type":"article","og_title":"Ballerina Nails: 15 Gr\u00fcnde warum Pastellrosa die Farbe f\u00fcr den Fr\u00fchling ist - Treatwell","og_description":"Mit dem Fr\u00fchling stehen dann auch wieder die ersten Hochzeiten, Geburtstage und Feiern an. Deshalb sind Ballerina Nails unsere Alltime Favoriten, vor allem dann wenn man ein Fan von \u2018weniger ist mehr\u2019 ist.","og_url":"https:\/\/www.treatwell.at/treatment-files\/ballerina-nails-15-grunde-warum-pastellrosa-die-farbe-fur-den-fruhling-ist\/","og_site_name":"The Treatment Files Blog","article_published_time":"2019-02-25T16:42:10+00:00","article_modified_time":"2026-01-18T13:28:17+00:00","og_image":[{"width":628,"height":628,"url":"https:\/\/www.treatwell.at/treatment-files\/wp-content\/uploads\/sites\/2\/2022\/03\/cndworld.jpg","type":"image\/jpeg"}],"author":"Isabella Tombinski-robb","twitter_card":"summary_large_image","twitter_misc":{"Verfasst von":"Isabella Tombinski-robb","Gesch\u00e4tzte Lesezeit":"1 Minute"},"schema":{"@context":"https:\/\/schema.org","@graph":[{"@type":"Article","@id":"https:\/\/www.treatwell.at/treatment-files\/ballerina-nails-15-grunde-warum-pastellrosa-die-farbe-fur-den-fruhling-ist\/#article","isPartOf":{"@id":"https:\/\/www.treatwell.at/treatment-files\/ballerina-nails-15-grunde-warum-pastellrosa-die-farbe-fur-den-fruhling-ist\/"},"author":{"name":"Isabella Tombinski-robb","@id":"https:\/\/www.treatwell.at/treatment-files\/#\/schema\/person\/869d3f19bdf4203c8e6e97c64e1c3c8e"},"headline":"Ballerina Nails: 15 Gr\u00fcnde warum Pastellrosa die Farbe f\u00fcr den Fr\u00fchling ist","datePublished":"2019-02-25T16:42:10+00:00","dateModified":"2026-01-18T13:28:17+00:00","mainEntityOfPage":{"@id":"https:\/\/www.treatwell.at/treatment-files\/ballerina-nails-15-grunde-warum-pastellrosa-die-farbe-fur-den-fruhling-ist\/"},"wordCount":295,"publisher":{"@id":"https:\/\/www.treatwell.at/treatment-files\/#organization"},"image":{"@id":"https:\/\/www.treatwell.at/treatment-files\/ballerina-nails-15-grunde-warum-pastellrosa-die-farbe-fur-den-fruhling-ist\/#primaryimage"},"thumbnailUrl":"https:\/\/www.treatwell.at/treatment-files\/wp-content\/uploads\/sites\/2\/2022\/03\/cndworld.jpg","keywords":["Manicure","Two Week Manicure"],"articleSection":["Trends"],"inLanguage":"de-AT"},{"@type":"WebPage","@id":"https:\/\/www.treatwell.at/treatment-files\/ballerina-nails-15-grunde-warum-pastellrosa-die-farbe-fur-den-fruhling-ist\/","url":"https:\/\/www.treatwell.at/treatment-files\/ballerina-nails-15-grunde-warum-pastellrosa-die-farbe-fur-den-fruhling-ist\/","name":"Ballerina Nails: 15 Gr\u00fcnde warum Pastellrosa die Farbe f\u00fcr den Fr\u00fchling ist - Treatwell","isPartOf":{"@id":"https:\/\/www.treatwell.at/treatment-files\/#website"},"primaryImageOfPage":{"@id":"https:\/\/www.treatwell.at/treatment-files\/ballerina-nails-15-grunde-warum-pastellrosa-die-farbe-fur-den-fruhling-ist\/#primaryimage"},"image":{"@id":"https:\/\/www.treatwell.at/treatment-files\/ballerina-nails-15-grunde-warum-pastellrosa-die-farbe-fur-den-fruhling-ist\/#primaryimage"},"thumbnailUrl":"https:\/\/www.treatwell.at/treatment-files\/wp-content\/uploads\/sites\/2\/2022\/03\/cndworld.jpg","datePublished":"2019-02-25T16:42:10+00:00","dateModified":"2026-01-18T13:28:17+00:00","description":"Mit dem Fr\u00fchling stehen dann auch wieder die ersten Hochzeiten, Geburtstage und Feiern an. Deshalb sind Ballerina Nails unsere Alltime Favoriten, vor allem dann wenn man ein Fan von \u2018weniger ist mehr\u2019 ist.","breadcrumb":{"@id":"https:\/\/www.treatwell.at/treatment-files\/ballerina-nails-15-grunde-warum-pastellrosa-die-farbe-fur-den-fruhling-ist\/#breadcrumb"},"inLanguage":"de-AT","potentialAction":[{"@type":"ReadAction","target":["https:\/\/www.treatwell.at/treatment-files\/ballerina-nails-15-grunde-warum-pastellrosa-die-farbe-fur-den-fruhling-ist\/"]}]},{"@type":"ImageObject","inLanguage":"de-AT","@id":"https:\/\/www.treatwell.at/treatment-files\/ballerina-nails-15-grunde-warum-pastellrosa-die-farbe-fur-den-fruhling-ist\/#primaryimage","url":"https:\/\/www.treatwell.at/treatment-files\/wp-content\/uploads\/sites\/2\/2022\/03\/cndworld.jpg","contentUrl":"https:\/\/www.treatwell.at/treatment-files\/wp-content\/uploads\/sites\/2\/2022\/03\/cndworld.jpg","width":628,"height":628},{"@type":"BreadcrumbList","@id":"https:\/\/www.treatwell.at/treatment-files\/ballerina-nails-15-grunde-warum-pastellrosa-die-farbe-fur-den-fruhling-ist\/#breadcrumb","itemListElement":[{"@type":"ListItem","position":1,"name":"Home","item":"https:\/\/www.treatwell.at/treatment-files\/"},{"@type":"ListItem","position":2,"name":"Trends","item":"https:\/\/www.treatwell.at/treatment-files\/trends\/"},{"@type":"ListItem","position":3,"name":"Ballerina Nails: 15 Gr\u00fcnde warum Pastellrosa die Farbe f\u00fcr den Fr\u00fchling ist"}]},{"@type":"WebSite","@id":"https:\/\/www.treatwell.at/treatment-files\/#website","url":"https:\/\/www.treatwell.at/treatment-files\/","name":"The Treatment Files Blog","description":"Beauty entdecken. Beauty erleben.","publisher":{"@id":"https:\/\/www.treatwell.at/treatment-files\/#organization"},"potentialAction":[{"@type":"SearchAction","target":{"@type":"EntryPoint","urlTemplate":"https:\/\/www.treatwell.at/treatment-files\/?s={search_term_string}"},"query-input":{"@type":"PropertyValueSpecification","valueRequired":true,"valueName":"search_term_string"}}],"inLanguage":"de-AT"},{"@type":"Organization","@id":"https:\/\/www.treatwell.at/treatment-files\/#organization","name":"Treatwell","url":"https:\/\/www.treatwell.at/treatment-files\/","logo":{"@type":"ImageObject","inLanguage":"de-AT","@id":"https:\/\/www.treatwell.at/treatment-files\/#\/schema\/logo\/image\/","url":"https:\/\/www.treatwell.at/treatment-files\/wp-content\/uploads\/sites\/2\/2022\/03\/logo_treatwell.png","contentUrl":"https:\/\/www.treatwell.at/treatment-files\/wp-content\/uploads\/sites\/2\/2022\/03\/logo_treatwell.png","width":889,"height":164,"caption":"Treatwell"},"image":{"@id":"https:\/\/www.treatwell.at/treatment-files\/#\/schema\/logo\/image\/"}},{"@type":"Person","@id":"https:\/\/www.treatwell.at/treatment-files\/#\/schema\/person\/869d3f19bdf4203c8e6e97c64e1c3c8e","name":"Isabella Tombinski-robb","image":{"@type":"ImageObject","inLanguage":"de-AT","@id":"https:\/\/secure.gravatar.com\/avatar\/624ce3bd6151d711f02c8c31549c8390027943dc1293e17bf28c136ce4288a80?s=96&d=mm&r=g","url":"https:\/\/secure.gravatar.com\/avatar\/624ce3bd6151d711f02c8c31549c8390027943dc1293e17bf28c136ce4288a80?s=96&d=mm&r=g","contentUrl":"https:\/\/secure.gravatar.com\/avatar\/624ce3bd6151d711f02c8c31549c8390027943dc1293e17bf28c136ce4288a80?s=96&d=mm&r=g","caption":"Isabella Tombinski-robb"},"url":"https:\/\/www.treatwell.at/treatment-files\/author\/isabellatombinskirobb\/"}]}},"featured_image_src":"https:\/\/www.treatwell.at/treatment-files\/wp-content\/uploads\/sites\/2\/2022\/03\/cndworld-600x400.jpg","featured_image_src_square":"https:\/\/www.treatwell.at/treatment-files\/wp-content\/uploads\/sites\/2\/2022\/03\/cndworld-600x600.jpg","author_info":{"display_name":"Isabella Tombinski-robb","author_link":"https:\/\/www.treatwell.at/treatment-files\/author\/isabellatombinskirobb\/"},"_links":{"self":[{"href":"https:\/\/www.treatwell.at\/treatment-files\/wp-json\/wp\/v2\/posts\/14971","targetHints":{"allow":["GET"]}}],"collection":[{"href":"https:\/\/www.treatwell.at\/treatment-files\/wp-json\/wp\/v2\/posts"}],"about":[{"href":"https:\/\/www.treatwell.at\/treatment-files\/wp-json\/wp\/v2\/types\/post"}],"author":[{"embeddable":true,"href":"https:\/\/www.treatwell.at\/treatment-files\/wp-json\/wp\/v2\/users\/3318"}],"replies":[{"embeddable":true,"href":"https:\/\/www.treatwell.at\/treatment-files\/wp-json\/wp\/v2\/comments?post=14971"}],"version-history":[{"count":0,"href":"https:\/\/www.treatwell.at\/treatment-files\/wp-json\/wp\/v2\/posts\/14971\/revisions"}],"wp:featuredmedia":[{"embeddable":true,"href":"https:\/\/www.treatwell.at\/treatment-files\/wp-json\/wp\/v2\/media\/14988"}],"wp:attachment":[{"href":"https:\/\/www.treatwell.at\/treatment-files\/wp-json\/wp\/v2\/media?parent=14971"}],"wp:term":[{"taxonomy":"category","embeddable":true,"href":"https:\/\/www.treatwell.at\/treatment-files\/wp-json\/wp\/v2\/categories?post=14971"},{"taxonomy":"post_tag","embeddable":true,"href":"https:\/\/www.treatwell.at\/treatment-files\/wp-json\/wp\/v2\/tags?post=14971"}],"curies":[{"name":"wp","href":"https:\/\/api.w.org\/{rel}","templated":true}]}}