{"id":15005,"date":"2019-03-04T15:54:05","date_gmt":"2019-03-04T14:54:05","guid":{"rendered":"http:\/\/www.treatwell.at\/treatment-files\/?p=14675"},"modified":"2026-01-18T14:28:20","modified_gmt":"2026-01-18T13:28:20","slug":"fruhlingssaison-experten-verraten-uns-die-haarfarben-trends","status":"publish","type":"post","link":"https:\/\/www.treatwell.at/treatment-files\/fruhlingssaison-experten-verraten-uns-die-haarfarben-trends\/","title":{"rendered":"Sommersaison: Experten verraten uns die Haarfarben Trends"},"content":{"rendered":"<p><span style=\"font-weight: 400\">Lowlights, Bronde, Balayage oder doch Warm Grey? Welche Farbentrends kommen und gehen und was bleibt uns f\u00fcr die Sommersaison? Wir haben Haarexpertin Stamy Anastasiadou von MIO Hair gefragt und uns die Haarfarben Trends f\u00fcr die kommenden sonnigen Tage verraten lassen.<\/span><\/p>\n<div class=\"schema-faq wp-block-yoast-faq-block\">\n<div class=\"schema-faq-section\" id=\"faq-question-1768742584407\">\n<h3 class=\"schema-faq-question\">Welche Haarfarben eignen sich f\u00fcr einen nat\u00fcrlichen Sommerlook?<\/h3>\n<p class=\"schema-faq-answer\">Ein wie-von-der-sonne-gek\u00fcsstes warmes Blond oder Honigblond sorgt f\u00fcr einen besonders nat\u00fcrlichen Sommerlook. Durch eine Mischung aus Highlights und dunkleren Goldblondt\u00f6nen entsteht ein edles, lebendiges Ergebnis, das in der Sonne besonders gut zur Geltung kommt.<\/div>\n<div class=\"schema-faq-section\" id=\"faq-question-1768742584408\">\n<h3 class=\"schema-faq-question\">Was macht Pastellhaarfarben weiterhin so beliebt?<\/h3>\n<p class=\"schema-faq-answer\">Pastellt\u00f6ne bleiben angesagt, weil sie einen femininen, auff\u00e4lligen Look kreieren und in vielen Farbabstufungen erh\u00e4ltlich sind. Ob Korall, Pink oder Mint \u2013 diese Nuancen bieten zahlreiche M\u00f6glichkeiten f\u00fcr einen individuellen Auftritt.<\/div>\n<div class=\"schema-faq-section\" id=\"faq-question-1768742584409\">\n<h3 class=\"schema-faq-question\">Wie wirken warme Braunt\u00f6ne bei Sonnenlicht?<\/h3>\n<p class=\"schema-faq-answer\">Warme Braunt\u00f6ne wie Schokobraun oder Karamellbraun bringen edlen Glanz ins Haar und setzen bei Sonnenlicht sch\u00f6ne Reflexe. Die Kombination aus verschiedenen Braunschattierungen sorgt f\u00fcr ein nat\u00fcrliches und ausdrucksstarkes Farbergebnis.<\/div>\n<div class=\"schema-faq-section\" id=\"faq-question-1768742584410\">\n<h3 class=\"schema-faq-question\">Welche Haarfarbe schmeichelt sehr heller oder nat\u00fcrlich dunkler Haut?<\/h3>\n<p class=\"schema-faq-answer\">Eine weiche Korallfarbe mit Pfirsichton passt besonders gut zu sehr heller und nat\u00fcrlich dunkler Haut. Sie verleiht dem Teint Frische und wirkt sanft, sodass sowohl blasse als auch dunklere Hauttypen strahlen.<\/div>\n<div class=\"schema-faq-section\" id=\"faq-question-1768742584411\">\n<h3 class=\"schema-faq-question\">Was kannst du tun, wenn dein Lieblingssalon nicht bei Treatwell gelistet ist?<\/h3>\n<p class=\"schema-faq-answer\">Du kannst Treatwell deinen Lieblingssalon empfehlen und bekommst als Dankesch\u00f6n einen 50\u20ac Gutschein. Der Salon muss daf\u00fcr die angegebenen Kriterien erf\u00fcllen und noch keinen Vertrag mit Treatwell abgeschlossen haben.<\/div>\n<\/p><\/div>\n","protected":false},"excerpt":{"rendered":"<p>Lowlights, Bronde, Balayage oder doch Warm Grey? Welche Farbentrends kommen und gehen und was bleibt uns f\u00fcr die Sommersaison? Wir haben Haarexpertin Stamy Anastasiadou von MIO Hair gefragt und uns die Haarfarben Trends f\u00fcr die kommenden sonnigen Tage verraten lassen. Welche Haarfarben eignen sich f\u00fcr einen nat\u00fcrlichen Sommerlook? Ein wie-von-der-sonne-gek\u00fcsstes warmes Blond oder Honigblond sorgt [&hellip;]<\/p>\n","protected":false},"author":3318,"featured_media":15011,"comment_status":"closed","ping_status":"closed","sticky":false,"template":"","format":"standard","meta":{"_acf_changed":false,"_yoast_wpseo_title":"Sommersaison: Experten verraten uns die Haarfarben Trends - Treatwell","_yoast_wpseo_metadesc":"Wir haben Haarexpertin Stamy Anastasiadou von MIO Hair gefragt und uns die Haarfarben Trends f\u00fcr die kommenden sonnigen Tage verraten lassen.","_genesis_hide_title":false,"_genesis_hide_breadcrumbs":false,"_genesis_hide_singular_image":false,"_genesis_hide_footer_widgets":false,"_genesis_custom_body_class":"","_genesis_custom_post_class":"","_genesis_layout":"","saswp_custom_schema_field":"","footnotes":""},"categories":[9],"tags":[3,4],"class_list":{"0":"post-15005","1":"post","2":"type-post","3":"status-publish","4":"format-standard","5":"has-post-thumbnail","7":"category-beauty","8":"tag-tt6","9":"tag-tr273","10":"entry"},"acf":{"post_credits":"Bildrechte: Shutterstock, Instagram: 1: @nivarnahairstudio, 2: @thenewblackindustries, 3: @saloncamu, 4: @hairdotcomuki","beauty_blog_post_button_title":"","beauty_blog_post_button":"","landscape_picture":15010,"blocks":[{"block_title":"Nat\u00fcrliches Blond","block_content":"<p>Bronde, aschig oder Honig? Den passenden Blondton zu finden, kann eine Challenge sein.Jedes Jahr werden uns neue Blondt&ouml;ne vorgestellt und f&uuml;r 2019 lautet die Prognose: &ldquo;Ein wie-von-der-sonne-gek&uuml;sstes warmes Blond ist zurzeit sehr beliebt und sieht sehr edel und nat&uuml;rlich aus,&rdquo; erkl&auml;rt Stamy von MIO Hair. Unser Favorit ist Honigblond und diese Farbe bekommt man am besten mit einem Mix von Highlights und dunkleren goldblond T&ouml;nen hin.<\/p>\n","video_content":"","block_picture":15006},{"block_title":"Pastellt\u00f6ne","block_content":"<p>Wie wir bereits f&uuml;r den Januar vorausgesagt hatten, waren Pastellt&ouml;ne der Haarfarben-Trend schlechthin. Good News, denn die Haarfarbe wird noch bis in den Fr&uuml;hling beliebt sein, wie uns Stamy erz&auml;hlt: &ldquo;Sie liegen immer noch total im Trend und verleihen uns einen femininen Hingucker-Look. Von Korall &uuml;ber Pink bis zu Mint ist alles erlaubt. DiesenTrend gibt es in vielen Farbnuancen.&rdquo; Wonach du bei deinem Friseurbesuch fragen solltest? Am besten Pastellrosa &nbsp;<a href=\"https:\/\/www.treatwell.at\/treatment-files\/rosa-haare-warum-pastellrosa-die-trendfarbe-im-januar-ist\/?mkt_params=GC~citylove19_LC~dachlcitylove19_PM~TF_CM~\">und hier haben wir noch ein paar Inspirationen f&uuml;r dich gesammelt. <\/a><\/p>\n","video_content":"","block_picture":15007},{"block_title":"Warme Braunt\u00f6ne","block_content":"<p>&ldquo;Egal ob Schokobraun oder helles Karamellbraun: Hauptsache es verleiht edlen Glanz,&rdquo; erkl&auml;rt Stamy. Das die Haarfarbe Braun wieder ganz hoch im Kurs ist, hat uns Charlize Theron bei den Oscars bereits bewiesen. Wenn du allerdings lieber zu hellem Braun tendierst, dann frag&rsquo; am besten nach Schoko-Karamell. Die Kombi aus beiden liefert ein nat&uuml;rliches Ergebnis und in der Sonne kommen die verschiedenen Reflexe besonders sch&ouml;n zur Geltung.<\/p>\n","video_content":"","block_picture":15008},{"block_title":"Weiche Koralle","block_content":"<p>Wer mit dem Gedanken gespielt hat, sein Haar Kupferrot zu f&auml;rben, sollte eine warme Korallfarbe ebenfalls in Betracht ziehen. Falls dir die Farbe nichts sagt: sie &auml;hnelt sehr stark <a href=\"https:\/\/store.pantone.com\/uk\/en\/color-of-the-year-2019\">der Pantone-Farbe des Jahres 2019<\/a>. Was wir an dieser Haarfarbe lieben? Den weichen Pfirsichton, der besonders sehr blasser und nat&uuml;rlich dunkler Haut schmeichelt.<\/p>\n\n<p>Mit&nbsp;Treatwell, kannst du&nbsp;<a href=\"http:\/\/www.treatwell.at\/\">Beauty&nbsp;und all deine Lieblingssalons online buchen<\/a>&nbsp;&ndash; simpel, m&uuml;helos, und du kannst es von unterwegs machen.&nbsp;Hier gehts&nbsp;<a href=\"https:\/\/www.treatwell.at\/orte\/behandlung-damen-farbe-toenung-straehnen\/angebot-typ-lokal\/in-at\/?mkt_params=GC~citylove19_LC~dachlcitylove19_PM~TF_CM~sales-blog\">zu den besten Salons in deiner Umgebung<\/a>.&nbsp; Nanu, konntest du deinen Lieblingssalon nicht auf Treatwell finden? Empfiehl uns deinen Salon und erhalte als kleines&nbsp;<a href=\"https:\/\/www.treatwell.at\/business-info\/salonempfehlungen-endkunden\/?mkt_params=GC~citylove19_LC~dachlcitylove19_PM~TF_CM~CTA\">Dankesch&ouml;n einen 50&euro; Gutschein geschenkt*.&nbsp;<\/a><\/p>\n\n<p><em>* Der empfohlene Salon muss in den von Treatwell angegebenen St&auml;dten sein, eine der angegebenen Dienstleistungen anbieten, noch keinen Vertrag mit Treatwell unterzeichnet haben&nbsp;und innerhalb der n&auml;chsten 60 Tage online gehen.<\/em><\/p>\n","video_content":"","block_picture":15009}]},"yoast_head":"<!-- This site is optimized with the Yoast SEO plugin v27.5 - https:\/\/yoast.com\/product\/yoast-seo-wordpress\/ -->\n<title>Sommersaison: Experten verraten uns die Haarfarben Trends - Treatwell<\/title>\n<meta name=\"description\" content=\"Wir haben Haarexpertin Stamy Anastasiadou von MIO Hair gefragt und uns die Haarfarben Trends f\u00fcr die kommenden sonnigen Tage verraten lassen.\" \/>\n<meta name=\"robots\" content=\"index, follow, max-snippet:-1, max-image-preview:large, max-video-preview:-1\" \/>\n<link rel=\"canonical\" href=\"https:\/\/www.treatwell.at/treatment-files\/fruhlingssaison-experten-verraten-uns-die-haarfarben-trends\/\" \/>\n<meta property=\"og:locale\" content=\"de_DE\" \/>\n<meta property=\"og:type\" content=\"article\" \/>\n<meta property=\"og:title\" content=\"Sommersaison: Experten verraten uns die Haarfarben Trends - Treatwell\" \/>\n<meta property=\"og:description\" content=\"Wir haben Haarexpertin Stamy Anastasiadou von MIO Hair gefragt und uns die Haarfarben Trends f\u00fcr die kommenden sonnigen Tage verraten lassen.\" \/>\n<meta property=\"og:url\" content=\"https:\/\/www.treatwell.at/treatment-files\/fruhlingssaison-experten-verraten-uns-die-haarfarben-trends\/\" \/>\n<meta property=\"og:site_name\" content=\"The Treatment Files Blog\" \/>\n<meta property=\"article:published_time\" content=\"2019-03-04T14:54:05+00:00\" \/>\n<meta property=\"article:modified_time\" content=\"2026-01-18T13:28:20+00:00\" \/>\n<meta property=\"og:image\" content=\"https:\/\/www.treatwell.at/treatment-files\/wp-content\/uploads\/sites\/2\/2022\/03\/nivarnahairstudio.jpg\" \/>\n\t<meta property=\"og:image:width\" content=\"502\" \/>\n\t<meta property=\"og:image:height\" content=\"628\" \/>\n\t<meta property=\"og:image:type\" content=\"image\/jpeg\" \/>\n<meta name=\"author\" content=\"Isabella Tombinski-robb\" \/>\n<meta name=\"twitter:card\" content=\"summary_large_image\" \/>\n<meta name=\"twitter:label1\" content=\"Verfasst von\" \/>\n\t<meta name=\"twitter:data1\" content=\"Isabella Tombinski-robb\" \/>\n\t<meta name=\"twitter:label2\" content=\"Gesch\u00e4tzte Lesezeit\" \/>\n\t<meta name=\"twitter:data2\" content=\"1 Minute\" \/>\n<script type=\"application\/ld+json\" class=\"yoast-schema-graph\">{\"@context\":\"https:\\\/\\\/schema.org\",\"@graph\":[{\"@type\":\"Article\",\"@id\":\"https:\\\/\\\/www.treatwell.at/treatment-files\\\/fruhlingssaison-experten-verraten-uns-die-haarfarben-trends\\\/#article\",\"isPartOf\":{\"@id\":\"https:\\\/\\\/www.treatwell.at/treatment-files\\\/fruhlingssaison-experten-verraten-uns-die-haarfarben-trends\\\/\"},\"author\":{\"name\":\"Isabella Tombinski-robb\",\"@id\":\"https:\\\/\\\/www.treatwell.at/treatment-files\\\/#\\\/schema\\\/person\\\/869d3f19bdf4203c8e6e97c64e1c3c8e\"},\"headline\":\"Sommersaison: Experten verraten uns die Haarfarben Trends\",\"datePublished\":\"2019-03-04T14:54:05+00:00\",\"dateModified\":\"2026-01-18T13:28:20+00:00\",\"mainEntityOfPage\":{\"@id\":\"https:\\\/\\\/www.treatwell.at/treatment-files\\\/fruhlingssaison-experten-verraten-uns-die-haarfarben-trends\\\/\"},\"wordCount\":263,\"publisher\":{\"@id\":\"https:\\\/\\\/www.treatwell.at/treatment-files\\\/#organization\"},\"image\":{\"@id\":\"https:\\\/\\\/www.treatwell.at/treatment-files\\\/fruhlingssaison-experten-verraten-uns-die-haarfarben-trends\\\/#primaryimage\"},\"thumbnailUrl\":\"https:\\\/\\\/www.treatwell.at/treatment-files\\\/wp-content\\\/uploads\\\/sites\\\/2\\\/2022\\\/03\\\/nivarnahairstudio.jpg\",\"keywords\":[\"Hair\",\"Hair Colouring and Highlights\"],\"articleSection\":[\"Beauty\"],\"inLanguage\":\"de-AT\"},{\"@type\":\"WebPage\",\"@id\":\"https:\\\/\\\/www.treatwell.at/treatment-files\\\/fruhlingssaison-experten-verraten-uns-die-haarfarben-trends\\\/\",\"url\":\"https:\\\/\\\/www.treatwell.at/treatment-files\\\/fruhlingssaison-experten-verraten-uns-die-haarfarben-trends\\\/\",\"name\":\"Sommersaison: Experten verraten uns die Haarfarben Trends - Treatwell\",\"isPartOf\":{\"@id\":\"https:\\\/\\\/www.treatwell.at/treatment-files\\\/#website\"},\"primaryImageOfPage\":{\"@id\":\"https:\\\/\\\/www.treatwell.at/treatment-files\\\/fruhlingssaison-experten-verraten-uns-die-haarfarben-trends\\\/#primaryimage\"},\"image\":{\"@id\":\"https:\\\/\\\/www.treatwell.at/treatment-files\\\/fruhlingssaison-experten-verraten-uns-die-haarfarben-trends\\\/#primaryimage\"},\"thumbnailUrl\":\"https:\\\/\\\/www.treatwell.at/treatment-files\\\/wp-content\\\/uploads\\\/sites\\\/2\\\/2022\\\/03\\\/nivarnahairstudio.jpg\",\"datePublished\":\"2019-03-04T14:54:05+00:00\",\"dateModified\":\"2026-01-18T13:28:20+00:00\",\"description\":\"Wir haben Haarexpertin Stamy Anastasiadou von MIO Hair gefragt und uns die Haarfarben Trends f\u00fcr die kommenden sonnigen Tage verraten lassen.\",\"breadcrumb\":{\"@id\":\"https:\\\/\\\/www.treatwell.at/treatment-files\\\/fruhlingssaison-experten-verraten-uns-die-haarfarben-trends\\\/#breadcrumb\"},\"inLanguage\":\"de-AT\",\"potentialAction\":[{\"@type\":\"ReadAction\",\"target\":[\"https:\\\/\\\/www.treatwell.at/treatment-files\\\/fruhlingssaison-experten-verraten-uns-die-haarfarben-trends\\\/\"]}]},{\"@type\":\"ImageObject\",\"inLanguage\":\"de-AT\",\"@id\":\"https:\\\/\\\/www.treatwell.at/treatment-files\\\/fruhlingssaison-experten-verraten-uns-die-haarfarben-trends\\\/#primaryimage\",\"url\":\"https:\\\/\\\/www.treatwell.at/treatment-files\\\/wp-content\\\/uploads\\\/sites\\\/2\\\/2022\\\/03\\\/nivarnahairstudio.jpg\",\"contentUrl\":\"https:\\\/\\\/www.treatwell.at/treatment-files\\\/wp-content\\\/uploads\\\/sites\\\/2\\\/2022\\\/03\\\/nivarnahairstudio.jpg\",\"width\":502,\"height\":628},{\"@type\":\"BreadcrumbList\",\"@id\":\"https:\\\/\\\/www.treatwell.at/treatment-files\\\/fruhlingssaison-experten-verraten-uns-die-haarfarben-trends\\\/#breadcrumb\",\"itemListElement\":[{\"@type\":\"ListItem\",\"position\":1,\"name\":\"Home\",\"item\":\"https:\\\/\\\/www.treatwell.at/treatment-files\\\/\"},{\"@type\":\"ListItem\",\"position\":2,\"name\":\"Beauty\",\"item\":\"https:\\\/\\\/www.treatwell.at/treatment-files\\\/beauty\\\/\"},{\"@type\":\"ListItem\",\"position\":3,\"name\":\"Sommersaison: Experten verraten uns die Haarfarben Trends\"}]},{\"@type\":\"WebSite\",\"@id\":\"https:\\\/\\\/www.treatwell.at/treatment-files\\\/#website\",\"url\":\"https:\\\/\\\/www.treatwell.at/treatment-files\\\/\",\"name\":\"The Treatment Files Blog\",\"description\":\"Beauty entdecken. Beauty erleben.\",\"publisher\":{\"@id\":\"https:\\\/\\\/www.treatwell.at/treatment-files\\\/#organization\"},\"potentialAction\":[{\"@type\":\"SearchAction\",\"target\":{\"@type\":\"EntryPoint\",\"urlTemplate\":\"https:\\\/\\\/www.treatwell.at/treatment-files\\\/?s={search_term_string}\"},\"query-input\":{\"@type\":\"PropertyValueSpecification\",\"valueRequired\":true,\"valueName\":\"search_term_string\"}}],\"inLanguage\":\"de-AT\"},{\"@type\":\"Organization\",\"@id\":\"https:\\\/\\\/www.treatwell.at/treatment-files\\\/#organization\",\"name\":\"Treatwell\",\"url\":\"https:\\\/\\\/www.treatwell.at/treatment-files\\\/\",\"logo\":{\"@type\":\"ImageObject\",\"inLanguage\":\"de-AT\",\"@id\":\"https:\\\/\\\/www.treatwell.at/treatment-files\\\/#\\\/schema\\\/logo\\\/image\\\/\",\"url\":\"https:\\\/\\\/www.treatwell.at/treatment-files\\\/wp-content\\\/uploads\\\/sites\\\/2\\\/2022\\\/03\\\/logo_treatwell.png\",\"contentUrl\":\"https:\\\/\\\/www.treatwell.at/treatment-files\\\/wp-content\\\/uploads\\\/sites\\\/2\\\/2022\\\/03\\\/logo_treatwell.png\",\"width\":889,\"height\":164,\"caption\":\"Treatwell\"},\"image\":{\"@id\":\"https:\\\/\\\/www.treatwell.at/treatment-files\\\/#\\\/schema\\\/logo\\\/image\\\/\"}},{\"@type\":\"Person\",\"@id\":\"https:\\\/\\\/www.treatwell.at/treatment-files\\\/#\\\/schema\\\/person\\\/869d3f19bdf4203c8e6e97c64e1c3c8e\",\"name\":\"Isabella Tombinski-robb\",\"image\":{\"@type\":\"ImageObject\",\"inLanguage\":\"de-AT\",\"@id\":\"https:\\\/\\\/secure.gravatar.com\\\/avatar\\\/624ce3bd6151d711f02c8c31549c8390027943dc1293e17bf28c136ce4288a80?s=96&d=mm&r=g\",\"url\":\"https:\\\/\\\/secure.gravatar.com\\\/avatar\\\/624ce3bd6151d711f02c8c31549c8390027943dc1293e17bf28c136ce4288a80?s=96&d=mm&r=g\",\"contentUrl\":\"https:\\\/\\\/secure.gravatar.com\\\/avatar\\\/624ce3bd6151d711f02c8c31549c8390027943dc1293e17bf28c136ce4288a80?s=96&d=mm&r=g\",\"caption\":\"Isabella Tombinski-robb\"},\"url\":\"https:\\\/\\\/www.treatwell.at/treatment-files\\\/author\\\/isabellatombinskirobb\\\/\"}]}<\/script>\n<!-- \/ Yoast SEO plugin. -->","yoast_head_json":{"title":"Sommersaison: Experten verraten uns die Haarfarben Trends - Treatwell","description":"Wir haben Haarexpertin Stamy Anastasiadou von MIO Hair gefragt und uns die Haarfarben Trends f\u00fcr die kommenden sonnigen Tage verraten lassen.","robots":{"index":"index","follow":"follow","max-snippet":"max-snippet:-1","max-image-preview":"max-image-preview:large","max-video-preview":"max-video-preview:-1"},"canonical":"https:\/\/www.treatwell.at/treatment-files\/fruhlingssaison-experten-verraten-uns-die-haarfarben-trends\/","og_locale":"de_DE","og_type":"article","og_title":"Sommersaison: Experten verraten uns die Haarfarben Trends - Treatwell","og_description":"Wir haben Haarexpertin Stamy Anastasiadou von MIO Hair gefragt und uns die Haarfarben Trends f\u00fcr die kommenden sonnigen Tage verraten lassen.","og_url":"https:\/\/www.treatwell.at/treatment-files\/fruhlingssaison-experten-verraten-uns-die-haarfarben-trends\/","og_site_name":"The Treatment Files Blog","article_published_time":"2019-03-04T14:54:05+00:00","article_modified_time":"2026-01-18T13:28:20+00:00","og_image":[{"width":502,"height":628,"url":"https:\/\/www.treatwell.at/treatment-files\/wp-content\/uploads\/sites\/2\/2022\/03\/nivarnahairstudio.jpg","type":"image\/jpeg"}],"author":"Isabella Tombinski-robb","twitter_card":"summary_large_image","twitter_misc":{"Verfasst von":"Isabella Tombinski-robb","Gesch\u00e4tzte Lesezeit":"1 Minute"},"schema":{"@context":"https:\/\/schema.org","@graph":[{"@type":"Article","@id":"https:\/\/www.treatwell.at/treatment-files\/fruhlingssaison-experten-verraten-uns-die-haarfarben-trends\/#article","isPartOf":{"@id":"https:\/\/www.treatwell.at/treatment-files\/fruhlingssaison-experten-verraten-uns-die-haarfarben-trends\/"},"author":{"name":"Isabella Tombinski-robb","@id":"https:\/\/www.treatwell.at/treatment-files\/#\/schema\/person\/869d3f19bdf4203c8e6e97c64e1c3c8e"},"headline":"Sommersaison: Experten verraten uns die Haarfarben Trends","datePublished":"2019-03-04T14:54:05+00:00","dateModified":"2026-01-18T13:28:20+00:00","mainEntityOfPage":{"@id":"https:\/\/www.treatwell.at/treatment-files\/fruhlingssaison-experten-verraten-uns-die-haarfarben-trends\/"},"wordCount":263,"publisher":{"@id":"https:\/\/www.treatwell.at/treatment-files\/#organization"},"image":{"@id":"https:\/\/www.treatwell.at/treatment-files\/fruhlingssaison-experten-verraten-uns-die-haarfarben-trends\/#primaryimage"},"thumbnailUrl":"https:\/\/www.treatwell.at/treatment-files\/wp-content\/uploads\/sites\/2\/2022\/03\/nivarnahairstudio.jpg","keywords":["Hair","Hair Colouring and Highlights"],"articleSection":["Beauty"],"inLanguage":"de-AT"},{"@type":"WebPage","@id":"https:\/\/www.treatwell.at/treatment-files\/fruhlingssaison-experten-verraten-uns-die-haarfarben-trends\/","url":"https:\/\/www.treatwell.at/treatment-files\/fruhlingssaison-experten-verraten-uns-die-haarfarben-trends\/","name":"Sommersaison: Experten verraten uns die Haarfarben Trends - Treatwell","isPartOf":{"@id":"https:\/\/www.treatwell.at/treatment-files\/#website"},"primaryImageOfPage":{"@id":"https:\/\/www.treatwell.at/treatment-files\/fruhlingssaison-experten-verraten-uns-die-haarfarben-trends\/#primaryimage"},"image":{"@id":"https:\/\/www.treatwell.at/treatment-files\/fruhlingssaison-experten-verraten-uns-die-haarfarben-trends\/#primaryimage"},"thumbnailUrl":"https:\/\/www.treatwell.at/treatment-files\/wp-content\/uploads\/sites\/2\/2022\/03\/nivarnahairstudio.jpg","datePublished":"2019-03-04T14:54:05+00:00","dateModified":"2026-01-18T13:28:20+00:00","description":"Wir haben Haarexpertin Stamy Anastasiadou von MIO Hair gefragt und uns die Haarfarben Trends f\u00fcr die kommenden sonnigen Tage verraten lassen.","breadcrumb":{"@id":"https:\/\/www.treatwell.at/treatment-files\/fruhlingssaison-experten-verraten-uns-die-haarfarben-trends\/#breadcrumb"},"inLanguage":"de-AT","potentialAction":[{"@type":"ReadAction","target":["https:\/\/www.treatwell.at/treatment-files\/fruhlingssaison-experten-verraten-uns-die-haarfarben-trends\/"]}]},{"@type":"ImageObject","inLanguage":"de-AT","@id":"https:\/\/www.treatwell.at/treatment-files\/fruhlingssaison-experten-verraten-uns-die-haarfarben-trends\/#primaryimage","url":"https:\/\/www.treatwell.at/treatment-files\/wp-content\/uploads\/sites\/2\/2022\/03\/nivarnahairstudio.jpg","contentUrl":"https:\/\/www.treatwell.at/treatment-files\/wp-content\/uploads\/sites\/2\/2022\/03\/nivarnahairstudio.jpg","width":502,"height":628},{"@type":"BreadcrumbList","@id":"https:\/\/www.treatwell.at/treatment-files\/fruhlingssaison-experten-verraten-uns-die-haarfarben-trends\/#breadcrumb","itemListElement":[{"@type":"ListItem","position":1,"name":"Home","item":"https:\/\/www.treatwell.at/treatment-files\/"},{"@type":"ListItem","position":2,"name":"Beauty","item":"https:\/\/www.treatwell.at/treatment-files\/beauty\/"},{"@type":"ListItem","position":3,"name":"Sommersaison: Experten verraten uns die Haarfarben Trends"}]},{"@type":"WebSite","@id":"https:\/\/www.treatwell.at/treatment-files\/#website","url":"https:\/\/www.treatwell.at/treatment-files\/","name":"The Treatment Files Blog","description":"Beauty entdecken. Beauty erleben.","publisher":{"@id":"https:\/\/www.treatwell.at/treatment-files\/#organization"},"potentialAction":[{"@type":"SearchAction","target":{"@type":"EntryPoint","urlTemplate":"https:\/\/www.treatwell.at/treatment-files\/?s={search_term_string}"},"query-input":{"@type":"PropertyValueSpecification","valueRequired":true,"valueName":"search_term_string"}}],"inLanguage":"de-AT"},{"@type":"Organization","@id":"https:\/\/www.treatwell.at/treatment-files\/#organization","name":"Treatwell","url":"https:\/\/www.treatwell.at/treatment-files\/","logo":{"@type":"ImageObject","inLanguage":"de-AT","@id":"https:\/\/www.treatwell.at/treatment-files\/#\/schema\/logo\/image\/","url":"https:\/\/www.treatwell.at/treatment-files\/wp-content\/uploads\/sites\/2\/2022\/03\/logo_treatwell.png","contentUrl":"https:\/\/www.treatwell.at/treatment-files\/wp-content\/uploads\/sites\/2\/2022\/03\/logo_treatwell.png","width":889,"height":164,"caption":"Treatwell"},"image":{"@id":"https:\/\/www.treatwell.at/treatment-files\/#\/schema\/logo\/image\/"}},{"@type":"Person","@id":"https:\/\/www.treatwell.at/treatment-files\/#\/schema\/person\/869d3f19bdf4203c8e6e97c64e1c3c8e","name":"Isabella Tombinski-robb","image":{"@type":"ImageObject","inLanguage":"de-AT","@id":"https:\/\/secure.gravatar.com\/avatar\/624ce3bd6151d711f02c8c31549c8390027943dc1293e17bf28c136ce4288a80?s=96&d=mm&r=g","url":"https:\/\/secure.gravatar.com\/avatar\/624ce3bd6151d711f02c8c31549c8390027943dc1293e17bf28c136ce4288a80?s=96&d=mm&r=g","contentUrl":"https:\/\/secure.gravatar.com\/avatar\/624ce3bd6151d711f02c8c31549c8390027943dc1293e17bf28c136ce4288a80?s=96&d=mm&r=g","caption":"Isabella Tombinski-robb"},"url":"https:\/\/www.treatwell.at/treatment-files\/author\/isabellatombinskirobb\/"}]}},"featured_image_src":"https:\/\/www.treatwell.at/treatment-files\/wp-content\/uploads\/sites\/2\/2022\/03\/nivarnahairstudio-502x400.jpg","featured_image_src_square":"https:\/\/www.treatwell.at/treatment-files\/wp-content\/uploads\/sites\/2\/2022\/03\/nivarnahairstudio-502x600.jpg","author_info":{"display_name":"Isabella Tombinski-robb","author_link":"https:\/\/www.treatwell.at/treatment-files\/author\/isabellatombinskirobb\/"},"_links":{"self":[{"href":"https:\/\/www.treatwell.at\/treatment-files\/wp-json\/wp\/v2\/posts\/15005","targetHints":{"allow":["GET"]}}],"collection":[{"href":"https:\/\/www.treatwell.at\/treatment-files\/wp-json\/wp\/v2\/posts"}],"about":[{"href":"https:\/\/www.treatwell.at\/treatment-files\/wp-json\/wp\/v2\/types\/post"}],"author":[{"embeddable":true,"href":"https:\/\/www.treatwell.at\/treatment-files\/wp-json\/wp\/v2\/users\/3318"}],"replies":[{"embeddable":true,"href":"https:\/\/www.treatwell.at\/treatment-files\/wp-json\/wp\/v2\/comments?post=15005"}],"version-history":[{"count":0,"href":"https:\/\/www.treatwell.at\/treatment-files\/wp-json\/wp\/v2\/posts\/15005\/revisions"}],"wp:featuredmedia":[{"embeddable":true,"href":"https:\/\/www.treatwell.at\/treatment-files\/wp-json\/wp\/v2\/media\/15011"}],"wp:attachment":[{"href":"https:\/\/www.treatwell.at\/treatment-files\/wp-json\/wp\/v2\/media?parent=15005"}],"wp:term":[{"taxonomy":"category","embeddable":true,"href":"https:\/\/www.treatwell.at\/treatment-files\/wp-json\/wp\/v2\/categories?post=15005"},{"taxonomy":"post_tag","embeddable":true,"href":"https:\/\/www.treatwell.at\/treatment-files\/wp-json\/wp\/v2\/tags?post=15005"}],"curies":[{"name":"wp","href":"https:\/\/api.w.org\/{rel}","templated":true}]}}