{"id":15122,"date":"2019-04-15T12:43:35","date_gmt":"2019-04-15T10:43:35","guid":{"rendered":"http:\/\/www.treatwell.at\/treatment-files\/?p=14932"},"modified":"2026-01-18T14:28:27","modified_gmt":"2026-01-18T13:28:27","slug":"hochzeit-frisuren-trend-perlenschmuck-im-haar","status":"publish","type":"post","link":"https:\/\/www.treatwell.at/treatment-files\/hochzeit-frisuren-trend-perlenschmuck-im-haar\/","title":{"rendered":"Hochzeit Frisuren-Trend: Perlenschmuck im Haar"},"content":{"rendered":"<p style=\"text-align: justify\"><span style=\"font-weight: 400\">Die Hochzeitssaison ist bereits voll im Gange. Dein gro\u00dfer Tag steht dir bevor und Kleid, Location und Co kannst du bereits beruhigt von deiner To-do List streichen. Deinem Outfit m\u00f6chtest du allerdings noch den letzten Schliff verleihen und hier darf eine perfekt sitzende Hochzeitsfrisur nat\u00fcrlich nicht fehlen. Hochgesteckt oder offen? Wie du dein Haar an deinem gro\u00dfen Tag tragen m\u00f6chtest, ist abh\u00e4ngig von deinem Geschmack und Style. Um deiner Frisur das gewisse Etwas zu verleihen, raten wir zu traditionellem Brautschmuck; Diese Hochzeitssaison dreht sich alles um Perlenschmuck, der nicht nur zierlich ist, sondern deine Brautfrisur auch optimal erg\u00e4nzt.<\/span><\/p>\n<p style=\"text-align: justify\"><span style=\"font-weight: 400\">Wer den Laufsteg der Couture Shows f\u00fcr Fr\u00fchling\/Sommer aufmerksam mitverfolgt hat, dem wird dieses Accessoire bereits mehrfach aufgefallen sein. Kaia Gerber\u2019s Perlen-Haarreif kombiniert mit einem Kleid aus wei\u00dfer Spitze, war das Highlight der Givenchy Couture-Show und hat den Trend erst richtig gro\u00df gemacht. Solltest du planen, Perlenschmuck an deinem gro\u00dfen Tag zu tragen, dann bleib dran; Wir haben eine kleine Auswahl f\u00fcr dich zusammengestellt, die alles von zierlichen Kronen bis Haarreif inkludiert.<\/span><\/p>\n<p style=\"text-align: justify\">\n<div class=\"schema-faq wp-block-yoast-faq-block\">\n<div class=\"schema-faq-section\" id=\"faq-question-1768742559082\">\n<h3 class=\"schema-faq-question\">Welche Frisuren eignen sich f\u00fcr die Hochzeit mit Perlenschmuck?<\/h3>\n<p class=\"schema-faq-answer\">Lockere Hochsteckfrisuren oder offene Haare wirken mit Perlenschmuck besonders edel. Du kannst Perlenschmuck flexibel in zierlichen Kronen oder eleganten Haarreifen einsetzen, um deiner Brautfrisur individuellen Charakter zu verleihen.<\/div>\n<div class=\"schema-faq-section\" id=\"faq-question-1768742559083\">\n<h3 class=\"schema-faq-question\">Warum liegt Perlenschmuck aktuell bei Hochzeiten im Trend?<\/h3>\n<p class=\"schema-faq-answer\">Perlenschmuck hat viele Couture Shows f\u00fcr Fr\u00fchling\/Sommer dominiert und wirkt besonders stilvoll. Die Kombination aus Tradition und Modernit\u00e4t macht Perlenschmuck zum auff\u00e4lligen Accessoire f\u00fcr die Hochzeitssaison.<\/div>\n<div class=\"schema-faq-section\" id=\"faq-question-1768742559084\">\n<h3 class=\"schema-faq-question\">Wie kombinierst du Perlenschmuck mit deinem Brautkleid?<\/h3>\n<p class=\"schema-faq-answer\">Perlenschmuck harmoniert optimal zu wei\u00dfen Spitzenkleidern, verleiht aber auch schlichteren Dresses eine elegante Note. Ein Haarreif oder eine Krone mit Perlen betont die Frisur und erg\u00e4nzt dein Hochzeitsoutfit.<\/div>\n<div class=\"schema-faq-section\" id=\"faq-question-1768742559085\">\n<h3 class=\"schema-faq-question\">Welche Varianten von Brautschmuck findest du f\u00fcr die Haare?<\/h3>\n<p class=\"schema-faq-answer\">Du findest zierliche Kronen, Haarreifen und weitere Schmuckst\u00fccke, die speziell f\u00fcr Brautfrisuren entworfen sind. Diese Accessoires setzen auff\u00e4llige Akzente, ohne den Gesamtlook zu \u00fcberladen.<\/div>\n<div class=\"schema-faq-section\" id=\"faq-question-1768742559086\">\n<h3 class=\"schema-faq-question\">Was macht Perlenschmuck zu einer guten Wahl f\u00fcr die Brautfrisur?<\/h3>\n<p class=\"schema-faq-answer\">Perlenschmuck betont deine Frisur dezent und sorgt f\u00fcr einen Hauch von Luxus. Diese Accessoires lassen sich vielseitig kombinieren und wirken besonders zu festlichen Anl\u00e4ssen.<\/div>\n<\/p><\/div>\n","protected":false},"excerpt":{"rendered":"<p>Die Hochzeitssaison ist bereits voll im Gange. Dein gro\u00dfer Tag steht dir bevor und Kleid, Location und Co kannst du bereits beruhigt von deiner To-do List streichen. Deinem Outfit m\u00f6chtest du allerdings noch den letzten Schliff verleihen und hier darf eine perfekt sitzende Hochzeitsfrisur nat\u00fcrlich nicht fehlen. Hochgesteckt oder offen? Wie du dein Haar an [&hellip;]<\/p>\n","protected":false},"author":3318,"featured_media":15139,"comment_status":"closed","ping_status":"closed","sticky":false,"template":"","format":"standard","meta":{"_acf_changed":false,"_yoast_wpseo_title":"Hochzeit Frisuren-Trend: Perlenschmuck im Haar - Treatwell","_yoast_wpseo_metadesc":"Solltest du planen, Perlenschmuck an deinem gro\u00dfen Tag zu tragen, dann bleib dran; Wir haben eine kleine Auswahl f\u00fcr dich zusammengestellt.","_genesis_hide_title":false,"_genesis_hide_breadcrumbs":false,"_genesis_hide_singular_image":false,"_genesis_hide_footer_widgets":false,"_genesis_custom_body_class":"","_genesis_custom_post_class":"","_genesis_layout":"","saswp_custom_schema_field":"{\"@context\":\"https:\/\/schema.org\",\"@type\":\"FAQPage\",\"mainEntity\":[{\"@type\":\"Question\",\"name\":\"Welche Frisuren eignen sich f\u00fcr die Hochzeit mit Perlenschmuck?\",\"acceptedAnswer\":{\"@type\":\"Answer\",\"text\":\"Lockere Hochsteckfrisuren oder offene Haare wirken mit Perlenschmuck besonders edel. Du kannst Perlenschmuck flexibel in zierlichen Kronen oder eleganten Haarreifen einsetzen, um deiner Brautfrisur individuellen Charakter zu verleihen.\"}},{\"@type\":\"Question\",\"name\":\"Warum liegt Perlenschmuck aktuell bei Hochzeiten im Trend?\",\"acceptedAnswer\":{\"@type\":\"Answer\",\"text\":\"Perlenschmuck hat viele Couture Shows f\u00fcr Fr\u00fchling\/Sommer dominiert und wirkt besonders stilvoll. Die Kombination aus Tradition und Modernit\u00e4t macht Perlenschmuck zum auff\u00e4lligen Accessoire f\u00fcr die Hochzeitssaison.\"}},{\"@type\":\"Question\",\"name\":\"Wie kombinierst du Perlenschmuck mit deinem Brautkleid?\",\"acceptedAnswer\":{\"@type\":\"Answer\",\"text\":\"Perlenschmuck harmoniert optimal zu wei\u00dfen Spitzenkleidern, verleiht aber auch schlichteren Dresses eine elegante Note. Ein Haarreif oder eine Krone mit Perlen betont die Frisur und erg\u00e4nzt dein Hochzeitsoutfit.\"}},{\"@type\":\"Question\",\"name\":\"Welche Varianten von Brautschmuck findest du f\u00fcr die Haare?\",\"acceptedAnswer\":{\"@type\":\"Answer\",\"text\":\"Du findest zierliche Kronen, Haarreifen und weitere Schmuckst\u00fccke, die speziell f\u00fcr Brautfrisuren entworfen sind. Diese Accessoires setzen auff\u00e4llige Akzente, ohne den Gesamtlook zu \u00fcberladen.\"}},{\"@type\":\"Question\",\"name\":\"Was macht Perlenschmuck zu einer guten Wahl f\u00fcr die Brautfrisur?\",\"acceptedAnswer\":{\"@type\":\"Answer\",\"text\":\"Perlenschmuck betont deine Frisur dezent und sorgt f\u00fcr einen Hauch von Luxus. Diese Accessoires lassen sich vielseitig kombinieren und wirken besonders zu festlichen Anl\u00e4ssen.\"}}]}","footnotes":""},"categories":[2],"tags":[3,92],"class_list":{"0":"post-15122","1":"post","2":"type-post","3":"status-publish","4":"format-standard","5":"has-post-thumbnail","7":"category-trends","8":"tag-tt6","9":"tag-tr684","10":"entry"},"acf":{"post_credits":"Bildrechte: Shutterstock, Instagram: @Sephoria_design, @crownme.lv, @jillprettyman, @quamillaid, @sephoria_design, @sophiebidesi, @alice_and_mae, @alice_and_mae, @sephoria_design, @tattyjana, @maidenlaneboutique, @sephoria_design, @_anna_stylist, @lacrowns, @savannahtinlin","beauty_blog_post_button_title":"Hochzeitsfrisur? Hier lang","beauty_blog_post_button":"https:\/\/www.treatwell.at\/orte\/behandlung-hochzeitsfrisuren\/angebot-typ-lokal\/in-at\/","landscape_picture":15138,"blocks":[{"block_title":"","block_content":"","video_content":"","block_picture":15123},{"block_title":"","block_content":"","video_content":"","block_picture":15124},{"block_title":"","block_content":"","video_content":"","block_picture":15125},{"block_title":"","block_content":"","video_content":"","block_picture":15126},{"block_title":"","block_content":"","video_content":"","block_picture":15127},{"block_title":"","block_content":"","video_content":"","block_picture":15128},{"block_title":"","block_content":"","video_content":"","block_picture":15129},{"block_title":"","block_content":"","video_content":"","block_picture":15130},{"block_title":"","block_content":"","video_content":"","block_picture":15131},{"block_title":"","block_content":"","video_content":"","block_picture":15132},{"block_title":"","block_content":"","video_content":"","block_picture":15133},{"block_title":"","block_content":"","video_content":"","block_picture":15134},{"block_title":"","block_content":"","video_content":"","block_picture":15135},{"block_title":"","block_content":"","video_content":"","block_picture":15136},{"block_title":"","block_content":"","video_content":"","block_picture":15137}]},"yoast_head":"<!-- This site is optimized with the Yoast SEO plugin v27.5 - https:\/\/yoast.com\/product\/yoast-seo-wordpress\/ -->\n<title>Hochzeit Frisuren-Trend: Perlenschmuck im Haar - Treatwell<\/title>\n<meta name=\"description\" content=\"Solltest du planen, Perlenschmuck an deinem gro\u00dfen Tag zu tragen, dann bleib dran; Wir haben eine kleine Auswahl f\u00fcr dich zusammengestellt.\" \/>\n<meta name=\"robots\" content=\"index, follow, max-snippet:-1, max-image-preview:large, max-video-preview:-1\" \/>\n<link rel=\"canonical\" href=\"https:\/\/www.treatwell.at/treatment-files\/hochzeit-frisuren-trend-perlenschmuck-im-haar\/\" \/>\n<meta property=\"og:locale\" content=\"de_DE\" \/>\n<meta property=\"og:type\" content=\"article\" \/>\n<meta property=\"og:title\" content=\"Hochzeit Frisuren-Trend: Perlenschmuck im Haar - Treatwell\" \/>\n<meta property=\"og:description\" content=\"Solltest du planen, Perlenschmuck an deinem gro\u00dfen Tag zu tragen, dann bleib dran; Wir haben eine kleine Auswahl f\u00fcr dich zusammengestellt.\" \/>\n<meta property=\"og:url\" content=\"https:\/\/www.treatwell.at/treatment-files\/hochzeit-frisuren-trend-perlenschmuck-im-haar\/\" \/>\n<meta property=\"og:site_name\" content=\"The Treatment Files Blog\" \/>\n<meta property=\"article:published_time\" content=\"2019-04-15T10:43:35+00:00\" \/>\n<meta property=\"article:modified_time\" content=\"2026-01-18T13:28:27+00:00\" \/>\n<meta property=\"og:image\" content=\"https:\/\/www.treatwell.at/treatment-files\/wp-content\/uploads\/sites\/2\/2022\/03\/anna_stylist.jpg\" \/>\n\t<meta property=\"og:image:width\" content=\"628\" \/>\n\t<meta property=\"og:image:height\" content=\"628\" \/>\n\t<meta property=\"og:image:type\" content=\"image\/jpeg\" \/>\n<meta name=\"author\" content=\"Isabella Tombinski-robb\" \/>\n<meta name=\"twitter:card\" content=\"summary_large_image\" \/>\n<meta name=\"twitter:label1\" content=\"Verfasst von\" \/>\n\t<meta name=\"twitter:data1\" content=\"Isabella Tombinski-robb\" \/>\n\t<meta name=\"twitter:label2\" content=\"Gesch\u00e4tzte Lesezeit\" \/>\n\t<meta name=\"twitter:data2\" content=\"2 Minuten\" \/>\n<script type=\"application\/ld+json\" class=\"yoast-schema-graph\">{\"@context\":\"https:\\\/\\\/schema.org\",\"@graph\":[{\"@type\":\"Article\",\"@id\":\"https:\\\/\\\/www.treatwell.at/treatment-files\\\/hochzeit-frisuren-trend-perlenschmuck-im-haar\\\/#article\",\"isPartOf\":{\"@id\":\"https:\\\/\\\/www.treatwell.at/treatment-files\\\/hochzeit-frisuren-trend-perlenschmuck-im-haar\\\/\"},\"author\":{\"name\":\"Isabella Tombinski-robb\",\"@id\":\"https:\\\/\\\/www.treatwell.at/treatment-files\\\/#\\\/schema\\\/person\\\/869d3f19bdf4203c8e6e97c64e1c3c8e\"},\"headline\":\"Hochzeit Frisuren-Trend: Perlenschmuck im Haar\",\"datePublished\":\"2019-04-15T10:43:35+00:00\",\"dateModified\":\"2026-01-18T13:28:27+00:00\",\"mainEntityOfPage\":{\"@id\":\"https:\\\/\\\/www.treatwell.at/treatment-files\\\/hochzeit-frisuren-trend-perlenschmuck-im-haar\\\/\"},\"wordCount\":378,\"publisher\":{\"@id\":\"https:\\\/\\\/www.treatwell.at/treatment-files\\\/#organization\"},\"image\":{\"@id\":\"https:\\\/\\\/www.treatwell.at/treatment-files\\\/hochzeit-frisuren-trend-perlenschmuck-im-haar\\\/#primaryimage\"},\"thumbnailUrl\":\"https:\\\/\\\/www.treatwell.at/treatment-files\\\/wp-content\\\/uploads\\\/sites\\\/2\\\/2022\\\/03\\\/anna_stylist.jpg\",\"keywords\":[\"Hair\",\"Wedding Hair\"],\"articleSection\":[\"Trends\"],\"inLanguage\":\"de-AT\"},{\"@type\":\"WebPage\",\"@id\":\"https:\\\/\\\/www.treatwell.at/treatment-files\\\/hochzeit-frisuren-trend-perlenschmuck-im-haar\\\/\",\"url\":\"https:\\\/\\\/www.treatwell.at/treatment-files\\\/hochzeit-frisuren-trend-perlenschmuck-im-haar\\\/\",\"name\":\"Hochzeit Frisuren-Trend: Perlenschmuck im Haar - Treatwell\",\"isPartOf\":{\"@id\":\"https:\\\/\\\/www.treatwell.at/treatment-files\\\/#website\"},\"primaryImageOfPage\":{\"@id\":\"https:\\\/\\\/www.treatwell.at/treatment-files\\\/hochzeit-frisuren-trend-perlenschmuck-im-haar\\\/#primaryimage\"},\"image\":{\"@id\":\"https:\\\/\\\/www.treatwell.at/treatment-files\\\/hochzeit-frisuren-trend-perlenschmuck-im-haar\\\/#primaryimage\"},\"thumbnailUrl\":\"https:\\\/\\\/www.treatwell.at/treatment-files\\\/wp-content\\\/uploads\\\/sites\\\/2\\\/2022\\\/03\\\/anna_stylist.jpg\",\"datePublished\":\"2019-04-15T10:43:35+00:00\",\"dateModified\":\"2026-01-18T13:28:27+00:00\",\"description\":\"Solltest du planen, Perlenschmuck an deinem gro\u00dfen Tag zu tragen, dann bleib dran; Wir haben eine kleine Auswahl f\u00fcr dich zusammengestellt.\",\"breadcrumb\":{\"@id\":\"https:\\\/\\\/www.treatwell.at/treatment-files\\\/hochzeit-frisuren-trend-perlenschmuck-im-haar\\\/#breadcrumb\"},\"inLanguage\":\"de-AT\",\"potentialAction\":[{\"@type\":\"ReadAction\",\"target\":[\"https:\\\/\\\/www.treatwell.at/treatment-files\\\/hochzeit-frisuren-trend-perlenschmuck-im-haar\\\/\"]}]},{\"@type\":\"ImageObject\",\"inLanguage\":\"de-AT\",\"@id\":\"https:\\\/\\\/www.treatwell.at/treatment-files\\\/hochzeit-frisuren-trend-perlenschmuck-im-haar\\\/#primaryimage\",\"url\":\"https:\\\/\\\/www.treatwell.at/treatment-files\\\/wp-content\\\/uploads\\\/sites\\\/2\\\/2022\\\/03\\\/anna_stylist.jpg\",\"contentUrl\":\"https:\\\/\\\/www.treatwell.at/treatment-files\\\/wp-content\\\/uploads\\\/sites\\\/2\\\/2022\\\/03\\\/anna_stylist.jpg\",\"width\":628,\"height\":628},{\"@type\":\"BreadcrumbList\",\"@id\":\"https:\\\/\\\/www.treatwell.at/treatment-files\\\/hochzeit-frisuren-trend-perlenschmuck-im-haar\\\/#breadcrumb\",\"itemListElement\":[{\"@type\":\"ListItem\",\"position\":1,\"name\":\"Home\",\"item\":\"https:\\\/\\\/www.treatwell.at/treatment-files\\\/\"},{\"@type\":\"ListItem\",\"position\":2,\"name\":\"Trends\",\"item\":\"https:\\\/\\\/www.treatwell.at/treatment-files\\\/trends\\\/\"},{\"@type\":\"ListItem\",\"position\":3,\"name\":\"Hochzeit Frisuren-Trend: Perlenschmuck im Haar\"}]},{\"@type\":\"WebSite\",\"@id\":\"https:\\\/\\\/www.treatwell.at/treatment-files\\\/#website\",\"url\":\"https:\\\/\\\/www.treatwell.at/treatment-files\\\/\",\"name\":\"The Treatment Files Blog\",\"description\":\"Beauty entdecken. Beauty erleben.\",\"publisher\":{\"@id\":\"https:\\\/\\\/www.treatwell.at/treatment-files\\\/#organization\"},\"potentialAction\":[{\"@type\":\"SearchAction\",\"target\":{\"@type\":\"EntryPoint\",\"urlTemplate\":\"https:\\\/\\\/www.treatwell.at/treatment-files\\\/?s={search_term_string}\"},\"query-input\":{\"@type\":\"PropertyValueSpecification\",\"valueRequired\":true,\"valueName\":\"search_term_string\"}}],\"inLanguage\":\"de-AT\"},{\"@type\":\"Organization\",\"@id\":\"https:\\\/\\\/www.treatwell.at/treatment-files\\\/#organization\",\"name\":\"Treatwell\",\"url\":\"https:\\\/\\\/www.treatwell.at/treatment-files\\\/\",\"logo\":{\"@type\":\"ImageObject\",\"inLanguage\":\"de-AT\",\"@id\":\"https:\\\/\\\/www.treatwell.at/treatment-files\\\/#\\\/schema\\\/logo\\\/image\\\/\",\"url\":\"https:\\\/\\\/www.treatwell.at/treatment-files\\\/wp-content\\\/uploads\\\/sites\\\/2\\\/2022\\\/03\\\/logo_treatwell.png\",\"contentUrl\":\"https:\\\/\\\/www.treatwell.at/treatment-files\\\/wp-content\\\/uploads\\\/sites\\\/2\\\/2022\\\/03\\\/logo_treatwell.png\",\"width\":889,\"height\":164,\"caption\":\"Treatwell\"},\"image\":{\"@id\":\"https:\\\/\\\/www.treatwell.at/treatment-files\\\/#\\\/schema\\\/logo\\\/image\\\/\"}},{\"@type\":\"Person\",\"@id\":\"https:\\\/\\\/www.treatwell.at/treatment-files\\\/#\\\/schema\\\/person\\\/869d3f19bdf4203c8e6e97c64e1c3c8e\",\"name\":\"Isabella Tombinski-robb\",\"image\":{\"@type\":\"ImageObject\",\"inLanguage\":\"de-AT\",\"@id\":\"https:\\\/\\\/secure.gravatar.com\\\/avatar\\\/624ce3bd6151d711f02c8c31549c8390027943dc1293e17bf28c136ce4288a80?s=96&d=mm&r=g\",\"url\":\"https:\\\/\\\/secure.gravatar.com\\\/avatar\\\/624ce3bd6151d711f02c8c31549c8390027943dc1293e17bf28c136ce4288a80?s=96&d=mm&r=g\",\"contentUrl\":\"https:\\\/\\\/secure.gravatar.com\\\/avatar\\\/624ce3bd6151d711f02c8c31549c8390027943dc1293e17bf28c136ce4288a80?s=96&d=mm&r=g\",\"caption\":\"Isabella Tombinski-robb\"},\"url\":\"https:\\\/\\\/www.treatwell.at/treatment-files\\\/author\\\/isabellatombinskirobb\\\/\"}]}<\/script>\n<!-- \/ Yoast SEO plugin. -->","yoast_head_json":{"title":"Hochzeit Frisuren-Trend: Perlenschmuck im Haar - Treatwell","description":"Solltest du planen, Perlenschmuck an deinem gro\u00dfen Tag zu tragen, dann bleib dran; Wir haben eine kleine Auswahl f\u00fcr dich zusammengestellt.","robots":{"index":"index","follow":"follow","max-snippet":"max-snippet:-1","max-image-preview":"max-image-preview:large","max-video-preview":"max-video-preview:-1"},"canonical":"https:\/\/www.treatwell.at/treatment-files\/hochzeit-frisuren-trend-perlenschmuck-im-haar\/","og_locale":"de_DE","og_type":"article","og_title":"Hochzeit Frisuren-Trend: Perlenschmuck im Haar - Treatwell","og_description":"Solltest du planen, Perlenschmuck an deinem gro\u00dfen Tag zu tragen, dann bleib dran; Wir haben eine kleine Auswahl f\u00fcr dich zusammengestellt.","og_url":"https:\/\/www.treatwell.at/treatment-files\/hochzeit-frisuren-trend-perlenschmuck-im-haar\/","og_site_name":"The Treatment Files Blog","article_published_time":"2019-04-15T10:43:35+00:00","article_modified_time":"2026-01-18T13:28:27+00:00","og_image":[{"width":628,"height":628,"url":"https:\/\/www.treatwell.at/treatment-files\/wp-content\/uploads\/sites\/2\/2022\/03\/anna_stylist.jpg","type":"image\/jpeg"}],"author":"Isabella Tombinski-robb","twitter_card":"summary_large_image","twitter_misc":{"Verfasst von":"Isabella Tombinski-robb","Gesch\u00e4tzte Lesezeit":"2 Minuten"},"schema":{"@context":"https:\/\/schema.org","@graph":[{"@type":"Article","@id":"https:\/\/www.treatwell.at/treatment-files\/hochzeit-frisuren-trend-perlenschmuck-im-haar\/#article","isPartOf":{"@id":"https:\/\/www.treatwell.at/treatment-files\/hochzeit-frisuren-trend-perlenschmuck-im-haar\/"},"author":{"name":"Isabella Tombinski-robb","@id":"https:\/\/www.treatwell.at/treatment-files\/#\/schema\/person\/869d3f19bdf4203c8e6e97c64e1c3c8e"},"headline":"Hochzeit Frisuren-Trend: Perlenschmuck im Haar","datePublished":"2019-04-15T10:43:35+00:00","dateModified":"2026-01-18T13:28:27+00:00","mainEntityOfPage":{"@id":"https:\/\/www.treatwell.at/treatment-files\/hochzeit-frisuren-trend-perlenschmuck-im-haar\/"},"wordCount":378,"publisher":{"@id":"https:\/\/www.treatwell.at/treatment-files\/#organization"},"image":{"@id":"https:\/\/www.treatwell.at/treatment-files\/hochzeit-frisuren-trend-perlenschmuck-im-haar\/#primaryimage"},"thumbnailUrl":"https:\/\/www.treatwell.at/treatment-files\/wp-content\/uploads\/sites\/2\/2022\/03\/anna_stylist.jpg","keywords":["Hair","Wedding Hair"],"articleSection":["Trends"],"inLanguage":"de-AT"},{"@type":"WebPage","@id":"https:\/\/www.treatwell.at/treatment-files\/hochzeit-frisuren-trend-perlenschmuck-im-haar\/","url":"https:\/\/www.treatwell.at/treatment-files\/hochzeit-frisuren-trend-perlenschmuck-im-haar\/","name":"Hochzeit Frisuren-Trend: Perlenschmuck im Haar - Treatwell","isPartOf":{"@id":"https:\/\/www.treatwell.at/treatment-files\/#website"},"primaryImageOfPage":{"@id":"https:\/\/www.treatwell.at/treatment-files\/hochzeit-frisuren-trend-perlenschmuck-im-haar\/#primaryimage"},"image":{"@id":"https:\/\/www.treatwell.at/treatment-files\/hochzeit-frisuren-trend-perlenschmuck-im-haar\/#primaryimage"},"thumbnailUrl":"https:\/\/www.treatwell.at/treatment-files\/wp-content\/uploads\/sites\/2\/2022\/03\/anna_stylist.jpg","datePublished":"2019-04-15T10:43:35+00:00","dateModified":"2026-01-18T13:28:27+00:00","description":"Solltest du planen, Perlenschmuck an deinem gro\u00dfen Tag zu tragen, dann bleib dran; Wir haben eine kleine Auswahl f\u00fcr dich zusammengestellt.","breadcrumb":{"@id":"https:\/\/www.treatwell.at/treatment-files\/hochzeit-frisuren-trend-perlenschmuck-im-haar\/#breadcrumb"},"inLanguage":"de-AT","potentialAction":[{"@type":"ReadAction","target":["https:\/\/www.treatwell.at/treatment-files\/hochzeit-frisuren-trend-perlenschmuck-im-haar\/"]}]},{"@type":"ImageObject","inLanguage":"de-AT","@id":"https:\/\/www.treatwell.at/treatment-files\/hochzeit-frisuren-trend-perlenschmuck-im-haar\/#primaryimage","url":"https:\/\/www.treatwell.at/treatment-files\/wp-content\/uploads\/sites\/2\/2022\/03\/anna_stylist.jpg","contentUrl":"https:\/\/www.treatwell.at/treatment-files\/wp-content\/uploads\/sites\/2\/2022\/03\/anna_stylist.jpg","width":628,"height":628},{"@type":"BreadcrumbList","@id":"https:\/\/www.treatwell.at/treatment-files\/hochzeit-frisuren-trend-perlenschmuck-im-haar\/#breadcrumb","itemListElement":[{"@type":"ListItem","position":1,"name":"Home","item":"https:\/\/www.treatwell.at/treatment-files\/"},{"@type":"ListItem","position":2,"name":"Trends","item":"https:\/\/www.treatwell.at/treatment-files\/trends\/"},{"@type":"ListItem","position":3,"name":"Hochzeit Frisuren-Trend: Perlenschmuck im Haar"}]},{"@type":"WebSite","@id":"https:\/\/www.treatwell.at/treatment-files\/#website","url":"https:\/\/www.treatwell.at/treatment-files\/","name":"The Treatment Files Blog","description":"Beauty entdecken. Beauty erleben.","publisher":{"@id":"https:\/\/www.treatwell.at/treatment-files\/#organization"},"potentialAction":[{"@type":"SearchAction","target":{"@type":"EntryPoint","urlTemplate":"https:\/\/www.treatwell.at/treatment-files\/?s={search_term_string}"},"query-input":{"@type":"PropertyValueSpecification","valueRequired":true,"valueName":"search_term_string"}}],"inLanguage":"de-AT"},{"@type":"Organization","@id":"https:\/\/www.treatwell.at/treatment-files\/#organization","name":"Treatwell","url":"https:\/\/www.treatwell.at/treatment-files\/","logo":{"@type":"ImageObject","inLanguage":"de-AT","@id":"https:\/\/www.treatwell.at/treatment-files\/#\/schema\/logo\/image\/","url":"https:\/\/www.treatwell.at/treatment-files\/wp-content\/uploads\/sites\/2\/2022\/03\/logo_treatwell.png","contentUrl":"https:\/\/www.treatwell.at/treatment-files\/wp-content\/uploads\/sites\/2\/2022\/03\/logo_treatwell.png","width":889,"height":164,"caption":"Treatwell"},"image":{"@id":"https:\/\/www.treatwell.at/treatment-files\/#\/schema\/logo\/image\/"}},{"@type":"Person","@id":"https:\/\/www.treatwell.at/treatment-files\/#\/schema\/person\/869d3f19bdf4203c8e6e97c64e1c3c8e","name":"Isabella Tombinski-robb","image":{"@type":"ImageObject","inLanguage":"de-AT","@id":"https:\/\/secure.gravatar.com\/avatar\/624ce3bd6151d711f02c8c31549c8390027943dc1293e17bf28c136ce4288a80?s=96&d=mm&r=g","url":"https:\/\/secure.gravatar.com\/avatar\/624ce3bd6151d711f02c8c31549c8390027943dc1293e17bf28c136ce4288a80?s=96&d=mm&r=g","contentUrl":"https:\/\/secure.gravatar.com\/avatar\/624ce3bd6151d711f02c8c31549c8390027943dc1293e17bf28c136ce4288a80?s=96&d=mm&r=g","caption":"Isabella Tombinski-robb"},"url":"https:\/\/www.treatwell.at/treatment-files\/author\/isabellatombinskirobb\/"}]}},"featured_image_src":"https:\/\/www.treatwell.at/treatment-files\/wp-content\/uploads\/sites\/2\/2022\/03\/anna_stylist-600x400.jpg","featured_image_src_square":"https:\/\/www.treatwell.at/treatment-files\/wp-content\/uploads\/sites\/2\/2022\/03\/anna_stylist-600x600.jpg","author_info":{"display_name":"Isabella Tombinski-robb","author_link":"https:\/\/www.treatwell.at/treatment-files\/author\/isabellatombinskirobb\/"},"_links":{"self":[{"href":"https:\/\/www.treatwell.at\/treatment-files\/wp-json\/wp\/v2\/posts\/15122","targetHints":{"allow":["GET"]}}],"collection":[{"href":"https:\/\/www.treatwell.at\/treatment-files\/wp-json\/wp\/v2\/posts"}],"about":[{"href":"https:\/\/www.treatwell.at\/treatment-files\/wp-json\/wp\/v2\/types\/post"}],"author":[{"embeddable":true,"href":"https:\/\/www.treatwell.at\/treatment-files\/wp-json\/wp\/v2\/users\/3318"}],"replies":[{"embeddable":true,"href":"https:\/\/www.treatwell.at\/treatment-files\/wp-json\/wp\/v2\/comments?post=15122"}],"version-history":[{"count":0,"href":"https:\/\/www.treatwell.at\/treatment-files\/wp-json\/wp\/v2\/posts\/15122\/revisions"}],"wp:featuredmedia":[{"embeddable":true,"href":"https:\/\/www.treatwell.at\/treatment-files\/wp-json\/wp\/v2\/media\/15139"}],"wp:attachment":[{"href":"https:\/\/www.treatwell.at\/treatment-files\/wp-json\/wp\/v2\/media?parent=15122"}],"wp:term":[{"taxonomy":"category","embeddable":true,"href":"https:\/\/www.treatwell.at\/treatment-files\/wp-json\/wp\/v2\/categories?post=15122"},{"taxonomy":"post_tag","embeddable":true,"href":"https:\/\/www.treatwell.at\/treatment-files\/wp-json\/wp\/v2\/tags?post=15122"}],"curies":[{"name":"wp","href":"https:\/\/api.w.org\/{rel}","templated":true}]}}