{"id":15140,"date":"2019-04-17T15:27:52","date_gmt":"2019-04-17T13:27:52","guid":{"rendered":"http:\/\/www.treatwell.at\/treatment-files\/?p=15050"},"modified":"2026-01-18T16:45:35","modified_gmt":"2026-01-18T15:45:35","slug":"locken-pony-14-grunde-die-fur-den-welligen-trend-sprechen","status":"publish","type":"post","link":"https:\/\/www.treatwell.at/treatment-files\/locken-pony-14-grunde-die-fur-den-welligen-trend-sprechen\/","title":{"rendered":"Locken-Pony: 14 Gr\u00fcnde, die f\u00fcr den welligen Trend sprechen"},"content":{"rendered":"<p style=\"text-align: justify\"><span style=\"font-weight: 400\">Curls sind nicht gleicht Curls und verhalten sich unterschiedlich je nach Struktur. Deshalb ist es wichtig, Unklarheiten bereits vor deinem Friseurbesuch zu beseitigen und ein offenes Gespr\u00e4ch mit deinem Friseur zu f\u00fchren. Scheu dich nicht die gro\u00dfe Frage zu stellen: Hast du bereits Erfahrung mit Locken, wie meinen gemacht? Und falls nicht, dann geht die Suche nach dem perfekten Stylisten weiter. Dieselbe Frage haben wir uns neulich selbst gestellt, als wir \u00fcber den Locken-Pony Trend gestolpert sind, der bereits auf Instagram die Runden macht. K\u00f6nnen\/sollen wir einen Selbstversuch mit der Schere wagen? Wir sind zum Entschluss gekommen, dass das wohl nicht die beste Idee ist. Hinter diesem Trend scheint wohl mehr Schnitttechnik zu stecken, als man denkt. <\/span><\/p>\n<p style=\"text-align: justify\"><span style=\"font-weight: 400\">Der Locken-Pony wird am besten geschnitten, wenn die Haare trocken sind, und sollte beim Schneiden keinesfalls lang gezogen werden. Bei Afros spielt der Stufenschnitt eine gro\u00dfe Rolle, der dem Pony mehr Griffigkeit und Textur verleiht. Die eigentliche Form sollte dabei stets erhalten bleiben. F\u00fcr Erstversucher raten wir zu einem l\u00e4ngeren Pony; Denn k\u00fcrzer kann er sp\u00e4ter immer noch geschnitten werden. So bist du aber auf der sicheren Seite und gehst kein Risiko auf einen Baseball-Cap Cut ein. Unser Fazit lautet: Wenn es um unsere stolze Lockenpracht geht, kennen wir kein Pardon. Also Finger weg von Selbstversuchen und auf zum Salon, wo wir uns in professionelle H\u00e4nde begeben k\u00f6nnen.<\/span><\/p>\n<div class=\"schema-faq wp-block-yoast-faq-block\">\n<div class=\"schema-faq-section\" id=\"faq-question-1768750790027\">\n<h3 class=\"schema-faq-question\">Wie findest du den passenden Friseur f\u00fcr Locken?<\/h3>\n<p class=\"schema-faq-answer\">W\u00e4hle immer Fachleute, die Erfahrung mit Locken wie deinen besitzen. Ein offenes Gespr\u00e4ch vor dem Termin kl\u00e4rt, ob das Styling deinen Haarbed\u00fcrfnissen entspricht und sorgt f\u00fcr das beste Ergebnis.<\/div>\n<div class=\"schema-faq-section\" id=\"faq-question-1768750790028\">\n<h3 class=\"schema-faq-question\">Warum solltest du deinen Pony bei Locken nicht selbst schneiden?<\/h3>\n<p class=\"schema-faq-answer\">Ein Selbstversuch beim Locken-Pony birgt hohe Risiken und kann zu unvorteilhaften Ergebnissen f\u00fchren. Die richtige Schnitttechnik verlangt Erfahrung und sollte immer Fachleuten im Salon \u00fcberlassen werden.<\/div>\n<div class=\"schema-faq-section\" id=\"faq-question-1768750790029\">\n<h3 class=\"schema-faq-question\">Wie wird ein Locken-Pony am besten geschnitten?<\/h3>\n<p class=\"schema-faq-answer\">Schneide den Locken-Pony immer im trockenen Zustand und vermeide es, das Haar zu lang zu ziehen. Durch diese Methode bleibt die nat\u00fcrliche Form erhalten und das Ergebnis wirkt lebendig.<\/div>\n<div class=\"schema-faq-section\" id=\"faq-question-1768750790030\">\n<h3 class=\"schema-faq-question\">Welche Schnitttechnik empfiehlt sich f\u00fcr Afro-Locken beim Pony?<\/h3>\n<p class=\"schema-faq-answer\">Bei Afros sorgt ein Stufenschnitt f\u00fcr mehr Griffigkeit und Textur im Pony. Wichtig ist, dass die Grundform bestehen bleibt und ein harmonischer \u00dcbergang entsteht.<\/div>\n<div class=\"schema-faq-section\" id=\"faq-question-1768750790031\">\n<h3 class=\"schema-faq-question\">Warum lohnt sich ein l\u00e4ngerer Pony beim ersten Versuch?<\/h3>\n<p class=\"schema-faq-answer\">Starte mit einem l\u00e4ngeren Pony, denn k\u00fcrzen kannst du ihn sp\u00e4ter immer noch. So gehst du unn\u00f6tigen Risiken aus dem Weg und sicherst dir ein stimmiges Gesamtbild.<\/div>\n<\/p><\/div>\n","protected":false},"excerpt":{"rendered":"<p>Curls sind nicht gleicht Curls und verhalten sich unterschiedlich je nach Struktur. Deshalb ist es wichtig, Unklarheiten bereits vor deinem Friseurbesuch zu beseitigen und ein offenes Gespr\u00e4ch mit deinem Friseur zu f\u00fchren. Scheu dich nicht die gro\u00dfe Frage zu stellen: Hast du bereits Erfahrung mit Locken, wie meinen gemacht? Und falls nicht, dann geht die [&hellip;]<\/p>\n","protected":false},"author":3318,"featured_media":15156,"comment_status":"closed","ping_status":"closed","sticky":false,"template":"","format":"standard","meta":{"_acf_changed":false,"_yoast_wpseo_title":"Locken-Pony: 14 Gr\u00fcnde, die f\u00fcr den welligen Trend sprechen - Treatwell","_yoast_wpseo_metadesc":"Der Locken-Pony wird am besten geschnitten, wenn die Haare trocken sind, und sollte beim Schneiden keinesfalls lang gezogen werden. Bei Afros spielt der Stufenschnitt eine gro\u00dfe Rolle, der dem Pony mehr Griffigkeit und Textur verleiht.","_genesis_hide_title":false,"_genesis_hide_breadcrumbs":false,"_genesis_hide_singular_image":false,"_genesis_hide_footer_widgets":false,"_genesis_custom_body_class":"","_genesis_custom_post_class":"","_genesis_layout":"","saswp_custom_schema_field":"{\"@context\":\"https:\/\/schema.org\",\"@type\":\"FAQPage\",\"mainEntity\":[{\"@type\":\"Question\",\"name\":\"Wie findest du den passenden Friseur f\u00fcr Locken?\",\"acceptedAnswer\":{\"@type\":\"Answer\",\"text\":\"W\u00e4hle immer Fachleute, die Erfahrung mit Locken wie deinen besitzen. Ein offenes Gespr\u00e4ch vor dem Termin kl\u00e4rt, ob das Styling deinen Haarbed\u00fcrfnissen entspricht und sorgt f\u00fcr das beste Ergebnis.\"}},{\"@type\":\"Question\",\"name\":\"Warum solltest du deinen Pony bei Locken nicht selbst schneiden?\",\"acceptedAnswer\":{\"@type\":\"Answer\",\"text\":\"Ein Selbstversuch beim Locken-Pony birgt hohe Risiken und kann zu unvorteilhaften Ergebnissen f\u00fchren. Die richtige Schnitttechnik verlangt Erfahrung und sollte immer Fachleuten im Salon \u00fcberlassen werden.\"}},{\"@type\":\"Question\",\"name\":\"Wie wird ein Locken-Pony am besten geschnitten?\",\"acceptedAnswer\":{\"@type\":\"Answer\",\"text\":\"Schneide den Locken-Pony immer im trockenen Zustand und vermeide es, das Haar zu lang zu ziehen. Durch diese Methode bleibt die nat\u00fcrliche Form erhalten und das Ergebnis wirkt lebendig.\"}},{\"@type\":\"Question\",\"name\":\"Welche Schnitttechnik empfiehlt sich f\u00fcr Afro-Locken beim Pony?\",\"acceptedAnswer\":{\"@type\":\"Answer\",\"text\":\"Bei Afros sorgt ein Stufenschnitt f\u00fcr mehr Griffigkeit und Textur im Pony. Wichtig ist, dass die Grundform bestehen bleibt und ein harmonischer \u00dcbergang entsteht.\"}},{\"@type\":\"Question\",\"name\":\"Warum lohnt sich ein l\u00e4ngerer Pony beim ersten Versuch?\",\"acceptedAnswer\":{\"@type\":\"Answer\",\"text\":\"Starte mit einem l\u00e4ngeren Pony, denn k\u00fcrzen kannst du ihn sp\u00e4ter immer noch. So gehst du unn\u00f6tigen Risiken aus dem Weg und sicherst dir ein stimmiges Gesamtbild.\"}}]}","footnotes":""},"categories":[2],"tags":[3,5],"class_list":{"0":"post-15140","1":"post","2":"type-post","3":"status-publish","4":"format-standard","5":"has-post-thumbnail","7":"category-trends","8":"tag-tt6","9":"tag-tr166","10":"entry"},"acf":{"post_credits":"Bildrechte: Shutterstock, Instagram: @angelinadoeshair, @feryn.fischer.hair, @frizzyphe, @ga_style, @gillzcurlz, @hannah_todt, @herdesirebeauty, @jesse_furlan, @jesse_furlan, @kaniei, @karinastylistecoloriste, @noisy_head, @rosisini, @shaunapowershair","beauty_blog_post_button_title":"Locken-Pony probieren","beauty_blog_post_button":"https:\/\/www.treatwell.at\/orte\/behandlung-damenhaarschnitt\/angebot-typ-lokal\/in-at\/","landscape_picture":15155,"blocks":[{"block_title":"","block_content":"","video_content":"","block_picture":15141},{"block_title":"","block_content":"","video_content":"","block_picture":15142},{"block_title":"","block_content":"","video_content":"","block_picture":15143},{"block_title":"","block_content":"","video_content":"","block_picture":15144},{"block_title":"","block_content":"","video_content":"","block_picture":15145},{"block_title":"","block_content":"","video_content":"","block_picture":15146},{"block_title":"","block_content":"","video_content":"","block_picture":15147},{"block_title":"","block_content":"","video_content":"","block_picture":15148},{"block_title":"","block_content":"","video_content":"","block_picture":15149},{"block_title":"","block_content":"","video_content":"","block_picture":15150},{"block_title":"","block_content":"","video_content":"","block_picture":15151},{"block_title":"","block_content":"","video_content":"","block_picture":15152},{"block_title":"","block_content":"","video_content":"","block_picture":15153},{"block_title":"","block_content":"","video_content":"","block_picture":15154}]},"yoast_head":"<!-- This site is optimized with the Yoast SEO plugin v27.5 - https:\/\/yoast.com\/product\/yoast-seo-wordpress\/ -->\n<title>Locken-Pony: 14 Gr\u00fcnde, die f\u00fcr den welligen Trend sprechen - Treatwell<\/title>\n<meta name=\"description\" content=\"Der Locken-Pony wird am besten geschnitten, wenn die Haare trocken sind, und sollte beim Schneiden keinesfalls lang gezogen werden. Bei Afros spielt der Stufenschnitt eine gro\u00dfe Rolle, der dem Pony mehr Griffigkeit und Textur verleiht.\" \/>\n<meta name=\"robots\" content=\"index, follow, max-snippet:-1, max-image-preview:large, max-video-preview:-1\" \/>\n<link rel=\"canonical\" href=\"https:\/\/www.treatwell.at/treatment-files\/locken-pony-14-grunde-die-fur-den-welligen-trend-sprechen\/\" \/>\n<meta property=\"og:locale\" content=\"de_DE\" \/>\n<meta property=\"og:type\" content=\"article\" \/>\n<meta property=\"og:title\" content=\"Locken-Pony: 14 Gr\u00fcnde, die f\u00fcr den welligen Trend sprechen - Treatwell\" \/>\n<meta property=\"og:description\" content=\"Der Locken-Pony wird am besten geschnitten, wenn die Haare trocken sind, und sollte beim Schneiden keinesfalls lang gezogen werden. Bei Afros spielt der Stufenschnitt eine gro\u00dfe Rolle, der dem Pony mehr Griffigkeit und Textur verleiht.\" \/>\n<meta property=\"og:url\" content=\"https:\/\/www.treatwell.at/treatment-files\/locken-pony-14-grunde-die-fur-den-welligen-trend-sprechen\/\" \/>\n<meta property=\"og:site_name\" content=\"The Treatment Files Blog\" \/>\n<meta property=\"article:published_time\" content=\"2019-04-17T13:27:52+00:00\" \/>\n<meta property=\"article:modified_time\" content=\"2026-01-18T15:45:35+00:00\" \/>\n<meta property=\"og:image\" content=\"https:\/\/www.treatwell.at/treatment-files\/wp-content\/uploads\/sites\/2\/2022\/03\/kaniei.jpg\" \/>\n\t<meta property=\"og:image:width\" content=\"502\" \/>\n\t<meta property=\"og:image:height\" content=\"628\" \/>\n\t<meta property=\"og:image:type\" content=\"image\/jpeg\" \/>\n<meta name=\"author\" content=\"Isabella Tombinski-robb\" \/>\n<meta name=\"twitter:card\" content=\"summary_large_image\" \/>\n<meta name=\"twitter:label1\" content=\"Verfasst von\" \/>\n\t<meta name=\"twitter:data1\" content=\"Isabella Tombinski-robb\" \/>\n\t<meta name=\"twitter:label2\" content=\"Gesch\u00e4tzte Lesezeit\" \/>\n\t<meta name=\"twitter:data2\" content=\"2 Minuten\" \/>\n<script type=\"application\/ld+json\" class=\"yoast-schema-graph\">{\"@context\":\"https:\\\/\\\/schema.org\",\"@graph\":[{\"@type\":\"Article\",\"@id\":\"https:\\\/\\\/www.treatwell.at/treatment-files\\\/locken-pony-14-grunde-die-fur-den-welligen-trend-sprechen\\\/#article\",\"isPartOf\":{\"@id\":\"https:\\\/\\\/www.treatwell.at/treatment-files\\\/locken-pony-14-grunde-die-fur-den-welligen-trend-sprechen\\\/\"},\"author\":{\"name\":\"Isabella Tombinski-robb\",\"@id\":\"https:\\\/\\\/www.treatwell.at/treatment-files\\\/#\\\/schema\\\/person\\\/869d3f19bdf4203c8e6e97c64e1c3c8e\"},\"headline\":\"Locken-Pony: 14 Gr\u00fcnde, die f\u00fcr den welligen Trend sprechen\",\"datePublished\":\"2019-04-17T13:27:52+00:00\",\"dateModified\":\"2026-01-18T15:45:35+00:00\",\"mainEntityOfPage\":{\"@id\":\"https:\\\/\\\/www.treatwell.at/treatment-files\\\/locken-pony-14-grunde-die-fur-den-welligen-trend-sprechen\\\/\"},\"wordCount\":439,\"publisher\":{\"@id\":\"https:\\\/\\\/www.treatwell.at/treatment-files\\\/#organization\"},\"image\":{\"@id\":\"https:\\\/\\\/www.treatwell.at/treatment-files\\\/locken-pony-14-grunde-die-fur-den-welligen-trend-sprechen\\\/#primaryimage\"},\"thumbnailUrl\":\"https:\\\/\\\/www.treatwell.at/treatment-files\\\/wp-content\\\/uploads\\\/sites\\\/2\\\/2022\\\/03\\\/kaniei.jpg\",\"keywords\":[\"Hair\",\"Haircuts and Hairdressing\"],\"articleSection\":[\"Trends\"],\"inLanguage\":\"de-AT\"},{\"@type\":\"WebPage\",\"@id\":\"https:\\\/\\\/www.treatwell.at/treatment-files\\\/locken-pony-14-grunde-die-fur-den-welligen-trend-sprechen\\\/\",\"url\":\"https:\\\/\\\/www.treatwell.at/treatment-files\\\/locken-pony-14-grunde-die-fur-den-welligen-trend-sprechen\\\/\",\"name\":\"Locken-Pony: 14 Gr\u00fcnde, die f\u00fcr den welligen Trend sprechen - Treatwell\",\"isPartOf\":{\"@id\":\"https:\\\/\\\/www.treatwell.at/treatment-files\\\/#website\"},\"primaryImageOfPage\":{\"@id\":\"https:\\\/\\\/www.treatwell.at/treatment-files\\\/locken-pony-14-grunde-die-fur-den-welligen-trend-sprechen\\\/#primaryimage\"},\"image\":{\"@id\":\"https:\\\/\\\/www.treatwell.at/treatment-files\\\/locken-pony-14-grunde-die-fur-den-welligen-trend-sprechen\\\/#primaryimage\"},\"thumbnailUrl\":\"https:\\\/\\\/www.treatwell.at/treatment-files\\\/wp-content\\\/uploads\\\/sites\\\/2\\\/2022\\\/03\\\/kaniei.jpg\",\"datePublished\":\"2019-04-17T13:27:52+00:00\",\"dateModified\":\"2026-01-18T15:45:35+00:00\",\"description\":\"Der Locken-Pony wird am besten geschnitten, wenn die Haare trocken sind, und sollte beim Schneiden keinesfalls lang gezogen werden. Bei Afros spielt der Stufenschnitt eine gro\u00dfe Rolle, der dem Pony mehr Griffigkeit und Textur verleiht.\",\"breadcrumb\":{\"@id\":\"https:\\\/\\\/www.treatwell.at/treatment-files\\\/locken-pony-14-grunde-die-fur-den-welligen-trend-sprechen\\\/#breadcrumb\"},\"inLanguage\":\"de-AT\",\"potentialAction\":[{\"@type\":\"ReadAction\",\"target\":[\"https:\\\/\\\/www.treatwell.at/treatment-files\\\/locken-pony-14-grunde-die-fur-den-welligen-trend-sprechen\\\/\"]}]},{\"@type\":\"ImageObject\",\"inLanguage\":\"de-AT\",\"@id\":\"https:\\\/\\\/www.treatwell.at/treatment-files\\\/locken-pony-14-grunde-die-fur-den-welligen-trend-sprechen\\\/#primaryimage\",\"url\":\"https:\\\/\\\/www.treatwell.at/treatment-files\\\/wp-content\\\/uploads\\\/sites\\\/2\\\/2022\\\/03\\\/kaniei.jpg\",\"contentUrl\":\"https:\\\/\\\/www.treatwell.at/treatment-files\\\/wp-content\\\/uploads\\\/sites\\\/2\\\/2022\\\/03\\\/kaniei.jpg\",\"width\":502,\"height\":628},{\"@type\":\"BreadcrumbList\",\"@id\":\"https:\\\/\\\/www.treatwell.at/treatment-files\\\/locken-pony-14-grunde-die-fur-den-welligen-trend-sprechen\\\/#breadcrumb\",\"itemListElement\":[{\"@type\":\"ListItem\",\"position\":1,\"name\":\"Home\",\"item\":\"https:\\\/\\\/www.treatwell.at/treatment-files\\\/\"},{\"@type\":\"ListItem\",\"position\":2,\"name\":\"Trends\",\"item\":\"https:\\\/\\\/www.treatwell.at/treatment-files\\\/trends\\\/\"},{\"@type\":\"ListItem\",\"position\":3,\"name\":\"Locken-Pony: 14 Gr\u00fcnde, die f\u00fcr den welligen Trend sprechen\"}]},{\"@type\":\"WebSite\",\"@id\":\"https:\\\/\\\/www.treatwell.at/treatment-files\\\/#website\",\"url\":\"https:\\\/\\\/www.treatwell.at/treatment-files\\\/\",\"name\":\"The Treatment Files Blog\",\"description\":\"Beauty entdecken. Beauty erleben.\",\"publisher\":{\"@id\":\"https:\\\/\\\/www.treatwell.at/treatment-files\\\/#organization\"},\"potentialAction\":[{\"@type\":\"SearchAction\",\"target\":{\"@type\":\"EntryPoint\",\"urlTemplate\":\"https:\\\/\\\/www.treatwell.at/treatment-files\\\/?s={search_term_string}\"},\"query-input\":{\"@type\":\"PropertyValueSpecification\",\"valueRequired\":true,\"valueName\":\"search_term_string\"}}],\"inLanguage\":\"de-AT\"},{\"@type\":\"Organization\",\"@id\":\"https:\\\/\\\/www.treatwell.at/treatment-files\\\/#organization\",\"name\":\"Treatwell\",\"url\":\"https:\\\/\\\/www.treatwell.at/treatment-files\\\/\",\"logo\":{\"@type\":\"ImageObject\",\"inLanguage\":\"de-AT\",\"@id\":\"https:\\\/\\\/www.treatwell.at/treatment-files\\\/#\\\/schema\\\/logo\\\/image\\\/\",\"url\":\"https:\\\/\\\/www.treatwell.at/treatment-files\\\/wp-content\\\/uploads\\\/sites\\\/2\\\/2022\\\/03\\\/logo_treatwell.png\",\"contentUrl\":\"https:\\\/\\\/www.treatwell.at/treatment-files\\\/wp-content\\\/uploads\\\/sites\\\/2\\\/2022\\\/03\\\/logo_treatwell.png\",\"width\":889,\"height\":164,\"caption\":\"Treatwell\"},\"image\":{\"@id\":\"https:\\\/\\\/www.treatwell.at/treatment-files\\\/#\\\/schema\\\/logo\\\/image\\\/\"}},{\"@type\":\"Person\",\"@id\":\"https:\\\/\\\/www.treatwell.at/treatment-files\\\/#\\\/schema\\\/person\\\/869d3f19bdf4203c8e6e97c64e1c3c8e\",\"name\":\"Isabella Tombinski-robb\",\"image\":{\"@type\":\"ImageObject\",\"inLanguage\":\"de-AT\",\"@id\":\"https:\\\/\\\/secure.gravatar.com\\\/avatar\\\/624ce3bd6151d711f02c8c31549c8390027943dc1293e17bf28c136ce4288a80?s=96&d=mm&r=g\",\"url\":\"https:\\\/\\\/secure.gravatar.com\\\/avatar\\\/624ce3bd6151d711f02c8c31549c8390027943dc1293e17bf28c136ce4288a80?s=96&d=mm&r=g\",\"contentUrl\":\"https:\\\/\\\/secure.gravatar.com\\\/avatar\\\/624ce3bd6151d711f02c8c31549c8390027943dc1293e17bf28c136ce4288a80?s=96&d=mm&r=g\",\"caption\":\"Isabella Tombinski-robb\"},\"url\":\"https:\\\/\\\/www.treatwell.at/treatment-files\\\/author\\\/isabellatombinskirobb\\\/\"}]}<\/script>\n<!-- \/ Yoast SEO plugin. -->","yoast_head_json":{"title":"Locken-Pony: 14 Gr\u00fcnde, die f\u00fcr den welligen Trend sprechen - Treatwell","description":"Der Locken-Pony wird am besten geschnitten, wenn die Haare trocken sind, und sollte beim Schneiden keinesfalls lang gezogen werden. Bei Afros spielt der Stufenschnitt eine gro\u00dfe Rolle, der dem Pony mehr Griffigkeit und Textur verleiht.","robots":{"index":"index","follow":"follow","max-snippet":"max-snippet:-1","max-image-preview":"max-image-preview:large","max-video-preview":"max-video-preview:-1"},"canonical":"https:\/\/www.treatwell.at/treatment-files\/locken-pony-14-grunde-die-fur-den-welligen-trend-sprechen\/","og_locale":"de_DE","og_type":"article","og_title":"Locken-Pony: 14 Gr\u00fcnde, die f\u00fcr den welligen Trend sprechen - Treatwell","og_description":"Der Locken-Pony wird am besten geschnitten, wenn die Haare trocken sind, und sollte beim Schneiden keinesfalls lang gezogen werden. Bei Afros spielt der Stufenschnitt eine gro\u00dfe Rolle, der dem Pony mehr Griffigkeit und Textur verleiht.","og_url":"https:\/\/www.treatwell.at/treatment-files\/locken-pony-14-grunde-die-fur-den-welligen-trend-sprechen\/","og_site_name":"The Treatment Files Blog","article_published_time":"2019-04-17T13:27:52+00:00","article_modified_time":"2026-01-18T15:45:35+00:00","og_image":[{"width":502,"height":628,"url":"https:\/\/www.treatwell.at/treatment-files\/wp-content\/uploads\/sites\/2\/2022\/03\/kaniei.jpg","type":"image\/jpeg"}],"author":"Isabella Tombinski-robb","twitter_card":"summary_large_image","twitter_misc":{"Verfasst von":"Isabella Tombinski-robb","Gesch\u00e4tzte Lesezeit":"2 Minuten"},"schema":{"@context":"https:\/\/schema.org","@graph":[{"@type":"Article","@id":"https:\/\/www.treatwell.at/treatment-files\/locken-pony-14-grunde-die-fur-den-welligen-trend-sprechen\/#article","isPartOf":{"@id":"https:\/\/www.treatwell.at/treatment-files\/locken-pony-14-grunde-die-fur-den-welligen-trend-sprechen\/"},"author":{"name":"Isabella Tombinski-robb","@id":"https:\/\/www.treatwell.at/treatment-files\/#\/schema\/person\/869d3f19bdf4203c8e6e97c64e1c3c8e"},"headline":"Locken-Pony: 14 Gr\u00fcnde, die f\u00fcr den welligen Trend sprechen","datePublished":"2019-04-17T13:27:52+00:00","dateModified":"2026-01-18T15:45:35+00:00","mainEntityOfPage":{"@id":"https:\/\/www.treatwell.at/treatment-files\/locken-pony-14-grunde-die-fur-den-welligen-trend-sprechen\/"},"wordCount":439,"publisher":{"@id":"https:\/\/www.treatwell.at/treatment-files\/#organization"},"image":{"@id":"https:\/\/www.treatwell.at/treatment-files\/locken-pony-14-grunde-die-fur-den-welligen-trend-sprechen\/#primaryimage"},"thumbnailUrl":"https:\/\/www.treatwell.at/treatment-files\/wp-content\/uploads\/sites\/2\/2022\/03\/kaniei.jpg","keywords":["Hair","Haircuts and Hairdressing"],"articleSection":["Trends"],"inLanguage":"de-AT"},{"@type":"WebPage","@id":"https:\/\/www.treatwell.at/treatment-files\/locken-pony-14-grunde-die-fur-den-welligen-trend-sprechen\/","url":"https:\/\/www.treatwell.at/treatment-files\/locken-pony-14-grunde-die-fur-den-welligen-trend-sprechen\/","name":"Locken-Pony: 14 Gr\u00fcnde, die f\u00fcr den welligen Trend sprechen - Treatwell","isPartOf":{"@id":"https:\/\/www.treatwell.at/treatment-files\/#website"},"primaryImageOfPage":{"@id":"https:\/\/www.treatwell.at/treatment-files\/locken-pony-14-grunde-die-fur-den-welligen-trend-sprechen\/#primaryimage"},"image":{"@id":"https:\/\/www.treatwell.at/treatment-files\/locken-pony-14-grunde-die-fur-den-welligen-trend-sprechen\/#primaryimage"},"thumbnailUrl":"https:\/\/www.treatwell.at/treatment-files\/wp-content\/uploads\/sites\/2\/2022\/03\/kaniei.jpg","datePublished":"2019-04-17T13:27:52+00:00","dateModified":"2026-01-18T15:45:35+00:00","description":"Der Locken-Pony wird am besten geschnitten, wenn die Haare trocken sind, und sollte beim Schneiden keinesfalls lang gezogen werden. Bei Afros spielt der Stufenschnitt eine gro\u00dfe Rolle, der dem Pony mehr Griffigkeit und Textur verleiht.","breadcrumb":{"@id":"https:\/\/www.treatwell.at/treatment-files\/locken-pony-14-grunde-die-fur-den-welligen-trend-sprechen\/#breadcrumb"},"inLanguage":"de-AT","potentialAction":[{"@type":"ReadAction","target":["https:\/\/www.treatwell.at/treatment-files\/locken-pony-14-grunde-die-fur-den-welligen-trend-sprechen\/"]}]},{"@type":"ImageObject","inLanguage":"de-AT","@id":"https:\/\/www.treatwell.at/treatment-files\/locken-pony-14-grunde-die-fur-den-welligen-trend-sprechen\/#primaryimage","url":"https:\/\/www.treatwell.at/treatment-files\/wp-content\/uploads\/sites\/2\/2022\/03\/kaniei.jpg","contentUrl":"https:\/\/www.treatwell.at/treatment-files\/wp-content\/uploads\/sites\/2\/2022\/03\/kaniei.jpg","width":502,"height":628},{"@type":"BreadcrumbList","@id":"https:\/\/www.treatwell.at/treatment-files\/locken-pony-14-grunde-die-fur-den-welligen-trend-sprechen\/#breadcrumb","itemListElement":[{"@type":"ListItem","position":1,"name":"Home","item":"https:\/\/www.treatwell.at/treatment-files\/"},{"@type":"ListItem","position":2,"name":"Trends","item":"https:\/\/www.treatwell.at/treatment-files\/trends\/"},{"@type":"ListItem","position":3,"name":"Locken-Pony: 14 Gr\u00fcnde, die f\u00fcr den welligen Trend sprechen"}]},{"@type":"WebSite","@id":"https:\/\/www.treatwell.at/treatment-files\/#website","url":"https:\/\/www.treatwell.at/treatment-files\/","name":"The Treatment Files Blog","description":"Beauty entdecken. Beauty erleben.","publisher":{"@id":"https:\/\/www.treatwell.at/treatment-files\/#organization"},"potentialAction":[{"@type":"SearchAction","target":{"@type":"EntryPoint","urlTemplate":"https:\/\/www.treatwell.at/treatment-files\/?s={search_term_string}"},"query-input":{"@type":"PropertyValueSpecification","valueRequired":true,"valueName":"search_term_string"}}],"inLanguage":"de-AT"},{"@type":"Organization","@id":"https:\/\/www.treatwell.at/treatment-files\/#organization","name":"Treatwell","url":"https:\/\/www.treatwell.at/treatment-files\/","logo":{"@type":"ImageObject","inLanguage":"de-AT","@id":"https:\/\/www.treatwell.at/treatment-files\/#\/schema\/logo\/image\/","url":"https:\/\/www.treatwell.at/treatment-files\/wp-content\/uploads\/sites\/2\/2022\/03\/logo_treatwell.png","contentUrl":"https:\/\/www.treatwell.at/treatment-files\/wp-content\/uploads\/sites\/2\/2022\/03\/logo_treatwell.png","width":889,"height":164,"caption":"Treatwell"},"image":{"@id":"https:\/\/www.treatwell.at/treatment-files\/#\/schema\/logo\/image\/"}},{"@type":"Person","@id":"https:\/\/www.treatwell.at/treatment-files\/#\/schema\/person\/869d3f19bdf4203c8e6e97c64e1c3c8e","name":"Isabella Tombinski-robb","image":{"@type":"ImageObject","inLanguage":"de-AT","@id":"https:\/\/secure.gravatar.com\/avatar\/624ce3bd6151d711f02c8c31549c8390027943dc1293e17bf28c136ce4288a80?s=96&d=mm&r=g","url":"https:\/\/secure.gravatar.com\/avatar\/624ce3bd6151d711f02c8c31549c8390027943dc1293e17bf28c136ce4288a80?s=96&d=mm&r=g","contentUrl":"https:\/\/secure.gravatar.com\/avatar\/624ce3bd6151d711f02c8c31549c8390027943dc1293e17bf28c136ce4288a80?s=96&d=mm&r=g","caption":"Isabella Tombinski-robb"},"url":"https:\/\/www.treatwell.at/treatment-files\/author\/isabellatombinskirobb\/"}]}},"featured_image_src":"https:\/\/www.treatwell.at/treatment-files\/wp-content\/uploads\/sites\/2\/2022\/03\/kaniei-502x400.jpg","featured_image_src_square":"https:\/\/www.treatwell.at/treatment-files\/wp-content\/uploads\/sites\/2\/2022\/03\/kaniei-502x600.jpg","author_info":{"display_name":"Isabella Tombinski-robb","author_link":"https:\/\/www.treatwell.at/treatment-files\/author\/isabellatombinskirobb\/"},"_links":{"self":[{"href":"https:\/\/www.treatwell.at\/treatment-files\/wp-json\/wp\/v2\/posts\/15140","targetHints":{"allow":["GET"]}}],"collection":[{"href":"https:\/\/www.treatwell.at\/treatment-files\/wp-json\/wp\/v2\/posts"}],"about":[{"href":"https:\/\/www.treatwell.at\/treatment-files\/wp-json\/wp\/v2\/types\/post"}],"author":[{"embeddable":true,"href":"https:\/\/www.treatwell.at\/treatment-files\/wp-json\/wp\/v2\/users\/3318"}],"replies":[{"embeddable":true,"href":"https:\/\/www.treatwell.at\/treatment-files\/wp-json\/wp\/v2\/comments?post=15140"}],"version-history":[{"count":0,"href":"https:\/\/www.treatwell.at\/treatment-files\/wp-json\/wp\/v2\/posts\/15140\/revisions"}],"wp:featuredmedia":[{"embeddable":true,"href":"https:\/\/www.treatwell.at\/treatment-files\/wp-json\/wp\/v2\/media\/15156"}],"wp:attachment":[{"href":"https:\/\/www.treatwell.at\/treatment-files\/wp-json\/wp\/v2\/media?parent=15140"}],"wp:term":[{"taxonomy":"category","embeddable":true,"href":"https:\/\/www.treatwell.at\/treatment-files\/wp-json\/wp\/v2\/categories?post=15140"},{"taxonomy":"post_tag","embeddable":true,"href":"https:\/\/www.treatwell.at\/treatment-files\/wp-json\/wp\/v2\/tags?post=15140"}],"curies":[{"name":"wp","href":"https:\/\/api.w.org\/{rel}","templated":true}]}}