{"id":15253,"date":"2019-06-20T14:42:50","date_gmt":"2019-06-20T12:42:50","guid":{"rendered":"http:\/\/www.treatwell.at\/treatment-files\/?p=15318"},"modified":"2026-01-18T14:28:38","modified_gmt":"2026-01-18T13:28:38","slug":"beauty-timeline-so-planst-du-deine-treatments-rechtzeitig-fuer-den-urlaub","status":"publish","type":"post","link":"https:\/\/www.treatwell.at/treatment-files\/beauty-timeline-so-planst-du-deine-treatments-rechtzeitig-fuer-den-urlaub\/","title":{"rendered":"Beauty-Timeline: So planst du deine Treatments rechtzeitig f\u00fcr den Urlaub"},"content":{"rendered":"<p style=\"text-align: justify\"><span style=\"font-weight: 400\">Sommer, Sonne, Sonnenschein. Die warme Jahreszeit ist schon so gut wie da und wir k\u00f6nnen es kaum erwarten, in unseren langersehnten Urlaub zu starten. Bikini, Flip Flops, Sommerkleider und Sonnencreme stehen ganz oben auf deiner To-do Liste. Dennoch hast du das Gef\u00fchl, dass du noch nicht so richtig vorbereitet bist. Waxing, Augenbrauen zupfen und Co schon geplant? Beauty muss nicht kompliziert sein. Hier ist unsere Beauty-Timeline, mit den Treats, die du rechtzeitig einplanen solltest. <\/span><\/p>\n<div class=\"schema-faq wp-block-yoast-faq-block\">\n<div class=\"schema-faq-section\" id=\"faq-question-1768742518280\">\n<h3 class=\"schema-faq-question\">Wann solltest du deine Haarfarbe vor dem Sommerurlaub auffrischen?<\/h3>\n<p class=\"schema-faq-answer\">Ein Termin f\u00fcr das F\u00e4rben deiner Haare empfiehlt sich etwa 1 Monat vor dem Urlaub. UV-Strahlen und der hohe Chlorgehalt in Swimmingpools k\u00f6nnen die Farbe schnell verblassen lassen oder einen Gr\u00fcnstich hervorrufen.<\/div>\n<div class=\"schema-faq-section\" id=\"faq-question-1768742518281\">\n<h3 class=\"schema-faq-question\">Wie planst du Waxing optimal vor dem Sommerurlaub?<\/h3>\n<p class=\"schema-faq-answer\">Buche dein Waxing etwa 1 Woche vor dem Urlaub. So gibst du deiner Haut genug Zeit, um sich zu beruhigen und vermeidest Reizungen durch Sonne oder Pool kurz nach der Behandlung.<\/div>\n<div class=\"schema-faq-section\" id=\"faq-question-1768742518282\">\n<h3 class=\"schema-faq-question\">Wann wirkt ein frischer Haarschnitt am l\u00e4ngsten im Urlaub?<\/h3>\n<p class=\"schema-faq-answer\">Ein neuer Haarschnitt 3 Tage vor dem Urlaub sorgt daf\u00fcr, dass dein Schnitt auch bei Sonne, Meerwasser und Hitze luftig und frisch wirkt. Zus\u00e4tzlich sch\u00fctzt Conditioner das Haar vor Feuchtigkeitsverlust durch Sonne und Salzwasser.<\/div>\n<div class=\"schema-faq-section\" id=\"faq-question-1768742518283\">\n<h3 class=\"schema-faq-question\">Wie h\u00e4lt deine Spr\u00fchbr\u00e4une im Urlaub l\u00e4nger?<\/h3>\n<p class=\"schema-faq-answer\">Mit gr\u00fcndlicher Vorbereitung, Peeling und Eincremen vorab kann Spr\u00fchbr\u00e4une l\u00e4nger als 1 Woche halten. Trage etwas Selbstbr\u00e4uner in deine Aftersun-Lotion ein, so bleibt der Glow-Effekt erhalten.<\/div>\n<div class=\"schema-faq-section\" id=\"faq-question-1768742518284\">\n<h3 class=\"schema-faq-question\">Was sorgt f\u00fcr eine langanhaltende Manik\u00fcre im Sommerurlaub?<\/h3>\n<p class=\"schema-faq-answer\">Eine Gel-Manik\u00fcre oder -Pedik\u00fcre 1 Tag vor dem Urlaub verleiht den N\u00e4geln Widerstandskraft und h\u00e4lt besonders lange. Vermeide Creme auf den Fingerspitzen, da dies das Abl\u00f6sen des Gels beg\u00fcnstigen k\u00f6nnte.<\/div>\n<\/p><\/div>\n","protected":false},"excerpt":{"rendered":"<p>Sommer, Sonne, Sonnenschein. Die warme Jahreszeit ist schon so gut wie da und wir k\u00f6nnen es kaum erwarten, in unseren langersehnten Urlaub zu starten. Bikini, Flip Flops, Sommerkleider und Sonnencreme stehen ganz oben auf deiner To-do Liste. Dennoch hast du das Gef\u00fchl, dass du noch nicht so richtig vorbereitet bist. Waxing, Augenbrauen zupfen und Co [&hellip;]<\/p>\n","protected":false},"author":3318,"featured_media":15262,"comment_status":"closed","ping_status":"closed","sticky":false,"template":"","format":"standard","meta":{"_acf_changed":false,"_yoast_wpseo_title":"Beauty-Timeline: So planst du deine Treatments rechtzeitig f\u00fcr den Urlaub - Treatwell","_yoast_wpseo_metadesc":"Waxing, Augenbrauen zupfen und Co schon geplant? Beauty muss nicht kompliziert sein. Hier ist unsere Beauty-Timeline, mit den Treats die du rechtzeitig einplanen solltest.","_genesis_hide_title":false,"_genesis_hide_breadcrumbs":false,"_genesis_hide_singular_image":false,"_genesis_hide_footer_widgets":false,"_genesis_custom_body_class":"","_genesis_custom_post_class":"","_genesis_layout":"","saswp_custom_schema_field":"{\"@context\":\"https:\/\/schema.org\",\"@type\":\"FAQPage\",\"mainEntity\":[{\"@type\":\"Question\",\"name\":\"Wann solltest du deine Haarfarbe vor dem Sommerurlaub auffrischen?\",\"acceptedAnswer\":{\"@type\":\"Answer\",\"text\":\"Ein Termin f\u00fcr das F\u00e4rben deiner Haare empfiehlt sich etwa 1 Monat vor dem Urlaub. UV-Strahlen und der hohe Chlorgehalt in Swimmingpools k\u00f6nnen die Farbe schnell verblassen lassen oder einen Gr\u00fcnstich hervorrufen.\"}},{\"@type\":\"Question\",\"name\":\"Wie planst du Waxing optimal vor dem Sommerurlaub?\",\"acceptedAnswer\":{\"@type\":\"Answer\",\"text\":\"Buche dein Waxing etwa 1 Woche vor dem Urlaub. So gibst du deiner Haut genug Zeit, um sich zu beruhigen und vermeidest Reizungen durch Sonne oder Pool kurz nach der Behandlung.\"}},{\"@type\":\"Question\",\"name\":\"Wann wirkt ein frischer Haarschnitt am l\u00e4ngsten im Urlaub?\",\"acceptedAnswer\":{\"@type\":\"Answer\",\"text\":\"Ein neuer Haarschnitt 3 Tage vor dem Urlaub sorgt daf\u00fcr, dass dein Schnitt auch bei Sonne, Meerwasser und Hitze luftig und frisch wirkt. Zus\u00e4tzlich sch\u00fctzt Conditioner das Haar vor Feuchtigkeitsverlust durch Sonne und Salzwasser.\"}},{\"@type\":\"Question\",\"name\":\"Wie h\u00e4lt deine Spr\u00fchbr\u00e4une im Urlaub l\u00e4nger?\",\"acceptedAnswer\":{\"@type\":\"Answer\",\"text\":\"Mit gr\u00fcndlicher Vorbereitung, Peeling und Eincremen vorab kann Spr\u00fchbr\u00e4une l\u00e4nger als 1 Woche halten. Trage etwas Selbstbr\u00e4uner in deine Aftersun-Lotion ein, so bleibt der Glow-Effekt erhalten.\"}},{\"@type\":\"Question\",\"name\":\"Was sorgt f\u00fcr eine langanhaltende Manik\u00fcre im Sommerurlaub?\",\"acceptedAnswer\":{\"@type\":\"Answer\",\"text\":\"Eine Gel-Manik\u00fcre oder -Pedik\u00fcre 1 Tag vor dem Urlaub verleiht den N\u00e4geln Widerstandskraft und h\u00e4lt besonders lange. Vermeide Creme auf den Fingerspitzen, da dies das Abl\u00f6sen des Gels beg\u00fcnstigen k\u00f6nnte.\"}}]}","footnotes":""},"categories":[9],"tags":[33,3,4,5,94,43,52,15],"class_list":{"0":"post-15253","1":"post","2":"type-post","3":"status-publish","4":"format-standard","5":"has-post-thumbnail","7":"category-beauty","8":"tag-tr709","9":"tag-tt6","10":"tag-tr273","11":"tag-tr166","12":"tag-tr153","13":"tag-tr595","14":"tag-tr720","15":"tag-tr57","16":"entry"},"acf":{"post_credits":"Bildrechte: Femme Rebelle, Bild 1-7: Treatwell","beauty_blog_post_button_title":"","beauty_blog_post_button":"","landscape_picture":15261,"blocks":[{"block_title":"1 Monat vorher","block_content":"<p>FYI: UV Strahlen k&ouml;nnen die Haarfarbe schnell verblassen lassen. Daher ist es wichtig, mindestens einen Monat vorher, einen Termin zu buchen. Der Chlorgehalt in Swimmingpools ist relativ hoch und auch als Bleichemittel bekannt. Verhindere den Gr&uuml;nstich und trage ein Badekappe, f&uuml;r alle F&auml;lle.<\/p>\n","video_content":"","block_picture":15254},{"block_title":"1 Woche vorher","block_content":"<p>Warme Temperaturen k&ouml;nnen frisch gewaxte Haut reizen. Noch dazu sind Swimmingpool und Sonnencreme direkt danach, eine ganz schlechte Kombi. Wenn Waxing ganz oben auf deiner Liste steht, dann plane es sp&auml;testens eine Woche vor Abflug ein. So gibst du deiner Haut, gen&uuml;gend Zeit zu verheilen.<\/p>\n","video_content":"","block_picture":15255},{"block_title":"3 Tage vorher","block_content":"<p>Ein Haarschnitt, 3-4 Tage vor Abflug ist perfekt und h&auml;lt den Schnitt luftig und frisch den ganzen Urlaub lang. Vergiss nicht auf den Conditioner, insbesondere dann, wenn du viel Zeit in der Sonne verbringst. Sonne, Meerwasser sind bekannte &Uuml;belt&auml;ter die dem Haar gerne Feuchtigkeit entziehen.<\/p>\n","video_content":"","block_picture":15256},{"block_title":"2 Tage vorher","block_content":"<p>Im Sommer, wenn die Klima auf Hochtouren l&auml;uft und dein Gesicht langsam die Gestalt eines &Ouml;lgem&auml;ldes annimmt, kann es mitunter passieren, dass wir Make-Up komplett von unserer Liste streichen. Wenn allerdings komplett Make-Up frei nicht so ganz dein Ding ist, dann k&ouml;nnen wir dich beruhigen: denn wir mogeln alle ein wenig. Mit gef&auml;rbten Wimpern bist du gut unterwegs und kannst somit den wasserfesten Mascara &nbsp;zu Hause lassen.<\/p>\n","video_content":"","block_picture":15257},{"block_title":"1 Tag vorher","block_content":"<p>Spr&uuml;hbr&auml;une sagt nicht jedem zu, aber wenn sie ganz oben auf deiner Agenda steht, dann sollte sie einen Tag vor Abflug eingeplant werden. Mit der richtigen Vorbereitung, regelm&auml;&szlig;iges Peeling und Eincremen bis zu zwei Wochen vorher, kann deine Spr&uuml;hbr&auml;une l&auml;nger als nur eine Woche halten. Nicht den Sonnenschutz vergessen (f&uuml;ge vorab etwas Selbstbr&auml;uner zu deiner Aftersun-Lotion hinzu) und der Glow-Effekt ist sicher.<\/p>\n","video_content":"","block_picture":15258},{"block_title":"1 Tag vorher","block_content":"<p>F&uuml;r eine langanhaltende Mani oder Pedi, probier doch einfach Gel. Es ist widerstandsf&auml;higer, urlaubstauglich und h&auml;lt bis zu vier Wochen lang. Geh auf Nummer sicher und vermeide Creme auf deinen Fingerspitzen, da sie dazu f&uuml;hren k&ouml;nnte, dass sich das Gel abl&ouml;st. F&auml;ngt es erst an abzuplatzen, gibt es kein zur&uuml;ck mehr.<\/p>\n","video_content":"","block_picture":15259},{"block_title":"Am Tag des Urlaubes","block_content":"<p>Eine feuchtigkeitsspendende Haarmaske, aufgetragen am Morgen des Abflugs, pflegt die Kopfhaut und schleust zugleich Feuchtigkeit bis in die Haarspitzen ein. So bleibt deine Wallem&auml;hne vor sch&auml;dlicher Sonneneinstrahlung gesch&uuml;tzt. Eine kleine Entspannung, bevor du in den Urlaub startest<\/p>\n","video_content":"","block_picture":15260}]},"yoast_head":"<!-- This site is optimized with the Yoast SEO plugin v27.5 - https:\/\/yoast.com\/product\/yoast-seo-wordpress\/ -->\n<title>Beauty-Timeline: So planst du deine Treatments rechtzeitig f\u00fcr den Urlaub - Treatwell<\/title>\n<meta name=\"description\" content=\"Waxing, Augenbrauen zupfen und Co schon geplant? Beauty muss nicht kompliziert sein. Hier ist unsere Beauty-Timeline, mit den Treats die du rechtzeitig einplanen solltest.\" \/>\n<meta name=\"robots\" content=\"index, follow, max-snippet:-1, max-image-preview:large, max-video-preview:-1\" \/>\n<link rel=\"canonical\" href=\"https:\/\/www.treatwell.at/treatment-files\/beauty-timeline-so-planst-du-deine-treatments-rechtzeitig-fuer-den-urlaub\/\" \/>\n<meta property=\"og:locale\" content=\"de_DE\" \/>\n<meta property=\"og:type\" content=\"article\" \/>\n<meta property=\"og:title\" content=\"Beauty-Timeline: So planst du deine Treatments rechtzeitig f\u00fcr den Urlaub - Treatwell\" \/>\n<meta property=\"og:description\" content=\"Waxing, Augenbrauen zupfen und Co schon geplant? Beauty muss nicht kompliziert sein. Hier ist unsere Beauty-Timeline, mit den Treats die du rechtzeitig einplanen solltest.\" \/>\n<meta property=\"og:url\" content=\"https:\/\/www.treatwell.at/treatment-files\/beauty-timeline-so-planst-du-deine-treatments-rechtzeitig-fuer-den-urlaub\/\" \/>\n<meta property=\"og:site_name\" content=\"The Treatment Files Blog\" \/>\n<meta property=\"article:published_time\" content=\"2019-06-20T12:42:50+00:00\" \/>\n<meta property=\"article:modified_time\" content=\"2026-01-18T13:28:38+00:00\" \/>\n<meta property=\"og:image\" content=\"https:\/\/www.treatwell.at/treatment-files\/wp-content\/uploads\/sites\/2\/2022\/03\/DEAT_Summer_prep_insta_feed_soc_organic_6_KK-4.png\" \/>\n\t<meta property=\"og:image:width\" content=\"500\" \/>\n\t<meta property=\"og:image:height\" content=\"615\" \/>\n\t<meta property=\"og:image:type\" content=\"image\/png\" \/>\n<meta name=\"author\" content=\"Isabella Tombinski-robb\" \/>\n<meta name=\"twitter:card\" content=\"summary_large_image\" \/>\n<meta name=\"twitter:label1\" content=\"Verfasst von\" \/>\n\t<meta name=\"twitter:data1\" content=\"Isabella Tombinski-robb\" \/>\n\t<meta name=\"twitter:label2\" content=\"Gesch\u00e4tzte Lesezeit\" \/>\n\t<meta name=\"twitter:data2\" content=\"1 Minute\" \/>\n<script type=\"application\/ld+json\" class=\"yoast-schema-graph\">{\"@context\":\"https:\\\/\\\/schema.org\",\"@graph\":[{\"@type\":\"Article\",\"@id\":\"https:\\\/\\\/www.treatwell.at/treatment-files\\\/beauty-timeline-so-planst-du-deine-treatments-rechtzeitig-fuer-den-urlaub\\\/#article\",\"isPartOf\":{\"@id\":\"https:\\\/\\\/www.treatwell.at/treatment-files\\\/beauty-timeline-so-planst-du-deine-treatments-rechtzeitig-fuer-den-urlaub\\\/\"},\"author\":{\"name\":\"Isabella Tombinski-robb\",\"@id\":\"https:\\\/\\\/www.treatwell.at/treatment-files\\\/#\\\/schema\\\/person\\\/869d3f19bdf4203c8e6e97c64e1c3c8e\"},\"headline\":\"Beauty-Timeline: So planst du deine Treatments rechtzeitig f\u00fcr den Urlaub\",\"datePublished\":\"2019-06-20T12:42:50+00:00\",\"dateModified\":\"2026-01-18T13:28:38+00:00\",\"mainEntityOfPage\":{\"@id\":\"https:\\\/\\\/www.treatwell.at/treatment-files\\\/beauty-timeline-so-planst-du-deine-treatments-rechtzeitig-fuer-den-urlaub\\\/\"},\"wordCount\":302,\"publisher\":{\"@id\":\"https:\\\/\\\/www.treatwell.at/treatment-files\\\/#organization\"},\"image\":{\"@id\":\"https:\\\/\\\/www.treatwell.at/treatment-files\\\/beauty-timeline-so-planst-du-deine-treatments-rechtzeitig-fuer-den-urlaub\\\/#primaryimage\"},\"thumbnailUrl\":\"https:\\\/\\\/www.treatwell.at/treatment-files\\\/wp-content\\\/uploads\\\/sites\\\/2\\\/2022\\\/03\\\/DEAT_Summer_prep_insta_feed_soc_organic_6_KK-4.png\",\"keywords\":[\"Eyebrow and Eyelash Tinting\",\"Hair\",\"Hair Colouring and Highlights\",\"Haircuts and Hairdressing\",\"Spray Tanning and Sunless Tanning\",\"Two Week Manicure\",\"Two Week Pedicure\",\"Waxing\"],\"articleSection\":[\"Beauty\"],\"inLanguage\":\"de-AT\"},{\"@type\":\"WebPage\",\"@id\":\"https:\\\/\\\/www.treatwell.at/treatment-files\\\/beauty-timeline-so-planst-du-deine-treatments-rechtzeitig-fuer-den-urlaub\\\/\",\"url\":\"https:\\\/\\\/www.treatwell.at/treatment-files\\\/beauty-timeline-so-planst-du-deine-treatments-rechtzeitig-fuer-den-urlaub\\\/\",\"name\":\"Beauty-Timeline: So planst du deine Treatments rechtzeitig f\u00fcr den Urlaub - Treatwell\",\"isPartOf\":{\"@id\":\"https:\\\/\\\/www.treatwell.at/treatment-files\\\/#website\"},\"primaryImageOfPage\":{\"@id\":\"https:\\\/\\\/www.treatwell.at/treatment-files\\\/beauty-timeline-so-planst-du-deine-treatments-rechtzeitig-fuer-den-urlaub\\\/#primaryimage\"},\"image\":{\"@id\":\"https:\\\/\\\/www.treatwell.at/treatment-files\\\/beauty-timeline-so-planst-du-deine-treatments-rechtzeitig-fuer-den-urlaub\\\/#primaryimage\"},\"thumbnailUrl\":\"https:\\\/\\\/www.treatwell.at/treatment-files\\\/wp-content\\\/uploads\\\/sites\\\/2\\\/2022\\\/03\\\/DEAT_Summer_prep_insta_feed_soc_organic_6_KK-4.png\",\"datePublished\":\"2019-06-20T12:42:50+00:00\",\"dateModified\":\"2026-01-18T13:28:38+00:00\",\"description\":\"Waxing, Augenbrauen zupfen und Co schon geplant? Beauty muss nicht kompliziert sein. Hier ist unsere Beauty-Timeline, mit den Treats die du rechtzeitig einplanen solltest.\",\"breadcrumb\":{\"@id\":\"https:\\\/\\\/www.treatwell.at/treatment-files\\\/beauty-timeline-so-planst-du-deine-treatments-rechtzeitig-fuer-den-urlaub\\\/#breadcrumb\"},\"inLanguage\":\"de-AT\",\"potentialAction\":[{\"@type\":\"ReadAction\",\"target\":[\"https:\\\/\\\/www.treatwell.at/treatment-files\\\/beauty-timeline-so-planst-du-deine-treatments-rechtzeitig-fuer-den-urlaub\\\/\"]}]},{\"@type\":\"ImageObject\",\"inLanguage\":\"de-AT\",\"@id\":\"https:\\\/\\\/www.treatwell.at/treatment-files\\\/beauty-timeline-so-planst-du-deine-treatments-rechtzeitig-fuer-den-urlaub\\\/#primaryimage\",\"url\":\"https:\\\/\\\/www.treatwell.at/treatment-files\\\/wp-content\\\/uploads\\\/sites\\\/2\\\/2022\\\/03\\\/DEAT_Summer_prep_insta_feed_soc_organic_6_KK-4.png\",\"contentUrl\":\"https:\\\/\\\/www.treatwell.at/treatment-files\\\/wp-content\\\/uploads\\\/sites\\\/2\\\/2022\\\/03\\\/DEAT_Summer_prep_insta_feed_soc_organic_6_KK-4.png\",\"width\":500,\"height\":615},{\"@type\":\"BreadcrumbList\",\"@id\":\"https:\\\/\\\/www.treatwell.at/treatment-files\\\/beauty-timeline-so-planst-du-deine-treatments-rechtzeitig-fuer-den-urlaub\\\/#breadcrumb\",\"itemListElement\":[{\"@type\":\"ListItem\",\"position\":1,\"name\":\"Home\",\"item\":\"https:\\\/\\\/www.treatwell.at/treatment-files\\\/\"},{\"@type\":\"ListItem\",\"position\":2,\"name\":\"Beauty\",\"item\":\"https:\\\/\\\/www.treatwell.at/treatment-files\\\/beauty\\\/\"},{\"@type\":\"ListItem\",\"position\":3,\"name\":\"Beauty-Timeline: So planst du deine Treatments rechtzeitig f\u00fcr den Urlaub\"}]},{\"@type\":\"WebSite\",\"@id\":\"https:\\\/\\\/www.treatwell.at/treatment-files\\\/#website\",\"url\":\"https:\\\/\\\/www.treatwell.at/treatment-files\\\/\",\"name\":\"The Treatment Files Blog\",\"description\":\"Beauty entdecken. Beauty erleben.\",\"publisher\":{\"@id\":\"https:\\\/\\\/www.treatwell.at/treatment-files\\\/#organization\"},\"potentialAction\":[{\"@type\":\"SearchAction\",\"target\":{\"@type\":\"EntryPoint\",\"urlTemplate\":\"https:\\\/\\\/www.treatwell.at/treatment-files\\\/?s={search_term_string}\"},\"query-input\":{\"@type\":\"PropertyValueSpecification\",\"valueRequired\":true,\"valueName\":\"search_term_string\"}}],\"inLanguage\":\"de-AT\"},{\"@type\":\"Organization\",\"@id\":\"https:\\\/\\\/www.treatwell.at/treatment-files\\\/#organization\",\"name\":\"Treatwell\",\"url\":\"https:\\\/\\\/www.treatwell.at/treatment-files\\\/\",\"logo\":{\"@type\":\"ImageObject\",\"inLanguage\":\"de-AT\",\"@id\":\"https:\\\/\\\/www.treatwell.at/treatment-files\\\/#\\\/schema\\\/logo\\\/image\\\/\",\"url\":\"https:\\\/\\\/www.treatwell.at/treatment-files\\\/wp-content\\\/uploads\\\/sites\\\/2\\\/2022\\\/03\\\/logo_treatwell.png\",\"contentUrl\":\"https:\\\/\\\/www.treatwell.at/treatment-files\\\/wp-content\\\/uploads\\\/sites\\\/2\\\/2022\\\/03\\\/logo_treatwell.png\",\"width\":889,\"height\":164,\"caption\":\"Treatwell\"},\"image\":{\"@id\":\"https:\\\/\\\/www.treatwell.at/treatment-files\\\/#\\\/schema\\\/logo\\\/image\\\/\"}},{\"@type\":\"Person\",\"@id\":\"https:\\\/\\\/www.treatwell.at/treatment-files\\\/#\\\/schema\\\/person\\\/869d3f19bdf4203c8e6e97c64e1c3c8e\",\"name\":\"Isabella Tombinski-robb\",\"image\":{\"@type\":\"ImageObject\",\"inLanguage\":\"de-AT\",\"@id\":\"https:\\\/\\\/secure.gravatar.com\\\/avatar\\\/624ce3bd6151d711f02c8c31549c8390027943dc1293e17bf28c136ce4288a80?s=96&d=mm&r=g\",\"url\":\"https:\\\/\\\/secure.gravatar.com\\\/avatar\\\/624ce3bd6151d711f02c8c31549c8390027943dc1293e17bf28c136ce4288a80?s=96&d=mm&r=g\",\"contentUrl\":\"https:\\\/\\\/secure.gravatar.com\\\/avatar\\\/624ce3bd6151d711f02c8c31549c8390027943dc1293e17bf28c136ce4288a80?s=96&d=mm&r=g\",\"caption\":\"Isabella Tombinski-robb\"},\"url\":\"https:\\\/\\\/www.treatwell.at/treatment-files\\\/author\\\/isabellatombinskirobb\\\/\"}]}<\/script>\n<!-- \/ Yoast SEO plugin. -->","yoast_head_json":{"title":"Beauty-Timeline: So planst du deine Treatments rechtzeitig f\u00fcr den Urlaub - Treatwell","description":"Waxing, Augenbrauen zupfen und Co schon geplant? Beauty muss nicht kompliziert sein. Hier ist unsere Beauty-Timeline, mit den Treats die du rechtzeitig einplanen solltest.","robots":{"index":"index","follow":"follow","max-snippet":"max-snippet:-1","max-image-preview":"max-image-preview:large","max-video-preview":"max-video-preview:-1"},"canonical":"https:\/\/www.treatwell.at/treatment-files\/beauty-timeline-so-planst-du-deine-treatments-rechtzeitig-fuer-den-urlaub\/","og_locale":"de_DE","og_type":"article","og_title":"Beauty-Timeline: So planst du deine Treatments rechtzeitig f\u00fcr den Urlaub - Treatwell","og_description":"Waxing, Augenbrauen zupfen und Co schon geplant? Beauty muss nicht kompliziert sein. Hier ist unsere Beauty-Timeline, mit den Treats die du rechtzeitig einplanen solltest.","og_url":"https:\/\/www.treatwell.at/treatment-files\/beauty-timeline-so-planst-du-deine-treatments-rechtzeitig-fuer-den-urlaub\/","og_site_name":"The Treatment Files Blog","article_published_time":"2019-06-20T12:42:50+00:00","article_modified_time":"2026-01-18T13:28:38+00:00","og_image":[{"width":500,"height":615,"url":"https:\/\/www.treatwell.at/treatment-files\/wp-content\/uploads\/sites\/2\/2022\/03\/DEAT_Summer_prep_insta_feed_soc_organic_6_KK-4.png","type":"image\/png"}],"author":"Isabella Tombinski-robb","twitter_card":"summary_large_image","twitter_misc":{"Verfasst von":"Isabella Tombinski-robb","Gesch\u00e4tzte Lesezeit":"1 Minute"},"schema":{"@context":"https:\/\/schema.org","@graph":[{"@type":"Article","@id":"https:\/\/www.treatwell.at/treatment-files\/beauty-timeline-so-planst-du-deine-treatments-rechtzeitig-fuer-den-urlaub\/#article","isPartOf":{"@id":"https:\/\/www.treatwell.at/treatment-files\/beauty-timeline-so-planst-du-deine-treatments-rechtzeitig-fuer-den-urlaub\/"},"author":{"name":"Isabella Tombinski-robb","@id":"https:\/\/www.treatwell.at/treatment-files\/#\/schema\/person\/869d3f19bdf4203c8e6e97c64e1c3c8e"},"headline":"Beauty-Timeline: So planst du deine Treatments rechtzeitig f\u00fcr den Urlaub","datePublished":"2019-06-20T12:42:50+00:00","dateModified":"2026-01-18T13:28:38+00:00","mainEntityOfPage":{"@id":"https:\/\/www.treatwell.at/treatment-files\/beauty-timeline-so-planst-du-deine-treatments-rechtzeitig-fuer-den-urlaub\/"},"wordCount":302,"publisher":{"@id":"https:\/\/www.treatwell.at/treatment-files\/#organization"},"image":{"@id":"https:\/\/www.treatwell.at/treatment-files\/beauty-timeline-so-planst-du-deine-treatments-rechtzeitig-fuer-den-urlaub\/#primaryimage"},"thumbnailUrl":"https:\/\/www.treatwell.at/treatment-files\/wp-content\/uploads\/sites\/2\/2022\/03\/DEAT_Summer_prep_insta_feed_soc_organic_6_KK-4.png","keywords":["Eyebrow and Eyelash Tinting","Hair","Hair Colouring and Highlights","Haircuts and Hairdressing","Spray Tanning and Sunless Tanning","Two Week Manicure","Two Week Pedicure","Waxing"],"articleSection":["Beauty"],"inLanguage":"de-AT"},{"@type":"WebPage","@id":"https:\/\/www.treatwell.at/treatment-files\/beauty-timeline-so-planst-du-deine-treatments-rechtzeitig-fuer-den-urlaub\/","url":"https:\/\/www.treatwell.at/treatment-files\/beauty-timeline-so-planst-du-deine-treatments-rechtzeitig-fuer-den-urlaub\/","name":"Beauty-Timeline: So planst du deine Treatments rechtzeitig f\u00fcr den Urlaub - Treatwell","isPartOf":{"@id":"https:\/\/www.treatwell.at/treatment-files\/#website"},"primaryImageOfPage":{"@id":"https:\/\/www.treatwell.at/treatment-files\/beauty-timeline-so-planst-du-deine-treatments-rechtzeitig-fuer-den-urlaub\/#primaryimage"},"image":{"@id":"https:\/\/www.treatwell.at/treatment-files\/beauty-timeline-so-planst-du-deine-treatments-rechtzeitig-fuer-den-urlaub\/#primaryimage"},"thumbnailUrl":"https:\/\/www.treatwell.at/treatment-files\/wp-content\/uploads\/sites\/2\/2022\/03\/DEAT_Summer_prep_insta_feed_soc_organic_6_KK-4.png","datePublished":"2019-06-20T12:42:50+00:00","dateModified":"2026-01-18T13:28:38+00:00","description":"Waxing, Augenbrauen zupfen und Co schon geplant? Beauty muss nicht kompliziert sein. Hier ist unsere Beauty-Timeline, mit den Treats die du rechtzeitig einplanen solltest.","breadcrumb":{"@id":"https:\/\/www.treatwell.at/treatment-files\/beauty-timeline-so-planst-du-deine-treatments-rechtzeitig-fuer-den-urlaub\/#breadcrumb"},"inLanguage":"de-AT","potentialAction":[{"@type":"ReadAction","target":["https:\/\/www.treatwell.at/treatment-files\/beauty-timeline-so-planst-du-deine-treatments-rechtzeitig-fuer-den-urlaub\/"]}]},{"@type":"ImageObject","inLanguage":"de-AT","@id":"https:\/\/www.treatwell.at/treatment-files\/beauty-timeline-so-planst-du-deine-treatments-rechtzeitig-fuer-den-urlaub\/#primaryimage","url":"https:\/\/www.treatwell.at/treatment-files\/wp-content\/uploads\/sites\/2\/2022\/03\/DEAT_Summer_prep_insta_feed_soc_organic_6_KK-4.png","contentUrl":"https:\/\/www.treatwell.at/treatment-files\/wp-content\/uploads\/sites\/2\/2022\/03\/DEAT_Summer_prep_insta_feed_soc_organic_6_KK-4.png","width":500,"height":615},{"@type":"BreadcrumbList","@id":"https:\/\/www.treatwell.at/treatment-files\/beauty-timeline-so-planst-du-deine-treatments-rechtzeitig-fuer-den-urlaub\/#breadcrumb","itemListElement":[{"@type":"ListItem","position":1,"name":"Home","item":"https:\/\/www.treatwell.at/treatment-files\/"},{"@type":"ListItem","position":2,"name":"Beauty","item":"https:\/\/www.treatwell.at/treatment-files\/beauty\/"},{"@type":"ListItem","position":3,"name":"Beauty-Timeline: So planst du deine Treatments rechtzeitig f\u00fcr den Urlaub"}]},{"@type":"WebSite","@id":"https:\/\/www.treatwell.at/treatment-files\/#website","url":"https:\/\/www.treatwell.at/treatment-files\/","name":"The Treatment Files Blog","description":"Beauty entdecken. Beauty erleben.","publisher":{"@id":"https:\/\/www.treatwell.at/treatment-files\/#organization"},"potentialAction":[{"@type":"SearchAction","target":{"@type":"EntryPoint","urlTemplate":"https:\/\/www.treatwell.at/treatment-files\/?s={search_term_string}"},"query-input":{"@type":"PropertyValueSpecification","valueRequired":true,"valueName":"search_term_string"}}],"inLanguage":"de-AT"},{"@type":"Organization","@id":"https:\/\/www.treatwell.at/treatment-files\/#organization","name":"Treatwell","url":"https:\/\/www.treatwell.at/treatment-files\/","logo":{"@type":"ImageObject","inLanguage":"de-AT","@id":"https:\/\/www.treatwell.at/treatment-files\/#\/schema\/logo\/image\/","url":"https:\/\/www.treatwell.at/treatment-files\/wp-content\/uploads\/sites\/2\/2022\/03\/logo_treatwell.png","contentUrl":"https:\/\/www.treatwell.at/treatment-files\/wp-content\/uploads\/sites\/2\/2022\/03\/logo_treatwell.png","width":889,"height":164,"caption":"Treatwell"},"image":{"@id":"https:\/\/www.treatwell.at/treatment-files\/#\/schema\/logo\/image\/"}},{"@type":"Person","@id":"https:\/\/www.treatwell.at/treatment-files\/#\/schema\/person\/869d3f19bdf4203c8e6e97c64e1c3c8e","name":"Isabella Tombinski-robb","image":{"@type":"ImageObject","inLanguage":"de-AT","@id":"https:\/\/secure.gravatar.com\/avatar\/624ce3bd6151d711f02c8c31549c8390027943dc1293e17bf28c136ce4288a80?s=96&d=mm&r=g","url":"https:\/\/secure.gravatar.com\/avatar\/624ce3bd6151d711f02c8c31549c8390027943dc1293e17bf28c136ce4288a80?s=96&d=mm&r=g","contentUrl":"https:\/\/secure.gravatar.com\/avatar\/624ce3bd6151d711f02c8c31549c8390027943dc1293e17bf28c136ce4288a80?s=96&d=mm&r=g","caption":"Isabella Tombinski-robb"},"url":"https:\/\/www.treatwell.at/treatment-files\/author\/isabellatombinskirobb\/"}]}},"featured_image_src":"https:\/\/www.treatwell.at/treatment-files\/wp-content\/uploads\/sites\/2\/2022\/03\/DEAT_Summer_prep_insta_feed_soc_organic_6_KK-4-500x400.png","featured_image_src_square":"https:\/\/www.treatwell.at/treatment-files\/wp-content\/uploads\/sites\/2\/2022\/03\/DEAT_Summer_prep_insta_feed_soc_organic_6_KK-4-500x600.png","author_info":{"display_name":"Isabella Tombinski-robb","author_link":"https:\/\/www.treatwell.at/treatment-files\/author\/isabellatombinskirobb\/"},"_links":{"self":[{"href":"https:\/\/www.treatwell.at\/treatment-files\/wp-json\/wp\/v2\/posts\/15253","targetHints":{"allow":["GET"]}}],"collection":[{"href":"https:\/\/www.treatwell.at\/treatment-files\/wp-json\/wp\/v2\/posts"}],"about":[{"href":"https:\/\/www.treatwell.at\/treatment-files\/wp-json\/wp\/v2\/types\/post"}],"author":[{"embeddable":true,"href":"https:\/\/www.treatwell.at\/treatment-files\/wp-json\/wp\/v2\/users\/3318"}],"replies":[{"embeddable":true,"href":"https:\/\/www.treatwell.at\/treatment-files\/wp-json\/wp\/v2\/comments?post=15253"}],"version-history":[{"count":0,"href":"https:\/\/www.treatwell.at\/treatment-files\/wp-json\/wp\/v2\/posts\/15253\/revisions"}],"wp:featuredmedia":[{"embeddable":true,"href":"https:\/\/www.treatwell.at\/treatment-files\/wp-json\/wp\/v2\/media\/15262"}],"wp:attachment":[{"href":"https:\/\/www.treatwell.at\/treatment-files\/wp-json\/wp\/v2\/media?parent=15253"}],"wp:term":[{"taxonomy":"category","embeddable":true,"href":"https:\/\/www.treatwell.at\/treatment-files\/wp-json\/wp\/v2\/categories?post=15253"},{"taxonomy":"post_tag","embeddable":true,"href":"https:\/\/www.treatwell.at\/treatment-files\/wp-json\/wp\/v2\/tags?post=15253"}],"curies":[{"name":"wp","href":"https:\/\/api.w.org\/{rel}","templated":true}]}}