{"id":15269,"date":"2019-07-11T14:59:14","date_gmt":"2019-07-11T12:59:14","guid":{"rendered":"http:\/\/www.treatwell.at\/treatment-files\/?p=15405"},"modified":"2026-01-18T14:28:40","modified_gmt":"2026-01-18T13:28:40","slug":"hot-summer-diese-farbtrends-tragen-wir-auf-unseren-naegeln","status":"publish","type":"post","link":"https:\/\/www.treatwell.at/treatment-files\/hot-summer-diese-farbtrends-tragen-wir-auf-unseren-naegeln\/","title":{"rendered":"Hot Summer: Diese Farbtrends tragen wir auf unseren N\u00e4geln"},"content":{"rendered":"<p style=\"text-align: justify\"><span style=\"font-weight: 400\">Korallenfarben, Beige, Samt oder Pastell: Wenn es um unsere N\u00e4gel im Sommerurlaub geht, sind wir innovativ. Bei der riesigen Auswahl an verschiedenen Nagellack und Shellac-T\u00f6nen f\u00e4llt uns die Entscheidung nicht leicht: Haben wir dann letztendlich unsere Farbe gefunden, werden unsere H\u00e4nde den ganzen Urlaub \u00fcber zum Hingucker. Wenn du unsere <a href=\"https:\/\/www.treatwell.at\/treatment-files\/beauty-timeline-so-planst-du-deine-treatments-rechtzeitig-fuer-den-urlaub\/\">Beauty-Timeline<\/a> bereits ersp\u00e4ht hast, dann wei\u00dft du bereits, dass eine Manik\u00fcre kurz vor Urlaubsbeginn perfekt ist. Wir haben die Kreationen des Salons Malinka Hamburg auf Instagram etwas genauer unter die Lupe genommen und die Farbtrends des Sommers f\u00fcr euch zusammengefasst: Das sind unsere liebsten Nagellackfarben f\u00fcr den Sommerurlaub.\u00a0<\/span><\/p>\n<div class=\"schema-faq wp-block-yoast-faq-block\">\n<div class=\"schema-faq-section\" id=\"faq-question-1768742510811\">\n<h3 class=\"schema-faq-question\">Welche Nagellackfarben wirken im Sommerurlaub besonders modern?<\/h3>\n<p class=\"schema-faq-answer\">Korallenfarben, Beige, Samt und Pastellt\u00f6ne gelten als besonders modern und sorgen f\u00fcr einen auff\u00e4lligen Look im Sommerurlaub. Diese Farbt\u00f6ne harmonieren mit bunter Sommermode und lassen sich vielseitig kombinieren.<\/div>\n<div class=\"schema-faq-section\" id=\"faq-question-1768742510812\">\n<h3 class=\"schema-faq-question\">Wie funktioniert der Multicolor Nageltrend beim Sommer-Make-up?<\/h3>\n<p class=\"schema-faq-answer\">Beim Multicolor Nageltrend tr\u00e4gst du pro Nagel eine einzelne Farbe auf und kombinierst maximal drei verschiedene Farben. So entsteht ein minimalistischer, farbenfroher Look, der kurze N\u00e4gel optisch l\u00e4nger wirken l\u00e4sst.<\/div>\n<div class=\"schema-faq-section\" id=\"faq-question-1768742510813\">\n<h3 class=\"schema-faq-question\">Was verbirgt sich hinter Babyboomer N\u00e4geln?<\/h3>\n<p class=\"schema-faq-answer\">Babyboomer N\u00e4gel zeigen einen sanften milchigen \u00dcbergang von Zartrosa zu wei\u00dfen Spitzen. Diese Technik sorgt f\u00fcr einen nat\u00fcrlich-eleganten Look, der besonders zeitlos wirkt und im Sommer gern gew\u00e4hlt wird.<\/div>\n<div class=\"schema-faq-section\" id=\"faq-question-1768742510814\">\n<h3 class=\"schema-faq-question\">Wann lohnt sich eine Hochzeitsmanik\u00fcre in Beige oder Koralle?<\/h3>\n<p class=\"schema-faq-answer\">Eine Hochzeitsmanik\u00fcre in Beige oder Koralle erg\u00e4nzt insbesondere Braut-Outfits im Boho-Stil perfekt. Beige wirkt zart und klassisch, w\u00e4hrend Koralle f\u00fcr einen frischen Farbakzent sorgt.<\/div>\n<div class=\"schema-faq-section\" id=\"faq-question-1768742510815\">\n<h3 class=\"schema-faq-question\">Warum empfiehlt sich ein transparenter Top-Coat bei bunt lackierten N\u00e4geln?<\/h3>\n<p class=\"schema-faq-answer\">Ein transparenter Top-Coat versiegelt den Lack und verleiht den N\u00e4geln zus\u00e4tzlich Gloss. Diese Schicht sch\u00fctzt die Farben und sorgt f\u00fcr langanhaltenden Glanz beim Multicolor-Look.<\/div>\n<\/p><\/div>\n","protected":false},"excerpt":{"rendered":"<p>Korallenfarben, Beige, Samt oder Pastell: Wenn es um unsere N\u00e4gel im Sommerurlaub geht, sind wir innovativ. Bei der riesigen Auswahl an verschiedenen Nagellack und Shellac-T\u00f6nen f\u00e4llt uns die Entscheidung nicht leicht: Haben wir dann letztendlich unsere Farbe gefunden, werden unsere H\u00e4nde den ganzen Urlaub \u00fcber zum Hingucker. Wenn du unsere Beauty-Timeline bereits ersp\u00e4ht hast, dann [&hellip;]<\/p>\n","protected":false},"author":3318,"featured_media":15275,"comment_status":"closed","ping_status":"closed","sticky":false,"template":"","format":"standard","meta":{"_acf_changed":false,"_yoast_wpseo_title":"Hot Summer: Diese Farbtrends tragen wir auf unseren N\u00e4geln - Treatwell","_yoast_wpseo_metadesc":"Wir haben die Kreationen des Salons Malinka Hamburg auf Instagram etwas genauer unter die Lupe genommen und die Farbtrends des Sommers f\u00fcr euch zusammengefasst: Das sind unsere liebsten Nagellackfarben f\u00fcr den Sommerurlaub.\u00a0","_genesis_hide_title":false,"_genesis_hide_breadcrumbs":false,"_genesis_hide_singular_image":false,"_genesis_hide_footer_widgets":false,"_genesis_custom_body_class":"","_genesis_custom_post_class":"","_genesis_layout":"","saswp_custom_schema_field":"{\"@context\":\"https:\/\/schema.org\",\"@type\":\"FAQPage\",\"mainEntity\":[{\"@type\":\"Question\",\"name\":\"Welche Nagellackfarben wirken im Sommerurlaub besonders modern?\",\"acceptedAnswer\":{\"@type\":\"Answer\",\"text\":\"Korallenfarben, Beige, Samt und Pastellt\u00f6ne gelten als besonders modern und sorgen f\u00fcr einen auff\u00e4lligen Look im Sommerurlaub. Diese Farbt\u00f6ne harmonieren mit bunter Sommermode und lassen sich vielseitig kombinieren.\"}},{\"@type\":\"Question\",\"name\":\"Wie funktioniert der Multicolor Nageltrend beim Sommer-Make-up?\",\"acceptedAnswer\":{\"@type\":\"Answer\",\"text\":\"Beim Multicolor Nageltrend tr\u00e4gst du pro Nagel eine einzelne Farbe auf und kombinierst maximal drei verschiedene Farben. So entsteht ein minimalistischer, farbenfroher Look, der kurze N\u00e4gel optisch l\u00e4nger wirken l\u00e4sst.\"}},{\"@type\":\"Question\",\"name\":\"Was verbirgt sich hinter Babyboomer N\u00e4geln?\",\"acceptedAnswer\":{\"@type\":\"Answer\",\"text\":\"Babyboomer N\u00e4gel zeigen einen sanften milchigen \u00dcbergang von Zartrosa zu wei\u00dfen Spitzen. Diese Technik sorgt f\u00fcr einen nat\u00fcrlich-eleganten Look, der besonders zeitlos wirkt und im Sommer gern gew\u00e4hlt wird.\"}},{\"@type\":\"Question\",\"name\":\"Wann lohnt sich eine Hochzeitsmanik\u00fcre in Beige oder Koralle?\",\"acceptedAnswer\":{\"@type\":\"Answer\",\"text\":\"Eine Hochzeitsmanik\u00fcre in Beige oder Koralle erg\u00e4nzt insbesondere Braut-Outfits im Boho-Stil perfekt. Beige wirkt zart und klassisch, w\u00e4hrend Koralle f\u00fcr einen frischen Farbakzent sorgt.\"}},{\"@type\":\"Question\",\"name\":\"Warum empfiehlt sich ein transparenter Top-Coat bei bunt lackierten N\u00e4geln?\",\"acceptedAnswer\":{\"@type\":\"Answer\",\"text\":\"Ein transparenter Top-Coat versiegelt den Lack und verleiht den N\u00e4geln zus\u00e4tzlich Gloss. Diese Schicht sch\u00fctzt die Farben und sorgt f\u00fcr langanhaltenden Glanz beim Multicolor-Look.\"}}]}","footnotes":""},"categories":[9],"tags":[36,37,38,43],"class_list":{"0":"post-15269","1":"post","2":"type-post","3":"status-publish","4":"format-standard","5":"has-post-thumbnail","7":"category-beauty","8":"tag-tr540","9":"tag-tr81","10":"tag-tt36","11":"tag-tr595","12":"entry"},"acf":{"post_credits":"Bildrechte: Photo by Sarah Pflug from Burst, Bild 1-4: @malinka_hamburg","beauty_blog_post_button_title":"","beauty_blog_post_button":"","landscape_picture":15274,"blocks":[{"block_title":"Ein Hauch von Strand","block_content":"<p>Sand und ganz speziell hautfarbene Nagellacke sind ein Klassiker! Auch diesen Sommer haben wir uns wieder in diese Farbe verliebt. Sanftes Braun erg&auml;nzt sich perfekt mit bunten Sommerkleidern und passt &uuml;berall dazu. Auch beliebt ist diese Farbe als Hochzeitsmanik&uuml;re. Dennoch ist sie sehr beliebt im Urlaub und wird oft gerne am Strand gerockt. Frag nach OPI&rsquo;s &lsquo;Be there in a prosecco&rsquo; f&uuml;r einen zauberhaft zarten Look auf deinen Fingerspitzen.<\/p>\n","video_content":"","block_picture":15270},{"block_title":"Lieber neutral","block_content":"<p>Hast du schon was von Babyboomer N&auml;geln geh&ouml;rt? Nude und milchige Nagellackfarben sind bereits sein Anfang Juni besonders beliebt und sorgen f&uuml;r einen nat&uuml;rlichen Touch auf den H&auml;nden. Der allseits bekannte franz&ouml;sische Manik&uuml;re-Look aus den 40er Jahren wird auch diesen Sommer ganz gro&szlig; gefeiert. Das Nageldesign zeichnet sich durch einen milchigen &Uuml;bergang von zartrosa auf wei&szlig;e Spitzen aus und sorgt f&uuml;r ein elegantes und zeitloses Finish.<\/p>\n","video_content":"","block_picture":15271},{"block_title":"Knallige Koralle","block_content":"<p>Neonfarben im Sommer sind das neue Black. Orange und Koralle machen gerade die Runde auf Instagram. Auch Selena Gomez lie&szlig; sich ihre N&auml;gel Ende Juni in frischem Orange pinseln. Bekannt als die Pantone Farbe des Jahres, passt diese auch super zu Br&auml;uten. Insbesondere bei einer Hochzeit im Boho-Stil sorgt diese Nagellackfarbe f&uuml;r den perfekten Farbklecks und erg&auml;nzt den Braut-Look optimal. Frag nach OPI&rsquo;s &lsquo;Summer Lovin&lsquo;, Having a Blast&rsquo; f&uuml;r ein sommerliches korallenfarbenes Ergebnis auf deinen H&auml;nden.<\/p>\n","video_content":"","block_picture":15272},{"block_title":"Multicolor N\u00e4gel","block_content":"<p>Mit dem Sommer in voller Fahrt wollen wir unsere Fingerspitzen frisch und farbenfreudig halten, komme, was wolle. Der <a href=\"https:\/\/www.treatwell.de\/treatment-files\/warum-du-pastell-nails-bei-deinem-naechsten-mani-besuch-probieren-solltest\/\">Multicolor Nageltrend<\/a> ist daf&uuml;r wie geschaffen. Durch die minimalistische Farbkombination bringt die Manik&uuml;re nicht nur unsere Spr&uuml;hbr&auml;une zum Vorschein, sondern l&auml;sst auch kurze N&auml;gel l&auml;nger erscheinen (#science). Von Butterblumengelb bis zu Nelken-rosa: dieser Trend beweist, dass Regenbogenfarben doch verdammt s&uuml;&szlig; aussehen k&ouml;nnen. Um einen sanften &Uuml;bergang von Nagel zu Nagel zu schaffen, raten wir zu einer Farbe pro Nagel und nie mehr als drei verschiedene Farben zu kombinieren. F&uuml;r das richtige Finish sorgt ein transparenter Top-Coat, der den Lack nicht nur versiegelt, sondern der Mani einen zus&auml;tzlichen Gloss verpasst. Ausprobiert wird oft gerne auch eine passende Pedi dazu, wie zum Beispiel diese hier.<\/p>\n\n<p>Mit&nbsp;Treatwell, kannst du&nbsp;<a href=\"http:\/\/www.treatwell.at\/\">Beauty&nbsp;und all deine Lieblingssalons online buchen<\/a>&nbsp;&ndash; simpel, m&uuml;helos, und du kannst es von unterwegs machen.&nbsp;Hier gehts&nbsp;<a href=\"https:\/\/www.treatwell.at\/orte\/behandlung-manikuere\/angebot-typ-lokal\/in-at\/\">zu den besten Salons in deiner Umgebung<\/a>.&nbsp; Nanu, konntest du deinen Lieblingssalon nicht auf Treatwell finden? Empfiehl uns deinen Salon und erhalte als kleines&nbsp;<a href=\"https:\/\/www.treatwell.de\/business-info\/salonempfehlungen-endkunden\/\">Dankesch&ouml;n einen 50&euro; Gutschein geschenkt*.&nbsp;<\/a><\/p>\n\n<p><em>* Der empfohlene Salon muss in den von Treatwell angegebenen St&auml;dten sein, eine der angegebenen Dienstleistungen anbieten, noch keinen Vertrag mit Treatwell unterzeichnet haben&nbsp;und innerhalb der n&auml;chsten 60 Tage online gehen.<\/em><\/p>\n","video_content":"","block_picture":15273}]},"yoast_head":"<!-- This site is optimized with the Yoast SEO plugin v27.5 - https:\/\/yoast.com\/product\/yoast-seo-wordpress\/ -->\n<title>Hot Summer: Diese Farbtrends tragen wir auf unseren N\u00e4geln - Treatwell<\/title>\n<meta name=\"description\" content=\"Wir haben die Kreationen des Salons Malinka Hamburg auf Instagram etwas genauer unter die Lupe genommen und die Farbtrends des Sommers f\u00fcr euch zusammengefasst: Das sind unsere liebsten Nagellackfarben f\u00fcr den Sommerurlaub.\u00a0\" \/>\n<meta name=\"robots\" content=\"index, follow, max-snippet:-1, max-image-preview:large, max-video-preview:-1\" \/>\n<link rel=\"canonical\" href=\"https:\/\/www.treatwell.at/treatment-files\/hot-summer-diese-farbtrends-tragen-wir-auf-unseren-naegeln\/\" \/>\n<meta property=\"og:locale\" content=\"de_DE\" \/>\n<meta property=\"og:type\" content=\"article\" \/>\n<meta property=\"og:title\" content=\"Hot Summer: Diese Farbtrends tragen wir auf unseren N\u00e4geln - Treatwell\" \/>\n<meta property=\"og:description\" content=\"Wir haben die Kreationen des Salons Malinka Hamburg auf Instagram etwas genauer unter die Lupe genommen und die Farbtrends des Sommers f\u00fcr euch zusammengefasst: Das sind unsere liebsten Nagellackfarben f\u00fcr den Sommerurlaub.\u00a0\" \/>\n<meta property=\"og:url\" content=\"https:\/\/www.treatwell.at/treatment-files\/hot-summer-diese-farbtrends-tragen-wir-auf-unseren-naegeln\/\" \/>\n<meta property=\"og:site_name\" content=\"The Treatment Files Blog\" \/>\n<meta property=\"article:published_time\" content=\"2019-07-11T12:59:14+00:00\" \/>\n<meta property=\"article:modified_time\" content=\"2026-01-18T13:28:40+00:00\" \/>\n<meta property=\"og:image\" content=\"https:\/\/www.treatwell.at/treatment-files\/wp-content\/uploads\/sites\/2\/2022\/03\/Farbtrends-Malinka-Hamburg-1.jpg\" \/>\n\t<meta property=\"og:image:width\" content=\"628\" \/>\n\t<meta property=\"og:image:height\" content=\"628\" \/>\n\t<meta property=\"og:image:type\" content=\"image\/jpeg\" \/>\n<meta name=\"author\" content=\"Isabella Tombinski-robb\" \/>\n<meta name=\"twitter:card\" content=\"summary_large_image\" \/>\n<meta name=\"twitter:label1\" content=\"Verfasst von\" \/>\n\t<meta name=\"twitter:data1\" content=\"Isabella Tombinski-robb\" \/>\n\t<meta name=\"twitter:label2\" content=\"Gesch\u00e4tzte Lesezeit\" \/>\n\t<meta name=\"twitter:data2\" content=\"2 Minuten\" \/>\n<script type=\"application\/ld+json\" class=\"yoast-schema-graph\">{\"@context\":\"https:\\\/\\\/schema.org\",\"@graph\":[{\"@type\":\"Article\",\"@id\":\"https:\\\/\\\/www.treatwell.at/treatment-files\\\/hot-summer-diese-farbtrends-tragen-wir-auf-unseren-naegeln\\\/#article\",\"isPartOf\":{\"@id\":\"https:\\\/\\\/www.treatwell.at/treatment-files\\\/hot-summer-diese-farbtrends-tragen-wir-auf-unseren-naegeln\\\/\"},\"author\":{\"name\":\"Isabella Tombinski-robb\",\"@id\":\"https:\\\/\\\/www.treatwell.at/treatment-files\\\/#\\\/schema\\\/person\\\/869d3f19bdf4203c8e6e97c64e1c3c8e\"},\"headline\":\"Hot Summer: Diese Farbtrends tragen wir auf unseren N\u00e4geln\",\"datePublished\":\"2019-07-11T12:59:14+00:00\",\"dateModified\":\"2026-01-18T13:28:40+00:00\",\"mainEntityOfPage\":{\"@id\":\"https:\\\/\\\/www.treatwell.at/treatment-files\\\/hot-summer-diese-farbtrends-tragen-wir-auf-unseren-naegeln\\\/\"},\"wordCount\":315,\"publisher\":{\"@id\":\"https:\\\/\\\/www.treatwell.at/treatment-files\\\/#organization\"},\"image\":{\"@id\":\"https:\\\/\\\/www.treatwell.at/treatment-files\\\/hot-summer-diese-farbtrends-tragen-wir-auf-unseren-naegeln\\\/#primaryimage\"},\"thumbnailUrl\":\"https:\\\/\\\/www.treatwell.at/treatment-files\\\/wp-content\\\/uploads\\\/sites\\\/2\\\/2022\\\/03\\\/Farbtrends-Malinka-Hamburg-1.jpg\",\"keywords\":[\"Gel Nails\",\"Manicure\",\"Nails\",\"Two Week Manicure\"],\"articleSection\":[\"Beauty\"],\"inLanguage\":\"de-AT\"},{\"@type\":\"WebPage\",\"@id\":\"https:\\\/\\\/www.treatwell.at/treatment-files\\\/hot-summer-diese-farbtrends-tragen-wir-auf-unseren-naegeln\\\/\",\"url\":\"https:\\\/\\\/www.treatwell.at/treatment-files\\\/hot-summer-diese-farbtrends-tragen-wir-auf-unseren-naegeln\\\/\",\"name\":\"Hot Summer: Diese Farbtrends tragen wir auf unseren N\u00e4geln - Treatwell\",\"isPartOf\":{\"@id\":\"https:\\\/\\\/www.treatwell.at/treatment-files\\\/#website\"},\"primaryImageOfPage\":{\"@id\":\"https:\\\/\\\/www.treatwell.at/treatment-files\\\/hot-summer-diese-farbtrends-tragen-wir-auf-unseren-naegeln\\\/#primaryimage\"},\"image\":{\"@id\":\"https:\\\/\\\/www.treatwell.at/treatment-files\\\/hot-summer-diese-farbtrends-tragen-wir-auf-unseren-naegeln\\\/#primaryimage\"},\"thumbnailUrl\":\"https:\\\/\\\/www.treatwell.at/treatment-files\\\/wp-content\\\/uploads\\\/sites\\\/2\\\/2022\\\/03\\\/Farbtrends-Malinka-Hamburg-1.jpg\",\"datePublished\":\"2019-07-11T12:59:14+00:00\",\"dateModified\":\"2026-01-18T13:28:40+00:00\",\"description\":\"Wir haben die Kreationen des Salons Malinka Hamburg auf Instagram etwas genauer unter die Lupe genommen und die Farbtrends des Sommers f\u00fcr euch zusammengefasst: Das sind unsere liebsten Nagellackfarben f\u00fcr den Sommerurlaub.\u00a0\",\"breadcrumb\":{\"@id\":\"https:\\\/\\\/www.treatwell.at/treatment-files\\\/hot-summer-diese-farbtrends-tragen-wir-auf-unseren-naegeln\\\/#breadcrumb\"},\"inLanguage\":\"de-AT\",\"potentialAction\":[{\"@type\":\"ReadAction\",\"target\":[\"https:\\\/\\\/www.treatwell.at/treatment-files\\\/hot-summer-diese-farbtrends-tragen-wir-auf-unseren-naegeln\\\/\"]}]},{\"@type\":\"ImageObject\",\"inLanguage\":\"de-AT\",\"@id\":\"https:\\\/\\\/www.treatwell.at/treatment-files\\\/hot-summer-diese-farbtrends-tragen-wir-auf-unseren-naegeln\\\/#primaryimage\",\"url\":\"https:\\\/\\\/www.treatwell.at/treatment-files\\\/wp-content\\\/uploads\\\/sites\\\/2\\\/2022\\\/03\\\/Farbtrends-Malinka-Hamburg-1.jpg\",\"contentUrl\":\"https:\\\/\\\/www.treatwell.at/treatment-files\\\/wp-content\\\/uploads\\\/sites\\\/2\\\/2022\\\/03\\\/Farbtrends-Malinka-Hamburg-1.jpg\",\"width\":628,\"height\":628},{\"@type\":\"BreadcrumbList\",\"@id\":\"https:\\\/\\\/www.treatwell.at/treatment-files\\\/hot-summer-diese-farbtrends-tragen-wir-auf-unseren-naegeln\\\/#breadcrumb\",\"itemListElement\":[{\"@type\":\"ListItem\",\"position\":1,\"name\":\"Home\",\"item\":\"https:\\\/\\\/www.treatwell.at/treatment-files\\\/\"},{\"@type\":\"ListItem\",\"position\":2,\"name\":\"Beauty\",\"item\":\"https:\\\/\\\/www.treatwell.at/treatment-files\\\/beauty\\\/\"},{\"@type\":\"ListItem\",\"position\":3,\"name\":\"Hot Summer: Diese Farbtrends tragen wir auf unseren N\u00e4geln\"}]},{\"@type\":\"WebSite\",\"@id\":\"https:\\\/\\\/www.treatwell.at/treatment-files\\\/#website\",\"url\":\"https:\\\/\\\/www.treatwell.at/treatment-files\\\/\",\"name\":\"The Treatment Files Blog\",\"description\":\"Beauty entdecken. Beauty erleben.\",\"publisher\":{\"@id\":\"https:\\\/\\\/www.treatwell.at/treatment-files\\\/#organization\"},\"potentialAction\":[{\"@type\":\"SearchAction\",\"target\":{\"@type\":\"EntryPoint\",\"urlTemplate\":\"https:\\\/\\\/www.treatwell.at/treatment-files\\\/?s={search_term_string}\"},\"query-input\":{\"@type\":\"PropertyValueSpecification\",\"valueRequired\":true,\"valueName\":\"search_term_string\"}}],\"inLanguage\":\"de-AT\"},{\"@type\":\"Organization\",\"@id\":\"https:\\\/\\\/www.treatwell.at/treatment-files\\\/#organization\",\"name\":\"Treatwell\",\"url\":\"https:\\\/\\\/www.treatwell.at/treatment-files\\\/\",\"logo\":{\"@type\":\"ImageObject\",\"inLanguage\":\"de-AT\",\"@id\":\"https:\\\/\\\/www.treatwell.at/treatment-files\\\/#\\\/schema\\\/logo\\\/image\\\/\",\"url\":\"https:\\\/\\\/www.treatwell.at/treatment-files\\\/wp-content\\\/uploads\\\/sites\\\/2\\\/2022\\\/03\\\/logo_treatwell.png\",\"contentUrl\":\"https:\\\/\\\/www.treatwell.at/treatment-files\\\/wp-content\\\/uploads\\\/sites\\\/2\\\/2022\\\/03\\\/logo_treatwell.png\",\"width\":889,\"height\":164,\"caption\":\"Treatwell\"},\"image\":{\"@id\":\"https:\\\/\\\/www.treatwell.at/treatment-files\\\/#\\\/schema\\\/logo\\\/image\\\/\"}},{\"@type\":\"Person\",\"@id\":\"https:\\\/\\\/www.treatwell.at/treatment-files\\\/#\\\/schema\\\/person\\\/869d3f19bdf4203c8e6e97c64e1c3c8e\",\"name\":\"Isabella Tombinski-robb\",\"image\":{\"@type\":\"ImageObject\",\"inLanguage\":\"de-AT\",\"@id\":\"https:\\\/\\\/secure.gravatar.com\\\/avatar\\\/624ce3bd6151d711f02c8c31549c8390027943dc1293e17bf28c136ce4288a80?s=96&d=mm&r=g\",\"url\":\"https:\\\/\\\/secure.gravatar.com\\\/avatar\\\/624ce3bd6151d711f02c8c31549c8390027943dc1293e17bf28c136ce4288a80?s=96&d=mm&r=g\",\"contentUrl\":\"https:\\\/\\\/secure.gravatar.com\\\/avatar\\\/624ce3bd6151d711f02c8c31549c8390027943dc1293e17bf28c136ce4288a80?s=96&d=mm&r=g\",\"caption\":\"Isabella Tombinski-robb\"},\"url\":\"https:\\\/\\\/www.treatwell.at/treatment-files\\\/author\\\/isabellatombinskirobb\\\/\"}]}<\/script>\n<!-- \/ Yoast SEO plugin. -->","yoast_head_json":{"title":"Hot Summer: Diese Farbtrends tragen wir auf unseren N\u00e4geln - Treatwell","description":"Wir haben die Kreationen des Salons Malinka Hamburg auf Instagram etwas genauer unter die Lupe genommen und die Farbtrends des Sommers f\u00fcr euch zusammengefasst: Das sind unsere liebsten Nagellackfarben f\u00fcr den Sommerurlaub.\u00a0","robots":{"index":"index","follow":"follow","max-snippet":"max-snippet:-1","max-image-preview":"max-image-preview:large","max-video-preview":"max-video-preview:-1"},"canonical":"https:\/\/www.treatwell.at/treatment-files\/hot-summer-diese-farbtrends-tragen-wir-auf-unseren-naegeln\/","og_locale":"de_DE","og_type":"article","og_title":"Hot Summer: Diese Farbtrends tragen wir auf unseren N\u00e4geln - Treatwell","og_description":"Wir haben die Kreationen des Salons Malinka Hamburg auf Instagram etwas genauer unter die Lupe genommen und die Farbtrends des Sommers f\u00fcr euch zusammengefasst: Das sind unsere liebsten Nagellackfarben f\u00fcr den Sommerurlaub.\u00a0","og_url":"https:\/\/www.treatwell.at/treatment-files\/hot-summer-diese-farbtrends-tragen-wir-auf-unseren-naegeln\/","og_site_name":"The Treatment Files Blog","article_published_time":"2019-07-11T12:59:14+00:00","article_modified_time":"2026-01-18T13:28:40+00:00","og_image":[{"width":628,"height":628,"url":"https:\/\/www.treatwell.at/treatment-files\/wp-content\/uploads\/sites\/2\/2022\/03\/Farbtrends-Malinka-Hamburg-1.jpg","type":"image\/jpeg"}],"author":"Isabella Tombinski-robb","twitter_card":"summary_large_image","twitter_misc":{"Verfasst von":"Isabella Tombinski-robb","Gesch\u00e4tzte Lesezeit":"2 Minuten"},"schema":{"@context":"https:\/\/schema.org","@graph":[{"@type":"Article","@id":"https:\/\/www.treatwell.at/treatment-files\/hot-summer-diese-farbtrends-tragen-wir-auf-unseren-naegeln\/#article","isPartOf":{"@id":"https:\/\/www.treatwell.at/treatment-files\/hot-summer-diese-farbtrends-tragen-wir-auf-unseren-naegeln\/"},"author":{"name":"Isabella Tombinski-robb","@id":"https:\/\/www.treatwell.at/treatment-files\/#\/schema\/person\/869d3f19bdf4203c8e6e97c64e1c3c8e"},"headline":"Hot Summer: Diese Farbtrends tragen wir auf unseren N\u00e4geln","datePublished":"2019-07-11T12:59:14+00:00","dateModified":"2026-01-18T13:28:40+00:00","mainEntityOfPage":{"@id":"https:\/\/www.treatwell.at/treatment-files\/hot-summer-diese-farbtrends-tragen-wir-auf-unseren-naegeln\/"},"wordCount":315,"publisher":{"@id":"https:\/\/www.treatwell.at/treatment-files\/#organization"},"image":{"@id":"https:\/\/www.treatwell.at/treatment-files\/hot-summer-diese-farbtrends-tragen-wir-auf-unseren-naegeln\/#primaryimage"},"thumbnailUrl":"https:\/\/www.treatwell.at/treatment-files\/wp-content\/uploads\/sites\/2\/2022\/03\/Farbtrends-Malinka-Hamburg-1.jpg","keywords":["Gel Nails","Manicure","Nails","Two Week Manicure"],"articleSection":["Beauty"],"inLanguage":"de-AT"},{"@type":"WebPage","@id":"https:\/\/www.treatwell.at/treatment-files\/hot-summer-diese-farbtrends-tragen-wir-auf-unseren-naegeln\/","url":"https:\/\/www.treatwell.at/treatment-files\/hot-summer-diese-farbtrends-tragen-wir-auf-unseren-naegeln\/","name":"Hot Summer: Diese Farbtrends tragen wir auf unseren N\u00e4geln - Treatwell","isPartOf":{"@id":"https:\/\/www.treatwell.at/treatment-files\/#website"},"primaryImageOfPage":{"@id":"https:\/\/www.treatwell.at/treatment-files\/hot-summer-diese-farbtrends-tragen-wir-auf-unseren-naegeln\/#primaryimage"},"image":{"@id":"https:\/\/www.treatwell.at/treatment-files\/hot-summer-diese-farbtrends-tragen-wir-auf-unseren-naegeln\/#primaryimage"},"thumbnailUrl":"https:\/\/www.treatwell.at/treatment-files\/wp-content\/uploads\/sites\/2\/2022\/03\/Farbtrends-Malinka-Hamburg-1.jpg","datePublished":"2019-07-11T12:59:14+00:00","dateModified":"2026-01-18T13:28:40+00:00","description":"Wir haben die Kreationen des Salons Malinka Hamburg auf Instagram etwas genauer unter die Lupe genommen und die Farbtrends des Sommers f\u00fcr euch zusammengefasst: Das sind unsere liebsten Nagellackfarben f\u00fcr den Sommerurlaub.\u00a0","breadcrumb":{"@id":"https:\/\/www.treatwell.at/treatment-files\/hot-summer-diese-farbtrends-tragen-wir-auf-unseren-naegeln\/#breadcrumb"},"inLanguage":"de-AT","potentialAction":[{"@type":"ReadAction","target":["https:\/\/www.treatwell.at/treatment-files\/hot-summer-diese-farbtrends-tragen-wir-auf-unseren-naegeln\/"]}]},{"@type":"ImageObject","inLanguage":"de-AT","@id":"https:\/\/www.treatwell.at/treatment-files\/hot-summer-diese-farbtrends-tragen-wir-auf-unseren-naegeln\/#primaryimage","url":"https:\/\/www.treatwell.at/treatment-files\/wp-content\/uploads\/sites\/2\/2022\/03\/Farbtrends-Malinka-Hamburg-1.jpg","contentUrl":"https:\/\/www.treatwell.at/treatment-files\/wp-content\/uploads\/sites\/2\/2022\/03\/Farbtrends-Malinka-Hamburg-1.jpg","width":628,"height":628},{"@type":"BreadcrumbList","@id":"https:\/\/www.treatwell.at/treatment-files\/hot-summer-diese-farbtrends-tragen-wir-auf-unseren-naegeln\/#breadcrumb","itemListElement":[{"@type":"ListItem","position":1,"name":"Home","item":"https:\/\/www.treatwell.at/treatment-files\/"},{"@type":"ListItem","position":2,"name":"Beauty","item":"https:\/\/www.treatwell.at/treatment-files\/beauty\/"},{"@type":"ListItem","position":3,"name":"Hot Summer: Diese Farbtrends tragen wir auf unseren N\u00e4geln"}]},{"@type":"WebSite","@id":"https:\/\/www.treatwell.at/treatment-files\/#website","url":"https:\/\/www.treatwell.at/treatment-files\/","name":"The Treatment Files Blog","description":"Beauty entdecken. Beauty erleben.","publisher":{"@id":"https:\/\/www.treatwell.at/treatment-files\/#organization"},"potentialAction":[{"@type":"SearchAction","target":{"@type":"EntryPoint","urlTemplate":"https:\/\/www.treatwell.at/treatment-files\/?s={search_term_string}"},"query-input":{"@type":"PropertyValueSpecification","valueRequired":true,"valueName":"search_term_string"}}],"inLanguage":"de-AT"},{"@type":"Organization","@id":"https:\/\/www.treatwell.at/treatment-files\/#organization","name":"Treatwell","url":"https:\/\/www.treatwell.at/treatment-files\/","logo":{"@type":"ImageObject","inLanguage":"de-AT","@id":"https:\/\/www.treatwell.at/treatment-files\/#\/schema\/logo\/image\/","url":"https:\/\/www.treatwell.at/treatment-files\/wp-content\/uploads\/sites\/2\/2022\/03\/logo_treatwell.png","contentUrl":"https:\/\/www.treatwell.at/treatment-files\/wp-content\/uploads\/sites\/2\/2022\/03\/logo_treatwell.png","width":889,"height":164,"caption":"Treatwell"},"image":{"@id":"https:\/\/www.treatwell.at/treatment-files\/#\/schema\/logo\/image\/"}},{"@type":"Person","@id":"https:\/\/www.treatwell.at/treatment-files\/#\/schema\/person\/869d3f19bdf4203c8e6e97c64e1c3c8e","name":"Isabella Tombinski-robb","image":{"@type":"ImageObject","inLanguage":"de-AT","@id":"https:\/\/secure.gravatar.com\/avatar\/624ce3bd6151d711f02c8c31549c8390027943dc1293e17bf28c136ce4288a80?s=96&d=mm&r=g","url":"https:\/\/secure.gravatar.com\/avatar\/624ce3bd6151d711f02c8c31549c8390027943dc1293e17bf28c136ce4288a80?s=96&d=mm&r=g","contentUrl":"https:\/\/secure.gravatar.com\/avatar\/624ce3bd6151d711f02c8c31549c8390027943dc1293e17bf28c136ce4288a80?s=96&d=mm&r=g","caption":"Isabella Tombinski-robb"},"url":"https:\/\/www.treatwell.at/treatment-files\/author\/isabellatombinskirobb\/"}]}},"featured_image_src":"https:\/\/www.treatwell.at/treatment-files\/wp-content\/uploads\/sites\/2\/2022\/03\/Farbtrends-Malinka-Hamburg-1-600x400.jpg","featured_image_src_square":"https:\/\/www.treatwell.at/treatment-files\/wp-content\/uploads\/sites\/2\/2022\/03\/Farbtrends-Malinka-Hamburg-1-600x600.jpg","author_info":{"display_name":"Isabella Tombinski-robb","author_link":"https:\/\/www.treatwell.at/treatment-files\/author\/isabellatombinskirobb\/"},"_links":{"self":[{"href":"https:\/\/www.treatwell.at\/treatment-files\/wp-json\/wp\/v2\/posts\/15269","targetHints":{"allow":["GET"]}}],"collection":[{"href":"https:\/\/www.treatwell.at\/treatment-files\/wp-json\/wp\/v2\/posts"}],"about":[{"href":"https:\/\/www.treatwell.at\/treatment-files\/wp-json\/wp\/v2\/types\/post"}],"author":[{"embeddable":true,"href":"https:\/\/www.treatwell.at\/treatment-files\/wp-json\/wp\/v2\/users\/3318"}],"replies":[{"embeddable":true,"href":"https:\/\/www.treatwell.at\/treatment-files\/wp-json\/wp\/v2\/comments?post=15269"}],"version-history":[{"count":0,"href":"https:\/\/www.treatwell.at\/treatment-files\/wp-json\/wp\/v2\/posts\/15269\/revisions"}],"wp:featuredmedia":[{"embeddable":true,"href":"https:\/\/www.treatwell.at\/treatment-files\/wp-json\/wp\/v2\/media\/15275"}],"wp:attachment":[{"href":"https:\/\/www.treatwell.at\/treatment-files\/wp-json\/wp\/v2\/media?parent=15269"}],"wp:term":[{"taxonomy":"category","embeddable":true,"href":"https:\/\/www.treatwell.at\/treatment-files\/wp-json\/wp\/v2\/categories?post=15269"},{"taxonomy":"post_tag","embeddable":true,"href":"https:\/\/www.treatwell.at\/treatment-files\/wp-json\/wp\/v2\/tags?post=15269"}],"curies":[{"name":"wp","href":"https:\/\/api.w.org\/{rel}","templated":true}]}}