{"id":15338,"date":"2019-09-26T11:00:41","date_gmt":"2019-09-26T09:00:41","guid":{"rendered":"http:\/\/www.treatwell.at\/treatment-files\/?p=15611"},"modified":"2026-01-18T14:28:51","modified_gmt":"2026-01-18T13:28:51","slug":"wir-habens-probiert-5-beliebte-oktoberfest-flechtfrisuren","status":"publish","type":"post","link":"https:\/\/www.treatwell.at/treatment-files\/wir-habens-probiert-5-beliebte-oktoberfest-flechtfrisuren\/","title":{"rendered":"Wir haben\u2019s probiert: 5 beliebte Oktoberfest Flechtfrisuren"},"content":{"rendered":"<p style=\"text-align: justify\"><span style=\"font-weight: 400\">Das Oktoberfest lockt uns wieder in die Festzelte. K\u00fcrzlich hat das Volksfest in M\u00fcnchen seine Pforten ge\u00f6ffnet und wir freuen uns auch dieses Mal wieder \u00fcber traumhafte Flechtfrisuren. F\u00fcr einen Wiesn Besuch darf nat\u00fcrlich neben dem perfekten Dirndl auch die passende Frisur nicht fehlen. Wir waren bei Saloons Exclusive Wiener Platz zu Besuch und haben uns von Flechtexperten die <a href=\"https:\/\/www.treatwell.at\/orte\/behandlung-styling-foehnen\/angebot-typ-lokal\/in-at\/\">beliebtesten Flechtfrisuren<\/a> zaubern lassen. Kleine Vorwarnung: die Entscheidung wird dir nicht leicht fallen&#8230;<\/span><\/p>\n<div class=\"schema-faq wp-block-yoast-faq-block\">\n<div class=\"schema-faq-section\" id=\"faq-question-1768742485368\">\n<h3 class=\"schema-faq-question\">Welche Flechtfrisur eignet sich f\u00fcr schulterlanges Haar auf dem Oktoberfest?<\/h3>\n<p class=\"schema-faq-answer\">Auch schulterlanges Haar l\u00e4sst sich im Halboffen mit Twin Braids-Krone-Style perfekt in Szene setzen. Dabei werden seitlich zwei Z\u00f6pfe geflochten, schneckenf\u00f6rmig zusammengesteckt und der Rest des Haares halb offen getragen \u2013 f\u00fcr einen vielseitigen und stilvollen Wiesn-Look.<\/div>\n<div class=\"schema-faq-section\" id=\"faq-question-1768742485369\">\n<h3 class=\"schema-faq-question\">Wie entsteht ein romantischer Flechtlook f\u00fcr das Oktoberfest?<\/h3>\n<p class=\"schema-faq-answer\">Ein Geflochtener Hinterkopf-Style wirkt besonders romantisch. Zwei Str\u00e4hnen werden seitlich nach hinten geflochten, mit Haarklemmen fixiert und mit den Fingern aufgelockert, um dem Haar mehr Volumen zu verleihen.<\/div>\n<div class=\"schema-faq-section\" id=\"faq-question-1768742485370\">\n<h3 class=\"schema-faq-question\">Was macht die Milchm\u00e4dchen Braids zur beliebten Dirndl-Frisur?<\/h3>\n<p class=\"schema-faq-answer\">Milchm\u00e4dchen Braids kombinieren mehrere franz\u00f6sische Z\u00f6pfe und sorgen f\u00fcr einen klassischen, auff\u00e4lligen Look. Die geflochtenen Partien werden um den Kopf gelegt und f\u00fcr zus\u00e4tzliches Volumen etwas auseinandergezogen.<\/div>\n<div class=\"schema-faq-section\" id=\"faq-question-1768742485371\">\n<h3 class=\"schema-faq-question\">Wie stylst du sehr langes Haar f\u00fcr einen gelungenen Wiesn-Auftritt?<\/h3>\n<p class=\"schema-faq-answer\">Bei sehr langem Haar eignet sich der XXL Dutt mit Braids, der Kontrolle und Volumen vereint. Das Haar wird zu einem franz\u00f6sischen Zopf geflochten, im Dutt gesteckt und mit einem weiteren seitlichen Zopf als Hingucker erg\u00e4nzt.<\/div>\n<div class=\"schema-faq-section\" id=\"faq-question-1768742485372\">\n<h3 class=\"schema-faq-question\">Wie kannst du verschiedene Flechttechniken f\u00fcr ein auff\u00e4lliges Oktoberfest-Styling kombinieren?<\/h3>\n<p class=\"schema-faq-answer\">Der Milchm\u00e4dchen Braids mit XXL Dutt-Style verkn\u00fcpft klassische Z\u00f6pfe mit einem volumin\u00f6sen Dutt. Der Oberkopf wird rautenf\u00f6rmig abgeteilt, ein franz\u00f6sischer Zopf geflochten und um den Dutt gelegt \u2013 einfach in der Umsetzung und mit beeindruckendem Ergebnis.<\/div>\n<\/p><\/div>\n","protected":false},"excerpt":{"rendered":"<p>Das Oktoberfest lockt uns wieder in die Festzelte. K\u00fcrzlich hat das Volksfest in M\u00fcnchen seine Pforten ge\u00f6ffnet und wir freuen uns auch dieses Mal wieder \u00fcber traumhafte Flechtfrisuren. F\u00fcr einen Wiesn Besuch darf nat\u00fcrlich neben dem perfekten Dirndl auch die passende Frisur nicht fehlen. Wir waren bei Saloons Exclusive Wiener Platz zu Besuch und haben [&hellip;]<\/p>\n","protected":false},"author":3318,"featured_media":15345,"comment_status":"closed","ping_status":"closed","sticky":false,"template":"","format":"standard","meta":{"_acf_changed":false,"_yoast_wpseo_title":"Wir haben\u2019s probiert: 5 beliebte Oktoberfest Flechtfrisuren - Treatwell","_yoast_wpseo_metadesc":"Wir waren bei Saloons Exclusive Wiener Platz zu Besuch und haben uns von Flechtexperten die beliebtesten Flechtfrisuren zaubern lassen. Kleine Vorwarnung: die Entscheidung wird dir nicht leicht fallen...","_genesis_hide_title":false,"_genesis_hide_breadcrumbs":false,"_genesis_hide_singular_image":false,"_genesis_hide_footer_widgets":false,"_genesis_custom_body_class":"","_genesis_custom_post_class":"","_genesis_layout":"","saswp_custom_schema_field":"{\"@context\":\"https:\/\/schema.org\",\"@type\":\"FAQPage\",\"mainEntity\":[{\"@type\":\"Question\",\"name\":\"Welche Flechtfrisur eignet sich f\u00fcr schulterlanges Haar auf dem Oktoberfest?\",\"acceptedAnswer\":{\"@type\":\"Answer\",\"text\":\"Auch schulterlanges Haar l\u00e4sst sich im Halboffen mit Twin Braids-Krone-Style perfekt in Szene setzen. Dabei werden seitlich zwei Z\u00f6pfe geflochten, schneckenf\u00f6rmig zusammengesteckt und der Rest des Haares halb offen getragen \u2013 f\u00fcr einen vielseitigen und stilvollen Wiesn-Look.\"}},{\"@type\":\"Question\",\"name\":\"Wie entsteht ein romantischer Flechtlook f\u00fcr das Oktoberfest?\",\"acceptedAnswer\":{\"@type\":\"Answer\",\"text\":\"Ein Geflochtener Hinterkopf-Style wirkt besonders romantisch. Zwei Str\u00e4hnen werden seitlich nach hinten geflochten, mit Haarklemmen fixiert und mit den Fingern aufgelockert, um dem Haar mehr Volumen zu verleihen.\"}},{\"@type\":\"Question\",\"name\":\"Was macht die Milchm\u00e4dchen Braids zur beliebten Dirndl-Frisur?\",\"acceptedAnswer\":{\"@type\":\"Answer\",\"text\":\"Milchm\u00e4dchen Braids kombinieren mehrere franz\u00f6sische Z\u00f6pfe und sorgen f\u00fcr einen klassischen, auff\u00e4lligen Look. Die geflochtenen Partien werden um den Kopf gelegt und f\u00fcr zus\u00e4tzliches Volumen etwas auseinandergezogen.\"}},{\"@type\":\"Question\",\"name\":\"Wie stylst du sehr langes Haar f\u00fcr einen gelungenen Wiesn-Auftritt?\",\"acceptedAnswer\":{\"@type\":\"Answer\",\"text\":\"Bei sehr langem Haar eignet sich der XXL Dutt mit Braids, der Kontrolle und Volumen vereint. Das Haar wird zu einem franz\u00f6sischen Zopf geflochten, im Dutt gesteckt und mit einem weiteren seitlichen Zopf als Hingucker erg\u00e4nzt.\"}},{\"@type\":\"Question\",\"name\":\"Wie kannst du verschiedene Flechttechniken f\u00fcr ein auff\u00e4lliges Oktoberfest-Styling kombinieren?\",\"acceptedAnswer\":{\"@type\":\"Answer\",\"text\":\"Der Milchm\u00e4dchen Braids mit XXL Dutt-Style verkn\u00fcpft klassische Z\u00f6pfe mit einem volumin\u00f6sen Dutt. Der Oberkopf wird rautenf\u00f6rmig abgeteilt, ein franz\u00f6sischer Zopf geflochten und um den Dutt gelegt \u2013 einfach in der Umsetzung und mit beeindruckendem Ergebnis.\"}}]}","footnotes":""},"categories":[9],"tags":[3,67],"class_list":{"0":"post-15338","1":"post","2":"type-post","3":"status-publish","4":"format-standard","5":"has-post-thumbnail","7":"category-beauty","8":"tag-tt6","9":"tag-tr721","10":"entry"},"acf":{"post_credits":"Bildrechte: Unsplash -  Tamara Bellis, Bild 1-5: Treatwell","beauty_blog_post_button_title":"","beauty_blog_post_button":"","landscape_picture":15344,"blocks":[{"block_title":"Style 1 - Halboffen mit Twin Braids-Krone","block_content":"<p>Ist dein Haar auf Schulterl&auml;nge? Kein Problem, denn auch hier l&auml;sst sich mit Leichtigkeit eine traumhafte Wiesnfrisur zaubern. F&uuml;r diesen Style werden einzelne Haarpartien an den Seiten ausgespart und im Anschluss zwei Z&ouml;pfe geflochten. Diese werden in einer schneckenartigen Form zusammengesteckt, sodass das Ergebnis einer doppelten Endlosschleife gleicht. Der Rest des Haares wird halb offen getragen und kann beliebig gestylt werden. Hier empfiehlt sich ein Lockenstab oder ein Gl&auml;tteisen f&uuml;r extra Pep!<\/p>\n","video_content":"","block_picture":15339},{"block_title":"Style 2 - Geflochtener Hinterkopf","block_content":"<p>Bei diesem Look werden zwei Str&auml;hnen jeweils links und rechts &uuml;ber die Seiten nach hinten geflochten. Nachdem die Z&ouml;pfe mit Haarklemmen festgesteckt sind, kann man sie mit den Fingern auflockern, um zus&auml;tzlich mehr an Volumen zu gewinnen. Das Ergebnis ist eine Flechtfrisur mit einem romantischen Finish.&nbsp;<\/p>\n","video_content":"","block_picture":15340},{"block_title":"Style 3 - Milchm\u00e4dchen Braids","block_content":"<p>Diese Frisur ist ein Klassiker unter den Oktoberfest-Frisuren. Dieser Style zeichnet sich durch eine Kombination aus mehreren Braids aus. Daf&uuml;r wird das Haar in zwei Haarpartien unterteilt, ein Seitenscheitel gezaubert und im Anschluss jeweils ein franz&ouml;sischer Zopf zur Seite geflochten. Danach werden beide Z&ouml;pfe werden um den Hinterkopf gelegt und mit Haarklemmen fixiert. Last but not least kann das Flechtwerk etwas auseinandergezogen werden, um das Haar etwas volumin&ouml;ser erscheinen zu lassen.<\/p>\n","video_content":"","block_picture":15341},{"block_title":"Style 4 - XXL Dutt mit Braids","block_content":"<p>Wenn du besonders lange Haare und deine Frisur gerne unter Kontrolle haben m&ouml;chtest, dann ist dieser Style perfekt f&uuml;r dich. Dabei werden die Haare am Oberkopf nach hinten zur Seite gek&auml;mmt, zu einem franz&ouml;sischen Zopf geflochten und im Anschluss zu einem volumin&ouml;sen Dutt gesteckt. Spare zus&auml;tzlich ein paar Str&auml;hnen, f&uuml;r einen dritten Zopf, an der Seite aus: Dieser wird zu guter Letzt &uuml;ber den Dutt gesteckt. Ein paar Accessoires dazu und schon ist dein Dirndl-Look komplett.<\/p>\n","video_content":"","block_picture":15342},{"block_title":"Style 5 - Milchm\u00e4dchen Braids mit XXL Dutt","block_content":"<p>Wer von Z&ouml;pfen und verschiedensten Flechtkombinationen einfach nicht genug bekommen kann, dem wird diese Frisur gro&szlig;e Freude bereiten. Dieser Style ist ein Hybrid zwischen XXL Dutt mit Braids und dem Milchm&auml;dchen Look. Diese Frisur unterscheidet sich in der Unterteilung der Haarpartien: Das Haar am Oberkopf wird zu Beginn rautenf&ouml;rmig hochgesteckt, sodass zum Schluss ein volumin&ouml;ser franz&ouml;sischer Zopf entsteht und um den Dutt gesteckt werden kann. Klingt kompliziert, ist aber einfach!<\/p>\n\n<p>Mit&nbsp;Treatwell, kannst du&nbsp;<a href=\"http:\/\/www.treatwell.at\/\">Beauty&nbsp;und all deine Lieblingssalons online buchen<\/a>&nbsp;&ndash; simpel, m&uuml;helos, und du kannst es von unterwegs machen.&nbsp;Hier gehts&nbsp;<a href=\"https:\/\/www.treatwell.at\/orte\/behandlung-styling-foehnen\/angebot-typ-lokal\/in-at\/\">zu den besten Salons in deiner Umgebung<\/a>.&nbsp; Nanu, konntest du deinen Lieblingssalon nicht auf Treatwell finden? Empfiehl uns deinen Salon und erhalte als kleines&nbsp;<a href=\"https:\/\/www.treatwell.at\/business-info\/salonempfehlungen-endkunden\/\">Dankesch&ouml;n einen 50&euro; Gutschein geschenkt*.&nbsp;<\/a><\/p>\n\n<p><em>* Der empfohlene Salon muss in den von Treatwell angegebenen St&auml;dten sein, eine der angegebenen Dienstleistungen anbieten, noch keinen Vertrag mit Treatwell unterzeichnet haben&nbsp;und innerhalb der n&auml;chsten 60 Tage online gehen.<\/em><\/p>\n\n<p>&nbsp;<\/p>\n\n<p><br \/>\n&nbsp;<\/p>\n","video_content":"","block_picture":15343}]},"yoast_head":"<!-- This site is optimized with the Yoast SEO plugin v27.5 - https:\/\/yoast.com\/product\/yoast-seo-wordpress\/ -->\n<title>Wir haben\u2019s probiert: 5 beliebte Oktoberfest Flechtfrisuren - Treatwell<\/title>\n<meta name=\"description\" content=\"Wir waren bei Saloons Exclusive Wiener Platz zu Besuch und haben uns von Flechtexperten die beliebtesten Flechtfrisuren zaubern lassen. Kleine Vorwarnung: die Entscheidung wird dir nicht leicht fallen...\" \/>\n<meta name=\"robots\" content=\"index, follow, max-snippet:-1, max-image-preview:large, max-video-preview:-1\" \/>\n<link rel=\"canonical\" href=\"https:\/\/www.treatwell.at/treatment-files\/wir-habens-probiert-5-beliebte-oktoberfest-flechtfrisuren\/\" \/>\n<meta property=\"og:locale\" content=\"de_DE\" \/>\n<meta property=\"og:type\" content=\"article\" \/>\n<meta property=\"og:title\" content=\"Wir haben\u2019s probiert: 5 beliebte Oktoberfest Flechtfrisuren - Treatwell\" \/>\n<meta property=\"og:description\" content=\"Wir waren bei Saloons Exclusive Wiener Platz zu Besuch und haben uns von Flechtexperten die beliebtesten Flechtfrisuren zaubern lassen. Kleine Vorwarnung: die Entscheidung wird dir nicht leicht fallen...\" \/>\n<meta property=\"og:url\" content=\"https:\/\/www.treatwell.at/treatment-files\/wir-habens-probiert-5-beliebte-oktoberfest-flechtfrisuren\/\" \/>\n<meta property=\"og:site_name\" content=\"The Treatment Files Blog\" \/>\n<meta property=\"article:published_time\" content=\"2019-09-26T09:00:41+00:00\" \/>\n<meta property=\"article:modified_time\" content=\"2026-01-18T13:28:51+00:00\" \/>\n<meta property=\"og:image\" content=\"https:\/\/www.treatwell.at/treatment-files\/wp-content\/uploads\/sites\/2\/2022\/03\/WhatsApp-Image-2019-09-23-at-12.42.32.jpeg\" \/>\n\t<meta property=\"og:image:width\" content=\"621\" \/>\n\t<meta property=\"og:image:height\" content=\"628\" \/>\n\t<meta property=\"og:image:type\" content=\"image\/jpeg\" \/>\n<meta name=\"author\" content=\"Isabella Tombinski-robb\" \/>\n<meta name=\"twitter:card\" content=\"summary_large_image\" \/>\n<meta name=\"twitter:label1\" content=\"Verfasst von\" \/>\n\t<meta name=\"twitter:data1\" content=\"Isabella Tombinski-robb\" \/>\n\t<meta name=\"twitter:label2\" content=\"Gesch\u00e4tzte Lesezeit\" \/>\n\t<meta name=\"twitter:data2\" content=\"2 Minuten\" \/>\n<script type=\"application\/ld+json\" class=\"yoast-schema-graph\">{\"@context\":\"https:\\\/\\\/schema.org\",\"@graph\":[{\"@type\":\"Article\",\"@id\":\"https:\\\/\\\/www.treatwell.at/treatment-files\\\/wir-habens-probiert-5-beliebte-oktoberfest-flechtfrisuren\\\/#article\",\"isPartOf\":{\"@id\":\"https:\\\/\\\/www.treatwell.at/treatment-files\\\/wir-habens-probiert-5-beliebte-oktoberfest-flechtfrisuren\\\/\"},\"author\":{\"name\":\"Isabella Tombinski-robb\",\"@id\":\"https:\\\/\\\/www.treatwell.at/treatment-files\\\/#\\\/schema\\\/person\\\/869d3f19bdf4203c8e6e97c64e1c3c8e\"},\"headline\":\"Wir haben\u2019s probiert: 5 beliebte Oktoberfest Flechtfrisuren\",\"datePublished\":\"2019-09-26T09:00:41+00:00\",\"dateModified\":\"2026-01-18T13:28:51+00:00\",\"mainEntityOfPage\":{\"@id\":\"https:\\\/\\\/www.treatwell.at/treatment-files\\\/wir-habens-probiert-5-beliebte-oktoberfest-flechtfrisuren\\\/\"},\"wordCount\":318,\"publisher\":{\"@id\":\"https:\\\/\\\/www.treatwell.at/treatment-files\\\/#organization\"},\"image\":{\"@id\":\"https:\\\/\\\/www.treatwell.at/treatment-files\\\/wir-habens-probiert-5-beliebte-oktoberfest-flechtfrisuren\\\/#primaryimage\"},\"thumbnailUrl\":\"https:\\\/\\\/www.treatwell.at/treatment-files\\\/wp-content\\\/uploads\\\/sites\\\/2\\\/2022\\\/03\\\/WhatsApp-Image-2019-09-23-at-12.42.32.jpeg\",\"keywords\":[\"Hair\",\"Hair Up\"],\"articleSection\":[\"Beauty\"],\"inLanguage\":\"de-AT\"},{\"@type\":\"WebPage\",\"@id\":\"https:\\\/\\\/www.treatwell.at/treatment-files\\\/wir-habens-probiert-5-beliebte-oktoberfest-flechtfrisuren\\\/\",\"url\":\"https:\\\/\\\/www.treatwell.at/treatment-files\\\/wir-habens-probiert-5-beliebte-oktoberfest-flechtfrisuren\\\/\",\"name\":\"Wir haben\u2019s probiert: 5 beliebte Oktoberfest Flechtfrisuren - Treatwell\",\"isPartOf\":{\"@id\":\"https:\\\/\\\/www.treatwell.at/treatment-files\\\/#website\"},\"primaryImageOfPage\":{\"@id\":\"https:\\\/\\\/www.treatwell.at/treatment-files\\\/wir-habens-probiert-5-beliebte-oktoberfest-flechtfrisuren\\\/#primaryimage\"},\"image\":{\"@id\":\"https:\\\/\\\/www.treatwell.at/treatment-files\\\/wir-habens-probiert-5-beliebte-oktoberfest-flechtfrisuren\\\/#primaryimage\"},\"thumbnailUrl\":\"https:\\\/\\\/www.treatwell.at/treatment-files\\\/wp-content\\\/uploads\\\/sites\\\/2\\\/2022\\\/03\\\/WhatsApp-Image-2019-09-23-at-12.42.32.jpeg\",\"datePublished\":\"2019-09-26T09:00:41+00:00\",\"dateModified\":\"2026-01-18T13:28:51+00:00\",\"description\":\"Wir waren bei Saloons Exclusive Wiener Platz zu Besuch und haben uns von Flechtexperten die beliebtesten Flechtfrisuren zaubern lassen. Kleine Vorwarnung: die Entscheidung wird dir nicht leicht fallen...\",\"breadcrumb\":{\"@id\":\"https:\\\/\\\/www.treatwell.at/treatment-files\\\/wir-habens-probiert-5-beliebte-oktoberfest-flechtfrisuren\\\/#breadcrumb\"},\"inLanguage\":\"de-AT\",\"potentialAction\":[{\"@type\":\"ReadAction\",\"target\":[\"https:\\\/\\\/www.treatwell.at/treatment-files\\\/wir-habens-probiert-5-beliebte-oktoberfest-flechtfrisuren\\\/\"]}]},{\"@type\":\"ImageObject\",\"inLanguage\":\"de-AT\",\"@id\":\"https:\\\/\\\/www.treatwell.at/treatment-files\\\/wir-habens-probiert-5-beliebte-oktoberfest-flechtfrisuren\\\/#primaryimage\",\"url\":\"https:\\\/\\\/www.treatwell.at/treatment-files\\\/wp-content\\\/uploads\\\/sites\\\/2\\\/2022\\\/03\\\/WhatsApp-Image-2019-09-23-at-12.42.32.jpeg\",\"contentUrl\":\"https:\\\/\\\/www.treatwell.at/treatment-files\\\/wp-content\\\/uploads\\\/sites\\\/2\\\/2022\\\/03\\\/WhatsApp-Image-2019-09-23-at-12.42.32.jpeg\",\"width\":621,\"height\":628},{\"@type\":\"BreadcrumbList\",\"@id\":\"https:\\\/\\\/www.treatwell.at/treatment-files\\\/wir-habens-probiert-5-beliebte-oktoberfest-flechtfrisuren\\\/#breadcrumb\",\"itemListElement\":[{\"@type\":\"ListItem\",\"position\":1,\"name\":\"Home\",\"item\":\"https:\\\/\\\/www.treatwell.at/treatment-files\\\/\"},{\"@type\":\"ListItem\",\"position\":2,\"name\":\"Beauty\",\"item\":\"https:\\\/\\\/www.treatwell.at/treatment-files\\\/beauty\\\/\"},{\"@type\":\"ListItem\",\"position\":3,\"name\":\"Wir haben\u2019s probiert: 5 beliebte Oktoberfest Flechtfrisuren\"}]},{\"@type\":\"WebSite\",\"@id\":\"https:\\\/\\\/www.treatwell.at/treatment-files\\\/#website\",\"url\":\"https:\\\/\\\/www.treatwell.at/treatment-files\\\/\",\"name\":\"The Treatment Files Blog\",\"description\":\"Beauty entdecken. Beauty erleben.\",\"publisher\":{\"@id\":\"https:\\\/\\\/www.treatwell.at/treatment-files\\\/#organization\"},\"potentialAction\":[{\"@type\":\"SearchAction\",\"target\":{\"@type\":\"EntryPoint\",\"urlTemplate\":\"https:\\\/\\\/www.treatwell.at/treatment-files\\\/?s={search_term_string}\"},\"query-input\":{\"@type\":\"PropertyValueSpecification\",\"valueRequired\":true,\"valueName\":\"search_term_string\"}}],\"inLanguage\":\"de-AT\"},{\"@type\":\"Organization\",\"@id\":\"https:\\\/\\\/www.treatwell.at/treatment-files\\\/#organization\",\"name\":\"Treatwell\",\"url\":\"https:\\\/\\\/www.treatwell.at/treatment-files\\\/\",\"logo\":{\"@type\":\"ImageObject\",\"inLanguage\":\"de-AT\",\"@id\":\"https:\\\/\\\/www.treatwell.at/treatment-files\\\/#\\\/schema\\\/logo\\\/image\\\/\",\"url\":\"https:\\\/\\\/www.treatwell.at/treatment-files\\\/wp-content\\\/uploads\\\/sites\\\/2\\\/2022\\\/03\\\/logo_treatwell.png\",\"contentUrl\":\"https:\\\/\\\/www.treatwell.at/treatment-files\\\/wp-content\\\/uploads\\\/sites\\\/2\\\/2022\\\/03\\\/logo_treatwell.png\",\"width\":889,\"height\":164,\"caption\":\"Treatwell\"},\"image\":{\"@id\":\"https:\\\/\\\/www.treatwell.at/treatment-files\\\/#\\\/schema\\\/logo\\\/image\\\/\"}},{\"@type\":\"Person\",\"@id\":\"https:\\\/\\\/www.treatwell.at/treatment-files\\\/#\\\/schema\\\/person\\\/869d3f19bdf4203c8e6e97c64e1c3c8e\",\"name\":\"Isabella Tombinski-robb\",\"image\":{\"@type\":\"ImageObject\",\"inLanguage\":\"de-AT\",\"@id\":\"https:\\\/\\\/secure.gravatar.com\\\/avatar\\\/624ce3bd6151d711f02c8c31549c8390027943dc1293e17bf28c136ce4288a80?s=96&d=mm&r=g\",\"url\":\"https:\\\/\\\/secure.gravatar.com\\\/avatar\\\/624ce3bd6151d711f02c8c31549c8390027943dc1293e17bf28c136ce4288a80?s=96&d=mm&r=g\",\"contentUrl\":\"https:\\\/\\\/secure.gravatar.com\\\/avatar\\\/624ce3bd6151d711f02c8c31549c8390027943dc1293e17bf28c136ce4288a80?s=96&d=mm&r=g\",\"caption\":\"Isabella Tombinski-robb\"},\"url\":\"https:\\\/\\\/www.treatwell.at/treatment-files\\\/author\\\/isabellatombinskirobb\\\/\"}]}<\/script>\n<!-- \/ Yoast SEO plugin. -->","yoast_head_json":{"title":"Wir haben\u2019s probiert: 5 beliebte Oktoberfest Flechtfrisuren - Treatwell","description":"Wir waren bei Saloons Exclusive Wiener Platz zu Besuch und haben uns von Flechtexperten die beliebtesten Flechtfrisuren zaubern lassen. Kleine Vorwarnung: die Entscheidung wird dir nicht leicht fallen...","robots":{"index":"index","follow":"follow","max-snippet":"max-snippet:-1","max-image-preview":"max-image-preview:large","max-video-preview":"max-video-preview:-1"},"canonical":"https:\/\/www.treatwell.at/treatment-files\/wir-habens-probiert-5-beliebte-oktoberfest-flechtfrisuren\/","og_locale":"de_DE","og_type":"article","og_title":"Wir haben\u2019s probiert: 5 beliebte Oktoberfest Flechtfrisuren - Treatwell","og_description":"Wir waren bei Saloons Exclusive Wiener Platz zu Besuch und haben uns von Flechtexperten die beliebtesten Flechtfrisuren zaubern lassen. Kleine Vorwarnung: die Entscheidung wird dir nicht leicht fallen...","og_url":"https:\/\/www.treatwell.at/treatment-files\/wir-habens-probiert-5-beliebte-oktoberfest-flechtfrisuren\/","og_site_name":"The Treatment Files Blog","article_published_time":"2019-09-26T09:00:41+00:00","article_modified_time":"2026-01-18T13:28:51+00:00","og_image":[{"width":621,"height":628,"url":"https:\/\/www.treatwell.at/treatment-files\/wp-content\/uploads\/sites\/2\/2022\/03\/WhatsApp-Image-2019-09-23-at-12.42.32.jpeg","type":"image\/jpeg"}],"author":"Isabella Tombinski-robb","twitter_card":"summary_large_image","twitter_misc":{"Verfasst von":"Isabella Tombinski-robb","Gesch\u00e4tzte Lesezeit":"2 Minuten"},"schema":{"@context":"https:\/\/schema.org","@graph":[{"@type":"Article","@id":"https:\/\/www.treatwell.at/treatment-files\/wir-habens-probiert-5-beliebte-oktoberfest-flechtfrisuren\/#article","isPartOf":{"@id":"https:\/\/www.treatwell.at/treatment-files\/wir-habens-probiert-5-beliebte-oktoberfest-flechtfrisuren\/"},"author":{"name":"Isabella Tombinski-robb","@id":"https:\/\/www.treatwell.at/treatment-files\/#\/schema\/person\/869d3f19bdf4203c8e6e97c64e1c3c8e"},"headline":"Wir haben\u2019s probiert: 5 beliebte Oktoberfest Flechtfrisuren","datePublished":"2019-09-26T09:00:41+00:00","dateModified":"2026-01-18T13:28:51+00:00","mainEntityOfPage":{"@id":"https:\/\/www.treatwell.at/treatment-files\/wir-habens-probiert-5-beliebte-oktoberfest-flechtfrisuren\/"},"wordCount":318,"publisher":{"@id":"https:\/\/www.treatwell.at/treatment-files\/#organization"},"image":{"@id":"https:\/\/www.treatwell.at/treatment-files\/wir-habens-probiert-5-beliebte-oktoberfest-flechtfrisuren\/#primaryimage"},"thumbnailUrl":"https:\/\/www.treatwell.at/treatment-files\/wp-content\/uploads\/sites\/2\/2022\/03\/WhatsApp-Image-2019-09-23-at-12.42.32.jpeg","keywords":["Hair","Hair Up"],"articleSection":["Beauty"],"inLanguage":"de-AT"},{"@type":"WebPage","@id":"https:\/\/www.treatwell.at/treatment-files\/wir-habens-probiert-5-beliebte-oktoberfest-flechtfrisuren\/","url":"https:\/\/www.treatwell.at/treatment-files\/wir-habens-probiert-5-beliebte-oktoberfest-flechtfrisuren\/","name":"Wir haben\u2019s probiert: 5 beliebte Oktoberfest Flechtfrisuren - Treatwell","isPartOf":{"@id":"https:\/\/www.treatwell.at/treatment-files\/#website"},"primaryImageOfPage":{"@id":"https:\/\/www.treatwell.at/treatment-files\/wir-habens-probiert-5-beliebte-oktoberfest-flechtfrisuren\/#primaryimage"},"image":{"@id":"https:\/\/www.treatwell.at/treatment-files\/wir-habens-probiert-5-beliebte-oktoberfest-flechtfrisuren\/#primaryimage"},"thumbnailUrl":"https:\/\/www.treatwell.at/treatment-files\/wp-content\/uploads\/sites\/2\/2022\/03\/WhatsApp-Image-2019-09-23-at-12.42.32.jpeg","datePublished":"2019-09-26T09:00:41+00:00","dateModified":"2026-01-18T13:28:51+00:00","description":"Wir waren bei Saloons Exclusive Wiener Platz zu Besuch und haben uns von Flechtexperten die beliebtesten Flechtfrisuren zaubern lassen. Kleine Vorwarnung: die Entscheidung wird dir nicht leicht fallen...","breadcrumb":{"@id":"https:\/\/www.treatwell.at/treatment-files\/wir-habens-probiert-5-beliebte-oktoberfest-flechtfrisuren\/#breadcrumb"},"inLanguage":"de-AT","potentialAction":[{"@type":"ReadAction","target":["https:\/\/www.treatwell.at/treatment-files\/wir-habens-probiert-5-beliebte-oktoberfest-flechtfrisuren\/"]}]},{"@type":"ImageObject","inLanguage":"de-AT","@id":"https:\/\/www.treatwell.at/treatment-files\/wir-habens-probiert-5-beliebte-oktoberfest-flechtfrisuren\/#primaryimage","url":"https:\/\/www.treatwell.at/treatment-files\/wp-content\/uploads\/sites\/2\/2022\/03\/WhatsApp-Image-2019-09-23-at-12.42.32.jpeg","contentUrl":"https:\/\/www.treatwell.at/treatment-files\/wp-content\/uploads\/sites\/2\/2022\/03\/WhatsApp-Image-2019-09-23-at-12.42.32.jpeg","width":621,"height":628},{"@type":"BreadcrumbList","@id":"https:\/\/www.treatwell.at/treatment-files\/wir-habens-probiert-5-beliebte-oktoberfest-flechtfrisuren\/#breadcrumb","itemListElement":[{"@type":"ListItem","position":1,"name":"Home","item":"https:\/\/www.treatwell.at/treatment-files\/"},{"@type":"ListItem","position":2,"name":"Beauty","item":"https:\/\/www.treatwell.at/treatment-files\/beauty\/"},{"@type":"ListItem","position":3,"name":"Wir haben\u2019s probiert: 5 beliebte Oktoberfest Flechtfrisuren"}]},{"@type":"WebSite","@id":"https:\/\/www.treatwell.at/treatment-files\/#website","url":"https:\/\/www.treatwell.at/treatment-files\/","name":"The Treatment Files Blog","description":"Beauty entdecken. Beauty erleben.","publisher":{"@id":"https:\/\/www.treatwell.at/treatment-files\/#organization"},"potentialAction":[{"@type":"SearchAction","target":{"@type":"EntryPoint","urlTemplate":"https:\/\/www.treatwell.at/treatment-files\/?s={search_term_string}"},"query-input":{"@type":"PropertyValueSpecification","valueRequired":true,"valueName":"search_term_string"}}],"inLanguage":"de-AT"},{"@type":"Organization","@id":"https:\/\/www.treatwell.at/treatment-files\/#organization","name":"Treatwell","url":"https:\/\/www.treatwell.at/treatment-files\/","logo":{"@type":"ImageObject","inLanguage":"de-AT","@id":"https:\/\/www.treatwell.at/treatment-files\/#\/schema\/logo\/image\/","url":"https:\/\/www.treatwell.at/treatment-files\/wp-content\/uploads\/sites\/2\/2022\/03\/logo_treatwell.png","contentUrl":"https:\/\/www.treatwell.at/treatment-files\/wp-content\/uploads\/sites\/2\/2022\/03\/logo_treatwell.png","width":889,"height":164,"caption":"Treatwell"},"image":{"@id":"https:\/\/www.treatwell.at/treatment-files\/#\/schema\/logo\/image\/"}},{"@type":"Person","@id":"https:\/\/www.treatwell.at/treatment-files\/#\/schema\/person\/869d3f19bdf4203c8e6e97c64e1c3c8e","name":"Isabella Tombinski-robb","image":{"@type":"ImageObject","inLanguage":"de-AT","@id":"https:\/\/secure.gravatar.com\/avatar\/624ce3bd6151d711f02c8c31549c8390027943dc1293e17bf28c136ce4288a80?s=96&d=mm&r=g","url":"https:\/\/secure.gravatar.com\/avatar\/624ce3bd6151d711f02c8c31549c8390027943dc1293e17bf28c136ce4288a80?s=96&d=mm&r=g","contentUrl":"https:\/\/secure.gravatar.com\/avatar\/624ce3bd6151d711f02c8c31549c8390027943dc1293e17bf28c136ce4288a80?s=96&d=mm&r=g","caption":"Isabella Tombinski-robb"},"url":"https:\/\/www.treatwell.at/treatment-files\/author\/isabellatombinskirobb\/"}]}},"featured_image_src":"https:\/\/www.treatwell.at/treatment-files\/wp-content\/uploads\/sites\/2\/2022\/03\/WhatsApp-Image-2019-09-23-at-12.42.32-600x400.jpeg","featured_image_src_square":"https:\/\/www.treatwell.at/treatment-files\/wp-content\/uploads\/sites\/2\/2022\/03\/WhatsApp-Image-2019-09-23-at-12.42.32-600x600.jpeg","author_info":{"display_name":"Isabella Tombinski-robb","author_link":"https:\/\/www.treatwell.at/treatment-files\/author\/isabellatombinskirobb\/"},"_links":{"self":[{"href":"https:\/\/www.treatwell.at\/treatment-files\/wp-json\/wp\/v2\/posts\/15338","targetHints":{"allow":["GET"]}}],"collection":[{"href":"https:\/\/www.treatwell.at\/treatment-files\/wp-json\/wp\/v2\/posts"}],"about":[{"href":"https:\/\/www.treatwell.at\/treatment-files\/wp-json\/wp\/v2\/types\/post"}],"author":[{"embeddable":true,"href":"https:\/\/www.treatwell.at\/treatment-files\/wp-json\/wp\/v2\/users\/3318"}],"replies":[{"embeddable":true,"href":"https:\/\/www.treatwell.at\/treatment-files\/wp-json\/wp\/v2\/comments?post=15338"}],"version-history":[{"count":0,"href":"https:\/\/www.treatwell.at\/treatment-files\/wp-json\/wp\/v2\/posts\/15338\/revisions"}],"wp:featuredmedia":[{"embeddable":true,"href":"https:\/\/www.treatwell.at\/treatment-files\/wp-json\/wp\/v2\/media\/15345"}],"wp:attachment":[{"href":"https:\/\/www.treatwell.at\/treatment-files\/wp-json\/wp\/v2\/media?parent=15338"}],"wp:term":[{"taxonomy":"category","embeddable":true,"href":"https:\/\/www.treatwell.at\/treatment-files\/wp-json\/wp\/v2\/categories?post=15338"},{"taxonomy":"post_tag","embeddable":true,"href":"https:\/\/www.treatwell.at\/treatment-files\/wp-json\/wp\/v2\/tags?post=15338"}],"curies":[{"name":"wp","href":"https:\/\/api.w.org\/{rel}","templated":true}]}}