{"id":15762,"date":"2020-02-28T10:00:22","date_gmt":"2020-02-28T09:00:22","guid":{"rendered":"http:\/\/www.treatwell.at\/treatment-files\/?p=16629"},"modified":"2026-01-18T14:29:27","modified_gmt":"2026-01-18T13:29:27","slug":"billie-eilishs-reversed-balayage-rockt-die-pariser-fashion-week","status":"publish","type":"post","link":"https:\/\/www.treatwell.at/treatment-files\/billie-eilishs-reversed-balayage-rockt-die-pariser-fashion-week\/","title":{"rendered":"Billie Eilishs Reversed Balayage rockt die Pariser Fashion Week"},"content":{"rendered":"<p style=\"text-align: justify\"><span style=\"font-weight: 400\">Wenn es eine Person geschafft hat, Tag ein Tag aus in den Nachrichten zu landen, dann ist es wohl Billie Eilish. Die junge S\u00e4ngerin \u00fcberrascht uns immer wieder mit ihrem avantgardistischen Aussehen. Musik und Outfits sind aber l\u00e4ngst nicht ihre einzigen Ausdrucksmittel: Billie ist ein absoluter Fan von Farben. Nun landete sie mit der Kombination aus Neongr\u00fcn und Schwarz auf dem roten Teppich der Oscars und schl\u00e4gt damit ein wie ein Komet.<br \/>\n<\/span><span style=\"font-weight: 400\">Wir dachten, dieses au\u00dfergew\u00f6hnliche Farbspiel sei selten tragbar, doch da haben wir die Rechnung wohl ohne die Pariser Fashion Week gemacht!\u00a0<\/span><span style=\"font-weight: 400\">Der Designer Dries Van Noten pr\u00e4sentierte seine Kollektion \u2013 irgendwo zwischen Glamour und Extravaganz. Inspiration holte sich Van Noten aus der Londoner sowie Hollywood-Szene der 1930er Jahre. So gab es auf dem Laufsteg einen wilden Mix aus Neon und schwarz gef\u00e4rbter M\u00e4hne. Der rockige und futuristische Look \u2013 ein Werk des Friseurs Sam McKnight \u2013 wurde mit Federn kreiert: Reversed Balayage at its best.<br \/>\n<\/span><span style=\"font-weight: 400\">Wenn du also Bock auf was richtig Gewagtes hast, geben wir dir heute die n\u00f6tige Inspiration!<\/span><\/p>\n<p><span style=\"font-weight: 400\">Von Maja Dieckhoff\u00a0<\/span><\/p>\n<div class=\"schema-faq wp-block-yoast-faq-block\">\n<div class=\"schema-faq-section\" id=\"faq-question-1768742361572\">\n<h3 class=\"schema-faq-question\">Welche Haarfarben fallen bei Billie Eilish besonders auf?<\/h3>\n<p class=\"schema-faq-answer\">Billie Eilish setzt auf Neongr\u00fcn in Kombination mit Schwarz. Diese auff\u00e4llige Farbkombination verleiht jedem Auftritt einen extravaganten Charakter und bringt Farbe sowie Individualit\u00e4t in den Look.<\/div>\n<div class=\"schema-faq-section\" id=\"faq-question-1768742361573\">\n<h3 class=\"schema-faq-question\">Was zeichnet den Look von Dries Van Noten bei der Fashion Week aus?<\/h3>\n<p class=\"schema-faq-answer\">Dries Van Noten kombiniert Glamour und Extravaganz mit Inspiration aus den 1930er Jahren. Neonakzente und schwarz gef\u00e4rbte M\u00e4hnen pr\u00e4gen den Laufsteg, dazu setzen ausgefallene Styles wie Reversed Balayage mit Federn Akzente.<\/div>\n<div class=\"schema-faq-section\" id=\"faq-question-1768742361574\">\n<h3 class=\"schema-faq-question\">Welche Haartrends eignen sich, wenn du etwas Gewagtes ausprobieren willst?<\/h3>\n<p class=\"schema-faq-answer\">Neonfarben und auff\u00e4llige Farbkombinationen wie Neongr\u00fcn mit Schwarz eignen sich besonders, wenn du Lust auf etwas Unkonventionelles hast. Erg\u00e4nzt mit au\u00dfergew\u00f6hnlichen Techniken wie Reversed Balayage wirkst du sofort modern und mutig.<\/div>\n<div class=\"schema-faq-section\" id=\"faq-question-1768742361575\">\n<h3 class=\"schema-faq-question\">Woher stammt die Inspiration f\u00fcr die Farbkombinationen auf dem Laufsteg?<\/h3>\n<p class=\"schema-faq-answer\">Die Inspiration kommt aus der Londoner und Hollywood-Szene der 1930er Jahre. Diese Kombination sorgt f\u00fcr einen rockigen und futuristischen Auftritt, der auf Modeevents wie der Pariser Fashion Week begeistert.<\/div>\n<\/p><\/div>\n","protected":false},"excerpt":{"rendered":"<p>Wenn es eine Person geschafft hat, Tag ein Tag aus in den Nachrichten zu landen, dann ist es wohl Billie Eilish. Die junge S\u00e4ngerin \u00fcberrascht uns immer wieder mit ihrem avantgardistischen Aussehen. Musik und Outfits sind aber l\u00e4ngst nicht ihre einzigen Ausdrucksmittel: Billie ist ein absoluter Fan von Farben. Nun landete sie mit der Kombination [&hellip;]<\/p>\n","protected":false},"author":1,"featured_media":15777,"comment_status":"closed","ping_status":"closed","sticky":false,"template":"","format":"standard","meta":{"_acf_changed":false,"_yoast_wpseo_title":"Billie Eilishs Reversed Balayage rockt die Pariser Fashion Week - Treatwell","_yoast_wpseo_metadesc":"Billie ist ein absoluter Fan von Farben. Nun landete sie mit Neongr\u00fcn und Schwarz auf dem Teppich der Oscars und schl\u00e4gt damit ein wie ein Komet.","_genesis_hide_title":false,"_genesis_hide_breadcrumbs":false,"_genesis_hide_singular_image":false,"_genesis_hide_footer_widgets":false,"_genesis_custom_body_class":"","_genesis_custom_post_class":"","_genesis_layout":"","saswp_custom_schema_field":"{\"@context\":\"https:\/\/schema.org\",\"@type\":\"FAQPage\",\"mainEntity\":[{\"@type\":\"Question\",\"name\":\"Welche Haarfarben fallen bei Billie Eilish besonders auf?\",\"acceptedAnswer\":{\"@type\":\"Answer\",\"text\":\"Billie Eilish setzt auf Neongr\u00fcn in Kombination mit Schwarz. Diese auff\u00e4llige Farbkombination verleiht jedem Auftritt einen extravaganten Charakter und bringt Farbe sowie Individualit\u00e4t in den Look.\"}},{\"@type\":\"Question\",\"name\":\"Was zeichnet den Look von Dries Van Noten bei der Fashion Week aus?\",\"acceptedAnswer\":{\"@type\":\"Answer\",\"text\":\"Dries Van Noten kombiniert Glamour und Extravaganz mit Inspiration aus den 1930er Jahren. Neonakzente und schwarz gef\u00e4rbte M\u00e4hnen pr\u00e4gen den Laufsteg, dazu setzen ausgefallene Styles wie Reversed Balayage mit Federn Akzente.\"}},{\"@type\":\"Question\",\"name\":\"Welche Haartrends eignen sich, wenn du etwas Gewagtes ausprobieren willst?\",\"acceptedAnswer\":{\"@type\":\"Answer\",\"text\":\"Neonfarben und auff\u00e4llige Farbkombinationen wie Neongr\u00fcn mit Schwarz eignen sich besonders, wenn du Lust auf etwas Unkonventionelles hast. Erg\u00e4nzt mit au\u00dfergew\u00f6hnlichen Techniken wie Reversed Balayage wirkst du sofort modern und mutig.\"}},{\"@type\":\"Question\",\"name\":\"Woher stammt die Inspiration f\u00fcr die Farbkombinationen auf dem Laufsteg?\",\"acceptedAnswer\":{\"@type\":\"Answer\",\"text\":\"Die Inspiration kommt aus der Londoner und Hollywood-Szene der 1930er Jahre. Diese Kombination sorgt f\u00fcr einen rockigen und futuristischen Auftritt, der auf Modeevents wie der Pariser Fashion Week begeistert.\"}}]}","footnotes":""},"categories":[2],"tags":[4],"class_list":{"0":"post-15762","1":"post","2":"type-post","3":"status-publish","4":"format-standard","5":"has-post-thumbnail","7":"category-trends","8":"tag-tr273","9":"entry"},"acf":{"post_credits":"Bildrechte: JM Enternational\/Shutterstock, Instagram @billie_x_ari_angels @carfuscohaircolors @followerinfashion @graham_s_fraser @hairby_jane @haircolorwiz @hoshiyuta @lemonde21 @manifestomedia @stebrusk @tombhair @wazaiii @wherearethefreshavocadoes","beauty_blog_post_button_title":"","beauty_blog_post_button":"","landscape_picture":15776,"blocks":[{"block_title":"","block_content":"","video_content":"","block_picture":15763},{"block_title":"","block_content":"","video_content":"","block_picture":15764},{"block_title":"","block_content":"","video_content":"","block_picture":15765},{"block_title":"","block_content":"","video_content":"","block_picture":15766},{"block_title":"","block_content":"","video_content":"","block_picture":15767},{"block_title":"","block_content":"","video_content":"","block_picture":15768},{"block_title":"","block_content":"","video_content":"","block_picture":15769},{"block_title":"","block_content":"","video_content":"","block_picture":15770},{"block_title":"","block_content":"","video_content":"","block_picture":15771},{"block_title":"","block_content":"","video_content":"","block_picture":15772},{"block_title":"","block_content":"","video_content":"","block_picture":15773},{"block_title":"","block_content":"","video_content":"","block_picture":15774},{"block_title":"","block_content":"","video_content":"","block_picture":15775}]},"yoast_head":"<!-- This site is optimized with the Yoast SEO plugin v27.5 - https:\/\/yoast.com\/product\/yoast-seo-wordpress\/ -->\n<title>Billie Eilishs Reversed Balayage rockt die Pariser Fashion Week - Treatwell<\/title>\n<meta name=\"description\" content=\"Billie ist ein absoluter Fan von Farben. Nun landete sie mit Neongr\u00fcn und Schwarz auf dem Teppich der Oscars und schl\u00e4gt damit ein wie ein Komet.\" \/>\n<meta name=\"robots\" content=\"index, follow, max-snippet:-1, max-image-preview:large, max-video-preview:-1\" \/>\n<link rel=\"canonical\" href=\"https:\/\/www.treatwell.at/treatment-files\/billie-eilishs-reversed-balayage-rockt-die-pariser-fashion-week\/\" \/>\n<meta property=\"og:locale\" content=\"de_DE\" \/>\n<meta property=\"og:type\" content=\"article\" \/>\n<meta property=\"og:title\" content=\"Billie Eilishs Reversed Balayage rockt die Pariser Fashion Week - Treatwell\" \/>\n<meta property=\"og:description\" content=\"Billie ist ein absoluter Fan von Farben. Nun landete sie mit Neongr\u00fcn und Schwarz auf dem Teppich der Oscars und schl\u00e4gt damit ein wie ein Komet.\" \/>\n<meta property=\"og:url\" content=\"https:\/\/www.treatwell.at/treatment-files\/billie-eilishs-reversed-balayage-rockt-die-pariser-fashion-week\/\" \/>\n<meta property=\"og:site_name\" content=\"The Treatment Files Blog\" \/>\n<meta property=\"article:published_time\" content=\"2020-02-28T09:00:22+00:00\" \/>\n<meta property=\"article:modified_time\" content=\"2026-01-18T13:29:27+00:00\" \/>\n<meta property=\"og:image\" content=\"https:\/\/www.treatwell.at/treatment-files\/wp-content\/uploads\/sites\/2\/2022\/03\/Billie-Eilish_FEATURED.jpg\" \/>\n\t<meta property=\"og:image:width\" content=\"628\" \/>\n\t<meta property=\"og:image:height\" content=\"628\" \/>\n\t<meta property=\"og:image:type\" content=\"image\/jpeg\" \/>\n<meta name=\"author\" content=\"martech_user\" \/>\n<meta name=\"twitter:card\" content=\"summary_large_image\" \/>\n<meta name=\"twitter:label1\" content=\"Verfasst von\" \/>\n\t<meta name=\"twitter:data1\" content=\"martech_user\" \/>\n\t<meta name=\"twitter:label2\" content=\"Gesch\u00e4tzte Lesezeit\" \/>\n\t<meta name=\"twitter:data2\" content=\"2 Minuten\" \/>\n<script type=\"application\/ld+json\" class=\"yoast-schema-graph\">{\"@context\":\"https:\\\/\\\/schema.org\",\"@graph\":[{\"@type\":\"Article\",\"@id\":\"https:\\\/\\\/www.treatwell.at/treatment-files\\\/billie-eilishs-reversed-balayage-rockt-die-pariser-fashion-week\\\/#article\",\"isPartOf\":{\"@id\":\"https:\\\/\\\/www.treatwell.at/treatment-files\\\/billie-eilishs-reversed-balayage-rockt-die-pariser-fashion-week\\\/\"},\"author\":{\"name\":\"martech_user\",\"@id\":\"https:\\\/\\\/www.treatwell.at/treatment-files\\\/#\\\/schema\\\/person\\\/03f6822a355441f173e9ac30c26bbea7\"},\"headline\":\"Billie Eilishs Reversed Balayage rockt die Pariser Fashion Week\",\"datePublished\":\"2020-02-28T09:00:22+00:00\",\"dateModified\":\"2026-01-18T13:29:27+00:00\",\"mainEntityOfPage\":{\"@id\":\"https:\\\/\\\/www.treatwell.at/treatment-files\\\/billie-eilishs-reversed-balayage-rockt-die-pariser-fashion-week\\\/\"},\"wordCount\":363,\"publisher\":{\"@id\":\"https:\\\/\\\/www.treatwell.at/treatment-files\\\/#organization\"},\"image\":{\"@id\":\"https:\\\/\\\/www.treatwell.at/treatment-files\\\/billie-eilishs-reversed-balayage-rockt-die-pariser-fashion-week\\\/#primaryimage\"},\"thumbnailUrl\":\"https:\\\/\\\/www.treatwell.at/treatment-files\\\/wp-content\\\/uploads\\\/sites\\\/2\\\/2022\\\/03\\\/Billie-Eilish_FEATURED.jpg\",\"keywords\":[\"Hair Colouring and Highlights\"],\"articleSection\":[\"Trends\"],\"inLanguage\":\"de-AT\"},{\"@type\":\"WebPage\",\"@id\":\"https:\\\/\\\/www.treatwell.at/treatment-files\\\/billie-eilishs-reversed-balayage-rockt-die-pariser-fashion-week\\\/\",\"url\":\"https:\\\/\\\/www.treatwell.at/treatment-files\\\/billie-eilishs-reversed-balayage-rockt-die-pariser-fashion-week\\\/\",\"name\":\"Billie Eilishs Reversed Balayage rockt die Pariser Fashion Week - Treatwell\",\"isPartOf\":{\"@id\":\"https:\\\/\\\/www.treatwell.at/treatment-files\\\/#website\"},\"primaryImageOfPage\":{\"@id\":\"https:\\\/\\\/www.treatwell.at/treatment-files\\\/billie-eilishs-reversed-balayage-rockt-die-pariser-fashion-week\\\/#primaryimage\"},\"image\":{\"@id\":\"https:\\\/\\\/www.treatwell.at/treatment-files\\\/billie-eilishs-reversed-balayage-rockt-die-pariser-fashion-week\\\/#primaryimage\"},\"thumbnailUrl\":\"https:\\\/\\\/www.treatwell.at/treatment-files\\\/wp-content\\\/uploads\\\/sites\\\/2\\\/2022\\\/03\\\/Billie-Eilish_FEATURED.jpg\",\"datePublished\":\"2020-02-28T09:00:22+00:00\",\"dateModified\":\"2026-01-18T13:29:27+00:00\",\"description\":\"Billie ist ein absoluter Fan von Farben. Nun landete sie mit Neongr\u00fcn und Schwarz auf dem Teppich der Oscars und schl\u00e4gt damit ein wie ein Komet.\",\"breadcrumb\":{\"@id\":\"https:\\\/\\\/www.treatwell.at/treatment-files\\\/billie-eilishs-reversed-balayage-rockt-die-pariser-fashion-week\\\/#breadcrumb\"},\"inLanguage\":\"de-AT\",\"potentialAction\":[{\"@type\":\"ReadAction\",\"target\":[\"https:\\\/\\\/www.treatwell.at/treatment-files\\\/billie-eilishs-reversed-balayage-rockt-die-pariser-fashion-week\\\/\"]}]},{\"@type\":\"ImageObject\",\"inLanguage\":\"de-AT\",\"@id\":\"https:\\\/\\\/www.treatwell.at/treatment-files\\\/billie-eilishs-reversed-balayage-rockt-die-pariser-fashion-week\\\/#primaryimage\",\"url\":\"https:\\\/\\\/www.treatwell.at/treatment-files\\\/wp-content\\\/uploads\\\/sites\\\/2\\\/2022\\\/03\\\/Billie-Eilish_FEATURED.jpg\",\"contentUrl\":\"https:\\\/\\\/www.treatwell.at/treatment-files\\\/wp-content\\\/uploads\\\/sites\\\/2\\\/2022\\\/03\\\/Billie-Eilish_FEATURED.jpg\",\"width\":628,\"height\":628},{\"@type\":\"BreadcrumbList\",\"@id\":\"https:\\\/\\\/www.treatwell.at/treatment-files\\\/billie-eilishs-reversed-balayage-rockt-die-pariser-fashion-week\\\/#breadcrumb\",\"itemListElement\":[{\"@type\":\"ListItem\",\"position\":1,\"name\":\"Home\",\"item\":\"https:\\\/\\\/www.treatwell.at/treatment-files\\\/\"},{\"@type\":\"ListItem\",\"position\":2,\"name\":\"Trends\",\"item\":\"https:\\\/\\\/www.treatwell.at/treatment-files\\\/trends\\\/\"},{\"@type\":\"ListItem\",\"position\":3,\"name\":\"Billie Eilishs Reversed Balayage rockt die Pariser Fashion Week\"}]},{\"@type\":\"WebSite\",\"@id\":\"https:\\\/\\\/www.treatwell.at/treatment-files\\\/#website\",\"url\":\"https:\\\/\\\/www.treatwell.at/treatment-files\\\/\",\"name\":\"The Treatment Files Blog\",\"description\":\"Beauty entdecken. Beauty erleben.\",\"publisher\":{\"@id\":\"https:\\\/\\\/www.treatwell.at/treatment-files\\\/#organization\"},\"potentialAction\":[{\"@type\":\"SearchAction\",\"target\":{\"@type\":\"EntryPoint\",\"urlTemplate\":\"https:\\\/\\\/www.treatwell.at/treatment-files\\\/?s={search_term_string}\"},\"query-input\":{\"@type\":\"PropertyValueSpecification\",\"valueRequired\":true,\"valueName\":\"search_term_string\"}}],\"inLanguage\":\"de-AT\"},{\"@type\":\"Organization\",\"@id\":\"https:\\\/\\\/www.treatwell.at/treatment-files\\\/#organization\",\"name\":\"Treatwell\",\"url\":\"https:\\\/\\\/www.treatwell.at/treatment-files\\\/\",\"logo\":{\"@type\":\"ImageObject\",\"inLanguage\":\"de-AT\",\"@id\":\"https:\\\/\\\/www.treatwell.at/treatment-files\\\/#\\\/schema\\\/logo\\\/image\\\/\",\"url\":\"https:\\\/\\\/www.treatwell.at/treatment-files\\\/wp-content\\\/uploads\\\/sites\\\/2\\\/2022\\\/03\\\/logo_treatwell.png\",\"contentUrl\":\"https:\\\/\\\/www.treatwell.at/treatment-files\\\/wp-content\\\/uploads\\\/sites\\\/2\\\/2022\\\/03\\\/logo_treatwell.png\",\"width\":889,\"height\":164,\"caption\":\"Treatwell\"},\"image\":{\"@id\":\"https:\\\/\\\/www.treatwell.at/treatment-files\\\/#\\\/schema\\\/logo\\\/image\\\/\"}},{\"@type\":\"Person\",\"@id\":\"https:\\\/\\\/www.treatwell.at/treatment-files\\\/#\\\/schema\\\/person\\\/03f6822a355441f173e9ac30c26bbea7\",\"name\":\"martech_user\",\"image\":{\"@type\":\"ImageObject\",\"inLanguage\":\"de-AT\",\"@id\":\"https:\\\/\\\/secure.gravatar.com\\\/avatar\\\/00b8ce6de4dcf1f674424c913e6ca2f7e80538f56ac2b7d005b1c32397ae5920?s=96&d=mm&r=g\",\"url\":\"https:\\\/\\\/secure.gravatar.com\\\/avatar\\\/00b8ce6de4dcf1f674424c913e6ca2f7e80538f56ac2b7d005b1c32397ae5920?s=96&d=mm&r=g\",\"contentUrl\":\"https:\\\/\\\/secure.gravatar.com\\\/avatar\\\/00b8ce6de4dcf1f674424c913e6ca2f7e80538f56ac2b7d005b1c32397ae5920?s=96&d=mm&r=g\",\"caption\":\"martech_user\"},\"url\":\"https:\\\/\\\/www.treatwell.at/treatment-files\\\/author\\\/paolo\\\/\"}]}<\/script>\n<!-- \/ Yoast SEO plugin. -->","yoast_head_json":{"title":"Billie Eilishs Reversed Balayage rockt die Pariser Fashion Week - Treatwell","description":"Billie ist ein absoluter Fan von Farben. Nun landete sie mit Neongr\u00fcn und Schwarz auf dem Teppich der Oscars und schl\u00e4gt damit ein wie ein Komet.","robots":{"index":"index","follow":"follow","max-snippet":"max-snippet:-1","max-image-preview":"max-image-preview:large","max-video-preview":"max-video-preview:-1"},"canonical":"https:\/\/www.treatwell.at/treatment-files\/billie-eilishs-reversed-balayage-rockt-die-pariser-fashion-week\/","og_locale":"de_DE","og_type":"article","og_title":"Billie Eilishs Reversed Balayage rockt die Pariser Fashion Week - Treatwell","og_description":"Billie ist ein absoluter Fan von Farben. Nun landete sie mit Neongr\u00fcn und Schwarz auf dem Teppich der Oscars und schl\u00e4gt damit ein wie ein Komet.","og_url":"https:\/\/www.treatwell.at/treatment-files\/billie-eilishs-reversed-balayage-rockt-die-pariser-fashion-week\/","og_site_name":"The Treatment Files Blog","article_published_time":"2020-02-28T09:00:22+00:00","article_modified_time":"2026-01-18T13:29:27+00:00","og_image":[{"width":628,"height":628,"url":"https:\/\/www.treatwell.at/treatment-files\/wp-content\/uploads\/sites\/2\/2022\/03\/Billie-Eilish_FEATURED.jpg","type":"image\/jpeg"}],"author":"martech_user","twitter_card":"summary_large_image","twitter_misc":{"Verfasst von":"martech_user","Gesch\u00e4tzte Lesezeit":"2 Minuten"},"schema":{"@context":"https:\/\/schema.org","@graph":[{"@type":"Article","@id":"https:\/\/www.treatwell.at/treatment-files\/billie-eilishs-reversed-balayage-rockt-die-pariser-fashion-week\/#article","isPartOf":{"@id":"https:\/\/www.treatwell.at/treatment-files\/billie-eilishs-reversed-balayage-rockt-die-pariser-fashion-week\/"},"author":{"name":"martech_user","@id":"https:\/\/www.treatwell.at/treatment-files\/#\/schema\/person\/03f6822a355441f173e9ac30c26bbea7"},"headline":"Billie Eilishs Reversed Balayage rockt die Pariser Fashion Week","datePublished":"2020-02-28T09:00:22+00:00","dateModified":"2026-01-18T13:29:27+00:00","mainEntityOfPage":{"@id":"https:\/\/www.treatwell.at/treatment-files\/billie-eilishs-reversed-balayage-rockt-die-pariser-fashion-week\/"},"wordCount":363,"publisher":{"@id":"https:\/\/www.treatwell.at/treatment-files\/#organization"},"image":{"@id":"https:\/\/www.treatwell.at/treatment-files\/billie-eilishs-reversed-balayage-rockt-die-pariser-fashion-week\/#primaryimage"},"thumbnailUrl":"https:\/\/www.treatwell.at/treatment-files\/wp-content\/uploads\/sites\/2\/2022\/03\/Billie-Eilish_FEATURED.jpg","keywords":["Hair Colouring and Highlights"],"articleSection":["Trends"],"inLanguage":"de-AT"},{"@type":"WebPage","@id":"https:\/\/www.treatwell.at/treatment-files\/billie-eilishs-reversed-balayage-rockt-die-pariser-fashion-week\/","url":"https:\/\/www.treatwell.at/treatment-files\/billie-eilishs-reversed-balayage-rockt-die-pariser-fashion-week\/","name":"Billie Eilishs Reversed Balayage rockt die Pariser Fashion Week - Treatwell","isPartOf":{"@id":"https:\/\/www.treatwell.at/treatment-files\/#website"},"primaryImageOfPage":{"@id":"https:\/\/www.treatwell.at/treatment-files\/billie-eilishs-reversed-balayage-rockt-die-pariser-fashion-week\/#primaryimage"},"image":{"@id":"https:\/\/www.treatwell.at/treatment-files\/billie-eilishs-reversed-balayage-rockt-die-pariser-fashion-week\/#primaryimage"},"thumbnailUrl":"https:\/\/www.treatwell.at/treatment-files\/wp-content\/uploads\/sites\/2\/2022\/03\/Billie-Eilish_FEATURED.jpg","datePublished":"2020-02-28T09:00:22+00:00","dateModified":"2026-01-18T13:29:27+00:00","description":"Billie ist ein absoluter Fan von Farben. Nun landete sie mit Neongr\u00fcn und Schwarz auf dem Teppich der Oscars und schl\u00e4gt damit ein wie ein Komet.","breadcrumb":{"@id":"https:\/\/www.treatwell.at/treatment-files\/billie-eilishs-reversed-balayage-rockt-die-pariser-fashion-week\/#breadcrumb"},"inLanguage":"de-AT","potentialAction":[{"@type":"ReadAction","target":["https:\/\/www.treatwell.at/treatment-files\/billie-eilishs-reversed-balayage-rockt-die-pariser-fashion-week\/"]}]},{"@type":"ImageObject","inLanguage":"de-AT","@id":"https:\/\/www.treatwell.at/treatment-files\/billie-eilishs-reversed-balayage-rockt-die-pariser-fashion-week\/#primaryimage","url":"https:\/\/www.treatwell.at/treatment-files\/wp-content\/uploads\/sites\/2\/2022\/03\/Billie-Eilish_FEATURED.jpg","contentUrl":"https:\/\/www.treatwell.at/treatment-files\/wp-content\/uploads\/sites\/2\/2022\/03\/Billie-Eilish_FEATURED.jpg","width":628,"height":628},{"@type":"BreadcrumbList","@id":"https:\/\/www.treatwell.at/treatment-files\/billie-eilishs-reversed-balayage-rockt-die-pariser-fashion-week\/#breadcrumb","itemListElement":[{"@type":"ListItem","position":1,"name":"Home","item":"https:\/\/www.treatwell.at/treatment-files\/"},{"@type":"ListItem","position":2,"name":"Trends","item":"https:\/\/www.treatwell.at/treatment-files\/trends\/"},{"@type":"ListItem","position":3,"name":"Billie Eilishs Reversed Balayage rockt die Pariser Fashion Week"}]},{"@type":"WebSite","@id":"https:\/\/www.treatwell.at/treatment-files\/#website","url":"https:\/\/www.treatwell.at/treatment-files\/","name":"The Treatment Files Blog","description":"Beauty entdecken. Beauty erleben.","publisher":{"@id":"https:\/\/www.treatwell.at/treatment-files\/#organization"},"potentialAction":[{"@type":"SearchAction","target":{"@type":"EntryPoint","urlTemplate":"https:\/\/www.treatwell.at/treatment-files\/?s={search_term_string}"},"query-input":{"@type":"PropertyValueSpecification","valueRequired":true,"valueName":"search_term_string"}}],"inLanguage":"de-AT"},{"@type":"Organization","@id":"https:\/\/www.treatwell.at/treatment-files\/#organization","name":"Treatwell","url":"https:\/\/www.treatwell.at/treatment-files\/","logo":{"@type":"ImageObject","inLanguage":"de-AT","@id":"https:\/\/www.treatwell.at/treatment-files\/#\/schema\/logo\/image\/","url":"https:\/\/www.treatwell.at/treatment-files\/wp-content\/uploads\/sites\/2\/2022\/03\/logo_treatwell.png","contentUrl":"https:\/\/www.treatwell.at/treatment-files\/wp-content\/uploads\/sites\/2\/2022\/03\/logo_treatwell.png","width":889,"height":164,"caption":"Treatwell"},"image":{"@id":"https:\/\/www.treatwell.at/treatment-files\/#\/schema\/logo\/image\/"}},{"@type":"Person","@id":"https:\/\/www.treatwell.at/treatment-files\/#\/schema\/person\/03f6822a355441f173e9ac30c26bbea7","name":"martech_user","image":{"@type":"ImageObject","inLanguage":"de-AT","@id":"https:\/\/secure.gravatar.com\/avatar\/00b8ce6de4dcf1f674424c913e6ca2f7e80538f56ac2b7d005b1c32397ae5920?s=96&d=mm&r=g","url":"https:\/\/secure.gravatar.com\/avatar\/00b8ce6de4dcf1f674424c913e6ca2f7e80538f56ac2b7d005b1c32397ae5920?s=96&d=mm&r=g","contentUrl":"https:\/\/secure.gravatar.com\/avatar\/00b8ce6de4dcf1f674424c913e6ca2f7e80538f56ac2b7d005b1c32397ae5920?s=96&d=mm&r=g","caption":"martech_user"},"url":"https:\/\/www.treatwell.at/treatment-files\/author\/paolo\/"}]}},"featured_image_src":"https:\/\/www.treatwell.at/treatment-files\/wp-content\/uploads\/sites\/2\/2022\/03\/Billie-Eilish_FEATURED-600x400.jpg","featured_image_src_square":"https:\/\/www.treatwell.at/treatment-files\/wp-content\/uploads\/sites\/2\/2022\/03\/Billie-Eilish_FEATURED-600x600.jpg","author_info":{"display_name":"martech_user","author_link":"https:\/\/www.treatwell.at/treatment-files\/author\/paolo\/"},"_links":{"self":[{"href":"https:\/\/www.treatwell.at\/treatment-files\/wp-json\/wp\/v2\/posts\/15762","targetHints":{"allow":["GET"]}}],"collection":[{"href":"https:\/\/www.treatwell.at\/treatment-files\/wp-json\/wp\/v2\/posts"}],"about":[{"href":"https:\/\/www.treatwell.at\/treatment-files\/wp-json\/wp\/v2\/types\/post"}],"author":[{"embeddable":true,"href":"https:\/\/www.treatwell.at\/treatment-files\/wp-json\/wp\/v2\/users\/1"}],"replies":[{"embeddable":true,"href":"https:\/\/www.treatwell.at\/treatment-files\/wp-json\/wp\/v2\/comments?post=15762"}],"version-history":[{"count":0,"href":"https:\/\/www.treatwell.at\/treatment-files\/wp-json\/wp\/v2\/posts\/15762\/revisions"}],"wp:featuredmedia":[{"embeddable":true,"href":"https:\/\/www.treatwell.at\/treatment-files\/wp-json\/wp\/v2\/media\/15777"}],"wp:attachment":[{"href":"https:\/\/www.treatwell.at\/treatment-files\/wp-json\/wp\/v2\/media?parent=15762"}],"wp:term":[{"taxonomy":"category","embeddable":true,"href":"https:\/\/www.treatwell.at\/treatment-files\/wp-json\/wp\/v2\/categories?post=15762"},{"taxonomy":"post_tag","embeddable":true,"href":"https:\/\/www.treatwell.at\/treatment-files\/wp-json\/wp\/v2\/tags?post=15762"}],"curies":[{"name":"wp","href":"https:\/\/api.w.org\/{rel}","templated":true}]}}