{"id":16204,"date":"2020-05-28T11:54:40","date_gmt":"2020-05-28T09:54:40","guid":{"rendered":"http:\/\/www.treatwell.at\/treatment-files\/?p=17619"},"modified":"2026-01-18T14:30:00","modified_gmt":"2026-01-18T13:30:00","slug":"warum-wir-face-framing-highlights-diesen-sommer-so-lieben","status":"publish","type":"post","link":"https:\/\/www.treatwell.at/treatment-files\/warum-wir-face-framing-highlights-diesen-sommer-so-lieben\/","title":{"rendered":"Warum wir Face Framing Highlights diesen Sommer so lieben"},"content":{"rendered":"<p style=\"text-align: justify\"><span style=\"font-weight: 400\">Wir haben zwar nicht noch einen Grund gebraucht, um einen <a href=\"https:\/\/www.treatwell.at\/orte\/behandlung-damen-coloration\/angebot-typ-lokal\/in-at\/\">Friseurtermin zu buchen<\/a>, aber jetzt wissen wir wenigstens genau, was wir wollen. Der beste Hair Color Trend dieses Sommers sind wohl die Face Framing Highlights! Dein Gesicht \u2013 wie der Name schon erahnen l\u00e4sst \u2013 wird mit den Highlights wundersch\u00f6n umrahmt. Und <a href=\"https:\/\/www.instagram.com\/p\/B_aXwvxHCUu\/\">Kylie Jenner machts vor<\/a>!<\/span><\/p>\n<p style=\"text-align: justify\"><span style=\"font-weight: 400\">Bei dieser Art von Highlights wird die vordere Haarpartie heller gef\u00e4rbt, sodass dein Gesicht in Szene gesetzt wird. So entsteht auch die Illusion von helleren Haaren, obwohl nur einzelne Str\u00e4hnen gef\u00e4rbt werden \u2013 weniger Stress f\u00fcr deine Haare und weniger Aufwand f\u00fcr dich. Der Style erinnert etwas an den <\/span><span style=\"font-weight: 400\">zweifarbigen Spice Girls Trend<\/span><span style=\"font-weight: 400\"> der 90er, ist aber deutlich dezenter und kann genau nach deinen W\u00fcnschen personalisiert werden. Der Look kann sehr nat\u00fcrlich wirken oder auf einen st\u00e4rkeren Kontrast abzielen, je nachdem welche T\u00f6ne du w\u00e4hlst, wie viele Str\u00e4hnen du setzen l\u00e4sst und wie breit sie letztendlich sind.\u00a0<\/span><\/p>\n<p style=\"text-align: justify\"><span style=\"font-weight: 400\">Und das Beste daran? Wenn dein Ansatz im Lockdown herausgewachsen ist und dich das st\u00e4ndige F\u00e4rben nervt, dann sind die Face Framing Highlights eine gute M\u00f6glichkeit, deine Haare etwas unkomplizierter als sonst heller wirken zu lassen.<\/span><\/p>\n<p>Von Maja Dieckhoff<\/p>\n<div class=\"schema-faq wp-block-yoast-faq-block\">\n<div class=\"schema-faq-section\" id=\"faq-question-1768742187349\">\n<h3 class=\"schema-faq-question\">Was verbirgt sich hinter Face Framing Highlights?<\/h3>\n<p class=\"schema-faq-answer\">Face Framing Highlights umranden dein Gesicht mit gezielten, aufgehellten Str\u00e4hnen an der vorderen Haarpartie. So wirkt dein Gesicht sofort frischer und einzelne Str\u00e4hnen sorgen f\u00fcr die Illusion von insgesamt hellerem Haar.<\/div>\n<div class=\"schema-faq-section\" id=\"faq-question-1768742187350\">\n<h3 class=\"schema-faq-question\">Wie wirken Face Framing Highlights auf das Haar?<\/h3>\n<p class=\"schema-faq-answer\">Dein Haar wirkt durch Face Framing Highlights heller, obwohl nur ausgew\u00e4hlte Str\u00e4hnen gef\u00e4rbt werden. Diese Methode schont die Haarstruktur und sorgt f\u00fcr weniger Pflegeaufwand.<\/div>\n<div class=\"schema-faq-section\" id=\"faq-question-1768742187351\">\n<h3 class=\"schema-faq-question\">F\u00fcr wen eignen sich Face Framing Highlights besonders?<\/h3>\n<p class=\"schema-faq-answer\">Alle, die einen dezenten oder auff\u00e4lligen Look w\u00fcnschen, profitieren von dieser Technik. Die Highlights kannst du ganz individuell anpassen \u2013 von sehr nat\u00fcrlichen Nuancen bis zu starken Kontrasten.<\/div>\n<div class=\"schema-faq-section\" id=\"faq-question-1768742187352\">\n<h3 class=\"schema-faq-question\">Was unterscheidet Face Framing Highlights vom 90er-Trend?<\/h3>\n<p class=\"schema-faq-answer\">Face Framing Highlights erinnern zwar an den auff\u00e4lligen zweifarbigen Trend der 90er, wirken jedoch viel dezenter. Du kannst die Breite, Anzahl und Farbton der Str\u00e4hnen flexibel bestimmen und auf deinen Stil abstimmen.<\/div>\n<div class=\"schema-faq-section\" id=\"faq-question-1768742187353\">\n<h3 class=\"schema-faq-question\">Wie hilfreich sind Face Framing Highlights beim Herauswachsen des Ansatzes?<\/h3>\n<p class=\"schema-faq-answer\">Wenn dein Ansatz herausgewachsen ist, wirken Face Framing Highlights besonders praktisch. Du musst seltener nachf\u00e4rben, da nur die vorderen Str\u00e4hnen betont werden und dein Look unkompliziert bleibt.<\/div>\n<\/p><\/div>\n","protected":false},"excerpt":{"rendered":"<p>Wir haben zwar nicht noch einen Grund gebraucht, um einen Friseurtermin zu buchen, aber jetzt wissen wir wenigstens genau, was wir wollen. Der beste Hair Color Trend dieses Sommers sind wohl die Face Framing Highlights! Dein Gesicht \u2013 wie der Name schon erahnen l\u00e4sst \u2013 wird mit den Highlights wundersch\u00f6n umrahmt. Und Kylie Jenner machts [&hellip;]<\/p>\n","protected":false},"author":1,"featured_media":16224,"comment_status":"closed","ping_status":"closed","sticky":false,"template":"","format":"standard","meta":{"_acf_changed":false,"_yoast_wpseo_title":"Warum wir Face Framing Highlights diesen Sommer so lieben - Treatwell","_yoast_wpseo_metadesc":"Der beste Hair Color Trend dieses Sommers sind wohl die Face Framing Highlights! Ein m\u00f6glicher Ansatz wird kaschiert und dein Gesicht wundersch\u00f6n umrahmt.","_genesis_hide_title":false,"_genesis_hide_breadcrumbs":false,"_genesis_hide_singular_image":false,"_genesis_hide_footer_widgets":false,"_genesis_custom_body_class":"","_genesis_custom_post_class":"","_genesis_layout":"","saswp_custom_schema_field":"{\"@context\":\"https:\/\/schema.org\",\"@type\":\"FAQPage\",\"mainEntity\":[{\"@type\":\"Question\",\"name\":\"Was verbirgt sich hinter Face Framing Highlights?\",\"acceptedAnswer\":{\"@type\":\"Answer\",\"text\":\"Face Framing Highlights umranden dein Gesicht mit gezielten, aufgehellten Str\u00e4hnen an der vorderen Haarpartie. So wirkt dein Gesicht sofort frischer und einzelne Str\u00e4hnen sorgen f\u00fcr die Illusion von insgesamt hellerem Haar.\"}},{\"@type\":\"Question\",\"name\":\"Wie wirken Face Framing Highlights auf das Haar?\",\"acceptedAnswer\":{\"@type\":\"Answer\",\"text\":\"Dein Haar wirkt durch Face Framing Highlights heller, obwohl nur ausgew\u00e4hlte Str\u00e4hnen gef\u00e4rbt werden. Diese Methode schont die Haarstruktur und sorgt f\u00fcr weniger Pflegeaufwand.\"}},{\"@type\":\"Question\",\"name\":\"F\u00fcr wen eignen sich Face Framing Highlights besonders?\",\"acceptedAnswer\":{\"@type\":\"Answer\",\"text\":\"Alle, die einen dezenten oder auff\u00e4lligen Look w\u00fcnschen, profitieren von dieser Technik. Die Highlights kannst du ganz individuell anpassen \u2013 von sehr nat\u00fcrlichen Nuancen bis zu starken Kontrasten.\"}},{\"@type\":\"Question\",\"name\":\"Was unterscheidet Face Framing Highlights vom 90er-Trend?\",\"acceptedAnswer\":{\"@type\":\"Answer\",\"text\":\"Face Framing Highlights erinnern zwar an den auff\u00e4lligen zweifarbigen Trend der 90er, wirken jedoch viel dezenter. Du kannst die Breite, Anzahl und Farbton der Str\u00e4hnen flexibel bestimmen und auf deinen Stil abstimmen.\"}},{\"@type\":\"Question\",\"name\":\"Wie hilfreich sind Face Framing Highlights beim Herauswachsen des Ansatzes?\",\"acceptedAnswer\":{\"@type\":\"Answer\",\"text\":\"Wenn dein Ansatz herausgewachsen ist, wirken Face Framing Highlights besonders praktisch. Du musst seltener nachf\u00e4rben, da nur die vorderen Str\u00e4hnen betont werden und dein Look unkompliziert bleibt.\"}}]}","footnotes":""},"categories":[2],"tags":[45,4],"class_list":{"0":"post-16204","1":"post","2":"type-post","3":"status-publish","4":"format-standard","5":"has-post-thumbnail","7":"category-trends","8":"tag-tr714","9":"tag-tr273","10":"entry"},"acf":{"post_credits":"Bildrechte: Shutterstock, @untamedhairco, @sophieharrisonhair12, @ryousuke_nomura, @rocaverde, @paigehammy, @marcdanielsalon, @hiddenminx, @hairbycassiebond, @hair_love_by_lynsey, @hair_is_life, @elizaanneboyd, @el.remedio, @cobellasalon, @brandirosehair, @bestyle_salon, @_aaron.michaels","beauty_blog_post_button_title":"","beauty_blog_post_button":"","landscape_picture":16223,"blocks":[{"block_title":"","block_content":"","video_content":"","block_picture":16205},{"block_title":"","block_content":"","video_content":"","block_picture":16206},{"block_title":"","block_content":"","video_content":"","block_picture":16207},{"block_title":"","block_content":"","video_content":"","block_picture":16208},{"block_title":"","block_content":"","video_content":"","block_picture":16209},{"block_title":"","block_content":"","video_content":"","block_picture":16210},{"block_title":"","block_content":"","video_content":"","block_picture":16211},{"block_title":"","block_content":"","video_content":"","block_picture":16212},{"block_title":"","block_content":"","video_content":"","block_picture":16213},{"block_title":"","block_content":"","video_content":"","block_picture":16214},{"block_title":"","block_content":"","video_content":"","block_picture":16215},{"block_title":"","block_content":"","video_content":"","block_picture":16216},{"block_title":"","block_content":"","video_content":"","block_picture":16217},{"block_title":"","block_content":"","video_content":"","block_picture":16218},{"block_title":"","block_content":"","video_content":"","block_picture":16219},{"block_title":"","block_content":"","video_content":"","block_picture":16220},{"block_title":"","block_content":"","video_content":"","block_picture":16221},{"block_title":"","block_content":"","video_content":"","block_picture":16222}]},"yoast_head":"<!-- This site is optimized with the Yoast SEO plugin v27.4 - https:\/\/yoast.com\/product\/yoast-seo-wordpress\/ -->\n<title>Warum wir Face Framing Highlights diesen Sommer so lieben - Treatwell<\/title>\n<meta name=\"description\" content=\"Der beste Hair Color Trend dieses Sommers sind wohl die Face Framing Highlights! Ein m\u00f6glicher Ansatz wird kaschiert und dein Gesicht wundersch\u00f6n umrahmt.\" \/>\n<meta name=\"robots\" content=\"index, follow, max-snippet:-1, max-image-preview:large, max-video-preview:-1\" \/>\n<link rel=\"canonical\" href=\"https:\/\/www.treatwell.at/treatment-files\/warum-wir-face-framing-highlights-diesen-sommer-so-lieben\/\" \/>\n<meta property=\"og:locale\" content=\"de_DE\" \/>\n<meta property=\"og:type\" content=\"article\" \/>\n<meta property=\"og:title\" content=\"Warum wir Face Framing Highlights diesen Sommer so lieben - Treatwell\" \/>\n<meta property=\"og:description\" content=\"Der beste Hair Color Trend dieses Sommers sind wohl die Face Framing Highlights! Ein m\u00f6glicher Ansatz wird kaschiert und dein Gesicht wundersch\u00f6n umrahmt.\" \/>\n<meta property=\"og:url\" content=\"https:\/\/www.treatwell.at/treatment-files\/warum-wir-face-framing-highlights-diesen-sommer-so-lieben\/\" \/>\n<meta property=\"og:site_name\" content=\"The Treatment Files Blog\" \/>\n<meta property=\"article:published_time\" content=\"2020-05-28T09:54:40+00:00\" \/>\n<meta property=\"article:modified_time\" content=\"2026-01-18T13:30:00+00:00\" \/>\n<meta property=\"og:image\" content=\"https:\/\/www.treatwell.at/treatment-files\/wp-content\/uploads\/sites\/2\/2022\/03\/Face-Framing-Highlights_FEATURED.jpg\" \/>\n\t<meta property=\"og:image:width\" content=\"628\" \/>\n\t<meta property=\"og:image:height\" content=\"628\" \/>\n\t<meta property=\"og:image:type\" content=\"image\/jpeg\" \/>\n<meta name=\"author\" content=\"martech_user\" \/>\n<meta name=\"twitter:card\" content=\"summary_large_image\" \/>\n<meta name=\"twitter:label1\" content=\"Verfasst von\" \/>\n\t<meta name=\"twitter:data1\" content=\"martech_user\" \/>\n\t<meta name=\"twitter:label2\" content=\"Gesch\u00e4tzte Lesezeit\" \/>\n\t<meta name=\"twitter:data2\" content=\"2 Minuten\" \/>\n<script type=\"application\/ld+json\" class=\"yoast-schema-graph\">{\"@context\":\"https:\\\/\\\/schema.org\",\"@graph\":[{\"@type\":\"Article\",\"@id\":\"https:\\\/\\\/www.treatwell.at/treatment-files\\\/warum-wir-face-framing-highlights-diesen-sommer-so-lieben\\\/#article\",\"isPartOf\":{\"@id\":\"https:\\\/\\\/www.treatwell.at/treatment-files\\\/warum-wir-face-framing-highlights-diesen-sommer-so-lieben\\\/\"},\"author\":{\"name\":\"martech_user\",\"@id\":\"https:\\\/\\\/www.treatwell.at/treatment-files\\\/#\\\/schema\\\/person\\\/03f6822a355441f173e9ac30c26bbea7\"},\"headline\":\"Warum wir Face Framing Highlights diesen Sommer so lieben\",\"datePublished\":\"2020-05-28T09:54:40+00:00\",\"dateModified\":\"2026-01-18T13:30:00+00:00\",\"mainEntityOfPage\":{\"@id\":\"https:\\\/\\\/www.treatwell.at/treatment-files\\\/warum-wir-face-framing-highlights-diesen-sommer-so-lieben\\\/\"},\"wordCount\":411,\"publisher\":{\"@id\":\"https:\\\/\\\/www.treatwell.at/treatment-files\\\/#organization\"},\"image\":{\"@id\":\"https:\\\/\\\/www.treatwell.at/treatment-files\\\/warum-wir-face-framing-highlights-diesen-sommer-so-lieben\\\/#primaryimage\"},\"thumbnailUrl\":\"https:\\\/\\\/www.treatwell.at/treatment-files\\\/wp-content\\\/uploads\\\/sites\\\/2\\\/2022\\\/03\\\/Face-Framing-Highlights_FEATURED.jpg\",\"keywords\":[\"Balayage\",\"Hair Colouring and Highlights\"],\"articleSection\":[\"Trends\"],\"inLanguage\":\"de-AT\"},{\"@type\":\"WebPage\",\"@id\":\"https:\\\/\\\/www.treatwell.at/treatment-files\\\/warum-wir-face-framing-highlights-diesen-sommer-so-lieben\\\/\",\"url\":\"https:\\\/\\\/www.treatwell.at/treatment-files\\\/warum-wir-face-framing-highlights-diesen-sommer-so-lieben\\\/\",\"name\":\"Warum wir Face Framing Highlights diesen Sommer so lieben - Treatwell\",\"isPartOf\":{\"@id\":\"https:\\\/\\\/www.treatwell.at/treatment-files\\\/#website\"},\"primaryImageOfPage\":{\"@id\":\"https:\\\/\\\/www.treatwell.at/treatment-files\\\/warum-wir-face-framing-highlights-diesen-sommer-so-lieben\\\/#primaryimage\"},\"image\":{\"@id\":\"https:\\\/\\\/www.treatwell.at/treatment-files\\\/warum-wir-face-framing-highlights-diesen-sommer-so-lieben\\\/#primaryimage\"},\"thumbnailUrl\":\"https:\\\/\\\/www.treatwell.at/treatment-files\\\/wp-content\\\/uploads\\\/sites\\\/2\\\/2022\\\/03\\\/Face-Framing-Highlights_FEATURED.jpg\",\"datePublished\":\"2020-05-28T09:54:40+00:00\",\"dateModified\":\"2026-01-18T13:30:00+00:00\",\"description\":\"Der beste Hair Color Trend dieses Sommers sind wohl die Face Framing Highlights! Ein m\u00f6glicher Ansatz wird kaschiert und dein Gesicht wundersch\u00f6n umrahmt.\",\"breadcrumb\":{\"@id\":\"https:\\\/\\\/www.treatwell.at/treatment-files\\\/warum-wir-face-framing-highlights-diesen-sommer-so-lieben\\\/#breadcrumb\"},\"inLanguage\":\"de-AT\",\"potentialAction\":[{\"@type\":\"ReadAction\",\"target\":[\"https:\\\/\\\/www.treatwell.at/treatment-files\\\/warum-wir-face-framing-highlights-diesen-sommer-so-lieben\\\/\"]}]},{\"@type\":\"ImageObject\",\"inLanguage\":\"de-AT\",\"@id\":\"https:\\\/\\\/www.treatwell.at/treatment-files\\\/warum-wir-face-framing-highlights-diesen-sommer-so-lieben\\\/#primaryimage\",\"url\":\"https:\\\/\\\/www.treatwell.at/treatment-files\\\/wp-content\\\/uploads\\\/sites\\\/2\\\/2022\\\/03\\\/Face-Framing-Highlights_FEATURED.jpg\",\"contentUrl\":\"https:\\\/\\\/www.treatwell.at/treatment-files\\\/wp-content\\\/uploads\\\/sites\\\/2\\\/2022\\\/03\\\/Face-Framing-Highlights_FEATURED.jpg\",\"width\":628,\"height\":628},{\"@type\":\"BreadcrumbList\",\"@id\":\"https:\\\/\\\/www.treatwell.at/treatment-files\\\/warum-wir-face-framing-highlights-diesen-sommer-so-lieben\\\/#breadcrumb\",\"itemListElement\":[{\"@type\":\"ListItem\",\"position\":1,\"name\":\"Home\",\"item\":\"https:\\\/\\\/www.treatwell.at/treatment-files\\\/\"},{\"@type\":\"ListItem\",\"position\":2,\"name\":\"Trends\",\"item\":\"https:\\\/\\\/www.treatwell.at/treatment-files\\\/trends\\\/\"},{\"@type\":\"ListItem\",\"position\":3,\"name\":\"Warum wir Face Framing Highlights diesen Sommer so lieben\"}]},{\"@type\":\"WebSite\",\"@id\":\"https:\\\/\\\/www.treatwell.at/treatment-files\\\/#website\",\"url\":\"https:\\\/\\\/www.treatwell.at/treatment-files\\\/\",\"name\":\"The Treatment Files Blog\",\"description\":\"Beauty entdecken. Beauty erleben.\",\"publisher\":{\"@id\":\"https:\\\/\\\/www.treatwell.at/treatment-files\\\/#organization\"},\"potentialAction\":[{\"@type\":\"SearchAction\",\"target\":{\"@type\":\"EntryPoint\",\"urlTemplate\":\"https:\\\/\\\/www.treatwell.at/treatment-files\\\/?s={search_term_string}\"},\"query-input\":{\"@type\":\"PropertyValueSpecification\",\"valueRequired\":true,\"valueName\":\"search_term_string\"}}],\"inLanguage\":\"de-AT\"},{\"@type\":\"Organization\",\"@id\":\"https:\\\/\\\/www.treatwell.at/treatment-files\\\/#organization\",\"name\":\"Treatwell\",\"url\":\"https:\\\/\\\/www.treatwell.at/treatment-files\\\/\",\"logo\":{\"@type\":\"ImageObject\",\"inLanguage\":\"de-AT\",\"@id\":\"https:\\\/\\\/www.treatwell.at/treatment-files\\\/#\\\/schema\\\/logo\\\/image\\\/\",\"url\":\"https:\\\/\\\/www.treatwell.at/treatment-files\\\/wp-content\\\/uploads\\\/sites\\\/2\\\/2022\\\/03\\\/logo_treatwell.png\",\"contentUrl\":\"https:\\\/\\\/www.treatwell.at/treatment-files\\\/wp-content\\\/uploads\\\/sites\\\/2\\\/2022\\\/03\\\/logo_treatwell.png\",\"width\":889,\"height\":164,\"caption\":\"Treatwell\"},\"image\":{\"@id\":\"https:\\\/\\\/www.treatwell.at/treatment-files\\\/#\\\/schema\\\/logo\\\/image\\\/\"}},{\"@type\":\"Person\",\"@id\":\"https:\\\/\\\/www.treatwell.at/treatment-files\\\/#\\\/schema\\\/person\\\/03f6822a355441f173e9ac30c26bbea7\",\"name\":\"martech_user\",\"image\":{\"@type\":\"ImageObject\",\"inLanguage\":\"de-AT\",\"@id\":\"https:\\\/\\\/secure.gravatar.com\\\/avatar\\\/00b8ce6de4dcf1f674424c913e6ca2f7e80538f56ac2b7d005b1c32397ae5920?s=96&d=mm&r=g\",\"url\":\"https:\\\/\\\/secure.gravatar.com\\\/avatar\\\/00b8ce6de4dcf1f674424c913e6ca2f7e80538f56ac2b7d005b1c32397ae5920?s=96&d=mm&r=g\",\"contentUrl\":\"https:\\\/\\\/secure.gravatar.com\\\/avatar\\\/00b8ce6de4dcf1f674424c913e6ca2f7e80538f56ac2b7d005b1c32397ae5920?s=96&d=mm&r=g\",\"caption\":\"martech_user\"},\"url\":\"https:\\\/\\\/www.treatwell.at/treatment-files\\\/author\\\/paolo\\\/\"}]}<\/script>\n<!-- \/ Yoast SEO plugin. -->","yoast_head_json":{"title":"Warum wir Face Framing Highlights diesen Sommer so lieben - Treatwell","description":"Der beste Hair Color Trend dieses Sommers sind wohl die Face Framing Highlights! Ein m\u00f6glicher Ansatz wird kaschiert und dein Gesicht wundersch\u00f6n umrahmt.","robots":{"index":"index","follow":"follow","max-snippet":"max-snippet:-1","max-image-preview":"max-image-preview:large","max-video-preview":"max-video-preview:-1"},"canonical":"https:\/\/www.treatwell.at/treatment-files\/warum-wir-face-framing-highlights-diesen-sommer-so-lieben\/","og_locale":"de_DE","og_type":"article","og_title":"Warum wir Face Framing Highlights diesen Sommer so lieben - Treatwell","og_description":"Der beste Hair Color Trend dieses Sommers sind wohl die Face Framing Highlights! Ein m\u00f6glicher Ansatz wird kaschiert und dein Gesicht wundersch\u00f6n umrahmt.","og_url":"https:\/\/www.treatwell.at/treatment-files\/warum-wir-face-framing-highlights-diesen-sommer-so-lieben\/","og_site_name":"The Treatment Files Blog","article_published_time":"2020-05-28T09:54:40+00:00","article_modified_time":"2026-01-18T13:30:00+00:00","og_image":[{"width":628,"height":628,"url":"https:\/\/www.treatwell.at/treatment-files\/wp-content\/uploads\/sites\/2\/2022\/03\/Face-Framing-Highlights_FEATURED.jpg","type":"image\/jpeg"}],"author":"martech_user","twitter_card":"summary_large_image","twitter_misc":{"Verfasst von":"martech_user","Gesch\u00e4tzte Lesezeit":"2 Minuten"},"schema":{"@context":"https:\/\/schema.org","@graph":[{"@type":"Article","@id":"https:\/\/www.treatwell.at/treatment-files\/warum-wir-face-framing-highlights-diesen-sommer-so-lieben\/#article","isPartOf":{"@id":"https:\/\/www.treatwell.at/treatment-files\/warum-wir-face-framing-highlights-diesen-sommer-so-lieben\/"},"author":{"name":"martech_user","@id":"https:\/\/www.treatwell.at/treatment-files\/#\/schema\/person\/03f6822a355441f173e9ac30c26bbea7"},"headline":"Warum wir Face Framing Highlights diesen Sommer so lieben","datePublished":"2020-05-28T09:54:40+00:00","dateModified":"2026-01-18T13:30:00+00:00","mainEntityOfPage":{"@id":"https:\/\/www.treatwell.at/treatment-files\/warum-wir-face-framing-highlights-diesen-sommer-so-lieben\/"},"wordCount":411,"publisher":{"@id":"https:\/\/www.treatwell.at/treatment-files\/#organization"},"image":{"@id":"https:\/\/www.treatwell.at/treatment-files\/warum-wir-face-framing-highlights-diesen-sommer-so-lieben\/#primaryimage"},"thumbnailUrl":"https:\/\/www.treatwell.at/treatment-files\/wp-content\/uploads\/sites\/2\/2022\/03\/Face-Framing-Highlights_FEATURED.jpg","keywords":["Balayage","Hair Colouring and Highlights"],"articleSection":["Trends"],"inLanguage":"de-AT"},{"@type":"WebPage","@id":"https:\/\/www.treatwell.at/treatment-files\/warum-wir-face-framing-highlights-diesen-sommer-so-lieben\/","url":"https:\/\/www.treatwell.at/treatment-files\/warum-wir-face-framing-highlights-diesen-sommer-so-lieben\/","name":"Warum wir Face Framing Highlights diesen Sommer so lieben - Treatwell","isPartOf":{"@id":"https:\/\/www.treatwell.at/treatment-files\/#website"},"primaryImageOfPage":{"@id":"https:\/\/www.treatwell.at/treatment-files\/warum-wir-face-framing-highlights-diesen-sommer-so-lieben\/#primaryimage"},"image":{"@id":"https:\/\/www.treatwell.at/treatment-files\/warum-wir-face-framing-highlights-diesen-sommer-so-lieben\/#primaryimage"},"thumbnailUrl":"https:\/\/www.treatwell.at/treatment-files\/wp-content\/uploads\/sites\/2\/2022\/03\/Face-Framing-Highlights_FEATURED.jpg","datePublished":"2020-05-28T09:54:40+00:00","dateModified":"2026-01-18T13:30:00+00:00","description":"Der beste Hair Color Trend dieses Sommers sind wohl die Face Framing Highlights! Ein m\u00f6glicher Ansatz wird kaschiert und dein Gesicht wundersch\u00f6n umrahmt.","breadcrumb":{"@id":"https:\/\/www.treatwell.at/treatment-files\/warum-wir-face-framing-highlights-diesen-sommer-so-lieben\/#breadcrumb"},"inLanguage":"de-AT","potentialAction":[{"@type":"ReadAction","target":["https:\/\/www.treatwell.at/treatment-files\/warum-wir-face-framing-highlights-diesen-sommer-so-lieben\/"]}]},{"@type":"ImageObject","inLanguage":"de-AT","@id":"https:\/\/www.treatwell.at/treatment-files\/warum-wir-face-framing-highlights-diesen-sommer-so-lieben\/#primaryimage","url":"https:\/\/www.treatwell.at/treatment-files\/wp-content\/uploads\/sites\/2\/2022\/03\/Face-Framing-Highlights_FEATURED.jpg","contentUrl":"https:\/\/www.treatwell.at/treatment-files\/wp-content\/uploads\/sites\/2\/2022\/03\/Face-Framing-Highlights_FEATURED.jpg","width":628,"height":628},{"@type":"BreadcrumbList","@id":"https:\/\/www.treatwell.at/treatment-files\/warum-wir-face-framing-highlights-diesen-sommer-so-lieben\/#breadcrumb","itemListElement":[{"@type":"ListItem","position":1,"name":"Home","item":"https:\/\/www.treatwell.at/treatment-files\/"},{"@type":"ListItem","position":2,"name":"Trends","item":"https:\/\/www.treatwell.at/treatment-files\/trends\/"},{"@type":"ListItem","position":3,"name":"Warum wir Face Framing Highlights diesen Sommer so lieben"}]},{"@type":"WebSite","@id":"https:\/\/www.treatwell.at/treatment-files\/#website","url":"https:\/\/www.treatwell.at/treatment-files\/","name":"The Treatment Files Blog","description":"Beauty entdecken. Beauty erleben.","publisher":{"@id":"https:\/\/www.treatwell.at/treatment-files\/#organization"},"potentialAction":[{"@type":"SearchAction","target":{"@type":"EntryPoint","urlTemplate":"https:\/\/www.treatwell.at/treatment-files\/?s={search_term_string}"},"query-input":{"@type":"PropertyValueSpecification","valueRequired":true,"valueName":"search_term_string"}}],"inLanguage":"de-AT"},{"@type":"Organization","@id":"https:\/\/www.treatwell.at/treatment-files\/#organization","name":"Treatwell","url":"https:\/\/www.treatwell.at/treatment-files\/","logo":{"@type":"ImageObject","inLanguage":"de-AT","@id":"https:\/\/www.treatwell.at/treatment-files\/#\/schema\/logo\/image\/","url":"https:\/\/www.treatwell.at/treatment-files\/wp-content\/uploads\/sites\/2\/2022\/03\/logo_treatwell.png","contentUrl":"https:\/\/www.treatwell.at/treatment-files\/wp-content\/uploads\/sites\/2\/2022\/03\/logo_treatwell.png","width":889,"height":164,"caption":"Treatwell"},"image":{"@id":"https:\/\/www.treatwell.at/treatment-files\/#\/schema\/logo\/image\/"}},{"@type":"Person","@id":"https:\/\/www.treatwell.at/treatment-files\/#\/schema\/person\/03f6822a355441f173e9ac30c26bbea7","name":"martech_user","image":{"@type":"ImageObject","inLanguage":"de-AT","@id":"https:\/\/secure.gravatar.com\/avatar\/00b8ce6de4dcf1f674424c913e6ca2f7e80538f56ac2b7d005b1c32397ae5920?s=96&d=mm&r=g","url":"https:\/\/secure.gravatar.com\/avatar\/00b8ce6de4dcf1f674424c913e6ca2f7e80538f56ac2b7d005b1c32397ae5920?s=96&d=mm&r=g","contentUrl":"https:\/\/secure.gravatar.com\/avatar\/00b8ce6de4dcf1f674424c913e6ca2f7e80538f56ac2b7d005b1c32397ae5920?s=96&d=mm&r=g","caption":"martech_user"},"url":"https:\/\/www.treatwell.at/treatment-files\/author\/paolo\/"}]}},"featured_image_src":"https:\/\/www.treatwell.at/treatment-files\/wp-content\/uploads\/sites\/2\/2022\/03\/Face-Framing-Highlights_FEATURED-600x400.jpg","featured_image_src_square":"https:\/\/www.treatwell.at/treatment-files\/wp-content\/uploads\/sites\/2\/2022\/03\/Face-Framing-Highlights_FEATURED-600x600.jpg","author_info":{"display_name":"martech_user","author_link":"https:\/\/www.treatwell.at/treatment-files\/author\/paolo\/"},"_links":{"self":[{"href":"https:\/\/www.treatwell.at\/treatment-files\/wp-json\/wp\/v2\/posts\/16204","targetHints":{"allow":["GET"]}}],"collection":[{"href":"https:\/\/www.treatwell.at\/treatment-files\/wp-json\/wp\/v2\/posts"}],"about":[{"href":"https:\/\/www.treatwell.at\/treatment-files\/wp-json\/wp\/v2\/types\/post"}],"author":[{"embeddable":true,"href":"https:\/\/www.treatwell.at\/treatment-files\/wp-json\/wp\/v2\/users\/1"}],"replies":[{"embeddable":true,"href":"https:\/\/www.treatwell.at\/treatment-files\/wp-json\/wp\/v2\/comments?post=16204"}],"version-history":[{"count":0,"href":"https:\/\/www.treatwell.at\/treatment-files\/wp-json\/wp\/v2\/posts\/16204\/revisions"}],"wp:featuredmedia":[{"embeddable":true,"href":"https:\/\/www.treatwell.at\/treatment-files\/wp-json\/wp\/v2\/media\/16224"}],"wp:attachment":[{"href":"https:\/\/www.treatwell.at\/treatment-files\/wp-json\/wp\/v2\/media?parent=16204"}],"wp:term":[{"taxonomy":"category","embeddable":true,"href":"https:\/\/www.treatwell.at\/treatment-files\/wp-json\/wp\/v2\/categories?post=16204"},{"taxonomy":"post_tag","embeddable":true,"href":"https:\/\/www.treatwell.at\/treatment-files\/wp-json\/wp\/v2\/tags?post=16204"}],"curies":[{"name":"wp","href":"https:\/\/api.w.org\/{rel}","templated":true}]}}