{"id":16475,"date":"2020-07-29T08:33:10","date_gmt":"2020-07-29T06:33:10","guid":{"rendered":"http:\/\/www.treatwell.at\/treatment-files\/?p=15474"},"modified":"2026-01-18T14:30:27","modified_gmt":"2026-01-18T13:30:27","slug":"so-werden-haut-und-haar-vor-waehrend-und-nach-dem-sommerurlaub-gepflegt","status":"publish","type":"post","link":"https:\/\/www.treatwell.at/treatment-files\/so-werden-haut-und-haar-vor-waehrend-und-nach-dem-sommerurlaub-gepflegt\/","title":{"rendered":"So pflegst du Haut und Haar vor, w\u00e4hrend und nach dem Sommerurlaub"},"content":{"rendered":"<h2 style=\"text-align: justify\"><span style=\"font-weight: 400\">Haarpflege\u2026<\/span><\/h2>\n<h3 style=\"text-align: justify\"><span style=\"font-weight: 400\">\u2026vor dem Urlaub: feuchtigkeitsspendende Maske<\/span><\/h3>\n<p style=\"text-align: justify\"><span style=\"font-weight: 400\">Falls du in der Hektik ein wenig Zeit findest, ist eine feuchtigkeitsspendende Haarmaske, die du am Morgen des Flugtages auftr\u00e4gst, genau das Richtige f\u00fcr dich. Sie pflegt deine Kopfhaut und schleust die dringend ben\u00f6tigte Feuchtigkeit ein \u2013 und das bis in die Haarspitzen. Etwas Entspannung f\u00fcr dich und dein Haar, bevor du in den Urlaub startest.<\/span><\/p>\n<h3 style=\"text-align: justify\"><span style=\"font-weight: 400\">\u2026im Urlaub: Sunblocker f\u00fcr die Kopfhaut<\/span><\/h3>\n<p style=\"text-align: justify\"><span style=\"font-weight: 400\">Sonnenschutz ist einfach das A &amp; O! Vielleicht ist es dir auch schon mal passiert und du hast dir deine Kopfhaut verbrannt? Nun, der Sonnenhut allein reicht einfach nicht aus. Deine Kopfhaut und auch dein Haar ben\u00f6tigen dringend ebenfalls einen UV-Schutz, denn sonst kann deine Haarfarbe unter der Sonne ausbleichen und deine Haarstruktur stark besch\u00e4digt werden. Deshalb sind Pflegeprodukte mit einem UV-Filter wichtig. Diese gibt es sogar oft als Spray im Drogeriemarkt zu kaufen \u2013 easy Handhabung. Gegen trockene Spitzen hilft ein sattes Haar\u00f6l, das du sanft in die Spitzen einmassieren kannst.<\/span><\/p>\n<h3 style=\"text-align: justify\"><span style=\"font-weight: 400\">\u2026nach dem Urlaub: Pflege<\/span><\/h3>\n<p style=\"text-align: justify\"><span style=\"font-weight: 400\">Wer mit ausgetrocknetem Haar wieder zur\u00fcckgekehrt ist, kann sich auf eine Haarkur oder Intensivpflege konzentrieren. Spannt und juckt die Kopfhaut? Dann sind Haarwasser-Produkte wie z. B. ein Haartonic goldwert. Einfach t\u00e4glich in die Kopfhaut einmassieren. Leicht strapazierten Spitzen kannst du mit einem Haarspitzen-Fluid den Kampf ansagen. Sollten die Haarenden allerdings aussehen wie Tannenb\u00e4ume, <a href=\"https:\/\/www.treatwell.at\/orte\/behandlung-damenhaarschnitt\/angebot-typ-lokal\/in-at\/\">ist der Friseurbesuch leider unumg\u00e4nglich.<\/a><\/span><\/p>\n<h2 style=\"text-align: justify\"><span style=\"font-weight: 400\">Hautpflege\u2026<\/span><\/h2>\n<h3 style=\"text-align: justify\"><span style=\"font-weight: 400\">\u2026vor dem Urlaub: Peeling f\u00fcr Gesicht und K\u00f6rper<\/span><\/h3>\n<p style=\"text-align: justify\"><span style=\"font-weight: 400\">Dein Waxing \u2013 falls erw\u00fcnscht \u2013 hast du <\/span><a href=\"https:\/\/www.treatwell.at\/treatment-files\/beauty-timeline-so-planst-du-deine-treatments-rechtzeitig-fuer-den-urlaub\/\"><span style=\"font-weight: 400\">mithilfe der Beauty-Timeline<\/span><\/a><span style=\"font-weight: 400\"> bereits rechtzeitig eingeplant, somit musst du dich w\u00e4hrend des Urlaubs um nichts weiter mehr k\u00fcmmern. Was die Haut von Gesicht und K\u00f6rper allerdings anbelangt, kann ein gr\u00fcndliches Peeling vor dem Urlaub nicht schaden. Abgestorbene Haut wird entfernt und die Haut erscheint im Anschluss strahlend frisch und wunderbar weich. Gro\u00dfer Pluspunkt: Beim Sonnenbaden stehen so auch die Chancen besser, dass du eine gleichm\u00e4\u00dfige Br\u00e4une erh\u00e4ltst. Nach dem Peeling sollten sowohl Gesicht als auch K\u00f6rper mit reichlich Feuchtigkeitslotion gepflegt werden.\u00a0<\/span><\/p>\n<h3 style=\"text-align: justify\"><span style=\"font-weight: 400\">\u2026im Urlaub:<\/span><\/h3>\n<p style=\"text-align: justify\">Wenn du deine Kosmetiktasche f\u00fcr den Urlaub packst, empfehlen wir unbedingt, Reinigungsprodukte hineinzuschmei\u00dfen. Selbst wenn du dich im Urlaub kaum bis gar nicht schminkst, ist die morgendliche sowie abendliche Reinigung der Haut echt wichtig. Mit an Board geh\u00f6rt au\u00dferdem eine pflegende Feuchtigkeitscreme sowie eine gute Sonnenschutzcreme. Du bist dir nicht sicher, welche sich f\u00fcr dich eignet?\u00a0<a href=\"https:\/\/www.treatwell.at\/treatment-files\/mineralischer-vs-chemischer-sonnenschutz\/\"><span style=\"font-weight: 400\">Dann geht\u2019s hier entlang.<\/span><\/a><\/p>\n<h3 style=\"text-align: justify\"><span style=\"font-weight: 400\">\u2026nach dem Urlaub:<\/span><\/h3>\n<p style=\"text-align: justify\"><span style=\"font-weight: 400\">Abh\u00e4ngig vom Urlaubsziel ist die Haut durch Sonne, klimatische Ver\u00e4nderungen und Meerwasser gestresst. Die Haut tendiert dazu im Urlaub sch\u00f6ner und klarer zu sein, zuhause angekommen, verschlechtert sich das Hautbild mit der Zeit aber wieder. F\u00fcr die Anwendung im Eigenheim empfiehlt sich eine <\/span><a href=\"https:\/\/www.treatwell.at\/treatment-files\/hyaluronsaeure-der-beste-freund-des-sommers\/\"><span style=\"font-weight: 400\">intensive Kur aus Seren<\/span><\/a><span style=\"font-weight: 400\">, um die Haut mit den dringend notwendigen N\u00e4hrstoffen zu versorgen.<\/span><\/p>\n<p style=\"text-align: justify\"><em><span style=\"font-weight: 400\">Mit Treatwell kannst du Friseur, <\/span><a href=\"http:\/\/www.treatwell.at\/\"><span style=\"font-weight: 400\">Beauty und all deine Lieblingssalons online buchen<\/span><\/a><span style=\"font-weight: 400\"> \u2013 simpel, m\u00fchelos, von unterwegs.<\/span><\/em><\/p>\n<p style=\"text-align: justify\">\n<div class=\"schema-faq wp-block-yoast-faq-block\">\n<div class=\"schema-faq-section\" id=\"faq-question-1768742088210\">\n<h3 class=\"schema-faq-question\">Wie sch\u00fctzt du deine Kopfhaut im Sommerurlaub richtig?<\/h3>\n<p class=\"schema-faq-answer\">Pflegeprodukte mit UV-Filter bewahren deine Kopfhaut und das Haar vor Sonnensch\u00e4den. Ein Sonnenhut reicht nicht aus, da die Haarfarbe sonst ausbleicht und die Struktur leidet. UV-Sprays aus der Drogerie bieten praktischen Schutz und f\u00f6rdern gepflegtes Haar.<\/div>\n<div class=\"schema-faq-section\" id=\"faq-question-1768742088211\">\n<h3 class=\"schema-faq-question\">Warum solltest du vor dem Urlaub ein Peeling machen?<\/h3>\n<p class=\"schema-faq-answer\">Ein gr\u00fcndliches Peeling f\u00fcr Gesicht und K\u00f6rper entfernt abgestorbene Hautsch\u00fcppchen und sorgt f\u00fcr ein strahlend frisches Hautbild. Danach wirkt die Haut besonders weich und kann beim Sonnenbaden eine gleichm\u00e4\u00dfigere Br\u00e4une entwickeln.<\/div>\n<div class=\"schema-faq-section\" id=\"faq-question-1768742088212\">\n<h3 class=\"schema-faq-question\">Was hilft gegen trockene Haarspitzen im Urlaub?<\/h3>\n<p class=\"schema-faq-answer\">Ein hochwertiges Haar\u00f6l sch\u00fctzt und pflegt trockene Spitzen w\u00e4hrend deines Urlaubs. Massiere das \u00d6l sanft in die Spitzen ein, um geschmeidiges Haar zu bewahren und Haarbruch vorzubeugen.<\/div>\n<div class=\"schema-faq-section\" id=\"faq-question-1768742088213\">\n<h3 class=\"schema-faq-question\">Welche Pflege braucht deine Haut nach dem Urlaub?<\/h3>\n<p class=\"schema-faq-answer\">Eine intensive Kur aus Seren bringt deiner Haut nach dem Urlaub dringend ben\u00f6tigte N\u00e4hrstoffe zur\u00fcck. Sonne, Klimawechsel und Meerwasser k\u00f6nnen dein Hautbild strapazieren, mit gezielter Pflege gewinnt es seinen frischen Look zur\u00fcck.<\/div>\n<div class=\"schema-faq-section\" id=\"faq-question-1768742088214\">\n<h3 class=\"schema-faq-question\">Wann solltest du nach dem Urlaub zum Friseur gehen?<\/h3>\n<p class=\"schema-faq-answer\">Bei ausgepr\u00e4gtem Spliss, sichtbar in Tannenbaum-Struktur, f\u00fchrt kein Weg am Friseurbesuch vorbei. Ein Friseurbehandlung frischt die Haarspitzen auf und verleiht dem Haar neue Vitalit\u00e4t.<\/div>\n<\/p><\/div>\n","protected":false},"excerpt":{"rendered":"<p>Haarpflege\u2026 \u2026vor dem Urlaub: feuchtigkeitsspendende Maske Falls du in der Hektik ein wenig Zeit findest, ist eine feuchtigkeitsspendende Haarmaske, die du am Morgen des Flugtages auftr\u00e4gst, genau das Richtige f\u00fcr dich. Sie pflegt deine Kopfhaut und schleust die dringend ben\u00f6tigte Feuchtigkeit ein \u2013 und das bis in die Haarspitzen. Etwas Entspannung f\u00fcr dich und dein [&hellip;]<\/p>\n","protected":false},"author":3318,"featured_media":16477,"comment_status":"closed","ping_status":"closed","sticky":false,"template":"","format":"standard","meta":{"_acf_changed":false,"_yoast_wpseo_title":"So pflegst du Haut und Haar vor, w\u00e4hrend und nach dem Sommerurlaub - Treatwell","_yoast_wpseo_metadesc":"Wenn der August auch dein Urlaubsmonat ist, m\u00f6chten wir dir gerne ein paar Beauty-Tipps mit auf den Weg geben, um Haut und Haar richtig zu pflegen.","_genesis_hide_title":false,"_genesis_hide_breadcrumbs":false,"_genesis_hide_singular_image":false,"_genesis_hide_footer_widgets":false,"_genesis_custom_body_class":"","_genesis_custom_post_class":"","_genesis_layout":"","saswp_custom_schema_field":"{\"@context\":\"https:\/\/schema.org\",\"@type\":\"FAQPage\",\"mainEntity\":[{\"@type\":\"Question\",\"name\":\"Wie sch\u00fctzt du deine Kopfhaut im Sommerurlaub richtig?\",\"acceptedAnswer\":{\"@type\":\"Answer\",\"text\":\"Pflegeprodukte mit UV-Filter bewahren deine Kopfhaut und das Haar vor Sonnensch\u00e4den. Ein Sonnenhut reicht nicht aus, da die Haarfarbe sonst ausbleicht und die Struktur leidet. UV-Sprays aus der Drogerie bieten praktischen Schutz und f\u00f6rdern gepflegtes Haar.\"}},{\"@type\":\"Question\",\"name\":\"Warum solltest du vor dem Urlaub ein Peeling machen?\",\"acceptedAnswer\":{\"@type\":\"Answer\",\"text\":\"Ein gr\u00fcndliches Peeling f\u00fcr Gesicht und K\u00f6rper entfernt abgestorbene Hautsch\u00fcppchen und sorgt f\u00fcr ein strahlend frisches Hautbild. Danach wirkt die Haut besonders weich und kann beim Sonnenbaden eine gleichm\u00e4\u00dfigere Br\u00e4une entwickeln.\"}},{\"@type\":\"Question\",\"name\":\"Was hilft gegen trockene Haarspitzen im Urlaub?\",\"acceptedAnswer\":{\"@type\":\"Answer\",\"text\":\"Ein hochwertiges Haar\u00f6l sch\u00fctzt und pflegt trockene Spitzen w\u00e4hrend deines Urlaubs. Massiere das \u00d6l sanft in die Spitzen ein, um geschmeidiges Haar zu bewahren und Haarbruch vorzubeugen.\"}},{\"@type\":\"Question\",\"name\":\"Welche Pflege braucht deine Haut nach dem Urlaub?\",\"acceptedAnswer\":{\"@type\":\"Answer\",\"text\":\"Eine intensive Kur aus Seren bringt deiner Haut nach dem Urlaub dringend ben\u00f6tigte N\u00e4hrstoffe zur\u00fcck. Sonne, Klimawechsel und Meerwasser k\u00f6nnen dein Hautbild strapazieren, mit gezielter Pflege gewinnt es seinen frischen Look zur\u00fcck.\"}},{\"@type\":\"Question\",\"name\":\"Wann solltest du nach dem Urlaub zum Friseur gehen?\",\"acceptedAnswer\":{\"@type\":\"Answer\",\"text\":\"Bei ausgepr\u00e4gtem Spliss, sichtbar in Tannenbaum-Struktur, f\u00fchrt kein Weg am Friseurbesuch vorbei. Ein Friseurbehandlung frischt die Haarspitzen auf und verleiht dem Haar neue Vitalit\u00e4t.\"}}]}","footnotes":""},"categories":[89],"tags":[60,3,5,69],"class_list":{"0":"post-16475","1":"post","2":"type-post","3":"status-publish","4":"format-standard","5":"has-post-thumbnail","7":"category-editors-picks-long-form","8":"tag-tr253","9":"tag-tt6","10":"tag-tr166","11":"tag-tr382","12":"entry"},"acf":{"post_credits":"Bildrechte: Pixelformula\/SIPA\/Shutterstock","beauty_blog_post_button_title":"","beauty_blog_post_button":"","landscape_picture":16476,"blocks":null},"yoast_head":"<!-- This site is optimized with the Yoast SEO plugin v27.5 - https:\/\/yoast.com\/product\/yoast-seo-wordpress\/ -->\n<title>So pflegst du Haut und Haar vor, w\u00e4hrend und nach dem Sommerurlaub - Treatwell<\/title>\n<meta name=\"description\" content=\"Wenn der August auch dein Urlaubsmonat ist, m\u00f6chten wir dir gerne ein paar Beauty-Tipps mit auf den Weg geben, um Haut und Haar richtig zu pflegen.\" \/>\n<meta name=\"robots\" content=\"index, follow, max-snippet:-1, max-image-preview:large, max-video-preview:-1\" \/>\n<link rel=\"canonical\" href=\"https:\/\/www.treatwell.at/treatment-files\/so-werden-haut-und-haar-vor-waehrend-und-nach-dem-sommerurlaub-gepflegt\/\" \/>\n<meta property=\"og:locale\" content=\"de_DE\" \/>\n<meta property=\"og:type\" content=\"article\" \/>\n<meta property=\"og:title\" content=\"So pflegst du Haut und Haar vor, w\u00e4hrend und nach dem Sommerurlaub - Treatwell\" \/>\n<meta property=\"og:description\" content=\"Wenn der August auch dein Urlaubsmonat ist, m\u00f6chten wir dir gerne ein paar Beauty-Tipps mit auf den Weg geben, um Haut und Haar richtig zu pflegen.\" \/>\n<meta property=\"og:url\" content=\"https:\/\/www.treatwell.at/treatment-files\/so-werden-haut-und-haar-vor-waehrend-und-nach-dem-sommerurlaub-gepflegt\/\" \/>\n<meta property=\"og:site_name\" content=\"The Treatment Files Blog\" \/>\n<meta property=\"article:published_time\" content=\"2020-07-29T06:33:10+00:00\" \/>\n<meta property=\"article:modified_time\" content=\"2026-01-18T13:30:27+00:00\" \/>\n<meta property=\"og:image\" content=\"https:\/\/www.treatwell.at/treatment-files\/wp-content\/uploads\/sites\/2\/2022\/03\/Sommerurlaub-HERO2.png\" \/>\n\t<meta property=\"og:image:width\" content=\"500\" \/>\n\t<meta property=\"og:image:height\" content=\"500\" \/>\n\t<meta property=\"og:image:type\" content=\"image\/png\" \/>\n<meta name=\"author\" content=\"Isabella Tombinski-robb\" \/>\n<meta name=\"twitter:card\" content=\"summary_large_image\" \/>\n<meta name=\"twitter:label1\" content=\"Verfasst von\" \/>\n\t<meta name=\"twitter:data1\" content=\"Isabella Tombinski-robb\" \/>\n\t<meta name=\"twitter:label2\" content=\"Gesch\u00e4tzte Lesezeit\" \/>\n\t<meta name=\"twitter:data2\" content=\"4 Minuten\" \/>\n<script type=\"application\/ld+json\" class=\"yoast-schema-graph\">{\"@context\":\"https:\\\/\\\/schema.org\",\"@graph\":[{\"@type\":\"Article\",\"@id\":\"https:\\\/\\\/www.treatwell.at/treatment-files\\\/so-werden-haut-und-haar-vor-waehrend-und-nach-dem-sommerurlaub-gepflegt\\\/#article\",\"isPartOf\":{\"@id\":\"https:\\\/\\\/www.treatwell.at/treatment-files\\\/so-werden-haut-und-haar-vor-waehrend-und-nach-dem-sommerurlaub-gepflegt\\\/\"},\"author\":{\"name\":\"Isabella Tombinski-robb\",\"@id\":\"https:\\\/\\\/www.treatwell.at/treatment-files\\\/#\\\/schema\\\/person\\\/869d3f19bdf4203c8e6e97c64e1c3c8e\"},\"headline\":\"So pflegst du Haut und Haar vor, w\u00e4hrend und nach dem Sommerurlaub\",\"datePublished\":\"2020-07-29T06:33:10+00:00\",\"dateModified\":\"2026-01-18T13:30:27+00:00\",\"mainEntityOfPage\":{\"@id\":\"https:\\\/\\\/www.treatwell.at/treatment-files\\\/so-werden-haut-und-haar-vor-waehrend-und-nach-dem-sommerurlaub-gepflegt\\\/\"},\"wordCount\":715,\"publisher\":{\"@id\":\"https:\\\/\\\/www.treatwell.at/treatment-files\\\/#organization\"},\"image\":{\"@id\":\"https:\\\/\\\/www.treatwell.at/treatment-files\\\/so-werden-haut-und-haar-vor-waehrend-und-nach-dem-sommerurlaub-gepflegt\\\/#primaryimage\"},\"thumbnailUrl\":\"https:\\\/\\\/www.treatwell.at/treatment-files\\\/wp-content\\\/uploads\\\/sites\\\/2\\\/2022\\\/03\\\/Sommerurlaub-HERO2.png\",\"keywords\":[\"Cosmetic Skin Treatments\",\"Hair\",\"Haircuts and Hairdressing\",\"Skincare Consultation\"],\"articleSection\":[\"Editor's Picks Long-form\"],\"inLanguage\":\"de-AT\"},{\"@type\":\"WebPage\",\"@id\":\"https:\\\/\\\/www.treatwell.at/treatment-files\\\/so-werden-haut-und-haar-vor-waehrend-und-nach-dem-sommerurlaub-gepflegt\\\/\",\"url\":\"https:\\\/\\\/www.treatwell.at/treatment-files\\\/so-werden-haut-und-haar-vor-waehrend-und-nach-dem-sommerurlaub-gepflegt\\\/\",\"name\":\"So pflegst du Haut und Haar vor, w\u00e4hrend und nach dem Sommerurlaub - Treatwell\",\"isPartOf\":{\"@id\":\"https:\\\/\\\/www.treatwell.at/treatment-files\\\/#website\"},\"primaryImageOfPage\":{\"@id\":\"https:\\\/\\\/www.treatwell.at/treatment-files\\\/so-werden-haut-und-haar-vor-waehrend-und-nach-dem-sommerurlaub-gepflegt\\\/#primaryimage\"},\"image\":{\"@id\":\"https:\\\/\\\/www.treatwell.at/treatment-files\\\/so-werden-haut-und-haar-vor-waehrend-und-nach-dem-sommerurlaub-gepflegt\\\/#primaryimage\"},\"thumbnailUrl\":\"https:\\\/\\\/www.treatwell.at/treatment-files\\\/wp-content\\\/uploads\\\/sites\\\/2\\\/2022\\\/03\\\/Sommerurlaub-HERO2.png\",\"datePublished\":\"2020-07-29T06:33:10+00:00\",\"dateModified\":\"2026-01-18T13:30:27+00:00\",\"description\":\"Wenn der August auch dein Urlaubsmonat ist, m\u00f6chten wir dir gerne ein paar Beauty-Tipps mit auf den Weg geben, um Haut und Haar richtig zu pflegen.\",\"breadcrumb\":{\"@id\":\"https:\\\/\\\/www.treatwell.at/treatment-files\\\/so-werden-haut-und-haar-vor-waehrend-und-nach-dem-sommerurlaub-gepflegt\\\/#breadcrumb\"},\"inLanguage\":\"de-AT\",\"potentialAction\":[{\"@type\":\"ReadAction\",\"target\":[\"https:\\\/\\\/www.treatwell.at/treatment-files\\\/so-werden-haut-und-haar-vor-waehrend-und-nach-dem-sommerurlaub-gepflegt\\\/\"]}]},{\"@type\":\"ImageObject\",\"inLanguage\":\"de-AT\",\"@id\":\"https:\\\/\\\/www.treatwell.at/treatment-files\\\/so-werden-haut-und-haar-vor-waehrend-und-nach-dem-sommerurlaub-gepflegt\\\/#primaryimage\",\"url\":\"https:\\\/\\\/www.treatwell.at/treatment-files\\\/wp-content\\\/uploads\\\/sites\\\/2\\\/2022\\\/03\\\/Sommerurlaub-HERO2.png\",\"contentUrl\":\"https:\\\/\\\/www.treatwell.at/treatment-files\\\/wp-content\\\/uploads\\\/sites\\\/2\\\/2022\\\/03\\\/Sommerurlaub-HERO2.png\",\"width\":500,\"height\":500},{\"@type\":\"BreadcrumbList\",\"@id\":\"https:\\\/\\\/www.treatwell.at/treatment-files\\\/so-werden-haut-und-haar-vor-waehrend-und-nach-dem-sommerurlaub-gepflegt\\\/#breadcrumb\",\"itemListElement\":[{\"@type\":\"ListItem\",\"position\":1,\"name\":\"Home\",\"item\":\"https:\\\/\\\/www.treatwell.at/treatment-files\\\/\"},{\"@type\":\"ListItem\",\"position\":2,\"name\":\"Editor's Picks Long-form\",\"item\":\"https:\\\/\\\/www.treatwell.at/treatment-files\\\/editors-picks-long-form\\\/\"},{\"@type\":\"ListItem\",\"position\":3,\"name\":\"So pflegst du Haut und Haar vor, w\u00e4hrend und nach dem Sommerurlaub\"}]},{\"@type\":\"WebSite\",\"@id\":\"https:\\\/\\\/www.treatwell.at/treatment-files\\\/#website\",\"url\":\"https:\\\/\\\/www.treatwell.at/treatment-files\\\/\",\"name\":\"The Treatment Files Blog\",\"description\":\"Beauty entdecken. Beauty erleben.\",\"publisher\":{\"@id\":\"https:\\\/\\\/www.treatwell.at/treatment-files\\\/#organization\"},\"potentialAction\":[{\"@type\":\"SearchAction\",\"target\":{\"@type\":\"EntryPoint\",\"urlTemplate\":\"https:\\\/\\\/www.treatwell.at/treatment-files\\\/?s={search_term_string}\"},\"query-input\":{\"@type\":\"PropertyValueSpecification\",\"valueRequired\":true,\"valueName\":\"search_term_string\"}}],\"inLanguage\":\"de-AT\"},{\"@type\":\"Organization\",\"@id\":\"https:\\\/\\\/www.treatwell.at/treatment-files\\\/#organization\",\"name\":\"Treatwell\",\"url\":\"https:\\\/\\\/www.treatwell.at/treatment-files\\\/\",\"logo\":{\"@type\":\"ImageObject\",\"inLanguage\":\"de-AT\",\"@id\":\"https:\\\/\\\/www.treatwell.at/treatment-files\\\/#\\\/schema\\\/logo\\\/image\\\/\",\"url\":\"https:\\\/\\\/www.treatwell.at/treatment-files\\\/wp-content\\\/uploads\\\/sites\\\/2\\\/2022\\\/03\\\/logo_treatwell.png\",\"contentUrl\":\"https:\\\/\\\/www.treatwell.at/treatment-files\\\/wp-content\\\/uploads\\\/sites\\\/2\\\/2022\\\/03\\\/logo_treatwell.png\",\"width\":889,\"height\":164,\"caption\":\"Treatwell\"},\"image\":{\"@id\":\"https:\\\/\\\/www.treatwell.at/treatment-files\\\/#\\\/schema\\\/logo\\\/image\\\/\"}},{\"@type\":\"Person\",\"@id\":\"https:\\\/\\\/www.treatwell.at/treatment-files\\\/#\\\/schema\\\/person\\\/869d3f19bdf4203c8e6e97c64e1c3c8e\",\"name\":\"Isabella Tombinski-robb\",\"image\":{\"@type\":\"ImageObject\",\"inLanguage\":\"de-AT\",\"@id\":\"https:\\\/\\\/secure.gravatar.com\\\/avatar\\\/624ce3bd6151d711f02c8c31549c8390027943dc1293e17bf28c136ce4288a80?s=96&d=mm&r=g\",\"url\":\"https:\\\/\\\/secure.gravatar.com\\\/avatar\\\/624ce3bd6151d711f02c8c31549c8390027943dc1293e17bf28c136ce4288a80?s=96&d=mm&r=g\",\"contentUrl\":\"https:\\\/\\\/secure.gravatar.com\\\/avatar\\\/624ce3bd6151d711f02c8c31549c8390027943dc1293e17bf28c136ce4288a80?s=96&d=mm&r=g\",\"caption\":\"Isabella Tombinski-robb\"},\"url\":\"https:\\\/\\\/www.treatwell.at/treatment-files\\\/author\\\/isabellatombinskirobb\\\/\"}]}<\/script>\n<!-- \/ Yoast SEO plugin. -->","yoast_head_json":{"title":"So pflegst du Haut und Haar vor, w\u00e4hrend und nach dem Sommerurlaub - Treatwell","description":"Wenn der August auch dein Urlaubsmonat ist, m\u00f6chten wir dir gerne ein paar Beauty-Tipps mit auf den Weg geben, um Haut und Haar richtig zu pflegen.","robots":{"index":"index","follow":"follow","max-snippet":"max-snippet:-1","max-image-preview":"max-image-preview:large","max-video-preview":"max-video-preview:-1"},"canonical":"https:\/\/www.treatwell.at/treatment-files\/so-werden-haut-und-haar-vor-waehrend-und-nach-dem-sommerurlaub-gepflegt\/","og_locale":"de_DE","og_type":"article","og_title":"So pflegst du Haut und Haar vor, w\u00e4hrend und nach dem Sommerurlaub - Treatwell","og_description":"Wenn der August auch dein Urlaubsmonat ist, m\u00f6chten wir dir gerne ein paar Beauty-Tipps mit auf den Weg geben, um Haut und Haar richtig zu pflegen.","og_url":"https:\/\/www.treatwell.at/treatment-files\/so-werden-haut-und-haar-vor-waehrend-und-nach-dem-sommerurlaub-gepflegt\/","og_site_name":"The Treatment Files Blog","article_published_time":"2020-07-29T06:33:10+00:00","article_modified_time":"2026-01-18T13:30:27+00:00","og_image":[{"width":500,"height":500,"url":"https:\/\/www.treatwell.at/treatment-files\/wp-content\/uploads\/sites\/2\/2022\/03\/Sommerurlaub-HERO2.png","type":"image\/png"}],"author":"Isabella Tombinski-robb","twitter_card":"summary_large_image","twitter_misc":{"Verfasst von":"Isabella Tombinski-robb","Gesch\u00e4tzte Lesezeit":"4 Minuten"},"schema":{"@context":"https:\/\/schema.org","@graph":[{"@type":"Article","@id":"https:\/\/www.treatwell.at/treatment-files\/so-werden-haut-und-haar-vor-waehrend-und-nach-dem-sommerurlaub-gepflegt\/#article","isPartOf":{"@id":"https:\/\/www.treatwell.at/treatment-files\/so-werden-haut-und-haar-vor-waehrend-und-nach-dem-sommerurlaub-gepflegt\/"},"author":{"name":"Isabella Tombinski-robb","@id":"https:\/\/www.treatwell.at/treatment-files\/#\/schema\/person\/869d3f19bdf4203c8e6e97c64e1c3c8e"},"headline":"So pflegst du Haut und Haar vor, w\u00e4hrend und nach dem Sommerurlaub","datePublished":"2020-07-29T06:33:10+00:00","dateModified":"2026-01-18T13:30:27+00:00","mainEntityOfPage":{"@id":"https:\/\/www.treatwell.at/treatment-files\/so-werden-haut-und-haar-vor-waehrend-und-nach-dem-sommerurlaub-gepflegt\/"},"wordCount":715,"publisher":{"@id":"https:\/\/www.treatwell.at/treatment-files\/#organization"},"image":{"@id":"https:\/\/www.treatwell.at/treatment-files\/so-werden-haut-und-haar-vor-waehrend-und-nach-dem-sommerurlaub-gepflegt\/#primaryimage"},"thumbnailUrl":"https:\/\/www.treatwell.at/treatment-files\/wp-content\/uploads\/sites\/2\/2022\/03\/Sommerurlaub-HERO2.png","keywords":["Cosmetic Skin Treatments","Hair","Haircuts and Hairdressing","Skincare Consultation"],"articleSection":["Editor's Picks Long-form"],"inLanguage":"de-AT"},{"@type":"WebPage","@id":"https:\/\/www.treatwell.at/treatment-files\/so-werden-haut-und-haar-vor-waehrend-und-nach-dem-sommerurlaub-gepflegt\/","url":"https:\/\/www.treatwell.at/treatment-files\/so-werden-haut-und-haar-vor-waehrend-und-nach-dem-sommerurlaub-gepflegt\/","name":"So pflegst du Haut und Haar vor, w\u00e4hrend und nach dem Sommerurlaub - Treatwell","isPartOf":{"@id":"https:\/\/www.treatwell.at/treatment-files\/#website"},"primaryImageOfPage":{"@id":"https:\/\/www.treatwell.at/treatment-files\/so-werden-haut-und-haar-vor-waehrend-und-nach-dem-sommerurlaub-gepflegt\/#primaryimage"},"image":{"@id":"https:\/\/www.treatwell.at/treatment-files\/so-werden-haut-und-haar-vor-waehrend-und-nach-dem-sommerurlaub-gepflegt\/#primaryimage"},"thumbnailUrl":"https:\/\/www.treatwell.at/treatment-files\/wp-content\/uploads\/sites\/2\/2022\/03\/Sommerurlaub-HERO2.png","datePublished":"2020-07-29T06:33:10+00:00","dateModified":"2026-01-18T13:30:27+00:00","description":"Wenn der August auch dein Urlaubsmonat ist, m\u00f6chten wir dir gerne ein paar Beauty-Tipps mit auf den Weg geben, um Haut und Haar richtig zu pflegen.","breadcrumb":{"@id":"https:\/\/www.treatwell.at/treatment-files\/so-werden-haut-und-haar-vor-waehrend-und-nach-dem-sommerurlaub-gepflegt\/#breadcrumb"},"inLanguage":"de-AT","potentialAction":[{"@type":"ReadAction","target":["https:\/\/www.treatwell.at/treatment-files\/so-werden-haut-und-haar-vor-waehrend-und-nach-dem-sommerurlaub-gepflegt\/"]}]},{"@type":"ImageObject","inLanguage":"de-AT","@id":"https:\/\/www.treatwell.at/treatment-files\/so-werden-haut-und-haar-vor-waehrend-und-nach-dem-sommerurlaub-gepflegt\/#primaryimage","url":"https:\/\/www.treatwell.at/treatment-files\/wp-content\/uploads\/sites\/2\/2022\/03\/Sommerurlaub-HERO2.png","contentUrl":"https:\/\/www.treatwell.at/treatment-files\/wp-content\/uploads\/sites\/2\/2022\/03\/Sommerurlaub-HERO2.png","width":500,"height":500},{"@type":"BreadcrumbList","@id":"https:\/\/www.treatwell.at/treatment-files\/so-werden-haut-und-haar-vor-waehrend-und-nach-dem-sommerurlaub-gepflegt\/#breadcrumb","itemListElement":[{"@type":"ListItem","position":1,"name":"Home","item":"https:\/\/www.treatwell.at/treatment-files\/"},{"@type":"ListItem","position":2,"name":"Editor's Picks Long-form","item":"https:\/\/www.treatwell.at/treatment-files\/editors-picks-long-form\/"},{"@type":"ListItem","position":3,"name":"So pflegst du Haut und Haar vor, w\u00e4hrend und nach dem Sommerurlaub"}]},{"@type":"WebSite","@id":"https:\/\/www.treatwell.at/treatment-files\/#website","url":"https:\/\/www.treatwell.at/treatment-files\/","name":"The Treatment Files Blog","description":"Beauty entdecken. Beauty erleben.","publisher":{"@id":"https:\/\/www.treatwell.at/treatment-files\/#organization"},"potentialAction":[{"@type":"SearchAction","target":{"@type":"EntryPoint","urlTemplate":"https:\/\/www.treatwell.at/treatment-files\/?s={search_term_string}"},"query-input":{"@type":"PropertyValueSpecification","valueRequired":true,"valueName":"search_term_string"}}],"inLanguage":"de-AT"},{"@type":"Organization","@id":"https:\/\/www.treatwell.at/treatment-files\/#organization","name":"Treatwell","url":"https:\/\/www.treatwell.at/treatment-files\/","logo":{"@type":"ImageObject","inLanguage":"de-AT","@id":"https:\/\/www.treatwell.at/treatment-files\/#\/schema\/logo\/image\/","url":"https:\/\/www.treatwell.at/treatment-files\/wp-content\/uploads\/sites\/2\/2022\/03\/logo_treatwell.png","contentUrl":"https:\/\/www.treatwell.at/treatment-files\/wp-content\/uploads\/sites\/2\/2022\/03\/logo_treatwell.png","width":889,"height":164,"caption":"Treatwell"},"image":{"@id":"https:\/\/www.treatwell.at/treatment-files\/#\/schema\/logo\/image\/"}},{"@type":"Person","@id":"https:\/\/www.treatwell.at/treatment-files\/#\/schema\/person\/869d3f19bdf4203c8e6e97c64e1c3c8e","name":"Isabella Tombinski-robb","image":{"@type":"ImageObject","inLanguage":"de-AT","@id":"https:\/\/secure.gravatar.com\/avatar\/624ce3bd6151d711f02c8c31549c8390027943dc1293e17bf28c136ce4288a80?s=96&d=mm&r=g","url":"https:\/\/secure.gravatar.com\/avatar\/624ce3bd6151d711f02c8c31549c8390027943dc1293e17bf28c136ce4288a80?s=96&d=mm&r=g","contentUrl":"https:\/\/secure.gravatar.com\/avatar\/624ce3bd6151d711f02c8c31549c8390027943dc1293e17bf28c136ce4288a80?s=96&d=mm&r=g","caption":"Isabella Tombinski-robb"},"url":"https:\/\/www.treatwell.at/treatment-files\/author\/isabellatombinskirobb\/"}]}},"featured_image_src":"https:\/\/www.treatwell.at/treatment-files\/wp-content\/uploads\/sites\/2\/2022\/03\/Sommerurlaub-HERO2-500x400.png","featured_image_src_square":"https:\/\/www.treatwell.at/treatment-files\/wp-content\/uploads\/sites\/2\/2022\/03\/Sommerurlaub-HERO2.png","author_info":{"display_name":"Isabella Tombinski-robb","author_link":"https:\/\/www.treatwell.at/treatment-files\/author\/isabellatombinskirobb\/"},"_links":{"self":[{"href":"https:\/\/www.treatwell.at\/treatment-files\/wp-json\/wp\/v2\/posts\/16475","targetHints":{"allow":["GET"]}}],"collection":[{"href":"https:\/\/www.treatwell.at\/treatment-files\/wp-json\/wp\/v2\/posts"}],"about":[{"href":"https:\/\/www.treatwell.at\/treatment-files\/wp-json\/wp\/v2\/types\/post"}],"author":[{"embeddable":true,"href":"https:\/\/www.treatwell.at\/treatment-files\/wp-json\/wp\/v2\/users\/3318"}],"replies":[{"embeddable":true,"href":"https:\/\/www.treatwell.at\/treatment-files\/wp-json\/wp\/v2\/comments?post=16475"}],"version-history":[{"count":0,"href":"https:\/\/www.treatwell.at\/treatment-files\/wp-json\/wp\/v2\/posts\/16475\/revisions"}],"wp:featuredmedia":[{"embeddable":true,"href":"https:\/\/www.treatwell.at\/treatment-files\/wp-json\/wp\/v2\/media\/16477"}],"wp:attachment":[{"href":"https:\/\/www.treatwell.at\/treatment-files\/wp-json\/wp\/v2\/media?parent=16475"}],"wp:term":[{"taxonomy":"category","embeddable":true,"href":"https:\/\/www.treatwell.at\/treatment-files\/wp-json\/wp\/v2\/categories?post=16475"},{"taxonomy":"post_tag","embeddable":true,"href":"https:\/\/www.treatwell.at\/treatment-files\/wp-json\/wp\/v2\/tags?post=16475"}],"curies":[{"name":"wp","href":"https:\/\/api.w.org\/{rel}","templated":true}]}}