{"id":16715,"date":"2020-10-02T07:31:31","date_gmt":"2020-10-02T05:31:31","guid":{"rendered":"http:\/\/www.treatwell.at\/treatment-files\/?p=18995"},"modified":"2026-01-18T14:30:53","modified_gmt":"2026-01-18T13:30:53","slug":"die-schoensten-manikuere-trends-fuer-den-herbst-2020","status":"publish","type":"post","link":"https:\/\/www.treatwell.at/treatment-files\/die-schoensten-manikuere-trends-fuer-den-herbst-2020\/","title":{"rendered":"Die sch\u00f6nsten Manik\u00fcre-Trends f\u00fcr den Herbst 2020"},"content":{"rendered":"<p style=\"text-align: justify\"><span style=\"font-weight: 400\">Vielleicht liegt es daran, dass wir den ersten Teil des Jahres so schnell wie m\u00f6glich hinter uns lassen wollen, aber irgendwie f\u00fchlt sich der Herbstbeginn dieses Mal etwas aufregender an. Klar stehen wir alle auf den Sommer, aber ein goldener Herbst hat definitiv auch was! Und wenn bei dir jetzt direkt ein \u201cN\u00f6\u201d im Kopf aufploppt, haben wir die sch\u00f6nste Manik\u00fcre-Inspo f\u00fcr dich rausgesucht, damit du vielleicht doch noch in Herbst-Laune kommst.<\/span><\/p>\n<p style=\"text-align: justify\"><span style=\"font-weight: 400\">Im Sommer haben die <\/span><a href=\"https:\/\/www.treatwell.at\/treatment-files\/half-dipped-nails\/\"><span style=\"font-weight: 400\">Half Dipped Nails ganz Instagram<\/span><\/a><span style=\"font-weight: 400\"> okkupiert. Und der Herbst? Beh\u00e4lt den Geist der Originalit\u00e4t einfach bei: Eine Farbe reicht uns nicht mehr. Senfgelb, Oranget\u00f6ne, Rostrot, erdige Pastell- und dunkle Gr\u00fcnt\u00f6ne. Die Jahreszeit, in der die Bl\u00e4tter fallen, spiegelt sich ganz klar auf unseren N\u00e4geln wieder.\u00a0<\/span><\/p>\n<p style=\"text-align: justify\"><span style=\"font-weight: 400\">Hier also die sch\u00f6nsten Mani-Trends, die wir auftreiben konnten. Bewundern, ausw\u00e4hlen und buchen!<\/span><\/p>\n<div class=\"schema-faq wp-block-yoast-faq-block\">\n<div class=\"schema-faq-section\" id=\"faq-question-1768741987027\">\n<h3 class=\"schema-faq-question\">Welche Nagellackfarben passen besonders gut zum Herbst?<\/h3>\n<p class=\"schema-faq-answer\">Herbst zeichnet sich durch Senfgelb, Oranget\u00f6ne, Rostrot, erdige Pastellt\u00f6ne und dunkle Gr\u00fcnt\u00f6ne aus. Diese Farben spiegeln das Laub und die Atmosph\u00e4re der Saison auf deinen N\u00e4geln wider.<\/div>\n<div class=\"schema-faq-section\" id=\"faq-question-1768741987028\">\n<h3 class=\"schema-faq-question\">Was zeichnet die aktuellen Herbst-Trends bei Manik\u00fcren aus?<\/h3>\n<p class=\"schema-faq-answer\">Auff\u00e4llige Manik\u00fcren setzen im Herbst auf Vielseitigkeit und Originalit\u00e4t statt auf nur eine Farbe. Farbwechsel und ungew\u00f6hnliche Nuancen wie erdige T\u00f6ne und herbstliche Schattierungen pr\u00e4gen die aktuellen Trends.<\/div>\n<div class=\"schema-faq-section\" id=\"faq-question-1768741987029\">\n<h3 class=\"schema-faq-question\">Welche Nail-Art war im Sommer besonders beliebt?<\/h3>\n<p class=\"schema-faq-answer\">Im Sommer wirkten die Half Dipped Nails besonders angesagt und pr\u00e4gten viele Manik\u00fcren auf Social Media. Dieser Look setzt auf halb eingef\u00e4rbte N\u00e4gel, die auff\u00e4llig und modern erscheinen.<\/div>\n<div class=\"schema-faq-section\" id=\"faq-question-1768741987030\">\n<h3 class=\"schema-faq-question\">Warum lohnt sich eine neue Manik\u00fcre zum Herbstbeginn?<\/h3>\n<p class=\"schema-faq-answer\">Eine neue Manik\u00fcre bringt dich direkt in Herbst-Laune und setzt stylische Akzente. Die vielf\u00e4ltigen Farben und kreativen Designs machen deine N\u00e4gel passend zur goldenen Jahreszeit auff\u00e4llig und individuell.<\/div>\n<\/p><\/div>\n","protected":false},"excerpt":{"rendered":"<p>Vielleicht liegt es daran, dass wir den ersten Teil des Jahres so schnell wie m\u00f6glich hinter uns lassen wollen, aber irgendwie f\u00fchlt sich der Herbstbeginn dieses Mal etwas aufregender an. Klar stehen wir alle auf den Sommer, aber ein goldener Herbst hat definitiv auch was! Und wenn bei dir jetzt direkt ein \u201cN\u00f6\u201d im Kopf [&hellip;]<\/p>\n","protected":false},"author":1,"featured_media":16740,"comment_status":"closed","ping_status":"closed","sticky":false,"template":"","format":"standard","meta":{"_acf_changed":false,"_yoast_wpseo_title":"Die sch\u00f6nsten Manik\u00fcre-Trends f\u00fcr den Herbst 2020 - Treatwell","_yoast_wpseo_metadesc":"Im Sommer haben die Half Dipped Nails ganz Instagram okkupiert. Und der Geist der Originalit\u00e4t bleibt: Das sind die Manik\u00fcre-Trends f\u00fcr den Herbst 2020!","_genesis_hide_title":false,"_genesis_hide_breadcrumbs":false,"_genesis_hide_singular_image":false,"_genesis_hide_footer_widgets":false,"_genesis_custom_body_class":"","_genesis_custom_post_class":"","_genesis_layout":"","saswp_custom_schema_field":"{\"@context\":\"https:\/\/schema.org\",\"@type\":\"FAQPage\",\"mainEntity\":[{\"@type\":\"Question\",\"name\":\"Welche Nagellackfarben passen besonders gut zum Herbst?\",\"acceptedAnswer\":{\"@type\":\"Answer\",\"text\":\"Herbst zeichnet sich durch Senfgelb, Oranget\u00f6ne, Rostrot, erdige Pastellt\u00f6ne und dunkle Gr\u00fcnt\u00f6ne aus. Diese Farben spiegeln das Laub und die Atmosph\u00e4re der Saison auf deinen N\u00e4geln wider.\"}},{\"@type\":\"Question\",\"name\":\"Was zeichnet die aktuellen Herbst-Trends bei Manik\u00fcren aus?\",\"acceptedAnswer\":{\"@type\":\"Answer\",\"text\":\"Auff\u00e4llige Manik\u00fcren setzen im Herbst auf Vielseitigkeit und Originalit\u00e4t statt auf nur eine Farbe. Farbwechsel und ungew\u00f6hnliche Nuancen wie erdige T\u00f6ne und herbstliche Schattierungen pr\u00e4gen die aktuellen Trends.\"}},{\"@type\":\"Question\",\"name\":\"Welche Nail-Art war im Sommer besonders beliebt?\",\"acceptedAnswer\":{\"@type\":\"Answer\",\"text\":\"Im Sommer wirkten die Half Dipped Nails besonders angesagt und pr\u00e4gten viele Manik\u00fcren auf Social Media. Dieser Look setzt auf halb eingef\u00e4rbte N\u00e4gel, die auff\u00e4llig und modern erscheinen.\"}},{\"@type\":\"Question\",\"name\":\"Warum lohnt sich eine neue Manik\u00fcre zum Herbstbeginn?\",\"acceptedAnswer\":{\"@type\":\"Answer\",\"text\":\"Eine neue Manik\u00fcre bringt dich direkt in Herbst-Laune und setzt stylische Akzente. Die vielf\u00e4ltigen Farben und kreativen Designs machen deine N\u00e4gel passend zur goldenen Jahreszeit auff\u00e4llig und individuell.\"}}]}","footnotes":""},"categories":[2],"tags":[36,37,112,38,43],"class_list":{"0":"post-16715","1":"post","2":"type-post","3":"status-publish","4":"format-standard","5":"has-post-thumbnail","7":"category-trends","8":"tag-tr540","9":"tag-tr81","10":"tag-tr248","11":"tag-tt36","12":"tag-tr595","13":"entry"},"acf":{"post_credits":"Bildrechte: @_nailgirlshae, @amie_nail.n, @anouknailedit, @beautiful_soul_beauty, @citron_sugar, @copyandpastels, @earth_kodairanail, @harrietwestmoreland, @keonailbarofficial, @megs_nails_los, @nafsalon, @selfish_london, @thelittlebeautyroomuk","beauty_blog_post_button_title":"Hol's dir","beauty_blog_post_button":"https:\/\/www.treatwell.at\/orte\/behandlung-manikuere\/angebot-typ-lokal\/in-at\/","landscape_picture":16739,"blocks":[{"block_title":"","block_content":"","video_content":"","block_picture":16716},{"block_title":"","block_content":"","video_content":"","block_picture":16717},{"block_title":"","block_content":"","video_content":"","block_picture":16718},{"block_title":"","block_content":"","video_content":"","block_picture":16719},{"block_title":"","block_content":"","video_content":"","block_picture":16720},{"block_title":"","block_content":"","video_content":"","block_picture":16721},{"block_title":"","block_content":"","video_content":"","block_picture":16722},{"block_title":"","block_content":"","video_content":"","block_picture":16723},{"block_title":"","block_content":"","video_content":"","block_picture":16724},{"block_title":"","block_content":"","video_content":"","block_picture":16725},{"block_title":"","block_content":"","video_content":"","block_picture":16726},{"block_title":"","block_content":"","video_content":"","block_picture":16727},{"block_title":"","block_content":"","video_content":"","block_picture":16728},{"block_title":"","block_content":"","video_content":"","block_picture":16729},{"block_title":"","block_content":"","video_content":"","block_picture":16730},{"block_title":"","block_content":"","video_content":"","block_picture":16731},{"block_title":"","block_content":"","video_content":"","block_picture":16732},{"block_title":"","block_content":"","video_content":"","block_picture":16733},{"block_title":"","block_content":"","video_content":"","block_picture":16734},{"block_title":"","block_content":"","video_content":"","block_picture":16735},{"block_title":"","block_content":"","video_content":"","block_picture":16736},{"block_title":"","block_content":"","video_content":"","block_picture":16737},{"block_title":"","block_content":"","video_content":"","block_picture":16738}]},"yoast_head":"<!-- This site is optimized with the Yoast SEO plugin v27.5 - https:\/\/yoast.com\/product\/yoast-seo-wordpress\/ -->\n<title>Die sch\u00f6nsten Manik\u00fcre-Trends f\u00fcr den Herbst 2020 - Treatwell<\/title>\n<meta name=\"description\" content=\"Im Sommer haben die Half Dipped Nails ganz Instagram okkupiert. Und der Geist der Originalit\u00e4t bleibt: Das sind die Manik\u00fcre-Trends f\u00fcr den Herbst 2020!\" \/>\n<meta name=\"robots\" content=\"index, follow, max-snippet:-1, max-image-preview:large, max-video-preview:-1\" \/>\n<link rel=\"canonical\" href=\"https:\/\/www.treatwell.at/treatment-files\/die-schoensten-manikuere-trends-fuer-den-herbst-2020\/\" \/>\n<meta property=\"og:locale\" content=\"de_DE\" \/>\n<meta property=\"og:type\" content=\"article\" \/>\n<meta property=\"og:title\" content=\"Die sch\u00f6nsten Manik\u00fcre-Trends f\u00fcr den Herbst 2020 - Treatwell\" \/>\n<meta property=\"og:description\" content=\"Im Sommer haben die Half Dipped Nails ganz Instagram okkupiert. Und der Geist der Originalit\u00e4t bleibt: Das sind die Manik\u00fcre-Trends f\u00fcr den Herbst 2020!\" \/>\n<meta property=\"og:url\" content=\"https:\/\/www.treatwell.at/treatment-files\/die-schoensten-manikuere-trends-fuer-den-herbst-2020\/\" \/>\n<meta property=\"og:site_name\" content=\"The Treatment Files Blog\" \/>\n<meta property=\"article:published_time\" content=\"2020-10-02T05:31:31+00:00\" \/>\n<meta property=\"article:modified_time\" content=\"2026-01-18T13:30:53+00:00\" \/>\n<meta property=\"og:image\" content=\"https:\/\/www.treatwell.at/treatment-files\/wp-content\/uploads\/sites\/2\/2022\/03\/Maniku\u0308re-Herbst-2020_FEATURED.jpg\" \/>\n\t<meta property=\"og:image:width\" content=\"628\" \/>\n\t<meta property=\"og:image:height\" content=\"628\" \/>\n\t<meta property=\"og:image:type\" content=\"image\/jpeg\" \/>\n<meta name=\"author\" content=\"martech_user\" \/>\n<meta name=\"twitter:card\" content=\"summary_large_image\" \/>\n<meta name=\"twitter:label1\" content=\"Verfasst von\" \/>\n\t<meta name=\"twitter:data1\" content=\"martech_user\" \/>\n\t<meta name=\"twitter:label2\" content=\"Gesch\u00e4tzte Lesezeit\" \/>\n\t<meta name=\"twitter:data2\" content=\"2 Minuten\" \/>\n<script type=\"application\/ld+json\" class=\"yoast-schema-graph\">{\"@context\":\"https:\\\/\\\/schema.org\",\"@graph\":[{\"@type\":\"Article\",\"@id\":\"https:\\\/\\\/www.treatwell.at/treatment-files\\\/die-schoensten-manikuere-trends-fuer-den-herbst-2020\\\/#article\",\"isPartOf\":{\"@id\":\"https:\\\/\\\/www.treatwell.at/treatment-files\\\/die-schoensten-manikuere-trends-fuer-den-herbst-2020\\\/\"},\"author\":{\"name\":\"martech_user\",\"@id\":\"https:\\\/\\\/www.treatwell.at/treatment-files\\\/#\\\/schema\\\/person\\\/03f6822a355441f173e9ac30c26bbea7\"},\"headline\":\"Die sch\u00f6nsten Manik\u00fcre-Trends f\u00fcr den Herbst 2020\",\"datePublished\":\"2020-10-02T05:31:31+00:00\",\"dateModified\":\"2026-01-18T13:30:53+00:00\",\"mainEntityOfPage\":{\"@id\":\"https:\\\/\\\/www.treatwell.at/treatment-files\\\/die-schoensten-manikuere-trends-fuer-den-herbst-2020\\\/\"},\"wordCount\":321,\"publisher\":{\"@id\":\"https:\\\/\\\/www.treatwell.at/treatment-files\\\/#organization\"},\"image\":{\"@id\":\"https:\\\/\\\/www.treatwell.at/treatment-files\\\/die-schoensten-manikuere-trends-fuer-den-herbst-2020\\\/#primaryimage\"},\"thumbnailUrl\":\"https:\\\/\\\/www.treatwell.at/treatment-files\\\/wp-content\\\/uploads\\\/sites\\\/2\\\/2022\\\/03\\\/Maniku\u0308re-Herbst-2020_FEATURED.jpg\",\"keywords\":[\"Gel Nails\",\"Manicure\",\"Nail Extensions &amp; Overlays\",\"Nails\",\"Two Week Manicure\"],\"articleSection\":[\"Trends\"],\"inLanguage\":\"de-AT\"},{\"@type\":\"WebPage\",\"@id\":\"https:\\\/\\\/www.treatwell.at/treatment-files\\\/die-schoensten-manikuere-trends-fuer-den-herbst-2020\\\/\",\"url\":\"https:\\\/\\\/www.treatwell.at/treatment-files\\\/die-schoensten-manikuere-trends-fuer-den-herbst-2020\\\/\",\"name\":\"Die sch\u00f6nsten Manik\u00fcre-Trends f\u00fcr den Herbst 2020 - Treatwell\",\"isPartOf\":{\"@id\":\"https:\\\/\\\/www.treatwell.at/treatment-files\\\/#website\"},\"primaryImageOfPage\":{\"@id\":\"https:\\\/\\\/www.treatwell.at/treatment-files\\\/die-schoensten-manikuere-trends-fuer-den-herbst-2020\\\/#primaryimage\"},\"image\":{\"@id\":\"https:\\\/\\\/www.treatwell.at/treatment-files\\\/die-schoensten-manikuere-trends-fuer-den-herbst-2020\\\/#primaryimage\"},\"thumbnailUrl\":\"https:\\\/\\\/www.treatwell.at/treatment-files\\\/wp-content\\\/uploads\\\/sites\\\/2\\\/2022\\\/03\\\/Maniku\u0308re-Herbst-2020_FEATURED.jpg\",\"datePublished\":\"2020-10-02T05:31:31+00:00\",\"dateModified\":\"2026-01-18T13:30:53+00:00\",\"description\":\"Im Sommer haben die Half Dipped Nails ganz Instagram okkupiert. Und der Geist der Originalit\u00e4t bleibt: Das sind die Manik\u00fcre-Trends f\u00fcr den Herbst 2020!\",\"breadcrumb\":{\"@id\":\"https:\\\/\\\/www.treatwell.at/treatment-files\\\/die-schoensten-manikuere-trends-fuer-den-herbst-2020\\\/#breadcrumb\"},\"inLanguage\":\"de-AT\",\"potentialAction\":[{\"@type\":\"ReadAction\",\"target\":[\"https:\\\/\\\/www.treatwell.at/treatment-files\\\/die-schoensten-manikuere-trends-fuer-den-herbst-2020\\\/\"]}]},{\"@type\":\"ImageObject\",\"inLanguage\":\"de-AT\",\"@id\":\"https:\\\/\\\/www.treatwell.at/treatment-files\\\/die-schoensten-manikuere-trends-fuer-den-herbst-2020\\\/#primaryimage\",\"url\":\"https:\\\/\\\/www.treatwell.at/treatment-files\\\/wp-content\\\/uploads\\\/sites\\\/2\\\/2022\\\/03\\\/Maniku\u0308re-Herbst-2020_FEATURED.jpg\",\"contentUrl\":\"https:\\\/\\\/www.treatwell.at/treatment-files\\\/wp-content\\\/uploads\\\/sites\\\/2\\\/2022\\\/03\\\/Maniku\u0308re-Herbst-2020_FEATURED.jpg\",\"width\":628,\"height\":628},{\"@type\":\"BreadcrumbList\",\"@id\":\"https:\\\/\\\/www.treatwell.at/treatment-files\\\/die-schoensten-manikuere-trends-fuer-den-herbst-2020\\\/#breadcrumb\",\"itemListElement\":[{\"@type\":\"ListItem\",\"position\":1,\"name\":\"Home\",\"item\":\"https:\\\/\\\/www.treatwell.at/treatment-files\\\/\"},{\"@type\":\"ListItem\",\"position\":2,\"name\":\"Trends\",\"item\":\"https:\\\/\\\/www.treatwell.at/treatment-files\\\/trends\\\/\"},{\"@type\":\"ListItem\",\"position\":3,\"name\":\"Die sch\u00f6nsten Manik\u00fcre-Trends f\u00fcr den Herbst 2020\"}]},{\"@type\":\"WebSite\",\"@id\":\"https:\\\/\\\/www.treatwell.at/treatment-files\\\/#website\",\"url\":\"https:\\\/\\\/www.treatwell.at/treatment-files\\\/\",\"name\":\"The Treatment Files Blog\",\"description\":\"Beauty entdecken. Beauty erleben.\",\"publisher\":{\"@id\":\"https:\\\/\\\/www.treatwell.at/treatment-files\\\/#organization\"},\"potentialAction\":[{\"@type\":\"SearchAction\",\"target\":{\"@type\":\"EntryPoint\",\"urlTemplate\":\"https:\\\/\\\/www.treatwell.at/treatment-files\\\/?s={search_term_string}\"},\"query-input\":{\"@type\":\"PropertyValueSpecification\",\"valueRequired\":true,\"valueName\":\"search_term_string\"}}],\"inLanguage\":\"de-AT\"},{\"@type\":\"Organization\",\"@id\":\"https:\\\/\\\/www.treatwell.at/treatment-files\\\/#organization\",\"name\":\"Treatwell\",\"url\":\"https:\\\/\\\/www.treatwell.at/treatment-files\\\/\",\"logo\":{\"@type\":\"ImageObject\",\"inLanguage\":\"de-AT\",\"@id\":\"https:\\\/\\\/www.treatwell.at/treatment-files\\\/#\\\/schema\\\/logo\\\/image\\\/\",\"url\":\"https:\\\/\\\/www.treatwell.at/treatment-files\\\/wp-content\\\/uploads\\\/sites\\\/2\\\/2022\\\/03\\\/logo_treatwell.png\",\"contentUrl\":\"https:\\\/\\\/www.treatwell.at/treatment-files\\\/wp-content\\\/uploads\\\/sites\\\/2\\\/2022\\\/03\\\/logo_treatwell.png\",\"width\":889,\"height\":164,\"caption\":\"Treatwell\"},\"image\":{\"@id\":\"https:\\\/\\\/www.treatwell.at/treatment-files\\\/#\\\/schema\\\/logo\\\/image\\\/\"}},{\"@type\":\"Person\",\"@id\":\"https:\\\/\\\/www.treatwell.at/treatment-files\\\/#\\\/schema\\\/person\\\/03f6822a355441f173e9ac30c26bbea7\",\"name\":\"martech_user\",\"image\":{\"@type\":\"ImageObject\",\"inLanguage\":\"de-AT\",\"@id\":\"https:\\\/\\\/secure.gravatar.com\\\/avatar\\\/00b8ce6de4dcf1f674424c913e6ca2f7e80538f56ac2b7d005b1c32397ae5920?s=96&d=mm&r=g\",\"url\":\"https:\\\/\\\/secure.gravatar.com\\\/avatar\\\/00b8ce6de4dcf1f674424c913e6ca2f7e80538f56ac2b7d005b1c32397ae5920?s=96&d=mm&r=g\",\"contentUrl\":\"https:\\\/\\\/secure.gravatar.com\\\/avatar\\\/00b8ce6de4dcf1f674424c913e6ca2f7e80538f56ac2b7d005b1c32397ae5920?s=96&d=mm&r=g\",\"caption\":\"martech_user\"},\"url\":\"https:\\\/\\\/www.treatwell.at/treatment-files\\\/author\\\/paolo\\\/\"}]}<\/script>\n<!-- \/ Yoast SEO plugin. -->","yoast_head_json":{"title":"Die sch\u00f6nsten Manik\u00fcre-Trends f\u00fcr den Herbst 2020 - Treatwell","description":"Im Sommer haben die Half Dipped Nails ganz Instagram okkupiert. Und der Geist der Originalit\u00e4t bleibt: Das sind die Manik\u00fcre-Trends f\u00fcr den Herbst 2020!","robots":{"index":"index","follow":"follow","max-snippet":"max-snippet:-1","max-image-preview":"max-image-preview:large","max-video-preview":"max-video-preview:-1"},"canonical":"https:\/\/www.treatwell.at/treatment-files\/die-schoensten-manikuere-trends-fuer-den-herbst-2020\/","og_locale":"de_DE","og_type":"article","og_title":"Die sch\u00f6nsten Manik\u00fcre-Trends f\u00fcr den Herbst 2020 - Treatwell","og_description":"Im Sommer haben die Half Dipped Nails ganz Instagram okkupiert. Und der Geist der Originalit\u00e4t bleibt: Das sind die Manik\u00fcre-Trends f\u00fcr den Herbst 2020!","og_url":"https:\/\/www.treatwell.at/treatment-files\/die-schoensten-manikuere-trends-fuer-den-herbst-2020\/","og_site_name":"The Treatment Files Blog","article_published_time":"2020-10-02T05:31:31+00:00","article_modified_time":"2026-01-18T13:30:53+00:00","og_image":[{"width":628,"height":628,"url":"https:\/\/www.treatwell.at/treatment-files\/wp-content\/uploads\/sites\/2\/2022\/03\/Maniku\u0308re-Herbst-2020_FEATURED.jpg","type":"image\/jpeg"}],"author":"martech_user","twitter_card":"summary_large_image","twitter_misc":{"Verfasst von":"martech_user","Gesch\u00e4tzte Lesezeit":"2 Minuten"},"schema":{"@context":"https:\/\/schema.org","@graph":[{"@type":"Article","@id":"https:\/\/www.treatwell.at/treatment-files\/die-schoensten-manikuere-trends-fuer-den-herbst-2020\/#article","isPartOf":{"@id":"https:\/\/www.treatwell.at/treatment-files\/die-schoensten-manikuere-trends-fuer-den-herbst-2020\/"},"author":{"name":"martech_user","@id":"https:\/\/www.treatwell.at/treatment-files\/#\/schema\/person\/03f6822a355441f173e9ac30c26bbea7"},"headline":"Die sch\u00f6nsten Manik\u00fcre-Trends f\u00fcr den Herbst 2020","datePublished":"2020-10-02T05:31:31+00:00","dateModified":"2026-01-18T13:30:53+00:00","mainEntityOfPage":{"@id":"https:\/\/www.treatwell.at/treatment-files\/die-schoensten-manikuere-trends-fuer-den-herbst-2020\/"},"wordCount":321,"publisher":{"@id":"https:\/\/www.treatwell.at/treatment-files\/#organization"},"image":{"@id":"https:\/\/www.treatwell.at/treatment-files\/die-schoensten-manikuere-trends-fuer-den-herbst-2020\/#primaryimage"},"thumbnailUrl":"https:\/\/www.treatwell.at/treatment-files\/wp-content\/uploads\/sites\/2\/2022\/03\/Maniku\u0308re-Herbst-2020_FEATURED.jpg","keywords":["Gel Nails","Manicure","Nail Extensions &amp; Overlays","Nails","Two Week Manicure"],"articleSection":["Trends"],"inLanguage":"de-AT"},{"@type":"WebPage","@id":"https:\/\/www.treatwell.at/treatment-files\/die-schoensten-manikuere-trends-fuer-den-herbst-2020\/","url":"https:\/\/www.treatwell.at/treatment-files\/die-schoensten-manikuere-trends-fuer-den-herbst-2020\/","name":"Die sch\u00f6nsten Manik\u00fcre-Trends f\u00fcr den Herbst 2020 - Treatwell","isPartOf":{"@id":"https:\/\/www.treatwell.at/treatment-files\/#website"},"primaryImageOfPage":{"@id":"https:\/\/www.treatwell.at/treatment-files\/die-schoensten-manikuere-trends-fuer-den-herbst-2020\/#primaryimage"},"image":{"@id":"https:\/\/www.treatwell.at/treatment-files\/die-schoensten-manikuere-trends-fuer-den-herbst-2020\/#primaryimage"},"thumbnailUrl":"https:\/\/www.treatwell.at/treatment-files\/wp-content\/uploads\/sites\/2\/2022\/03\/Maniku\u0308re-Herbst-2020_FEATURED.jpg","datePublished":"2020-10-02T05:31:31+00:00","dateModified":"2026-01-18T13:30:53+00:00","description":"Im Sommer haben die Half Dipped Nails ganz Instagram okkupiert. Und der Geist der Originalit\u00e4t bleibt: Das sind die Manik\u00fcre-Trends f\u00fcr den Herbst 2020!","breadcrumb":{"@id":"https:\/\/www.treatwell.at/treatment-files\/die-schoensten-manikuere-trends-fuer-den-herbst-2020\/#breadcrumb"},"inLanguage":"de-AT","potentialAction":[{"@type":"ReadAction","target":["https:\/\/www.treatwell.at/treatment-files\/die-schoensten-manikuere-trends-fuer-den-herbst-2020\/"]}]},{"@type":"ImageObject","inLanguage":"de-AT","@id":"https:\/\/www.treatwell.at/treatment-files\/die-schoensten-manikuere-trends-fuer-den-herbst-2020\/#primaryimage","url":"https:\/\/www.treatwell.at/treatment-files\/wp-content\/uploads\/sites\/2\/2022\/03\/Maniku\u0308re-Herbst-2020_FEATURED.jpg","contentUrl":"https:\/\/www.treatwell.at/treatment-files\/wp-content\/uploads\/sites\/2\/2022\/03\/Maniku\u0308re-Herbst-2020_FEATURED.jpg","width":628,"height":628},{"@type":"BreadcrumbList","@id":"https:\/\/www.treatwell.at/treatment-files\/die-schoensten-manikuere-trends-fuer-den-herbst-2020\/#breadcrumb","itemListElement":[{"@type":"ListItem","position":1,"name":"Home","item":"https:\/\/www.treatwell.at/treatment-files\/"},{"@type":"ListItem","position":2,"name":"Trends","item":"https:\/\/www.treatwell.at/treatment-files\/trends\/"},{"@type":"ListItem","position":3,"name":"Die sch\u00f6nsten Manik\u00fcre-Trends f\u00fcr den Herbst 2020"}]},{"@type":"WebSite","@id":"https:\/\/www.treatwell.at/treatment-files\/#website","url":"https:\/\/www.treatwell.at/treatment-files\/","name":"The Treatment Files Blog","description":"Beauty entdecken. Beauty erleben.","publisher":{"@id":"https:\/\/www.treatwell.at/treatment-files\/#organization"},"potentialAction":[{"@type":"SearchAction","target":{"@type":"EntryPoint","urlTemplate":"https:\/\/www.treatwell.at/treatment-files\/?s={search_term_string}"},"query-input":{"@type":"PropertyValueSpecification","valueRequired":true,"valueName":"search_term_string"}}],"inLanguage":"de-AT"},{"@type":"Organization","@id":"https:\/\/www.treatwell.at/treatment-files\/#organization","name":"Treatwell","url":"https:\/\/www.treatwell.at/treatment-files\/","logo":{"@type":"ImageObject","inLanguage":"de-AT","@id":"https:\/\/www.treatwell.at/treatment-files\/#\/schema\/logo\/image\/","url":"https:\/\/www.treatwell.at/treatment-files\/wp-content\/uploads\/sites\/2\/2022\/03\/logo_treatwell.png","contentUrl":"https:\/\/www.treatwell.at/treatment-files\/wp-content\/uploads\/sites\/2\/2022\/03\/logo_treatwell.png","width":889,"height":164,"caption":"Treatwell"},"image":{"@id":"https:\/\/www.treatwell.at/treatment-files\/#\/schema\/logo\/image\/"}},{"@type":"Person","@id":"https:\/\/www.treatwell.at/treatment-files\/#\/schema\/person\/03f6822a355441f173e9ac30c26bbea7","name":"martech_user","image":{"@type":"ImageObject","inLanguage":"de-AT","@id":"https:\/\/secure.gravatar.com\/avatar\/00b8ce6de4dcf1f674424c913e6ca2f7e80538f56ac2b7d005b1c32397ae5920?s=96&d=mm&r=g","url":"https:\/\/secure.gravatar.com\/avatar\/00b8ce6de4dcf1f674424c913e6ca2f7e80538f56ac2b7d005b1c32397ae5920?s=96&d=mm&r=g","contentUrl":"https:\/\/secure.gravatar.com\/avatar\/00b8ce6de4dcf1f674424c913e6ca2f7e80538f56ac2b7d005b1c32397ae5920?s=96&d=mm&r=g","caption":"martech_user"},"url":"https:\/\/www.treatwell.at/treatment-files\/author\/paolo\/"}]}},"featured_image_src":"https:\/\/www.treatwell.at/treatment-files\/wp-content\/uploads\/sites\/2\/2022\/03\/Maniku\u0308re-Herbst-2020_FEATURED-600x400.jpg","featured_image_src_square":"https:\/\/www.treatwell.at/treatment-files\/wp-content\/uploads\/sites\/2\/2022\/03\/Maniku\u0308re-Herbst-2020_FEATURED-600x600.jpg","author_info":{"display_name":"martech_user","author_link":"https:\/\/www.treatwell.at/treatment-files\/author\/paolo\/"},"_links":{"self":[{"href":"https:\/\/www.treatwell.at\/treatment-files\/wp-json\/wp\/v2\/posts\/16715","targetHints":{"allow":["GET"]}}],"collection":[{"href":"https:\/\/www.treatwell.at\/treatment-files\/wp-json\/wp\/v2\/posts"}],"about":[{"href":"https:\/\/www.treatwell.at\/treatment-files\/wp-json\/wp\/v2\/types\/post"}],"author":[{"embeddable":true,"href":"https:\/\/www.treatwell.at\/treatment-files\/wp-json\/wp\/v2\/users\/1"}],"replies":[{"embeddable":true,"href":"https:\/\/www.treatwell.at\/treatment-files\/wp-json\/wp\/v2\/comments?post=16715"}],"version-history":[{"count":0,"href":"https:\/\/www.treatwell.at\/treatment-files\/wp-json\/wp\/v2\/posts\/16715\/revisions"}],"wp:featuredmedia":[{"embeddable":true,"href":"https:\/\/www.treatwell.at\/treatment-files\/wp-json\/wp\/v2\/media\/16740"}],"wp:attachment":[{"href":"https:\/\/www.treatwell.at\/treatment-files\/wp-json\/wp\/v2\/media?parent=16715"}],"wp:term":[{"taxonomy":"category","embeddable":true,"href":"https:\/\/www.treatwell.at\/treatment-files\/wp-json\/wp\/v2\/categories?post=16715"},{"taxonomy":"post_tag","embeddable":true,"href":"https:\/\/www.treatwell.at\/treatment-files\/wp-json\/wp\/v2\/tags?post=16715"}],"curies":[{"name":"wp","href":"https:\/\/api.w.org\/{rel}","templated":true}]}}