{"id":16958,"date":"2021-01-05T10:47:22","date_gmt":"2021-01-05T09:47:22","guid":{"rendered":"http:\/\/www.treatwell.at\/treatment-files\/?p=19669"},"modified":"2026-01-18T16:44:49","modified_gmt":"2026-01-18T15:44:49","slug":"extrem-oder-dezent-das-sind-die-make-up-trends-fuer-2021","status":"publish","type":"post","link":"https:\/\/www.treatwell.at/treatment-files\/extrem-oder-dezent-das-sind-die-make-up-trends-fuer-2021\/","title":{"rendered":"Extrem oder dezent: Das sind die Make-up-Trends f\u00fcr 2021"},"content":{"rendered":"<p style=\"text-align: justify\"><span style=\"font-weight: 400\">Oft werden Trends der darauffolgenden Jahre auf den Runways der Top-Designer gesetzt \u2013 so auch im letzten Jahr. Die <\/span><a href=\"https:\/\/www.treatwell.at\/treatment-files\/trendfrisuren-vom-laufsteg\/\"><span style=\"font-weight: 400\">Fashion Week<\/span><\/a><span style=\"font-weight: 400\"> hatte 5 essenzielle Make-up-Trends f\u00fcr uns im Gep\u00e4ck: von Extravaganz \u00fcber Allrounder bis hin zur Einfachheit. Und genau deshalb ist es heutzutage vollkommen irrelevant, ob du ausgefallene Looks liebst und ein H\u00e4ndchen f\u00fcr Pinsel und Co. hast oder dir das Schminken so gar nicht liegt.<\/span><\/p>\n<p style=\"text-align: justify\"><span style=\"font-weight: 400\">Von Maja Dieckhoff<\/span><\/p>\n<div class=\"schema-faq wp-block-yoast-faq-block\">\n<div class=\"schema-faq-section\" id=\"faq-question-1768750951139\">\n<h3 class=\"schema-faq-question\">Wie erzielst du einen nat\u00fcrlichen Dewy Glow?<\/h3>\n<p class=\"schema-faq-answer\">Eine tiefenwirksame Feuchtigkeitspflege schafft die perfekte Basis f\u00fcr einen Dewy Glow. BB-Creme kaschiert Unebenheiten, ohne die nat\u00fcrliche Hautstruktur zu verdecken. Ein intensiver Highlighter verleiht dem Teint zus\u00e4tzlich einen gesunden Glanz.<\/div>\n<div class=\"schema-faq-section\" id=\"faq-question-1768750951140\">\n<h3 class=\"schema-faq-question\">Wie kombinierst du rote Lippen f\u00fcr einen modernen Look?<\/h3>\n<p class=\"schema-faq-answer\">Kombiniere auff\u00e4llige rote Lippen am besten mit dezentem oder gar keinem Augen-Make-up. So steht dein Mund im Mittelpunkt, w\u00e4hrend der Look frisch und zeitgem\u00e4\u00df wirkt. Verschiedene Nuancen wie Burgundy, Pink oder klassisches Rot bieten dir vielseitige M\u00f6glichkeiten.<\/div>\n<div class=\"schema-faq-section\" id=\"faq-question-1768750951141\">\n<h3 class=\"schema-faq-question\">Welche Produkte brauchst du f\u00fcr Smokey Eyes?<\/h3>\n<p class=\"schema-faq-answer\">F\u00fcr ausdrucksstarke Smokey Eyes ben\u00f6tigst du tiefschwarzen Kajal, Eyeliner und Lidschatten. Die Augen werden an beiden Enden spitz zulaufend umrandet, um einen markanten Cat-Eyes-Effekt zu erzielen. Dieser Look wirkt besonders, wenn der Mund-Nasen-Schutz Teile des Gesichts verdeckt.<\/div>\n<div class=\"schema-faq-section\" id=\"faq-question-1768750951142\">\n<h3 class=\"schema-faq-question\">Was zeichnet den No-Make-up-Look aus?<\/h3>\n<p class=\"schema-faq-answer\">Der No-Make-up-Look verbirgt sich hinter betonter Nat\u00fcrlichkeit und wenigen Produkten. Du f\u00fcllst nur die L\u00fccken in den Augenbrauen auf, kaschierst kleine Unebenheiten mit Concealer und pflegst die Lippen mit einem feuchtigkeitsspendenden Balsam.<\/div>\n<div class=\"schema-faq-section\" id=\"faq-question-1768750951143\">\n<h3 class=\"schema-faq-question\">Wie setzt du farbigen Eyeliner am besten ein?<\/h3>\n<p class=\"schema-faq-answer\">Setze farbigen Eyeliner besonders am Augeninnenwinkel f\u00fcr einen auff\u00e4lligen Akzent ein. Dieser Trend \u00fcberzeugt mit leuchtenden Farben, die an Indie- und Festival-Vibes erinnern. Farbiges Lidstrich-Make-up harmoniert optimal mit dem Dewy-Glow-Look.<\/div>\n<\/p><\/div>\n","protected":false},"excerpt":{"rendered":"<p>Oft werden Trends der darauffolgenden Jahre auf den Runways der Top-Designer gesetzt \u2013 so auch im letzten Jahr. Die Fashion Week hatte 5 essenzielle Make-up-Trends f\u00fcr uns im Gep\u00e4ck: von Extravaganz \u00fcber Allrounder bis hin zur Einfachheit. Und genau deshalb ist es heutzutage vollkommen irrelevant, ob du ausgefallene Looks liebst und ein H\u00e4ndchen f\u00fcr Pinsel [&hellip;]<\/p>\n","protected":false},"author":1,"featured_media":16965,"comment_status":"closed","ping_status":"closed","sticky":false,"template":"","format":"standard","meta":{"_acf_changed":false,"_yoast_wpseo_title":"Extrem oder dezent: Das sind die Make-up-Trends f\u00fcr 2021 - Treatwell","_yoast_wpseo_metadesc":"Die Fashion Week hatte 5 essenzielle Make-up-Trends f\u00fcr uns im Gep\u00e4ck: von Extravaganz bis hin zur Einfachheit. Das sind die sch\u00f6nsten Looks f\u00fcr 2021.","_genesis_hide_title":false,"_genesis_hide_breadcrumbs":false,"_genesis_hide_singular_image":false,"_genesis_hide_footer_widgets":false,"_genesis_custom_body_class":"","_genesis_custom_post_class":"","_genesis_layout":"","saswp_custom_schema_field":"{\"@context\":\"https:\/\/schema.org\",\"@type\":\"FAQPage\",\"mainEntity\":[{\"@type\":\"Question\",\"name\":\"Wie erzielst du einen nat\u00fcrlichen Dewy Glow?\",\"acceptedAnswer\":{\"@type\":\"Answer\",\"text\":\"Eine tiefenwirksame Feuchtigkeitspflege schafft die perfekte Basis f\u00fcr einen Dewy Glow. BB-Creme kaschiert Unebenheiten, ohne die nat\u00fcrliche Hautstruktur zu verdecken. Ein intensiver Highlighter verleiht dem Teint zus\u00e4tzlich einen gesunden Glanz.\"}},{\"@type\":\"Question\",\"name\":\"Wie kombinierst du rote Lippen f\u00fcr einen modernen Look?\",\"acceptedAnswer\":{\"@type\":\"Answer\",\"text\":\"Kombiniere auff\u00e4llige rote Lippen am besten mit dezentem oder gar keinem Augen-Make-up. So steht dein Mund im Mittelpunkt, w\u00e4hrend der Look frisch und zeitgem\u00e4\u00df wirkt. Verschiedene Nuancen wie Burgundy, Pink oder klassisches Rot bieten dir vielseitige M\u00f6glichkeiten.\"}},{\"@type\":\"Question\",\"name\":\"Welche Produkte brauchst du f\u00fcr Smokey Eyes?\",\"acceptedAnswer\":{\"@type\":\"Answer\",\"text\":\"F\u00fcr ausdrucksstarke Smokey Eyes ben\u00f6tigst du tiefschwarzen Kajal, Eyeliner und Lidschatten. Die Augen werden an beiden Enden spitz zulaufend umrandet, um einen markanten Cat-Eyes-Effekt zu erzielen. Dieser Look wirkt besonders, wenn der Mund-Nasen-Schutz Teile des Gesichts verdeckt.\"}},{\"@type\":\"Question\",\"name\":\"Was zeichnet den No-Make-up-Look aus?\",\"acceptedAnswer\":{\"@type\":\"Answer\",\"text\":\"Der No-Make-up-Look verbirgt sich hinter betonter Nat\u00fcrlichkeit und wenigen Produkten. Du f\u00fcllst nur die L\u00fccken in den Augenbrauen auf, kaschierst kleine Unebenheiten mit Concealer und pflegst die Lippen mit einem feuchtigkeitsspendenden Balsam.\"}},{\"@type\":\"Question\",\"name\":\"Wie setzt du farbigen Eyeliner am besten ein?\",\"acceptedAnswer\":{\"@type\":\"Answer\",\"text\":\"Setze farbigen Eyeliner besonders am Augeninnenwinkel f\u00fcr einen auff\u00e4lligen Akzent ein. Dieser Trend \u00fcberzeugt mit leuchtenden Farben, die an Indie- und Festival-Vibes erinnern. Farbiges Lidstrich-Make-up harmoniert optimal mit dem Dewy-Glow-Look.\"}}]}","footnotes":""},"categories":[9],"tags":[41,42],"class_list":{"0":"post-16958","1":"post","2":"type-post","3":"status-publish","4":"format-standard","5":"has-post-thumbnail","7":"category-beauty","8":"tag-tr212","9":"tag-vt53","10":"entry"},"acf":{"post_credits":"Bildrechte: Shutterstock","beauty_blog_post_button_title":"","beauty_blog_post_button":"","landscape_picture":16964,"blocks":[{"block_title":"Rote Lippen","block_content":"<p>Alle Jahre wieder ein echter Klassiker. Ob matt, schimmernd, burgundy, hellrot oder pink: Das Tragen eines Mund-Nasen-Schutzes bedeutet nicht zwangsl&auml;ufig das Ende von auff&auml;lligem Lippenstift. Denn wenn uns eines 2020 bewusster geworden ist, dann, dass das Herausputzen f&uuml;r andere Bl&ouml;dsinn ist &ndash; mach&rsquo;s f&uuml;r dich!&nbsp;<br \/>\nKombiniert werden die auff&auml;lligen roten Lippen mit einem sehr dezenten oder keinem Augen-Make-up. So spricht dein Mund f&uuml;r sich.<\/p>\n","video_content":"","block_picture":16959},{"block_title":"Dewy Glow","block_content":"<p>Ultra deckendes Make-up mit mattem Finish? Nicht in diesem Jahr. Wenn es um den Teint geht, bleiben wir 2021 ganz nat&uuml;rlich. Denn wir wollen nur eins: <a href=\"https:\/\/www.treatwell.at\/treatment-files\/warum-ein-starkes-immunsystem-die-voraussetzung-fuer-strahlende-haut-ist\/\">einen gesunden Glow<\/a>. Die Basis f&uuml;r den Dewy-Glow-Look ist eine gute, tiefenwirksame Feuchtigkeitspflege. Wenn du Unebenheiten kaschieren willst, kannst du zu einer BB-Creme greifen, die die Nat&uuml;rlichkeit deiner Haut nicht &uuml;berdeckt. Ein intensiver Highlighter rundet den Look ab. Und ganz wichtig: Finger weg von mattierendem Puder.&nbsp;<\/p>\n","video_content":"","block_picture":16960},{"block_title":"Smokey Eyes","block_content":"<p>F&uuml;r diesen Look arbeitest du am Besten mit wirklich tiefschwarzen Produkten. Die Augen werden mit einem Kajal, Eyeliner und\/oder Lidschatten an beiden Enden spitz zulaufend umrandet, sodass ausdrucksstarke Cat Eyes entstehen. Ganz sch&ouml;n d&uuml;ster? Das starke Betonen der Augen wurde beim st&auml;ndigen Tragen einer Maske zum Trend. So bekommt der Ausdruck &ldquo;over-the-top&rdquo; eine ganze neue Bedeutung.<\/p>\n","video_content":"","block_picture":16961},{"block_title":"Farbiger Eyeliner","block_content":"<p>Apropos over-the-top: Ein farbiger und auff&auml;lliger Eyeliner liegt dieses Jahr voll im Trend. Die viele Zeit, die wir zu Hause verbracht haben, war perfekt f&uuml;r experimentelle Make-up-Looks. Der farbige Eyeliner, vor allem am Augeninnenwinkel, erweckt in uns Indie- und Festival-Vibes. Besonders im Fr&uuml;hling und Sommer greifen wir sp&auml;testens wieder besonders gern zu knalligen, leuchtenden Farben.&nbsp;<br \/>\n<em>Tipp<\/em>: Der farbige Eyeliner passt perfekt zum Dewy Glow!&nbsp;<\/p>\n","video_content":"","block_picture":16962},{"block_title":"Der No-Make-up-Look","block_content":"<p>2020 stand pl&ouml;tzlich ganz selbstverst&auml;ndlich im Zeichen von Nat&uuml;rlichkeit und &ldquo;less is more&rdquo;. Aus dem t&auml;glichen Make-up f&uuml;r&rsquo;s B&uuml;ro wurde die <a href=\"https:\/\/www.treatwell.at\/treatment-files\/frisch-und-strahlend-deine-schnelle-make-up-routine-im-home-office\/\">minimalistische Routine f&uuml;r Zoom-Calls<\/a>. Und diesen Ansatz nehmen wir doch gerne mit ins neue Jahr, oder? Beim No-Make-up-Look werden meist nur die L&uuml;cken in den Augenbrauen aufgef&uuml;llt, kleine Unebenheiten mit einem Concealer kaschiert und abschlie&szlig;end eine feuchtigkeitsspendende Lippenpflege aufgetragen.&nbsp;<\/p>\n","video_content":"","block_picture":16963}]},"yoast_head":"<!-- This site is optimized with the Yoast SEO plugin v27.4 - https:\/\/yoast.com\/product\/yoast-seo-wordpress\/ -->\n<title>Extrem oder dezent: Das sind die Make-up-Trends f\u00fcr 2021 - Treatwell<\/title>\n<meta name=\"description\" content=\"Die Fashion Week hatte 5 essenzielle Make-up-Trends f\u00fcr uns im Gep\u00e4ck: von Extravaganz bis hin zur Einfachheit. Das sind die sch\u00f6nsten Looks f\u00fcr 2021.\" \/>\n<meta name=\"robots\" content=\"index, follow, max-snippet:-1, max-image-preview:large, max-video-preview:-1\" \/>\n<link rel=\"canonical\" href=\"https:\/\/www.treatwell.at/treatment-files\/extrem-oder-dezent-das-sind-die-make-up-trends-fuer-2021\/\" \/>\n<meta property=\"og:locale\" content=\"de_DE\" \/>\n<meta property=\"og:type\" content=\"article\" \/>\n<meta property=\"og:title\" content=\"Extrem oder dezent: Das sind die Make-up-Trends f\u00fcr 2021 - Treatwell\" \/>\n<meta property=\"og:description\" content=\"Die Fashion Week hatte 5 essenzielle Make-up-Trends f\u00fcr uns im Gep\u00e4ck: von Extravaganz bis hin zur Einfachheit. Das sind die sch\u00f6nsten Looks f\u00fcr 2021.\" \/>\n<meta property=\"og:url\" content=\"https:\/\/www.treatwell.at/treatment-files\/extrem-oder-dezent-das-sind-die-make-up-trends-fuer-2021\/\" \/>\n<meta property=\"og:site_name\" content=\"The Treatment Files Blog\" \/>\n<meta property=\"article:published_time\" content=\"2021-01-05T09:47:22+00:00\" \/>\n<meta property=\"article:modified_time\" content=\"2026-01-18T15:44:49+00:00\" \/>\n<meta property=\"og:image\" content=\"https:\/\/www.treatwell.at/treatment-files\/wp-content\/uploads\/sites\/2\/2022\/03\/Shutterstock_FEATURED.jpg\" \/>\n\t<meta property=\"og:image:width\" content=\"628\" \/>\n\t<meta property=\"og:image:height\" content=\"628\" \/>\n\t<meta property=\"og:image:type\" content=\"image\/jpeg\" \/>\n<meta name=\"author\" content=\"martech_user\" \/>\n<meta name=\"twitter:card\" content=\"summary_large_image\" \/>\n<meta name=\"twitter:label1\" content=\"Verfasst von\" \/>\n\t<meta name=\"twitter:data1\" content=\"martech_user\" \/>\n\t<meta name=\"twitter:label2\" content=\"Gesch\u00e4tzte Lesezeit\" \/>\n\t<meta name=\"twitter:data2\" content=\"1 Minute\" \/>\n<script type=\"application\/ld+json\" class=\"yoast-schema-graph\">{\"@context\":\"https:\\\/\\\/schema.org\",\"@graph\":[{\"@type\":\"Article\",\"@id\":\"https:\\\/\\\/www.treatwell.at/treatment-files\\\/extrem-oder-dezent-das-sind-die-make-up-trends-fuer-2021\\\/#article\",\"isPartOf\":{\"@id\":\"https:\\\/\\\/www.treatwell.at/treatment-files\\\/extrem-oder-dezent-das-sind-die-make-up-trends-fuer-2021\\\/\"},\"author\":{\"name\":\"martech_user\",\"@id\":\"https:\\\/\\\/www.treatwell.at/treatment-files\\\/#\\\/schema\\\/person\\\/03f6822a355441f173e9ac30c26bbea7\"},\"headline\":\"Extrem oder dezent: Das sind die Make-up-Trends f\u00fcr 2021\",\"datePublished\":\"2021-01-05T09:47:22+00:00\",\"dateModified\":\"2026-01-18T15:44:49+00:00\",\"mainEntityOfPage\":{\"@id\":\"https:\\\/\\\/www.treatwell.at/treatment-files\\\/extrem-oder-dezent-das-sind-die-make-up-trends-fuer-2021\\\/\"},\"wordCount\":298,\"publisher\":{\"@id\":\"https:\\\/\\\/www.treatwell.at/treatment-files\\\/#organization\"},\"image\":{\"@id\":\"https:\\\/\\\/www.treatwell.at/treatment-files\\\/extrem-oder-dezent-das-sind-die-make-up-trends-fuer-2021\\\/#primaryimage\"},\"thumbnailUrl\":\"https:\\\/\\\/www.treatwell.at/treatment-files\\\/wp-content\\\/uploads\\\/sites\\\/2\\\/2022\\\/03\\\/Shutterstock_FEATURED.jpg\",\"keywords\":[\"Makeup\",\"Makeup Studio\"],\"articleSection\":[\"Beauty\"],\"inLanguage\":\"de-AT\"},{\"@type\":\"WebPage\",\"@id\":\"https:\\\/\\\/www.treatwell.at/treatment-files\\\/extrem-oder-dezent-das-sind-die-make-up-trends-fuer-2021\\\/\",\"url\":\"https:\\\/\\\/www.treatwell.at/treatment-files\\\/extrem-oder-dezent-das-sind-die-make-up-trends-fuer-2021\\\/\",\"name\":\"Extrem oder dezent: Das sind die Make-up-Trends f\u00fcr 2021 - Treatwell\",\"isPartOf\":{\"@id\":\"https:\\\/\\\/www.treatwell.at/treatment-files\\\/#website\"},\"primaryImageOfPage\":{\"@id\":\"https:\\\/\\\/www.treatwell.at/treatment-files\\\/extrem-oder-dezent-das-sind-die-make-up-trends-fuer-2021\\\/#primaryimage\"},\"image\":{\"@id\":\"https:\\\/\\\/www.treatwell.at/treatment-files\\\/extrem-oder-dezent-das-sind-die-make-up-trends-fuer-2021\\\/#primaryimage\"},\"thumbnailUrl\":\"https:\\\/\\\/www.treatwell.at/treatment-files\\\/wp-content\\\/uploads\\\/sites\\\/2\\\/2022\\\/03\\\/Shutterstock_FEATURED.jpg\",\"datePublished\":\"2021-01-05T09:47:22+00:00\",\"dateModified\":\"2026-01-18T15:44:49+00:00\",\"description\":\"Die Fashion Week hatte 5 essenzielle Make-up-Trends f\u00fcr uns im Gep\u00e4ck: von Extravaganz bis hin zur Einfachheit. Das sind die sch\u00f6nsten Looks f\u00fcr 2021.\",\"breadcrumb\":{\"@id\":\"https:\\\/\\\/www.treatwell.at/treatment-files\\\/extrem-oder-dezent-das-sind-die-make-up-trends-fuer-2021\\\/#breadcrumb\"},\"inLanguage\":\"de-AT\",\"potentialAction\":[{\"@type\":\"ReadAction\",\"target\":[\"https:\\\/\\\/www.treatwell.at/treatment-files\\\/extrem-oder-dezent-das-sind-die-make-up-trends-fuer-2021\\\/\"]}]},{\"@type\":\"ImageObject\",\"inLanguage\":\"de-AT\",\"@id\":\"https:\\\/\\\/www.treatwell.at/treatment-files\\\/extrem-oder-dezent-das-sind-die-make-up-trends-fuer-2021\\\/#primaryimage\",\"url\":\"https:\\\/\\\/www.treatwell.at/treatment-files\\\/wp-content\\\/uploads\\\/sites\\\/2\\\/2022\\\/03\\\/Shutterstock_FEATURED.jpg\",\"contentUrl\":\"https:\\\/\\\/www.treatwell.at/treatment-files\\\/wp-content\\\/uploads\\\/sites\\\/2\\\/2022\\\/03\\\/Shutterstock_FEATURED.jpg\",\"width\":628,\"height\":628},{\"@type\":\"BreadcrumbList\",\"@id\":\"https:\\\/\\\/www.treatwell.at/treatment-files\\\/extrem-oder-dezent-das-sind-die-make-up-trends-fuer-2021\\\/#breadcrumb\",\"itemListElement\":[{\"@type\":\"ListItem\",\"position\":1,\"name\":\"Home\",\"item\":\"https:\\\/\\\/www.treatwell.at/treatment-files\\\/\"},{\"@type\":\"ListItem\",\"position\":2,\"name\":\"Beauty\",\"item\":\"https:\\\/\\\/www.treatwell.at/treatment-files\\\/beauty\\\/\"},{\"@type\":\"ListItem\",\"position\":3,\"name\":\"Extrem oder dezent: Das sind die Make-up-Trends f\u00fcr 2021\"}]},{\"@type\":\"WebSite\",\"@id\":\"https:\\\/\\\/www.treatwell.at/treatment-files\\\/#website\",\"url\":\"https:\\\/\\\/www.treatwell.at/treatment-files\\\/\",\"name\":\"The Treatment Files Blog\",\"description\":\"Beauty entdecken. Beauty erleben.\",\"publisher\":{\"@id\":\"https:\\\/\\\/www.treatwell.at/treatment-files\\\/#organization\"},\"potentialAction\":[{\"@type\":\"SearchAction\",\"target\":{\"@type\":\"EntryPoint\",\"urlTemplate\":\"https:\\\/\\\/www.treatwell.at/treatment-files\\\/?s={search_term_string}\"},\"query-input\":{\"@type\":\"PropertyValueSpecification\",\"valueRequired\":true,\"valueName\":\"search_term_string\"}}],\"inLanguage\":\"de-AT\"},{\"@type\":\"Organization\",\"@id\":\"https:\\\/\\\/www.treatwell.at/treatment-files\\\/#organization\",\"name\":\"Treatwell\",\"url\":\"https:\\\/\\\/www.treatwell.at/treatment-files\\\/\",\"logo\":{\"@type\":\"ImageObject\",\"inLanguage\":\"de-AT\",\"@id\":\"https:\\\/\\\/www.treatwell.at/treatment-files\\\/#\\\/schema\\\/logo\\\/image\\\/\",\"url\":\"https:\\\/\\\/www.treatwell.at/treatment-files\\\/wp-content\\\/uploads\\\/sites\\\/2\\\/2022\\\/03\\\/logo_treatwell.png\",\"contentUrl\":\"https:\\\/\\\/www.treatwell.at/treatment-files\\\/wp-content\\\/uploads\\\/sites\\\/2\\\/2022\\\/03\\\/logo_treatwell.png\",\"width\":889,\"height\":164,\"caption\":\"Treatwell\"},\"image\":{\"@id\":\"https:\\\/\\\/www.treatwell.at/treatment-files\\\/#\\\/schema\\\/logo\\\/image\\\/\"}},{\"@type\":\"Person\",\"@id\":\"https:\\\/\\\/www.treatwell.at/treatment-files\\\/#\\\/schema\\\/person\\\/03f6822a355441f173e9ac30c26bbea7\",\"name\":\"martech_user\",\"image\":{\"@type\":\"ImageObject\",\"inLanguage\":\"de-AT\",\"@id\":\"https:\\\/\\\/secure.gravatar.com\\\/avatar\\\/00b8ce6de4dcf1f674424c913e6ca2f7e80538f56ac2b7d005b1c32397ae5920?s=96&d=mm&r=g\",\"url\":\"https:\\\/\\\/secure.gravatar.com\\\/avatar\\\/00b8ce6de4dcf1f674424c913e6ca2f7e80538f56ac2b7d005b1c32397ae5920?s=96&d=mm&r=g\",\"contentUrl\":\"https:\\\/\\\/secure.gravatar.com\\\/avatar\\\/00b8ce6de4dcf1f674424c913e6ca2f7e80538f56ac2b7d005b1c32397ae5920?s=96&d=mm&r=g\",\"caption\":\"martech_user\"},\"url\":\"https:\\\/\\\/www.treatwell.at/treatment-files\\\/author\\\/paolo\\\/\"}]}<\/script>\n<!-- \/ Yoast SEO plugin. -->","yoast_head_json":{"title":"Extrem oder dezent: Das sind die Make-up-Trends f\u00fcr 2021 - Treatwell","description":"Die Fashion Week hatte 5 essenzielle Make-up-Trends f\u00fcr uns im Gep\u00e4ck: von Extravaganz bis hin zur Einfachheit. Das sind die sch\u00f6nsten Looks f\u00fcr 2021.","robots":{"index":"index","follow":"follow","max-snippet":"max-snippet:-1","max-image-preview":"max-image-preview:large","max-video-preview":"max-video-preview:-1"},"canonical":"https:\/\/www.treatwell.at/treatment-files\/extrem-oder-dezent-das-sind-die-make-up-trends-fuer-2021\/","og_locale":"de_DE","og_type":"article","og_title":"Extrem oder dezent: Das sind die Make-up-Trends f\u00fcr 2021 - Treatwell","og_description":"Die Fashion Week hatte 5 essenzielle Make-up-Trends f\u00fcr uns im Gep\u00e4ck: von Extravaganz bis hin zur Einfachheit. Das sind die sch\u00f6nsten Looks f\u00fcr 2021.","og_url":"https:\/\/www.treatwell.at/treatment-files\/extrem-oder-dezent-das-sind-die-make-up-trends-fuer-2021\/","og_site_name":"The Treatment Files Blog","article_published_time":"2021-01-05T09:47:22+00:00","article_modified_time":"2026-01-18T15:44:49+00:00","og_image":[{"width":628,"height":628,"url":"https:\/\/www.treatwell.at/treatment-files\/wp-content\/uploads\/sites\/2\/2022\/03\/Shutterstock_FEATURED.jpg","type":"image\/jpeg"}],"author":"martech_user","twitter_card":"summary_large_image","twitter_misc":{"Verfasst von":"martech_user","Gesch\u00e4tzte Lesezeit":"1 Minute"},"schema":{"@context":"https:\/\/schema.org","@graph":[{"@type":"Article","@id":"https:\/\/www.treatwell.at/treatment-files\/extrem-oder-dezent-das-sind-die-make-up-trends-fuer-2021\/#article","isPartOf":{"@id":"https:\/\/www.treatwell.at/treatment-files\/extrem-oder-dezent-das-sind-die-make-up-trends-fuer-2021\/"},"author":{"name":"martech_user","@id":"https:\/\/www.treatwell.at/treatment-files\/#\/schema\/person\/03f6822a355441f173e9ac30c26bbea7"},"headline":"Extrem oder dezent: Das sind die Make-up-Trends f\u00fcr 2021","datePublished":"2021-01-05T09:47:22+00:00","dateModified":"2026-01-18T15:44:49+00:00","mainEntityOfPage":{"@id":"https:\/\/www.treatwell.at/treatment-files\/extrem-oder-dezent-das-sind-die-make-up-trends-fuer-2021\/"},"wordCount":298,"publisher":{"@id":"https:\/\/www.treatwell.at/treatment-files\/#organization"},"image":{"@id":"https:\/\/www.treatwell.at/treatment-files\/extrem-oder-dezent-das-sind-die-make-up-trends-fuer-2021\/#primaryimage"},"thumbnailUrl":"https:\/\/www.treatwell.at/treatment-files\/wp-content\/uploads\/sites\/2\/2022\/03\/Shutterstock_FEATURED.jpg","keywords":["Makeup","Makeup Studio"],"articleSection":["Beauty"],"inLanguage":"de-AT"},{"@type":"WebPage","@id":"https:\/\/www.treatwell.at/treatment-files\/extrem-oder-dezent-das-sind-die-make-up-trends-fuer-2021\/","url":"https:\/\/www.treatwell.at/treatment-files\/extrem-oder-dezent-das-sind-die-make-up-trends-fuer-2021\/","name":"Extrem oder dezent: Das sind die Make-up-Trends f\u00fcr 2021 - Treatwell","isPartOf":{"@id":"https:\/\/www.treatwell.at/treatment-files\/#website"},"primaryImageOfPage":{"@id":"https:\/\/www.treatwell.at/treatment-files\/extrem-oder-dezent-das-sind-die-make-up-trends-fuer-2021\/#primaryimage"},"image":{"@id":"https:\/\/www.treatwell.at/treatment-files\/extrem-oder-dezent-das-sind-die-make-up-trends-fuer-2021\/#primaryimage"},"thumbnailUrl":"https:\/\/www.treatwell.at/treatment-files\/wp-content\/uploads\/sites\/2\/2022\/03\/Shutterstock_FEATURED.jpg","datePublished":"2021-01-05T09:47:22+00:00","dateModified":"2026-01-18T15:44:49+00:00","description":"Die Fashion Week hatte 5 essenzielle Make-up-Trends f\u00fcr uns im Gep\u00e4ck: von Extravaganz bis hin zur Einfachheit. Das sind die sch\u00f6nsten Looks f\u00fcr 2021.","breadcrumb":{"@id":"https:\/\/www.treatwell.at/treatment-files\/extrem-oder-dezent-das-sind-die-make-up-trends-fuer-2021\/#breadcrumb"},"inLanguage":"de-AT","potentialAction":[{"@type":"ReadAction","target":["https:\/\/www.treatwell.at/treatment-files\/extrem-oder-dezent-das-sind-die-make-up-trends-fuer-2021\/"]}]},{"@type":"ImageObject","inLanguage":"de-AT","@id":"https:\/\/www.treatwell.at/treatment-files\/extrem-oder-dezent-das-sind-die-make-up-trends-fuer-2021\/#primaryimage","url":"https:\/\/www.treatwell.at/treatment-files\/wp-content\/uploads\/sites\/2\/2022\/03\/Shutterstock_FEATURED.jpg","contentUrl":"https:\/\/www.treatwell.at/treatment-files\/wp-content\/uploads\/sites\/2\/2022\/03\/Shutterstock_FEATURED.jpg","width":628,"height":628},{"@type":"BreadcrumbList","@id":"https:\/\/www.treatwell.at/treatment-files\/extrem-oder-dezent-das-sind-die-make-up-trends-fuer-2021\/#breadcrumb","itemListElement":[{"@type":"ListItem","position":1,"name":"Home","item":"https:\/\/www.treatwell.at/treatment-files\/"},{"@type":"ListItem","position":2,"name":"Beauty","item":"https:\/\/www.treatwell.at/treatment-files\/beauty\/"},{"@type":"ListItem","position":3,"name":"Extrem oder dezent: Das sind die Make-up-Trends f\u00fcr 2021"}]},{"@type":"WebSite","@id":"https:\/\/www.treatwell.at/treatment-files\/#website","url":"https:\/\/www.treatwell.at/treatment-files\/","name":"The Treatment Files Blog","description":"Beauty entdecken. Beauty erleben.","publisher":{"@id":"https:\/\/www.treatwell.at/treatment-files\/#organization"},"potentialAction":[{"@type":"SearchAction","target":{"@type":"EntryPoint","urlTemplate":"https:\/\/www.treatwell.at/treatment-files\/?s={search_term_string}"},"query-input":{"@type":"PropertyValueSpecification","valueRequired":true,"valueName":"search_term_string"}}],"inLanguage":"de-AT"},{"@type":"Organization","@id":"https:\/\/www.treatwell.at/treatment-files\/#organization","name":"Treatwell","url":"https:\/\/www.treatwell.at/treatment-files\/","logo":{"@type":"ImageObject","inLanguage":"de-AT","@id":"https:\/\/www.treatwell.at/treatment-files\/#\/schema\/logo\/image\/","url":"https:\/\/www.treatwell.at/treatment-files\/wp-content\/uploads\/sites\/2\/2022\/03\/logo_treatwell.png","contentUrl":"https:\/\/www.treatwell.at/treatment-files\/wp-content\/uploads\/sites\/2\/2022\/03\/logo_treatwell.png","width":889,"height":164,"caption":"Treatwell"},"image":{"@id":"https:\/\/www.treatwell.at/treatment-files\/#\/schema\/logo\/image\/"}},{"@type":"Person","@id":"https:\/\/www.treatwell.at/treatment-files\/#\/schema\/person\/03f6822a355441f173e9ac30c26bbea7","name":"martech_user","image":{"@type":"ImageObject","inLanguage":"de-AT","@id":"https:\/\/secure.gravatar.com\/avatar\/00b8ce6de4dcf1f674424c913e6ca2f7e80538f56ac2b7d005b1c32397ae5920?s=96&d=mm&r=g","url":"https:\/\/secure.gravatar.com\/avatar\/00b8ce6de4dcf1f674424c913e6ca2f7e80538f56ac2b7d005b1c32397ae5920?s=96&d=mm&r=g","contentUrl":"https:\/\/secure.gravatar.com\/avatar\/00b8ce6de4dcf1f674424c913e6ca2f7e80538f56ac2b7d005b1c32397ae5920?s=96&d=mm&r=g","caption":"martech_user"},"url":"https:\/\/www.treatwell.at/treatment-files\/author\/paolo\/"}]}},"featured_image_src":"https:\/\/www.treatwell.at/treatment-files\/wp-content\/uploads\/sites\/2\/2022\/03\/Shutterstock_FEATURED-600x400.jpg","featured_image_src_square":"https:\/\/www.treatwell.at/treatment-files\/wp-content\/uploads\/sites\/2\/2022\/03\/Shutterstock_FEATURED-600x600.jpg","author_info":{"display_name":"martech_user","author_link":"https:\/\/www.treatwell.at/treatment-files\/author\/paolo\/"},"_links":{"self":[{"href":"https:\/\/www.treatwell.at\/treatment-files\/wp-json\/wp\/v2\/posts\/16958","targetHints":{"allow":["GET"]}}],"collection":[{"href":"https:\/\/www.treatwell.at\/treatment-files\/wp-json\/wp\/v2\/posts"}],"about":[{"href":"https:\/\/www.treatwell.at\/treatment-files\/wp-json\/wp\/v2\/types\/post"}],"author":[{"embeddable":true,"href":"https:\/\/www.treatwell.at\/treatment-files\/wp-json\/wp\/v2\/users\/1"}],"replies":[{"embeddable":true,"href":"https:\/\/www.treatwell.at\/treatment-files\/wp-json\/wp\/v2\/comments?post=16958"}],"version-history":[{"count":0,"href":"https:\/\/www.treatwell.at\/treatment-files\/wp-json\/wp\/v2\/posts\/16958\/revisions"}],"wp:featuredmedia":[{"embeddable":true,"href":"https:\/\/www.treatwell.at\/treatment-files\/wp-json\/wp\/v2\/media\/16965"}],"wp:attachment":[{"href":"https:\/\/www.treatwell.at\/treatment-files\/wp-json\/wp\/v2\/media?parent=16958"}],"wp:term":[{"taxonomy":"category","embeddable":true,"href":"https:\/\/www.treatwell.at\/treatment-files\/wp-json\/wp\/v2\/categories?post=16958"},{"taxonomy":"post_tag","embeddable":true,"href":"https:\/\/www.treatwell.at\/treatment-files\/wp-json\/wp\/v2\/tags?post=16958"}],"curies":[{"name":"wp","href":"https:\/\/api.w.org\/{rel}","templated":true}]}}