{"id":17029,"date":"2021-02-01T08:01:36","date_gmt":"2021-02-01T07:01:36","guid":{"rendered":"http:\/\/www.treatwell.at\/treatment-files\/?p=19826"},"modified":"2026-01-18T16:44:50","modified_gmt":"2026-01-18T15:44:50","slug":"betonen-oder-verstecken-drei-stylingtipps-fuer-graues-haar","status":"publish","type":"post","link":"https:\/\/www.treatwell.at/treatment-files\/betonen-oder-verstecken-drei-stylingtipps-fuer-graues-haar\/","title":{"rendered":"Betonen oder verstecken? Drei Stylingtipps f\u00fcr graues Haar"},"content":{"rendered":"<p style=\"text-align: justify\"><span style=\"font-weight: 400\">Wie eine Flasche Pinot Grigio, gibt es manche Dinge, die erst mit einem gewissen Alter gut werden. Zuerst einmal: graues Haar ist nichts Schlimmes \u2013 ganz im Gegenteil! Es ist etwas Neues, dass sich lohnt zelebriert zu werden.\u00a0<\/span><\/p>\n<p style=\"text-align: justify\"><span style=\"font-weight: 400\">Unsere Haare erhalten ihre nat\u00fcrliche Haarfarbe dank der Melaninpigmente, die in ihnen stecken. Wenn wir \u00e4lter werden verlangsamt sich die Produktion des Pigments. Also wartet das Grau werden auf jeden von uns \u2013 ob wir wollen oder nicht. Es kommt ganz allein auf unsere Gene an. Egal ob du planst, den Zeichen der Zeit entgegenzuwirken oder in ihnen eine neue <a href=\"https:\/\/www.treatwell.at\/orte\/behandlung-herren-farbe\/angebot-typ-lokal\/in-at\/\">Stylingherausforderung<\/a> siehst: Hier sind drei Tipps f\u00fcr graues Haar.<\/span><\/p>\n<p style=\"text-align: justify\">\n<div class=\"schema-faq wp-block-yoast-faq-block\">\n<div class=\"schema-faq-section\" id=\"faq-question-1768750946469\">\n<h3 class=\"schema-faq-question\">Wie bringst du graue Haare besonders sch\u00f6n zur Geltung?<\/h3>\n<p class=\"schema-faq-answer\">Mit Highlights kannst du graue Haare hervorheben, besonders wenn weniger als 25% deines Haars grau wirken. Fachleute setzen High- und Lowlights f\u00fcr einen nat\u00fcrlichen Verlauf ein, ohne das Grau komplett zu verdecken.<\/div>\n<div class=\"schema-faq-section\" id=\"faq-question-1768750946470\">\n<h3 class=\"schema-faq-question\">Wie lange h\u00e4lt eine semipermanente Haarfarbe auf grauem Haar?<\/h3>\n<p class=\"schema-faq-answer\">Semipermanente Farbe h\u00e4lt bis zu 12 Haarw\u00e4schen und sorgt f\u00fcr eine schonende Abdeckung der Graut\u00f6ne. Danach empfiehlt sich eine erneute Behandlung im Salon, um das Ergebnis frisch zu halten.<\/div>\n<div class=\"schema-faq-section\" id=\"faq-question-1768750946471\">\n<h3 class=\"schema-faq-question\">Welche Pflege macht graue Haare geschmeidig?<\/h3>\n<p class=\"schema-faq-answer\">Eine Pflegesp\u00fclung oder Argan\u00f6l, das reich an Vitamin E und Omega-6-S\u00e4ure ist, wirkt effektiv gegen spr\u00f6de L\u00e4ngen. Beide Produkte versorgen das Haar mit Feuchtigkeit und sorgen f\u00fcr sp\u00fcrbare Geschmeidigkeit.<\/div>\n<div class=\"schema-faq-section\" id=\"faq-question-1768750946472\">\n<h3 class=\"schema-faq-question\">Wie bekommst du deine nat\u00fcrliche graue Haarfarbe nach dem F\u00e4rben zur\u00fcck?<\/h3>\n<p class=\"schema-faq-answer\">Nach einer vollst\u00e4ndigen Abdeckung kehrt die nat\u00fcrliche Grauf\u00e4rbung erst durch Abwarten zur\u00fcck. Geduld spielt die gr\u00f6\u00dfte Rolle, bis dein nat\u00fcrliches Grau wieder sichtbar wird.<\/div>\n<div class=\"schema-faq-section\" id=\"faq-question-1768750946473\">\n<h3 class=\"schema-faq-question\">Wann eignet sich eine vollst\u00e4ndige F\u00e4rbung bei grauem Haar?<\/h3>\n<p class=\"schema-faq-answer\">Eine permanente F\u00e4rbung empfiehlt sich, wenn du lang anhaltende Abdeckung w\u00fcnschst. Enth\u00e4lt das Produkt Ammoniak, dringt die Farbe tief ins Haar ein und l\u00f6st vorhandene Pigmente f\u00fcr ein dauerhaftes Ergebnis.<\/div>\n<\/p><\/div>\n","protected":false},"excerpt":{"rendered":"<p>Wie eine Flasche Pinot Grigio, gibt es manche Dinge, die erst mit einem gewissen Alter gut werden. Zuerst einmal: graues Haar ist nichts Schlimmes \u2013 ganz im Gegenteil! Es ist etwas Neues, dass sich lohnt zelebriert zu werden.\u00a0 Unsere Haare erhalten ihre nat\u00fcrliche Haarfarbe dank der Melaninpigmente, die in ihnen stecken. Wenn wir \u00e4lter werden [&hellip;]<\/p>\n","protected":false},"author":1,"featured_media":17034,"comment_status":"closed","ping_status":"closed","sticky":false,"template":"","format":"standard","meta":{"_acf_changed":false,"_yoast_wpseo_title":"Betonen oder verstecken? Drei Stylingtipps f\u00fcr graues Haar - Treatwell","_yoast_wpseo_metadesc":"Egal ob du planst, den Zeichen der Zeit entgegenzuwirken oder in ihnen eine neue Stylingherausforderung siehst: Hier sind drei Tipps f\u00fcr graues Haar.","_genesis_hide_title":false,"_genesis_hide_breadcrumbs":false,"_genesis_hide_singular_image":false,"_genesis_hide_footer_widgets":false,"_genesis_custom_body_class":"","_genesis_custom_post_class":"","_genesis_layout":"","saswp_custom_schema_field":"{\"@context\":\"https:\/\/schema.org\",\"@type\":\"FAQPage\",\"mainEntity\":[{\"@type\":\"Question\",\"name\":\"Wie bringst du graue Haare besonders sch\u00f6n zur Geltung?\",\"acceptedAnswer\":{\"@type\":\"Answer\",\"text\":\"Mit Highlights kannst du graue Haare hervorheben, besonders wenn weniger als 25% deines Haars grau wirken. Fachleute setzen High- und Lowlights f\u00fcr einen nat\u00fcrlichen Verlauf ein, ohne das Grau komplett zu verdecken.\"}},{\"@type\":\"Question\",\"name\":\"Wie lange h\u00e4lt eine semipermanente Haarfarbe auf grauem Haar?\",\"acceptedAnswer\":{\"@type\":\"Answer\",\"text\":\"Semipermanente Farbe h\u00e4lt bis zu 12 Haarw\u00e4schen und sorgt f\u00fcr eine schonende Abdeckung der Graut\u00f6ne. Danach empfiehlt sich eine erneute Behandlung im Salon, um das Ergebnis frisch zu halten.\"}},{\"@type\":\"Question\",\"name\":\"Welche Pflege macht graue Haare geschmeidig?\",\"acceptedAnswer\":{\"@type\":\"Answer\",\"text\":\"Eine Pflegesp\u00fclung oder Argan\u00f6l, das reich an Vitamin E und Omega-6-S\u00e4ure ist, wirkt effektiv gegen spr\u00f6de L\u00e4ngen. Beide Produkte versorgen das Haar mit Feuchtigkeit und sorgen f\u00fcr sp\u00fcrbare Geschmeidigkeit.\"}},{\"@type\":\"Question\",\"name\":\"Wie bekommst du deine nat\u00fcrliche graue Haarfarbe nach dem F\u00e4rben zur\u00fcck?\",\"acceptedAnswer\":{\"@type\":\"Answer\",\"text\":\"Nach einer vollst\u00e4ndigen Abdeckung kehrt die nat\u00fcrliche Grauf\u00e4rbung erst durch Abwarten zur\u00fcck. Geduld spielt die gr\u00f6\u00dfte Rolle, bis dein nat\u00fcrliches Grau wieder sichtbar wird.\"}},{\"@type\":\"Question\",\"name\":\"Wann eignet sich eine vollst\u00e4ndige F\u00e4rbung bei grauem Haar?\",\"acceptedAnswer\":{\"@type\":\"Answer\",\"text\":\"Eine permanente F\u00e4rbung empfiehlt sich, wenn du lang anhaltende Abdeckung w\u00fcnschst. Enth\u00e4lt das Produkt Ammoniak, dringt die Farbe tief ins Haar ein und l\u00f6st vorhandene Pigmente f\u00fcr ein dauerhaftes Ergebnis.\"}}]}","footnotes":""},"categories":[9,64],"tags":[57,10],"class_list":{"0":"post-17029","1":"post","2":"type-post","3":"status-publish","4":"format-standard","5":"has-post-thumbnail","7":"category-beauty","8":"category-men","9":"tag-tr731","10":"tag-tr716","11":"entry"},"acf":{"post_credits":"Bildrechte: ETTORE FERRARI\/EPA-EFE\/REX\/Shutterstock, Startraks Photo\/Shutterstock, Patrick Lewis\/Starpix\/Shutterstock, David Fisher\/Shutterstock","beauty_blog_post_button_title":"","beauty_blog_post_button":"","landscape_picture":17033,"blocks":[{"block_title":"Graut\u00f6ne betonen: Highlights","block_content":"<p>Wenn weniger als 25% deiner Haare grau sind, k&ouml;nnen Highlights deinen Grauton noch sch&ouml;ner hervorbringen. Bei Str&auml;hnchen und Highlights raten wir immer <a href=\"https:\/\/www.treatwell.at\/orte\/behandlung-maennerhaarschnitte\/angebot-typ-lokal\/in-at\/\">zu einem professionellen Termin, denn der*die Colorist*in<\/a> wei&szlig; genau, wie die nat&uuml;rliche Farbe erhalten werden kann. High- und Lowlights sorgen daf&uuml;r, dass ein nat&uuml;rlicher Farbverlauf entsteht und das Grau nicht verdeckt, sondern vorteilhaft betont wird. Es gibt also nichts zu bef&uuml;rchten.&nbsp;<\/p>\n","video_content":"","block_picture":17030},{"block_title":"Versteckspiel: Vollst\u00e4ndige Abdeckung\u00a0","block_content":"<p>Wenn du dich nicht festlegen magst, ist eine semipermanente Farbe oder T&ouml;nung das Richtige f&uuml;r dich. Auch hier werden die Graut&ouml;ne (sogar schonender) abgedeckt. Alles in allem h&auml;lt diese Variante bis zu 12 Haarw&auml;schen, danach ist der erneute Friseurbesuch zum Nachf&auml;rben angesagt. Die <a href=\"https:\/\/www.treatwell.at\/orte\/behandlung-herren-farbe\/angebot-typ-lokal\/in-at\/\">permanente F&auml;rbung<\/a> ist nat&uuml;rlich lang anhaltender. Wenn Ammoniak enthalten ist, dringt die Farbe tief in die Haare ein und l&ouml;st das Pigment von dem Haarfollikel.&nbsp;<br \/>\nUm dein nat&uuml;rliches Grau nach einer vollst&auml;ndigen Abdeckung wiederzubekommen, ist Abwarten und Tee trinken angesagt. Falls du dir unsicher bist, raten wir zu einer vorherigen Beratung, denn die Profis finden gemeinsam mit dir die passende Variante.&nbsp;<\/p>\n","video_content":"","block_picture":17031},{"block_title":"Grau in grau: F\u00e4rben ist nicht alles","block_content":"<p>Wenn du weder T&ouml;nung noch F&auml;rben noch Highlights anstrebst, bleibt eine Option &uuml;brig: Nat&uuml;rlichkeit. Wenn du dich dazu entscheidest, deine nat&uuml;rlichen Haare zu zelebrieren, dann ist die richtige Pflege das A und O. Die Oberfl&auml;che grauer Haare kann rau sein und sich schnell griffig anf&uuml;hlen. F&uuml;r mehr Geschmeidigkeit raten wir zu einer Pflegesp&uuml;lung oder etwas Argan&ouml;l. Das Argan&ouml;l ist reich an Vitamin E und Omega-6-S&auml;ure, so dass die Feuchtigkeit im Haar gehalten werden kann und spr&ouml;de L&auml;ngen keine Chance haben.<\/p>\n\n<p>Mit Treatwell kannst du<a href=\"http:\/\/www.treatwell.at\"> Friseur, Beauty und all deine Lieblingssalons online buchen<\/a> &ndash; simpel, m&uuml;helos, von unterwegs.&nbsp;<\/p>\n","video_content":"","block_picture":17032}]},"yoast_head":"<!-- This site is optimized with the Yoast SEO plugin v27.4 - https:\/\/yoast.com\/product\/yoast-seo-wordpress\/ -->\n<title>Betonen oder verstecken? Drei Stylingtipps f\u00fcr graues Haar - Treatwell<\/title>\n<meta name=\"description\" content=\"Egal ob du planst, den Zeichen der Zeit entgegenzuwirken oder in ihnen eine neue Stylingherausforderung siehst: Hier sind drei Tipps f\u00fcr graues Haar.\" \/>\n<meta name=\"robots\" content=\"index, follow, max-snippet:-1, max-image-preview:large, max-video-preview:-1\" \/>\n<link rel=\"canonical\" href=\"https:\/\/www.treatwell.at/treatment-files\/betonen-oder-verstecken-drei-stylingtipps-fuer-graues-haar\/\" \/>\n<meta property=\"og:locale\" content=\"de_DE\" \/>\n<meta property=\"og:type\" content=\"article\" \/>\n<meta property=\"og:title\" content=\"Betonen oder verstecken? Drei Stylingtipps f\u00fcr graues Haar - Treatwell\" \/>\n<meta property=\"og:description\" content=\"Egal ob du planst, den Zeichen der Zeit entgegenzuwirken oder in ihnen eine neue Stylingherausforderung siehst: Hier sind drei Tipps f\u00fcr graues Haar.\" \/>\n<meta property=\"og:url\" content=\"https:\/\/www.treatwell.at/treatment-files\/betonen-oder-verstecken-drei-stylingtipps-fuer-graues-haar\/\" \/>\n<meta property=\"og:site_name\" content=\"The Treatment Files Blog\" \/>\n<meta property=\"article:published_time\" content=\"2021-02-01T07:01:36+00:00\" \/>\n<meta property=\"article:modified_time\" content=\"2026-01-18T15:44:50+00:00\" \/>\n<meta property=\"og:image\" content=\"https:\/\/www.treatwell.at/treatment-files\/wp-content\/uploads\/sites\/2\/2022\/03\/Grau_FEATURED.jpg\" \/>\n\t<meta property=\"og:image:width\" content=\"628\" \/>\n\t<meta property=\"og:image:height\" content=\"628\" \/>\n\t<meta property=\"og:image:type\" content=\"image\/jpeg\" \/>\n<meta name=\"author\" content=\"martech_user\" \/>\n<meta name=\"twitter:card\" content=\"summary_large_image\" \/>\n<meta name=\"twitter:label1\" content=\"Verfasst von\" \/>\n\t<meta name=\"twitter:data1\" content=\"martech_user\" \/>\n\t<meta name=\"twitter:label2\" content=\"Gesch\u00e4tzte Lesezeit\" \/>\n\t<meta name=\"twitter:data2\" content=\"2 Minuten\" \/>\n<script type=\"application\/ld+json\" class=\"yoast-schema-graph\">{\"@context\":\"https:\\\/\\\/schema.org\",\"@graph\":[{\"@type\":\"Article\",\"@id\":\"https:\\\/\\\/www.treatwell.at/treatment-files\\\/betonen-oder-verstecken-drei-stylingtipps-fuer-graues-haar\\\/#article\",\"isPartOf\":{\"@id\":\"https:\\\/\\\/www.treatwell.at/treatment-files\\\/betonen-oder-verstecken-drei-stylingtipps-fuer-graues-haar\\\/\"},\"author\":{\"name\":\"martech_user\",\"@id\":\"https:\\\/\\\/www.treatwell.at/treatment-files\\\/#\\\/schema\\\/person\\\/03f6822a355441f173e9ac30c26bbea7\"},\"headline\":\"Betonen oder verstecken? Drei Stylingtipps f\u00fcr graues Haar\",\"datePublished\":\"2021-02-01T07:01:36+00:00\",\"dateModified\":\"2026-01-18T15:44:50+00:00\",\"mainEntityOfPage\":{\"@id\":\"https:\\\/\\\/www.treatwell.at/treatment-files\\\/betonen-oder-verstecken-drei-stylingtipps-fuer-graues-haar\\\/\"},\"wordCount\":334,\"publisher\":{\"@id\":\"https:\\\/\\\/www.treatwell.at/treatment-files\\\/#organization\"},\"image\":{\"@id\":\"https:\\\/\\\/www.treatwell.at/treatment-files\\\/betonen-oder-verstecken-drei-stylingtipps-fuer-graues-haar\\\/#primaryimage\"},\"thumbnailUrl\":\"https:\\\/\\\/www.treatwell.at/treatment-files\\\/wp-content\\\/uploads\\\/sites\\\/2\\\/2022\\\/03\\\/Grau_FEATURED.jpg\",\"keywords\":[\"Men's Hair Colouring and Greys Coverage\",\"Men's Haircuts and Hairdressing\"],\"articleSection\":[\"Beauty\",\"Men\"],\"inLanguage\":\"de-AT\"},{\"@type\":\"WebPage\",\"@id\":\"https:\\\/\\\/www.treatwell.at/treatment-files\\\/betonen-oder-verstecken-drei-stylingtipps-fuer-graues-haar\\\/\",\"url\":\"https:\\\/\\\/www.treatwell.at/treatment-files\\\/betonen-oder-verstecken-drei-stylingtipps-fuer-graues-haar\\\/\",\"name\":\"Betonen oder verstecken? Drei Stylingtipps f\u00fcr graues Haar - Treatwell\",\"isPartOf\":{\"@id\":\"https:\\\/\\\/www.treatwell.at/treatment-files\\\/#website\"},\"primaryImageOfPage\":{\"@id\":\"https:\\\/\\\/www.treatwell.at/treatment-files\\\/betonen-oder-verstecken-drei-stylingtipps-fuer-graues-haar\\\/#primaryimage\"},\"image\":{\"@id\":\"https:\\\/\\\/www.treatwell.at/treatment-files\\\/betonen-oder-verstecken-drei-stylingtipps-fuer-graues-haar\\\/#primaryimage\"},\"thumbnailUrl\":\"https:\\\/\\\/www.treatwell.at/treatment-files\\\/wp-content\\\/uploads\\\/sites\\\/2\\\/2022\\\/03\\\/Grau_FEATURED.jpg\",\"datePublished\":\"2021-02-01T07:01:36+00:00\",\"dateModified\":\"2026-01-18T15:44:50+00:00\",\"description\":\"Egal ob du planst, den Zeichen der Zeit entgegenzuwirken oder in ihnen eine neue Stylingherausforderung siehst: Hier sind drei Tipps f\u00fcr graues Haar.\",\"breadcrumb\":{\"@id\":\"https:\\\/\\\/www.treatwell.at/treatment-files\\\/betonen-oder-verstecken-drei-stylingtipps-fuer-graues-haar\\\/#breadcrumb\"},\"inLanguage\":\"de-AT\",\"potentialAction\":[{\"@type\":\"ReadAction\",\"target\":[\"https:\\\/\\\/www.treatwell.at/treatment-files\\\/betonen-oder-verstecken-drei-stylingtipps-fuer-graues-haar\\\/\"]}]},{\"@type\":\"ImageObject\",\"inLanguage\":\"de-AT\",\"@id\":\"https:\\\/\\\/www.treatwell.at/treatment-files\\\/betonen-oder-verstecken-drei-stylingtipps-fuer-graues-haar\\\/#primaryimage\",\"url\":\"https:\\\/\\\/www.treatwell.at/treatment-files\\\/wp-content\\\/uploads\\\/sites\\\/2\\\/2022\\\/03\\\/Grau_FEATURED.jpg\",\"contentUrl\":\"https:\\\/\\\/www.treatwell.at/treatment-files\\\/wp-content\\\/uploads\\\/sites\\\/2\\\/2022\\\/03\\\/Grau_FEATURED.jpg\",\"width\":628,\"height\":628},{\"@type\":\"BreadcrumbList\",\"@id\":\"https:\\\/\\\/www.treatwell.at/treatment-files\\\/betonen-oder-verstecken-drei-stylingtipps-fuer-graues-haar\\\/#breadcrumb\",\"itemListElement\":[{\"@type\":\"ListItem\",\"position\":1,\"name\":\"Home\",\"item\":\"https:\\\/\\\/www.treatwell.at/treatment-files\\\/\"},{\"@type\":\"ListItem\",\"position\":2,\"name\":\"Beauty\",\"item\":\"https:\\\/\\\/www.treatwell.at/treatment-files\\\/beauty\\\/\"},{\"@type\":\"ListItem\",\"position\":3,\"name\":\"Betonen oder verstecken? Drei Stylingtipps f\u00fcr graues Haar\"}]},{\"@type\":\"WebSite\",\"@id\":\"https:\\\/\\\/www.treatwell.at/treatment-files\\\/#website\",\"url\":\"https:\\\/\\\/www.treatwell.at/treatment-files\\\/\",\"name\":\"The Treatment Files Blog\",\"description\":\"Beauty entdecken. Beauty erleben.\",\"publisher\":{\"@id\":\"https:\\\/\\\/www.treatwell.at/treatment-files\\\/#organization\"},\"potentialAction\":[{\"@type\":\"SearchAction\",\"target\":{\"@type\":\"EntryPoint\",\"urlTemplate\":\"https:\\\/\\\/www.treatwell.at/treatment-files\\\/?s={search_term_string}\"},\"query-input\":{\"@type\":\"PropertyValueSpecification\",\"valueRequired\":true,\"valueName\":\"search_term_string\"}}],\"inLanguage\":\"de-AT\"},{\"@type\":\"Organization\",\"@id\":\"https:\\\/\\\/www.treatwell.at/treatment-files\\\/#organization\",\"name\":\"Treatwell\",\"url\":\"https:\\\/\\\/www.treatwell.at/treatment-files\\\/\",\"logo\":{\"@type\":\"ImageObject\",\"inLanguage\":\"de-AT\",\"@id\":\"https:\\\/\\\/www.treatwell.at/treatment-files\\\/#\\\/schema\\\/logo\\\/image\\\/\",\"url\":\"https:\\\/\\\/www.treatwell.at/treatment-files\\\/wp-content\\\/uploads\\\/sites\\\/2\\\/2022\\\/03\\\/logo_treatwell.png\",\"contentUrl\":\"https:\\\/\\\/www.treatwell.at/treatment-files\\\/wp-content\\\/uploads\\\/sites\\\/2\\\/2022\\\/03\\\/logo_treatwell.png\",\"width\":889,\"height\":164,\"caption\":\"Treatwell\"},\"image\":{\"@id\":\"https:\\\/\\\/www.treatwell.at/treatment-files\\\/#\\\/schema\\\/logo\\\/image\\\/\"}},{\"@type\":\"Person\",\"@id\":\"https:\\\/\\\/www.treatwell.at/treatment-files\\\/#\\\/schema\\\/person\\\/03f6822a355441f173e9ac30c26bbea7\",\"name\":\"martech_user\",\"image\":{\"@type\":\"ImageObject\",\"inLanguage\":\"de-AT\",\"@id\":\"https:\\\/\\\/secure.gravatar.com\\\/avatar\\\/00b8ce6de4dcf1f674424c913e6ca2f7e80538f56ac2b7d005b1c32397ae5920?s=96&d=mm&r=g\",\"url\":\"https:\\\/\\\/secure.gravatar.com\\\/avatar\\\/00b8ce6de4dcf1f674424c913e6ca2f7e80538f56ac2b7d005b1c32397ae5920?s=96&d=mm&r=g\",\"contentUrl\":\"https:\\\/\\\/secure.gravatar.com\\\/avatar\\\/00b8ce6de4dcf1f674424c913e6ca2f7e80538f56ac2b7d005b1c32397ae5920?s=96&d=mm&r=g\",\"caption\":\"martech_user\"},\"url\":\"https:\\\/\\\/www.treatwell.at/treatment-files\\\/author\\\/paolo\\\/\"}]}<\/script>\n<!-- \/ Yoast SEO plugin. -->","yoast_head_json":{"title":"Betonen oder verstecken? Drei Stylingtipps f\u00fcr graues Haar - Treatwell","description":"Egal ob du planst, den Zeichen der Zeit entgegenzuwirken oder in ihnen eine neue Stylingherausforderung siehst: Hier sind drei Tipps f\u00fcr graues Haar.","robots":{"index":"index","follow":"follow","max-snippet":"max-snippet:-1","max-image-preview":"max-image-preview:large","max-video-preview":"max-video-preview:-1"},"canonical":"https:\/\/www.treatwell.at/treatment-files\/betonen-oder-verstecken-drei-stylingtipps-fuer-graues-haar\/","og_locale":"de_DE","og_type":"article","og_title":"Betonen oder verstecken? Drei Stylingtipps f\u00fcr graues Haar - Treatwell","og_description":"Egal ob du planst, den Zeichen der Zeit entgegenzuwirken oder in ihnen eine neue Stylingherausforderung siehst: Hier sind drei Tipps f\u00fcr graues Haar.","og_url":"https:\/\/www.treatwell.at/treatment-files\/betonen-oder-verstecken-drei-stylingtipps-fuer-graues-haar\/","og_site_name":"The Treatment Files Blog","article_published_time":"2021-02-01T07:01:36+00:00","article_modified_time":"2026-01-18T15:44:50+00:00","og_image":[{"width":628,"height":628,"url":"https:\/\/www.treatwell.at/treatment-files\/wp-content\/uploads\/sites\/2\/2022\/03\/Grau_FEATURED.jpg","type":"image\/jpeg"}],"author":"martech_user","twitter_card":"summary_large_image","twitter_misc":{"Verfasst von":"martech_user","Gesch\u00e4tzte Lesezeit":"2 Minuten"},"schema":{"@context":"https:\/\/schema.org","@graph":[{"@type":"Article","@id":"https:\/\/www.treatwell.at/treatment-files\/betonen-oder-verstecken-drei-stylingtipps-fuer-graues-haar\/#article","isPartOf":{"@id":"https:\/\/www.treatwell.at/treatment-files\/betonen-oder-verstecken-drei-stylingtipps-fuer-graues-haar\/"},"author":{"name":"martech_user","@id":"https:\/\/www.treatwell.at/treatment-files\/#\/schema\/person\/03f6822a355441f173e9ac30c26bbea7"},"headline":"Betonen oder verstecken? Drei Stylingtipps f\u00fcr graues Haar","datePublished":"2021-02-01T07:01:36+00:00","dateModified":"2026-01-18T15:44:50+00:00","mainEntityOfPage":{"@id":"https:\/\/www.treatwell.at/treatment-files\/betonen-oder-verstecken-drei-stylingtipps-fuer-graues-haar\/"},"wordCount":334,"publisher":{"@id":"https:\/\/www.treatwell.at/treatment-files\/#organization"},"image":{"@id":"https:\/\/www.treatwell.at/treatment-files\/betonen-oder-verstecken-drei-stylingtipps-fuer-graues-haar\/#primaryimage"},"thumbnailUrl":"https:\/\/www.treatwell.at/treatment-files\/wp-content\/uploads\/sites\/2\/2022\/03\/Grau_FEATURED.jpg","keywords":["Men's Hair Colouring and Greys Coverage","Men's Haircuts and Hairdressing"],"articleSection":["Beauty","Men"],"inLanguage":"de-AT"},{"@type":"WebPage","@id":"https:\/\/www.treatwell.at/treatment-files\/betonen-oder-verstecken-drei-stylingtipps-fuer-graues-haar\/","url":"https:\/\/www.treatwell.at/treatment-files\/betonen-oder-verstecken-drei-stylingtipps-fuer-graues-haar\/","name":"Betonen oder verstecken? Drei Stylingtipps f\u00fcr graues Haar - Treatwell","isPartOf":{"@id":"https:\/\/www.treatwell.at/treatment-files\/#website"},"primaryImageOfPage":{"@id":"https:\/\/www.treatwell.at/treatment-files\/betonen-oder-verstecken-drei-stylingtipps-fuer-graues-haar\/#primaryimage"},"image":{"@id":"https:\/\/www.treatwell.at/treatment-files\/betonen-oder-verstecken-drei-stylingtipps-fuer-graues-haar\/#primaryimage"},"thumbnailUrl":"https:\/\/www.treatwell.at/treatment-files\/wp-content\/uploads\/sites\/2\/2022\/03\/Grau_FEATURED.jpg","datePublished":"2021-02-01T07:01:36+00:00","dateModified":"2026-01-18T15:44:50+00:00","description":"Egal ob du planst, den Zeichen der Zeit entgegenzuwirken oder in ihnen eine neue Stylingherausforderung siehst: Hier sind drei Tipps f\u00fcr graues Haar.","breadcrumb":{"@id":"https:\/\/www.treatwell.at/treatment-files\/betonen-oder-verstecken-drei-stylingtipps-fuer-graues-haar\/#breadcrumb"},"inLanguage":"de-AT","potentialAction":[{"@type":"ReadAction","target":["https:\/\/www.treatwell.at/treatment-files\/betonen-oder-verstecken-drei-stylingtipps-fuer-graues-haar\/"]}]},{"@type":"ImageObject","inLanguage":"de-AT","@id":"https:\/\/www.treatwell.at/treatment-files\/betonen-oder-verstecken-drei-stylingtipps-fuer-graues-haar\/#primaryimage","url":"https:\/\/www.treatwell.at/treatment-files\/wp-content\/uploads\/sites\/2\/2022\/03\/Grau_FEATURED.jpg","contentUrl":"https:\/\/www.treatwell.at/treatment-files\/wp-content\/uploads\/sites\/2\/2022\/03\/Grau_FEATURED.jpg","width":628,"height":628},{"@type":"BreadcrumbList","@id":"https:\/\/www.treatwell.at/treatment-files\/betonen-oder-verstecken-drei-stylingtipps-fuer-graues-haar\/#breadcrumb","itemListElement":[{"@type":"ListItem","position":1,"name":"Home","item":"https:\/\/www.treatwell.at/treatment-files\/"},{"@type":"ListItem","position":2,"name":"Beauty","item":"https:\/\/www.treatwell.at/treatment-files\/beauty\/"},{"@type":"ListItem","position":3,"name":"Betonen oder verstecken? Drei Stylingtipps f\u00fcr graues Haar"}]},{"@type":"WebSite","@id":"https:\/\/www.treatwell.at/treatment-files\/#website","url":"https:\/\/www.treatwell.at/treatment-files\/","name":"The Treatment Files Blog","description":"Beauty entdecken. Beauty erleben.","publisher":{"@id":"https:\/\/www.treatwell.at/treatment-files\/#organization"},"potentialAction":[{"@type":"SearchAction","target":{"@type":"EntryPoint","urlTemplate":"https:\/\/www.treatwell.at/treatment-files\/?s={search_term_string}"},"query-input":{"@type":"PropertyValueSpecification","valueRequired":true,"valueName":"search_term_string"}}],"inLanguage":"de-AT"},{"@type":"Organization","@id":"https:\/\/www.treatwell.at/treatment-files\/#organization","name":"Treatwell","url":"https:\/\/www.treatwell.at/treatment-files\/","logo":{"@type":"ImageObject","inLanguage":"de-AT","@id":"https:\/\/www.treatwell.at/treatment-files\/#\/schema\/logo\/image\/","url":"https:\/\/www.treatwell.at/treatment-files\/wp-content\/uploads\/sites\/2\/2022\/03\/logo_treatwell.png","contentUrl":"https:\/\/www.treatwell.at/treatment-files\/wp-content\/uploads\/sites\/2\/2022\/03\/logo_treatwell.png","width":889,"height":164,"caption":"Treatwell"},"image":{"@id":"https:\/\/www.treatwell.at/treatment-files\/#\/schema\/logo\/image\/"}},{"@type":"Person","@id":"https:\/\/www.treatwell.at/treatment-files\/#\/schema\/person\/03f6822a355441f173e9ac30c26bbea7","name":"martech_user","image":{"@type":"ImageObject","inLanguage":"de-AT","@id":"https:\/\/secure.gravatar.com\/avatar\/00b8ce6de4dcf1f674424c913e6ca2f7e80538f56ac2b7d005b1c32397ae5920?s=96&d=mm&r=g","url":"https:\/\/secure.gravatar.com\/avatar\/00b8ce6de4dcf1f674424c913e6ca2f7e80538f56ac2b7d005b1c32397ae5920?s=96&d=mm&r=g","contentUrl":"https:\/\/secure.gravatar.com\/avatar\/00b8ce6de4dcf1f674424c913e6ca2f7e80538f56ac2b7d005b1c32397ae5920?s=96&d=mm&r=g","caption":"martech_user"},"url":"https:\/\/www.treatwell.at/treatment-files\/author\/paolo\/"}]}},"featured_image_src":"https:\/\/www.treatwell.at/treatment-files\/wp-content\/uploads\/sites\/2\/2022\/03\/Grau_FEATURED-600x400.jpg","featured_image_src_square":"https:\/\/www.treatwell.at/treatment-files\/wp-content\/uploads\/sites\/2\/2022\/03\/Grau_FEATURED-600x600.jpg","author_info":{"display_name":"martech_user","author_link":"https:\/\/www.treatwell.at/treatment-files\/author\/paolo\/"},"_links":{"self":[{"href":"https:\/\/www.treatwell.at\/treatment-files\/wp-json\/wp\/v2\/posts\/17029","targetHints":{"allow":["GET"]}}],"collection":[{"href":"https:\/\/www.treatwell.at\/treatment-files\/wp-json\/wp\/v2\/posts"}],"about":[{"href":"https:\/\/www.treatwell.at\/treatment-files\/wp-json\/wp\/v2\/types\/post"}],"author":[{"embeddable":true,"href":"https:\/\/www.treatwell.at\/treatment-files\/wp-json\/wp\/v2\/users\/1"}],"replies":[{"embeddable":true,"href":"https:\/\/www.treatwell.at\/treatment-files\/wp-json\/wp\/v2\/comments?post=17029"}],"version-history":[{"count":0,"href":"https:\/\/www.treatwell.at\/treatment-files\/wp-json\/wp\/v2\/posts\/17029\/revisions"}],"wp:featuredmedia":[{"embeddable":true,"href":"https:\/\/www.treatwell.at\/treatment-files\/wp-json\/wp\/v2\/media\/17034"}],"wp:attachment":[{"href":"https:\/\/www.treatwell.at\/treatment-files\/wp-json\/wp\/v2\/media?parent=17029"}],"wp:term":[{"taxonomy":"category","embeddable":true,"href":"https:\/\/www.treatwell.at\/treatment-files\/wp-json\/wp\/v2\/categories?post=17029"},{"taxonomy":"post_tag","embeddable":true,"href":"https:\/\/www.treatwell.at\/treatment-files\/wp-json\/wp\/v2\/tags?post=17029"}],"curies":[{"name":"wp","href":"https:\/\/api.w.org\/{rel}","templated":true}]}}