{"id":17167,"date":"2021-03-03T15:37:35","date_gmt":"2021-03-03T14:37:35","guid":{"rendered":"http:\/\/www.treatwell.at\/treatment-files\/?p=20055"},"modified":"2026-01-18T13:44:18","modified_gmt":"2026-01-18T12:44:18","slug":"ueberraschend-tragbar-das-sind-die-groessten-haartrends-von-2021","status":"publish","type":"post","link":"https:\/\/www.treatwell.at/treatment-files\/ueberraschend-tragbar-das-sind-die-groessten-haartrends-von-2021\/","title":{"rendered":"\u00dcberraschend tragbar: Das sind die gr\u00f6\u00dften Haartrends von 2021"},"content":{"rendered":"<p style=\"text-align: justify\"><span style=\"font-weight: 400\">Wenn du dich im Lockdown dazu entschlossen hast, dein Haar lang zu lassen, k\u00f6nnte es eine gute Option sein \u2013 denn wie dieses Beauty Board beweist, sind die besten Haartrends beides: sehr lang oder sehr kurz.\u00a0<\/span><\/p>\n<p style=\"text-align: justify\"><span style=\"font-weight: 400\">Was gabs auf den Catwalks der letzt aktuellsten Fashion Week zu sehen? Neben Wuschelfrisur und Lockenpracht im 80er-Style gab es auch den ein oder anderen stufig geschnittenen Pony und Buzz Cut zu sehen. Was die Haarfarbe anbelangt, ist ein helles Blond sehr oft gefragt. Wer dazu noch mit lockigem, welligem Haar gesegnet ist, wird diesen Look besonders lieben. Frag deinen Stylisten, welcher Schnitt deine nat\u00fcrliche Haarstruktur am besten betont. Als Inspirationsquelle kannst du dich einfach an Timoth\u00e9e Chalamet und Harry Styles orientieren.<\/span><\/p>\n<p style=\"text-align: justify\"><span style=\"font-weight: 400\">Wenn du eher zu einem Buzz Cut tendierst und dich dazu entschlossen hast, dich von dem Jesus-Look zu verabschieden, dann bitte deinen Stylisten bei der Haarschneidemaschine nicht die k\u00fcrzeste, sondern die zweitk\u00fcrzeste Einstellung zu w\u00e4hlen. Ein Buzz-Cut von etwa 2 cm L\u00e4nge ist perfekt f\u00fcr die anstehenden Fr\u00fchlingstage \u2013 da bleibt sogar noch etwas Spielraum f\u00fcr Styling. Eins wissen wir sicher: Die Trends bleiben spannend.<\/span><\/p>\n<p style=\"text-align: justify\"><span style=\"font-weight: 400\">Von Isabella<\/span><\/p>\n<div class=\"schema-faq wp-block-yoast-faq-block\">\n<div class=\"schema-faq-section\" id=\"faq-question-1768740143443\">\n<h3 class=\"schema-faq-question\">Welche Haartrends wirken aktuell besonders auff\u00e4llig?<\/h3>\n<p class=\"schema-faq-answer\">Sehr langes oder sehr kurzes Haar wirkt aktuell besonders auff\u00e4llig. Auch Wuschelfrisuren, Lockenpracht im 80er-Style oder ein stufig geschnittener Pony geh\u00f6ren zu den beliebtesten Trends.<\/div>\n<div class=\"schema-faq-section\" id=\"faq-question-1768740143444\">\n<h3 class=\"schema-faq-question\">Welche Haarfarbe ist gerade besonders gefragt?<\/h3>\n<p class=\"schema-faq-answer\">Helles Blond steht momentan hoch im Kurs. Dieser Farbton betont besonders lockige oder wellige Haarstrukturen und passt zu vielen modischen Schnitten.<\/div>\n<div class=\"schema-faq-section\" id=\"faq-question-1768740143445\">\n<h3 class=\"schema-faq-question\">Wie lang sollte ein Buzz Cut f\u00fcr den Fr\u00fchling ausfallen?<\/h3>\n<p class=\"schema-faq-answer\">Ein Buzz Cut von etwa 2 cm L\u00e4nge eignet sich perfekt f\u00fcr die anstehenden Fr\u00fchlingstage. Diese L\u00e4nge l\u00e4sst Raum f\u00fcr individuelles Styling und wirkt dennoch frisch und gepflegt.<\/div>\n<div class=\"schema-faq-section\" id=\"faq-question-1768740143446\">\n<h3 class=\"schema-faq-question\">Wem stehen die aktuellen Trendfrisuren besonders gut?<\/h3>\n<p class=\"schema-faq-answer\">Vor allem Menschen mit lockigem oder welligem Haar profitieren von den angesagten Schnitten. Der richtige Haarschnitt hebt die nat\u00fcrliche Haarstruktur deutlich hervor und schafft einen modernen Look.<\/div>\n<div class=\"schema-faq-section\" id=\"faq-question-1768740143447\">\n<h3 class=\"schema-faq-question\">Welche Styling-Vorbilder werden f\u00fcr Frisuren aktuell gerne gew\u00e4hlt?<\/h3>\n<p class=\"schema-faq-answer\">Timoth\u00e9e Chalamet und Harry Styles werden h\u00e4ufig als Inspirationsquelle f\u00fcr moderne Haarschnitte genannt. Ihre Looks wirken sowohl alltagstauglich als auch trendbewusst.<\/div>\n<\/p><\/div>\n","protected":false},"excerpt":{"rendered":"<p>Wenn du dich im Lockdown dazu entschlossen hast, dein Haar lang zu lassen, k\u00f6nnte es eine gute Option sein \u2013 denn wie dieses Beauty Board beweist, sind die besten Haartrends beides: sehr lang oder sehr kurz.\u00a0 Was gabs auf den Catwalks der letzt aktuellsten Fashion Week zu sehen? Neben Wuschelfrisur und Lockenpracht im 80er-Style gab [&hellip;]<\/p>\n","protected":false},"author":3318,"featured_media":17186,"comment_status":"closed","ping_status":"closed","sticky":false,"template":"","format":"standard","meta":{"_acf_changed":false,"_yoast_wpseo_title":"\u00dcberraschend tragbar: Das sind die gr\u00f6\u00dften Haartrends von 2021 - Treatwell","_yoast_wpseo_metadesc":"Wenn du dich im Lockdown dazu entschlossen hast, dein Haar lang zu lassen, k\u00f6nnte es eine gute Option sein \u2013 denn wie dieses Beauty Board beweist, sind die besten Haartrends beides: sehr lang oder sehr kurz.\u00a0","_genesis_hide_title":false,"_genesis_hide_breadcrumbs":false,"_genesis_hide_singular_image":false,"_genesis_hide_footer_widgets":false,"_genesis_custom_body_class":"","_genesis_custom_post_class":"","_genesis_layout":"","saswp_custom_schema_field":"{\"@context\":\"https:\/\/schema.org\",\"@type\":\"FAQPage\",\"mainEntity\":[{\"@type\":\"Question\",\"name\":\"Welche Haartrends wirken aktuell besonders auff\u00e4llig?\",\"acceptedAnswer\":{\"@type\":\"Answer\",\"text\":\"Sehr langes oder sehr kurzes Haar wirkt aktuell besonders auff\u00e4llig. Auch Wuschelfrisuren, Lockenpracht im 80er-Style oder ein stufig geschnittener Pony geh\u00f6ren zu den beliebtesten Trends.\"}},{\"@type\":\"Question\",\"name\":\"Welche Haarfarbe ist gerade besonders gefragt?\",\"acceptedAnswer\":{\"@type\":\"Answer\",\"text\":\"Helles Blond steht momentan hoch im Kurs. Dieser Farbton betont besonders lockige oder wellige Haarstrukturen und passt zu vielen modischen Schnitten.\"}},{\"@type\":\"Question\",\"name\":\"Wie lang sollte ein Buzz Cut f\u00fcr den Fr\u00fchling ausfallen?\",\"acceptedAnswer\":{\"@type\":\"Answer\",\"text\":\"Ein Buzz Cut von etwa 2 cm L\u00e4nge eignet sich perfekt f\u00fcr die anstehenden Fr\u00fchlingstage. Diese L\u00e4nge l\u00e4sst Raum f\u00fcr individuelles Styling und wirkt dennoch frisch und gepflegt.\"}},{\"@type\":\"Question\",\"name\":\"Wem stehen die aktuellen Trendfrisuren besonders gut?\",\"acceptedAnswer\":{\"@type\":\"Answer\",\"text\":\"Vor allem Menschen mit lockigem oder welligem Haar profitieren von den angesagten Schnitten. Der richtige Haarschnitt hebt die nat\u00fcrliche Haarstruktur deutlich hervor und schafft einen modernen Look.\"}},{\"@type\":\"Question\",\"name\":\"Welche Styling-Vorbilder werden f\u00fcr Frisuren aktuell gerne gew\u00e4hlt?\",\"acceptedAnswer\":{\"@type\":\"Answer\",\"text\":\"Timoth\u00e9e Chalamet und Harry Styles werden h\u00e4ufig als Inspirationsquelle f\u00fcr moderne Haarschnitte genannt. Ihre Looks wirken sowohl alltagstauglich als auch trendbewusst.\"}}]}","footnotes":""},"categories":[2],"tags":[10],"class_list":{"0":"post-17167","1":"post","2":"type-post","3":"status-publish","4":"format-standard","5":"has-post-thumbnail","7":"category-trends","8":"tag-tr716","9":"entry"},"acf":{"post_credits":"Bildrechte: Shutterstock, Instagram: @nanuschka, @acnestudios, @etro, @hermes, @regejean, @yourboyfai, @melchija, @toniandguyworld, @kaynambiar, @therealtonheukels, @seangarrette, @romeobeckham, @luomovogue, @dolcegabbana, @peter_dupont, @evanmock","beauty_blog_post_button_title":"Jetzt buchen","beauty_blog_post_button":"https:\/\/www.treatwell.at\/orte\/bei-barbier\/in-at\/","landscape_picture":17185,"blocks":[{"block_title":"","block_content":"","video_content":"","block_picture":17168},{"block_title":"","block_content":"","video_content":"","block_picture":17169},{"block_title":"","block_content":"","video_content":"","block_picture":17170},{"block_title":"","block_content":"","video_content":"","block_picture":17171},{"block_title":"","block_content":"","video_content":"","block_picture":17172},{"block_title":"","block_content":"","video_content":"","block_picture":17173},{"block_title":"","block_content":"","video_content":"","block_picture":17174},{"block_title":"","block_content":"","video_content":"","block_picture":17175},{"block_title":"","block_content":"","video_content":"","block_picture":17176},{"block_title":"","block_content":"","video_content":"","block_picture":17177},{"block_title":"","block_content":"","video_content":"","block_picture":17178},{"block_title":"","block_content":"","video_content":"","block_picture":17179},{"block_title":"","block_content":"","video_content":"","block_picture":17180},{"block_title":"","block_content":"","video_content":"","block_picture":17181},{"block_title":"","block_content":"","video_content":"","block_picture":17182},{"block_title":"","block_content":"","video_content":"","block_picture":17183},{"block_title":"","block_content":"","video_content":"","block_picture":17184}]},"yoast_head":"<!-- This site is optimized with the Yoast SEO plugin v27.5 - https:\/\/yoast.com\/product\/yoast-seo-wordpress\/ -->\n<title>\u00dcberraschend tragbar: Das sind die gr\u00f6\u00dften Haartrends von 2021 - Treatwell<\/title>\n<meta name=\"description\" content=\"Wenn du dich im Lockdown dazu entschlossen hast, dein Haar lang zu lassen, k\u00f6nnte es eine gute Option sein \u2013 denn wie dieses Beauty Board beweist, sind die besten Haartrends beides: sehr lang oder sehr kurz.\u00a0\" \/>\n<meta name=\"robots\" content=\"index, follow, max-snippet:-1, max-image-preview:large, max-video-preview:-1\" \/>\n<link rel=\"canonical\" href=\"https:\/\/www.treatwell.at/treatment-files\/ueberraschend-tragbar-das-sind-die-groessten-haartrends-von-2021\/\" \/>\n<meta property=\"og:locale\" content=\"de_DE\" \/>\n<meta property=\"og:type\" content=\"article\" \/>\n<meta property=\"og:title\" content=\"\u00dcberraschend tragbar: Das sind die gr\u00f6\u00dften Haartrends von 2021 - Treatwell\" \/>\n<meta property=\"og:description\" content=\"Wenn du dich im Lockdown dazu entschlossen hast, dein Haar lang zu lassen, k\u00f6nnte es eine gute Option sein \u2013 denn wie dieses Beauty Board beweist, sind die besten Haartrends beides: sehr lang oder sehr kurz.\u00a0\" \/>\n<meta property=\"og:url\" content=\"https:\/\/www.treatwell.at/treatment-files\/ueberraschend-tragbar-das-sind-die-groessten-haartrends-von-2021\/\" \/>\n<meta property=\"og:site_name\" content=\"The Treatment Files Blog\" \/>\n<meta property=\"article:published_time\" content=\"2021-03-03T14:37:35+00:00\" \/>\n<meta property=\"article:modified_time\" content=\"2026-01-18T12:44:18+00:00\" \/>\n<meta property=\"og:image\" content=\"https:\/\/www.treatwell.at/treatment-files\/wp-content\/uploads\/sites\/2\/2022\/03\/featured_ma\u0308nner_haartrends_2021.jpg\" \/>\n\t<meta property=\"og:image:width\" content=\"528\" \/>\n\t<meta property=\"og:image:height\" content=\"528\" \/>\n\t<meta property=\"og:image:type\" content=\"image\/jpeg\" \/>\n<meta name=\"author\" content=\"Isabella Tombinski-robb\" \/>\n<meta name=\"twitter:card\" content=\"summary_large_image\" \/>\n<meta name=\"twitter:label1\" content=\"Verfasst von\" \/>\n\t<meta name=\"twitter:data1\" content=\"Isabella Tombinski-robb\" \/>\n\t<meta name=\"twitter:label2\" content=\"Gesch\u00e4tzte Lesezeit\" \/>\n\t<meta name=\"twitter:data2\" content=\"2 Minuten\" \/>\n<script type=\"application\/ld+json\" class=\"yoast-schema-graph\">{\"@context\":\"https:\\\/\\\/schema.org\",\"@graph\":[{\"@type\":\"Article\",\"@id\":\"https:\\\/\\\/www.treatwell.at/treatment-files\\\/ueberraschend-tragbar-das-sind-die-groessten-haartrends-von-2021\\\/#article\",\"isPartOf\":{\"@id\":\"https:\\\/\\\/www.treatwell.at/treatment-files\\\/ueberraschend-tragbar-das-sind-die-groessten-haartrends-von-2021\\\/\"},\"author\":{\"name\":\"Isabella Tombinski-robb\",\"@id\":\"https:\\\/\\\/www.treatwell.at/treatment-files\\\/#\\\/schema\\\/person\\\/869d3f19bdf4203c8e6e97c64e1c3c8e\"},\"headline\":\"\u00dcberraschend tragbar: Das sind die gr\u00f6\u00dften Haartrends von 2021\",\"datePublished\":\"2021-03-03T14:37:35+00:00\",\"dateModified\":\"2026-01-18T12:44:18+00:00\",\"mainEntityOfPage\":{\"@id\":\"https:\\\/\\\/www.treatwell.at/treatment-files\\\/ueberraschend-tragbar-das-sind-die-groessten-haartrends-von-2021\\\/\"},\"wordCount\":376,\"publisher\":{\"@id\":\"https:\\\/\\\/www.treatwell.at/treatment-files\\\/#organization\"},\"image\":{\"@id\":\"https:\\\/\\\/www.treatwell.at/treatment-files\\\/ueberraschend-tragbar-das-sind-die-groessten-haartrends-von-2021\\\/#primaryimage\"},\"thumbnailUrl\":\"https:\\\/\\\/www.treatwell.at/treatment-files\\\/wp-content\\\/uploads\\\/sites\\\/2\\\/2022\\\/03\\\/featured_ma\u0308nner_haartrends_2021.jpg\",\"keywords\":[\"Men's Haircuts and Hairdressing\"],\"articleSection\":[\"Trends\"],\"inLanguage\":\"de-AT\"},{\"@type\":\"WebPage\",\"@id\":\"https:\\\/\\\/www.treatwell.at/treatment-files\\\/ueberraschend-tragbar-das-sind-die-groessten-haartrends-von-2021\\\/\",\"url\":\"https:\\\/\\\/www.treatwell.at/treatment-files\\\/ueberraschend-tragbar-das-sind-die-groessten-haartrends-von-2021\\\/\",\"name\":\"\u00dcberraschend tragbar: Das sind die gr\u00f6\u00dften Haartrends von 2021 - Treatwell\",\"isPartOf\":{\"@id\":\"https:\\\/\\\/www.treatwell.at/treatment-files\\\/#website\"},\"primaryImageOfPage\":{\"@id\":\"https:\\\/\\\/www.treatwell.at/treatment-files\\\/ueberraschend-tragbar-das-sind-die-groessten-haartrends-von-2021\\\/#primaryimage\"},\"image\":{\"@id\":\"https:\\\/\\\/www.treatwell.at/treatment-files\\\/ueberraschend-tragbar-das-sind-die-groessten-haartrends-von-2021\\\/#primaryimage\"},\"thumbnailUrl\":\"https:\\\/\\\/www.treatwell.at/treatment-files\\\/wp-content\\\/uploads\\\/sites\\\/2\\\/2022\\\/03\\\/featured_ma\u0308nner_haartrends_2021.jpg\",\"datePublished\":\"2021-03-03T14:37:35+00:00\",\"dateModified\":\"2026-01-18T12:44:18+00:00\",\"description\":\"Wenn du dich im Lockdown dazu entschlossen hast, dein Haar lang zu lassen, k\u00f6nnte es eine gute Option sein \u2013 denn wie dieses Beauty Board beweist, sind die besten Haartrends beides: sehr lang oder sehr kurz.\u00a0\",\"breadcrumb\":{\"@id\":\"https:\\\/\\\/www.treatwell.at/treatment-files\\\/ueberraschend-tragbar-das-sind-die-groessten-haartrends-von-2021\\\/#breadcrumb\"},\"inLanguage\":\"de-AT\",\"potentialAction\":[{\"@type\":\"ReadAction\",\"target\":[\"https:\\\/\\\/www.treatwell.at/treatment-files\\\/ueberraschend-tragbar-das-sind-die-groessten-haartrends-von-2021\\\/\"]}]},{\"@type\":\"ImageObject\",\"inLanguage\":\"de-AT\",\"@id\":\"https:\\\/\\\/www.treatwell.at/treatment-files\\\/ueberraschend-tragbar-das-sind-die-groessten-haartrends-von-2021\\\/#primaryimage\",\"url\":\"https:\\\/\\\/www.treatwell.at/treatment-files\\\/wp-content\\\/uploads\\\/sites\\\/2\\\/2022\\\/03\\\/featured_ma\u0308nner_haartrends_2021.jpg\",\"contentUrl\":\"https:\\\/\\\/www.treatwell.at/treatment-files\\\/wp-content\\\/uploads\\\/sites\\\/2\\\/2022\\\/03\\\/featured_ma\u0308nner_haartrends_2021.jpg\",\"width\":528,\"height\":528},{\"@type\":\"BreadcrumbList\",\"@id\":\"https:\\\/\\\/www.treatwell.at/treatment-files\\\/ueberraschend-tragbar-das-sind-die-groessten-haartrends-von-2021\\\/#breadcrumb\",\"itemListElement\":[{\"@type\":\"ListItem\",\"position\":1,\"name\":\"Home\",\"item\":\"https:\\\/\\\/www.treatwell.at/treatment-files\\\/\"},{\"@type\":\"ListItem\",\"position\":2,\"name\":\"Trends\",\"item\":\"https:\\\/\\\/www.treatwell.at/treatment-files\\\/trends\\\/\"},{\"@type\":\"ListItem\",\"position\":3,\"name\":\"\u00dcberraschend tragbar: Das sind die gr\u00f6\u00dften Haartrends von 2021\"}]},{\"@type\":\"WebSite\",\"@id\":\"https:\\\/\\\/www.treatwell.at/treatment-files\\\/#website\",\"url\":\"https:\\\/\\\/www.treatwell.at/treatment-files\\\/\",\"name\":\"The Treatment Files Blog\",\"description\":\"Beauty entdecken. Beauty erleben.\",\"publisher\":{\"@id\":\"https:\\\/\\\/www.treatwell.at/treatment-files\\\/#organization\"},\"potentialAction\":[{\"@type\":\"SearchAction\",\"target\":{\"@type\":\"EntryPoint\",\"urlTemplate\":\"https:\\\/\\\/www.treatwell.at/treatment-files\\\/?s={search_term_string}\"},\"query-input\":{\"@type\":\"PropertyValueSpecification\",\"valueRequired\":true,\"valueName\":\"search_term_string\"}}],\"inLanguage\":\"de-AT\"},{\"@type\":\"Organization\",\"@id\":\"https:\\\/\\\/www.treatwell.at/treatment-files\\\/#organization\",\"name\":\"Treatwell\",\"url\":\"https:\\\/\\\/www.treatwell.at/treatment-files\\\/\",\"logo\":{\"@type\":\"ImageObject\",\"inLanguage\":\"de-AT\",\"@id\":\"https:\\\/\\\/www.treatwell.at/treatment-files\\\/#\\\/schema\\\/logo\\\/image\\\/\",\"url\":\"https:\\\/\\\/www.treatwell.at/treatment-files\\\/wp-content\\\/uploads\\\/sites\\\/2\\\/2022\\\/03\\\/logo_treatwell.png\",\"contentUrl\":\"https:\\\/\\\/www.treatwell.at/treatment-files\\\/wp-content\\\/uploads\\\/sites\\\/2\\\/2022\\\/03\\\/logo_treatwell.png\",\"width\":889,\"height\":164,\"caption\":\"Treatwell\"},\"image\":{\"@id\":\"https:\\\/\\\/www.treatwell.at/treatment-files\\\/#\\\/schema\\\/logo\\\/image\\\/\"}},{\"@type\":\"Person\",\"@id\":\"https:\\\/\\\/www.treatwell.at/treatment-files\\\/#\\\/schema\\\/person\\\/869d3f19bdf4203c8e6e97c64e1c3c8e\",\"name\":\"Isabella Tombinski-robb\",\"image\":{\"@type\":\"ImageObject\",\"inLanguage\":\"de-AT\",\"@id\":\"https:\\\/\\\/secure.gravatar.com\\\/avatar\\\/624ce3bd6151d711f02c8c31549c8390027943dc1293e17bf28c136ce4288a80?s=96&d=mm&r=g\",\"url\":\"https:\\\/\\\/secure.gravatar.com\\\/avatar\\\/624ce3bd6151d711f02c8c31549c8390027943dc1293e17bf28c136ce4288a80?s=96&d=mm&r=g\",\"contentUrl\":\"https:\\\/\\\/secure.gravatar.com\\\/avatar\\\/624ce3bd6151d711f02c8c31549c8390027943dc1293e17bf28c136ce4288a80?s=96&d=mm&r=g\",\"caption\":\"Isabella Tombinski-robb\"},\"url\":\"https:\\\/\\\/www.treatwell.at/treatment-files\\\/author\\\/isabellatombinskirobb\\\/\"}]}<\/script>\n<!-- \/ Yoast SEO plugin. -->","yoast_head_json":{"title":"\u00dcberraschend tragbar: Das sind die gr\u00f6\u00dften Haartrends von 2021 - Treatwell","description":"Wenn du dich im Lockdown dazu entschlossen hast, dein Haar lang zu lassen, k\u00f6nnte es eine gute Option sein \u2013 denn wie dieses Beauty Board beweist, sind die besten Haartrends beides: sehr lang oder sehr kurz.\u00a0","robots":{"index":"index","follow":"follow","max-snippet":"max-snippet:-1","max-image-preview":"max-image-preview:large","max-video-preview":"max-video-preview:-1"},"canonical":"https:\/\/www.treatwell.at/treatment-files\/ueberraschend-tragbar-das-sind-die-groessten-haartrends-von-2021\/","og_locale":"de_DE","og_type":"article","og_title":"\u00dcberraschend tragbar: Das sind die gr\u00f6\u00dften Haartrends von 2021 - Treatwell","og_description":"Wenn du dich im Lockdown dazu entschlossen hast, dein Haar lang zu lassen, k\u00f6nnte es eine gute Option sein \u2013 denn wie dieses Beauty Board beweist, sind die besten Haartrends beides: sehr lang oder sehr kurz.\u00a0","og_url":"https:\/\/www.treatwell.at/treatment-files\/ueberraschend-tragbar-das-sind-die-groessten-haartrends-von-2021\/","og_site_name":"The Treatment Files Blog","article_published_time":"2021-03-03T14:37:35+00:00","article_modified_time":"2026-01-18T12:44:18+00:00","og_image":[{"width":528,"height":528,"url":"https:\/\/www.treatwell.at/treatment-files\/wp-content\/uploads\/sites\/2\/2022\/03\/featured_ma\u0308nner_haartrends_2021.jpg","type":"image\/jpeg"}],"author":"Isabella Tombinski-robb","twitter_card":"summary_large_image","twitter_misc":{"Verfasst von":"Isabella Tombinski-robb","Gesch\u00e4tzte Lesezeit":"2 Minuten"},"schema":{"@context":"https:\/\/schema.org","@graph":[{"@type":"Article","@id":"https:\/\/www.treatwell.at/treatment-files\/ueberraschend-tragbar-das-sind-die-groessten-haartrends-von-2021\/#article","isPartOf":{"@id":"https:\/\/www.treatwell.at/treatment-files\/ueberraschend-tragbar-das-sind-die-groessten-haartrends-von-2021\/"},"author":{"name":"Isabella Tombinski-robb","@id":"https:\/\/www.treatwell.at/treatment-files\/#\/schema\/person\/869d3f19bdf4203c8e6e97c64e1c3c8e"},"headline":"\u00dcberraschend tragbar: Das sind die gr\u00f6\u00dften Haartrends von 2021","datePublished":"2021-03-03T14:37:35+00:00","dateModified":"2026-01-18T12:44:18+00:00","mainEntityOfPage":{"@id":"https:\/\/www.treatwell.at/treatment-files\/ueberraschend-tragbar-das-sind-die-groessten-haartrends-von-2021\/"},"wordCount":376,"publisher":{"@id":"https:\/\/www.treatwell.at/treatment-files\/#organization"},"image":{"@id":"https:\/\/www.treatwell.at/treatment-files\/ueberraschend-tragbar-das-sind-die-groessten-haartrends-von-2021\/#primaryimage"},"thumbnailUrl":"https:\/\/www.treatwell.at/treatment-files\/wp-content\/uploads\/sites\/2\/2022\/03\/featured_ma\u0308nner_haartrends_2021.jpg","keywords":["Men's Haircuts and Hairdressing"],"articleSection":["Trends"],"inLanguage":"de-AT"},{"@type":"WebPage","@id":"https:\/\/www.treatwell.at/treatment-files\/ueberraschend-tragbar-das-sind-die-groessten-haartrends-von-2021\/","url":"https:\/\/www.treatwell.at/treatment-files\/ueberraschend-tragbar-das-sind-die-groessten-haartrends-von-2021\/","name":"\u00dcberraschend tragbar: Das sind die gr\u00f6\u00dften Haartrends von 2021 - Treatwell","isPartOf":{"@id":"https:\/\/www.treatwell.at/treatment-files\/#website"},"primaryImageOfPage":{"@id":"https:\/\/www.treatwell.at/treatment-files\/ueberraschend-tragbar-das-sind-die-groessten-haartrends-von-2021\/#primaryimage"},"image":{"@id":"https:\/\/www.treatwell.at/treatment-files\/ueberraschend-tragbar-das-sind-die-groessten-haartrends-von-2021\/#primaryimage"},"thumbnailUrl":"https:\/\/www.treatwell.at/treatment-files\/wp-content\/uploads\/sites\/2\/2022\/03\/featured_ma\u0308nner_haartrends_2021.jpg","datePublished":"2021-03-03T14:37:35+00:00","dateModified":"2026-01-18T12:44:18+00:00","description":"Wenn du dich im Lockdown dazu entschlossen hast, dein Haar lang zu lassen, k\u00f6nnte es eine gute Option sein \u2013 denn wie dieses Beauty Board beweist, sind die besten Haartrends beides: sehr lang oder sehr kurz.\u00a0","breadcrumb":{"@id":"https:\/\/www.treatwell.at/treatment-files\/ueberraschend-tragbar-das-sind-die-groessten-haartrends-von-2021\/#breadcrumb"},"inLanguage":"de-AT","potentialAction":[{"@type":"ReadAction","target":["https:\/\/www.treatwell.at/treatment-files\/ueberraschend-tragbar-das-sind-die-groessten-haartrends-von-2021\/"]}]},{"@type":"ImageObject","inLanguage":"de-AT","@id":"https:\/\/www.treatwell.at/treatment-files\/ueberraschend-tragbar-das-sind-die-groessten-haartrends-von-2021\/#primaryimage","url":"https:\/\/www.treatwell.at/treatment-files\/wp-content\/uploads\/sites\/2\/2022\/03\/featured_ma\u0308nner_haartrends_2021.jpg","contentUrl":"https:\/\/www.treatwell.at/treatment-files\/wp-content\/uploads\/sites\/2\/2022\/03\/featured_ma\u0308nner_haartrends_2021.jpg","width":528,"height":528},{"@type":"BreadcrumbList","@id":"https:\/\/www.treatwell.at/treatment-files\/ueberraschend-tragbar-das-sind-die-groessten-haartrends-von-2021\/#breadcrumb","itemListElement":[{"@type":"ListItem","position":1,"name":"Home","item":"https:\/\/www.treatwell.at/treatment-files\/"},{"@type":"ListItem","position":2,"name":"Trends","item":"https:\/\/www.treatwell.at/treatment-files\/trends\/"},{"@type":"ListItem","position":3,"name":"\u00dcberraschend tragbar: Das sind die gr\u00f6\u00dften Haartrends von 2021"}]},{"@type":"WebSite","@id":"https:\/\/www.treatwell.at/treatment-files\/#website","url":"https:\/\/www.treatwell.at/treatment-files\/","name":"The Treatment Files Blog","description":"Beauty entdecken. Beauty erleben.","publisher":{"@id":"https:\/\/www.treatwell.at/treatment-files\/#organization"},"potentialAction":[{"@type":"SearchAction","target":{"@type":"EntryPoint","urlTemplate":"https:\/\/www.treatwell.at/treatment-files\/?s={search_term_string}"},"query-input":{"@type":"PropertyValueSpecification","valueRequired":true,"valueName":"search_term_string"}}],"inLanguage":"de-AT"},{"@type":"Organization","@id":"https:\/\/www.treatwell.at/treatment-files\/#organization","name":"Treatwell","url":"https:\/\/www.treatwell.at/treatment-files\/","logo":{"@type":"ImageObject","inLanguage":"de-AT","@id":"https:\/\/www.treatwell.at/treatment-files\/#\/schema\/logo\/image\/","url":"https:\/\/www.treatwell.at/treatment-files\/wp-content\/uploads\/sites\/2\/2022\/03\/logo_treatwell.png","contentUrl":"https:\/\/www.treatwell.at/treatment-files\/wp-content\/uploads\/sites\/2\/2022\/03\/logo_treatwell.png","width":889,"height":164,"caption":"Treatwell"},"image":{"@id":"https:\/\/www.treatwell.at/treatment-files\/#\/schema\/logo\/image\/"}},{"@type":"Person","@id":"https:\/\/www.treatwell.at/treatment-files\/#\/schema\/person\/869d3f19bdf4203c8e6e97c64e1c3c8e","name":"Isabella Tombinski-robb","image":{"@type":"ImageObject","inLanguage":"de-AT","@id":"https:\/\/secure.gravatar.com\/avatar\/624ce3bd6151d711f02c8c31549c8390027943dc1293e17bf28c136ce4288a80?s=96&d=mm&r=g","url":"https:\/\/secure.gravatar.com\/avatar\/624ce3bd6151d711f02c8c31549c8390027943dc1293e17bf28c136ce4288a80?s=96&d=mm&r=g","contentUrl":"https:\/\/secure.gravatar.com\/avatar\/624ce3bd6151d711f02c8c31549c8390027943dc1293e17bf28c136ce4288a80?s=96&d=mm&r=g","caption":"Isabella Tombinski-robb"},"url":"https:\/\/www.treatwell.at/treatment-files\/author\/isabellatombinskirobb\/"}]}},"featured_image_src":"https:\/\/www.treatwell.at/treatment-files\/wp-content\/uploads\/sites\/2\/2022\/03\/featured_ma\u0308nner_haartrends_2021-528x400.jpg","featured_image_src_square":"https:\/\/www.treatwell.at/treatment-files\/wp-content\/uploads\/sites\/2\/2022\/03\/featured_ma\u0308nner_haartrends_2021.jpg","author_info":{"display_name":"Isabella Tombinski-robb","author_link":"https:\/\/www.treatwell.at/treatment-files\/author\/isabellatombinskirobb\/"},"_links":{"self":[{"href":"https:\/\/www.treatwell.at\/treatment-files\/wp-json\/wp\/v2\/posts\/17167","targetHints":{"allow":["GET"]}}],"collection":[{"href":"https:\/\/www.treatwell.at\/treatment-files\/wp-json\/wp\/v2\/posts"}],"about":[{"href":"https:\/\/www.treatwell.at\/treatment-files\/wp-json\/wp\/v2\/types\/post"}],"author":[{"embeddable":true,"href":"https:\/\/www.treatwell.at\/treatment-files\/wp-json\/wp\/v2\/users\/3318"}],"replies":[{"embeddable":true,"href":"https:\/\/www.treatwell.at\/treatment-files\/wp-json\/wp\/v2\/comments?post=17167"}],"version-history":[{"count":0,"href":"https:\/\/www.treatwell.at\/treatment-files\/wp-json\/wp\/v2\/posts\/17167\/revisions"}],"wp:featuredmedia":[{"embeddable":true,"href":"https:\/\/www.treatwell.at\/treatment-files\/wp-json\/wp\/v2\/media\/17186"}],"wp:attachment":[{"href":"https:\/\/www.treatwell.at\/treatment-files\/wp-json\/wp\/v2\/media?parent=17167"}],"wp:term":[{"taxonomy":"category","embeddable":true,"href":"https:\/\/www.treatwell.at\/treatment-files\/wp-json\/wp\/v2\/categories?post=17167"},{"taxonomy":"post_tag","embeddable":true,"href":"https:\/\/www.treatwell.at\/treatment-files\/wp-json\/wp\/v2\/tags?post=17167"}],"curies":[{"name":"wp","href":"https:\/\/api.w.org\/{rel}","templated":true}]}}