{"id":17195,"date":"2021-03-09T09:00:04","date_gmt":"2021-03-09T08:00:04","guid":{"rendered":"http:\/\/www.treatwell.at\/treatment-files\/?p=20095"},"modified":"2026-01-18T16:44:51","modified_gmt":"2026-01-18T15:44:51","slug":"blond-vs-braun-welche-haarfarbe-passt-am-besten-zu-dir","status":"publish","type":"post","link":"https:\/\/www.treatwell.at/treatment-files\/blond-vs-braun-welche-haarfarbe-passt-am-besten-zu-dir\/","title":{"rendered":"Blond vs. Braun: Welche Haarfarbe passt am besten zu dir?"},"content":{"rendered":"<p style=\"text-align: justify\"><span style=\"font-weight: 400\">Der Fr\u00fchling r\u00fcckt n\u00e4her und wir sind mit der ewigen Frage in Sachen Haarfarbe konfrontiert. Blond vs. braun? In letzter Zeit durften wir die verschiedensten Looks bewundern \u2013 dazu geh\u00f6rt Elle Fannings honigblond und Cara Delevingnes karamellbraun. Doch welche Haarfarbe steht dir am besten? Wir haben den direkten Vergleich gemacht.<\/span><\/p>\n<p>Von Isabella<\/p>\n<div class=\"schema-faq wp-block-yoast-faq-block\">\n<div class=\"schema-faq-section\" id=\"faq-question-1768750941429\">\n<h3 class=\"schema-faq-question\">Welche Haarfarbe passt zu deiner Kleidung am besten?<\/h3>\n<p class=\"schema-faq-answer\">Blond erg\u00e4nzt Pastellfarben, beigen Trenchcoat und dezente T\u00f6ne besonders harmonisch. F\u00fcr Liebhaber warmer Farben wie Gelb, Braun oder Orange wirkt ein warmes Braun ausgesprochen passend und rundet den Gesamtlook ab.<\/div>\n<div class=\"schema-faq-section\" id=\"faq-question-1768750941430\">\n<h3 class=\"schema-faq-question\">Wie pflegeleicht sind braune und blonde Haare im Vergleich?<\/h3>\n<p class=\"schema-faq-answer\">Braune Haare gelten als deutlich pflegeleichter als blondierte Haare. Blondierung beansprucht durch Wasserstoffperoxid die Haarstruktur, w\u00e4hrend Braun weniger intensive Pflegephasen ben\u00f6tigt, aber regelm\u00e4\u00dfige Feuchtigkeitsmasken und Glossing ratsam bleiben.<\/div>\n<div class=\"schema-faq-section\" id=\"faq-question-1768750941431\">\n<h3 class=\"schema-faq-question\">Wann lohnt sich Balayage, Ombre oder Bronde als Haarfarbe?<\/h3>\n<p class=\"schema-faq-answer\">Balayage, Ombre oder Bronde empfehlen sich, falls du keine drastische Ver\u00e4nderung anstrebst oder beide Farbt\u00f6ne vereinen m\u00f6chtest. Diese Trends verbinden Blond und Braun auf sanfte Weise und erm\u00f6glichen einen individuellen, modernen Look.<\/div>\n<div class=\"schema-faq-section\" id=\"faq-question-1768750941432\">\n<h3 class=\"schema-faq-question\">Warum sollte dein Friseur bei der Farbwahl einbezogen werden?<\/h3>\n<p class=\"schema-faq-answer\">Dein Friseur kennt die Gesundheit deiner Haare und erkennt schnell, ob eine Blondierung sinnvoll wirkt. Inspiration von Social Media oder klare W\u00fcnsche helfen dem Fachpersonal, die optimale Farbe f\u00fcr dich zu erzielen.<\/div>\n<div class=\"schema-faq-section\" id=\"faq-question-1768750941433\">\n<h3 class=\"schema-faq-question\">Wie oft solltest du deine Haare nach dem F\u00e4rben pflegen?<\/h3>\n<p class=\"schema-faq-answer\">Mindestens einmal im Monat empfiehlt sich eine Feuchtigkeitsmaske, um gef\u00e4rbte Haare gesund zu erhalten. F\u00fcr einen frischen Glanz sorgt gelegentlich ein Glossing im Salon, egal ob du braune oder blonde Haare bevorzugst.<\/div>\n<\/p><\/div>\n","protected":false},"excerpt":{"rendered":"<p>Der Fr\u00fchling r\u00fcckt n\u00e4her und wir sind mit der ewigen Frage in Sachen Haarfarbe konfrontiert. Blond vs. braun? In letzter Zeit durften wir die verschiedensten Looks bewundern \u2013 dazu geh\u00f6rt Elle Fannings honigblond und Cara Delevingnes karamellbraun. Doch welche Haarfarbe steht dir am besten? Wir haben den direkten Vergleich gemacht. Von Isabella Welche Haarfarbe passt [&hellip;]<\/p>\n","protected":false},"author":3318,"featured_media":17201,"comment_status":"closed","ping_status":"closed","sticky":false,"template":"","format":"standard","meta":{"_acf_changed":false,"_yoast_wpseo_title":"Blond vs. Braun: Welche Haarfarbe passt am besten zu dir? - Treatwell","_yoast_wpseo_metadesc":"Der Fr\u00fchling r\u00fcckt n\u00e4her und wir sind mit der ewigen Frage in Sachen Haarfarbe konfrontiert. Blond vs. braun? In den letzten Wochen durften wir die verschiedensten Looks bewundern \u2013 dazu geh\u00f6rt Elle Fannings honigblond und Cara Delevingnes karamellbraun. Doch welche Haarfarbe steht dir am besten? Wir haben den direkten Vergleich gemacht.","_genesis_hide_title":false,"_genesis_hide_breadcrumbs":false,"_genesis_hide_singular_image":false,"_genesis_hide_footer_widgets":false,"_genesis_custom_body_class":"","_genesis_custom_post_class":"","_genesis_layout":"","saswp_custom_schema_field":"{\"@context\":\"https:\/\/schema.org\",\"@type\":\"FAQPage\",\"mainEntity\":[{\"@type\":\"Question\",\"name\":\"Welche Haarfarbe passt zu deiner Kleidung am besten?\",\"acceptedAnswer\":{\"@type\":\"Answer\",\"text\":\"Blond erg\u00e4nzt Pastellfarben, beigen Trenchcoat und dezente T\u00f6ne besonders harmonisch. F\u00fcr Liebhaber warmer Farben wie Gelb, Braun oder Orange wirkt ein warmes Braun ausgesprochen passend und rundet den Gesamtlook ab.\"}},{\"@type\":\"Question\",\"name\":\"Wie pflegeleicht sind braune und blonde Haare im Vergleich?\",\"acceptedAnswer\":{\"@type\":\"Answer\",\"text\":\"Braune Haare gelten als deutlich pflegeleichter als blondierte Haare. Blondierung beansprucht durch Wasserstoffperoxid die Haarstruktur, w\u00e4hrend Braun weniger intensive Pflegephasen ben\u00f6tigt, aber regelm\u00e4\u00dfige Feuchtigkeitsmasken und Glossing ratsam bleiben.\"}},{\"@type\":\"Question\",\"name\":\"Wann lohnt sich Balayage, Ombre oder Bronde als Haarfarbe?\",\"acceptedAnswer\":{\"@type\":\"Answer\",\"text\":\"Balayage, Ombre oder Bronde empfehlen sich, falls du keine drastische Ver\u00e4nderung anstrebst oder beide Farbt\u00f6ne vereinen m\u00f6chtest. Diese Trends verbinden Blond und Braun auf sanfte Weise und erm\u00f6glichen einen individuellen, modernen Look.\"}},{\"@type\":\"Question\",\"name\":\"Warum sollte dein Friseur bei der Farbwahl einbezogen werden?\",\"acceptedAnswer\":{\"@type\":\"Answer\",\"text\":\"Dein Friseur kennt die Gesundheit deiner Haare und erkennt schnell, ob eine Blondierung sinnvoll wirkt. Inspiration von Social Media oder klare W\u00fcnsche helfen dem Fachpersonal, die optimale Farbe f\u00fcr dich zu erzielen.\"}},{\"@type\":\"Question\",\"name\":\"Wie oft solltest du deine Haare nach dem F\u00e4rben pflegen?\",\"acceptedAnswer\":{\"@type\":\"Answer\",\"text\":\"Mindestens einmal im Monat empfiehlt sich eine Feuchtigkeitsmaske, um gef\u00e4rbte Haare gesund zu erhalten. F\u00fcr einen frischen Glanz sorgt gelegentlich ein Glossing im Salon, egal ob du braune oder blonde Haare bevorzugst.\"}}]}","footnotes":""},"categories":[9],"tags":[3,4],"class_list":{"0":"post-17195","1":"post","2":"type-post","3":"status-publish","4":"format-standard","5":"has-post-thumbnail","7":"category-beauty","8":"tag-tt6","9":"tag-tr273","10":"entry"},"acf":{"post_credits":"Bildrechte: Shutterstock, Instagram: @cassandra_cano7, @chloelecareux, @jennyfromtheblock.77","beauty_blog_post_button_title":"","beauty_blog_post_button":"","landscape_picture":17200,"blocks":[{"block_title":"Garderobe und Co","block_content":"<p>Wusstest du, dass deine Garderobe als auch dein Kosmetikbeutel ein Mitspracherecht bei der Wahl deiner Haarfarbe haben? &Ouml;ffne deinen Schrank und begutachte deine Kleidungsst&uuml;cke etwas genauer &ndash; welche Farben fallen dir sofort auf?&nbsp;\u200b<\/p>\n\n<p>Wenn Pastellfarben, Lippenbalsam, ein beiger Trenchcoat und Co dich eher ansprechen, dann wird dir ein k&uuml;hles Blond deinen Gesamtlook wunderbar erg&auml;nzen. Wenn du allerdings eher ein Fan von sehr warmen Farben wie Gelb, Braun und Orange bist, passt ein warmes Braun wie angegossen.<\/p>\n","video_content":"","block_picture":17196},{"block_title":"Denke an die Pflege","block_content":"<p>Sowie bei so ziemlich allen Aspekten im Leben ist auch bei der Haarfarbe Pflege gefragt, Braun ist ganz klar pflegeleichter als blond. Wer blond w&auml;hlt, sollte sich bewusst sein, dass durch das Wasserstoffperoxid die Struktur des Haares stark beansprucht wird. Hier erf&auml;hrst du mehr, was <a href=\"https:\/\/www.treatwell.at\/treatment-files\/blondieren-das-erwartet-dein-haar-im-salon\/\">dich und dein Haar beim Blondieren erwartet.<\/a> Wenn du eher Braun im Visier hast, dann bleibt dir diese Sorge erspart. Dennoch solltest du mindestens einmal im Monat eine Feuchtigkeitsmaske einplanen und den ein oder anderen Termin f&uuml;r ein Glossing im Salon.<\/p>\n","video_content":"","block_picture":17197},{"block_title":"Vertraue deinem Friseur","block_content":"<p>Wir k&ouml;nnen es nicht genug wiederholen: Dein Friseur ist und bleibt dein bester Berater, wenn es um die Wahl der richtigen Haarfarbe geht. Dein Stylist wei&szlig; auch um die Gesundheit deines Haares Bescheid &ndash; solltest du br&uuml;chiges Haar haben, wird er dir h&ouml;chstwahrscheinlich keine Blondierung empfehlen. Wenn du bereits wei&szlig;t, f&uuml;r welche Haarfarbe du dich entschieden hast, dann vergiss nicht auf Instagram und Pinterest. Speichere dir deine Favoriten auf dein Smartphone und scheue nicht zur&uuml;ck, deine konkrete Vorstellung mit deinem Friseur zu teilen.<\/p>\n","video_content":"","block_picture":17198},{"block_title":"Den Sprung wagen!","block_content":"<p>Zum Gl&uuml;ck ist im Leben weder alles schwarz noch alles wei&szlig;. Die gleiche Faustregel tritt in Kraft bei der Wahl der Haarfarbe. Wenn du noch immer unentschieden bist und keine drastische Ver&auml;nderung anstrebst, w&auml;re eventuell ein Balayage oder Ombre eine gute Wahl. Du willst doch irgendwie beides in einem Look vereinen? Dann lass dich von Bronde (die ultra Kombi Braun-Blond) a l&aacute; Hailey Bieber inspirieren. Etwas 90-er Jahre-Stimmung hat noch keinem geschadet.<\/p>\n","video_content":"","block_picture":17199}]},"yoast_head":"<!-- This site is optimized with the Yoast SEO plugin v27.5 - https:\/\/yoast.com\/product\/yoast-seo-wordpress\/ -->\n<title>Blond vs. Braun: Welche Haarfarbe passt am besten zu dir? - Treatwell<\/title>\n<meta name=\"description\" content=\"Der Fr\u00fchling r\u00fcckt n\u00e4her und wir sind mit der ewigen Frage in Sachen Haarfarbe konfrontiert. Blond vs. braun? In den letzten Wochen durften wir die verschiedensten Looks bewundern \u2013 dazu geh\u00f6rt Elle Fannings honigblond und Cara Delevingnes karamellbraun. Doch welche Haarfarbe steht dir am besten? Wir haben den direkten Vergleich gemacht.\" \/>\n<meta name=\"robots\" content=\"index, follow, max-snippet:-1, max-image-preview:large, max-video-preview:-1\" \/>\n<link rel=\"canonical\" href=\"https:\/\/www.treatwell.at/treatment-files\/blond-vs-braun-welche-haarfarbe-passt-am-besten-zu-dir\/\" \/>\n<meta property=\"og:locale\" content=\"de_DE\" \/>\n<meta property=\"og:type\" content=\"article\" \/>\n<meta property=\"og:title\" content=\"Blond vs. Braun: Welche Haarfarbe passt am besten zu dir? - Treatwell\" \/>\n<meta property=\"og:description\" content=\"Der Fr\u00fchling r\u00fcckt n\u00e4her und wir sind mit der ewigen Frage in Sachen Haarfarbe konfrontiert. Blond vs. braun? In den letzten Wochen durften wir die verschiedensten Looks bewundern \u2013 dazu geh\u00f6rt Elle Fannings honigblond und Cara Delevingnes karamellbraun. Doch welche Haarfarbe steht dir am besten? Wir haben den direkten Vergleich gemacht.\" \/>\n<meta property=\"og:url\" content=\"https:\/\/www.treatwell.at/treatment-files\/blond-vs-braun-welche-haarfarbe-passt-am-besten-zu-dir\/\" \/>\n<meta property=\"og:site_name\" content=\"The Treatment Files Blog\" \/>\n<meta property=\"article:published_time\" content=\"2021-03-09T08:00:04+00:00\" \/>\n<meta property=\"article:modified_time\" content=\"2026-01-18T15:44:51+00:00\" \/>\n<meta property=\"og:image\" content=\"https:\/\/www.treatwell.at/treatment-files\/wp-content\/uploads\/sites\/2\/2022\/03\/Blond-braun-Featured.jpg\" \/>\n\t<meta property=\"og:image:width\" content=\"562\" \/>\n\t<meta property=\"og:image:height\" content=\"562\" \/>\n\t<meta property=\"og:image:type\" content=\"image\/jpeg\" \/>\n<meta name=\"author\" content=\"Isabella Tombinski-robb\" \/>\n<meta name=\"twitter:card\" content=\"summary_large_image\" \/>\n<meta name=\"twitter:label1\" content=\"Verfasst von\" \/>\n\t<meta name=\"twitter:data1\" content=\"Isabella Tombinski-robb\" \/>\n\t<meta name=\"twitter:label2\" content=\"Gesch\u00e4tzte Lesezeit\" \/>\n\t<meta name=\"twitter:data2\" content=\"1 Minute\" \/>\n<script type=\"application\/ld+json\" class=\"yoast-schema-graph\">{\"@context\":\"https:\\\/\\\/schema.org\",\"@graph\":[{\"@type\":\"Article\",\"@id\":\"https:\\\/\\\/www.treatwell.at/treatment-files\\\/blond-vs-braun-welche-haarfarbe-passt-am-besten-zu-dir\\\/#article\",\"isPartOf\":{\"@id\":\"https:\\\/\\\/www.treatwell.at/treatment-files\\\/blond-vs-braun-welche-haarfarbe-passt-am-besten-zu-dir\\\/\"},\"author\":{\"name\":\"Isabella Tombinski-robb\",\"@id\":\"https:\\\/\\\/www.treatwell.at/treatment-files\\\/#\\\/schema\\\/person\\\/869d3f19bdf4203c8e6e97c64e1c3c8e\"},\"headline\":\"Blond vs. Braun: Welche Haarfarbe passt am besten zu dir?\",\"datePublished\":\"2021-03-09T08:00:04+00:00\",\"dateModified\":\"2026-01-18T15:44:51+00:00\",\"mainEntityOfPage\":{\"@id\":\"https:\\\/\\\/www.treatwell.at/treatment-files\\\/blond-vs-braun-welche-haarfarbe-passt-am-besten-zu-dir\\\/\"},\"wordCount\":279,\"publisher\":{\"@id\":\"https:\\\/\\\/www.treatwell.at/treatment-files\\\/#organization\"},\"image\":{\"@id\":\"https:\\\/\\\/www.treatwell.at/treatment-files\\\/blond-vs-braun-welche-haarfarbe-passt-am-besten-zu-dir\\\/#primaryimage\"},\"thumbnailUrl\":\"https:\\\/\\\/www.treatwell.at/treatment-files\\\/wp-content\\\/uploads\\\/sites\\\/2\\\/2022\\\/03\\\/Blond-braun-Featured.jpg\",\"keywords\":[\"Hair\",\"Hair Colouring and Highlights\"],\"articleSection\":[\"Beauty\"],\"inLanguage\":\"de-AT\"},{\"@type\":\"WebPage\",\"@id\":\"https:\\\/\\\/www.treatwell.at/treatment-files\\\/blond-vs-braun-welche-haarfarbe-passt-am-besten-zu-dir\\\/\",\"url\":\"https:\\\/\\\/www.treatwell.at/treatment-files\\\/blond-vs-braun-welche-haarfarbe-passt-am-besten-zu-dir\\\/\",\"name\":\"Blond vs. Braun: Welche Haarfarbe passt am besten zu dir? - Treatwell\",\"isPartOf\":{\"@id\":\"https:\\\/\\\/www.treatwell.at/treatment-files\\\/#website\"},\"primaryImageOfPage\":{\"@id\":\"https:\\\/\\\/www.treatwell.at/treatment-files\\\/blond-vs-braun-welche-haarfarbe-passt-am-besten-zu-dir\\\/#primaryimage\"},\"image\":{\"@id\":\"https:\\\/\\\/www.treatwell.at/treatment-files\\\/blond-vs-braun-welche-haarfarbe-passt-am-besten-zu-dir\\\/#primaryimage\"},\"thumbnailUrl\":\"https:\\\/\\\/www.treatwell.at/treatment-files\\\/wp-content\\\/uploads\\\/sites\\\/2\\\/2022\\\/03\\\/Blond-braun-Featured.jpg\",\"datePublished\":\"2021-03-09T08:00:04+00:00\",\"dateModified\":\"2026-01-18T15:44:51+00:00\",\"description\":\"Der Fr\u00fchling r\u00fcckt n\u00e4her und wir sind mit der ewigen Frage in Sachen Haarfarbe konfrontiert. Blond vs. braun? In den letzten Wochen durften wir die verschiedensten Looks bewundern \u2013 dazu geh\u00f6rt Elle Fannings honigblond und Cara Delevingnes karamellbraun. Doch welche Haarfarbe steht dir am besten? Wir haben den direkten Vergleich gemacht.\",\"breadcrumb\":{\"@id\":\"https:\\\/\\\/www.treatwell.at/treatment-files\\\/blond-vs-braun-welche-haarfarbe-passt-am-besten-zu-dir\\\/#breadcrumb\"},\"inLanguage\":\"de-AT\",\"potentialAction\":[{\"@type\":\"ReadAction\",\"target\":[\"https:\\\/\\\/www.treatwell.at/treatment-files\\\/blond-vs-braun-welche-haarfarbe-passt-am-besten-zu-dir\\\/\"]}]},{\"@type\":\"ImageObject\",\"inLanguage\":\"de-AT\",\"@id\":\"https:\\\/\\\/www.treatwell.at/treatment-files\\\/blond-vs-braun-welche-haarfarbe-passt-am-besten-zu-dir\\\/#primaryimage\",\"url\":\"https:\\\/\\\/www.treatwell.at/treatment-files\\\/wp-content\\\/uploads\\\/sites\\\/2\\\/2022\\\/03\\\/Blond-braun-Featured.jpg\",\"contentUrl\":\"https:\\\/\\\/www.treatwell.at/treatment-files\\\/wp-content\\\/uploads\\\/sites\\\/2\\\/2022\\\/03\\\/Blond-braun-Featured.jpg\",\"width\":562,\"height\":562},{\"@type\":\"BreadcrumbList\",\"@id\":\"https:\\\/\\\/www.treatwell.at/treatment-files\\\/blond-vs-braun-welche-haarfarbe-passt-am-besten-zu-dir\\\/#breadcrumb\",\"itemListElement\":[{\"@type\":\"ListItem\",\"position\":1,\"name\":\"Home\",\"item\":\"https:\\\/\\\/www.treatwell.at/treatment-files\\\/\"},{\"@type\":\"ListItem\",\"position\":2,\"name\":\"Beauty\",\"item\":\"https:\\\/\\\/www.treatwell.at/treatment-files\\\/beauty\\\/\"},{\"@type\":\"ListItem\",\"position\":3,\"name\":\"Blond vs. Braun: Welche Haarfarbe passt am besten zu dir?\"}]},{\"@type\":\"WebSite\",\"@id\":\"https:\\\/\\\/www.treatwell.at/treatment-files\\\/#website\",\"url\":\"https:\\\/\\\/www.treatwell.at/treatment-files\\\/\",\"name\":\"The Treatment Files Blog\",\"description\":\"Beauty entdecken. Beauty erleben.\",\"publisher\":{\"@id\":\"https:\\\/\\\/www.treatwell.at/treatment-files\\\/#organization\"},\"potentialAction\":[{\"@type\":\"SearchAction\",\"target\":{\"@type\":\"EntryPoint\",\"urlTemplate\":\"https:\\\/\\\/www.treatwell.at/treatment-files\\\/?s={search_term_string}\"},\"query-input\":{\"@type\":\"PropertyValueSpecification\",\"valueRequired\":true,\"valueName\":\"search_term_string\"}}],\"inLanguage\":\"de-AT\"},{\"@type\":\"Organization\",\"@id\":\"https:\\\/\\\/www.treatwell.at/treatment-files\\\/#organization\",\"name\":\"Treatwell\",\"url\":\"https:\\\/\\\/www.treatwell.at/treatment-files\\\/\",\"logo\":{\"@type\":\"ImageObject\",\"inLanguage\":\"de-AT\",\"@id\":\"https:\\\/\\\/www.treatwell.at/treatment-files\\\/#\\\/schema\\\/logo\\\/image\\\/\",\"url\":\"https:\\\/\\\/www.treatwell.at/treatment-files\\\/wp-content\\\/uploads\\\/sites\\\/2\\\/2022\\\/03\\\/logo_treatwell.png\",\"contentUrl\":\"https:\\\/\\\/www.treatwell.at/treatment-files\\\/wp-content\\\/uploads\\\/sites\\\/2\\\/2022\\\/03\\\/logo_treatwell.png\",\"width\":889,\"height\":164,\"caption\":\"Treatwell\"},\"image\":{\"@id\":\"https:\\\/\\\/www.treatwell.at/treatment-files\\\/#\\\/schema\\\/logo\\\/image\\\/\"}},{\"@type\":\"Person\",\"@id\":\"https:\\\/\\\/www.treatwell.at/treatment-files\\\/#\\\/schema\\\/person\\\/869d3f19bdf4203c8e6e97c64e1c3c8e\",\"name\":\"Isabella Tombinski-robb\",\"image\":{\"@type\":\"ImageObject\",\"inLanguage\":\"de-AT\",\"@id\":\"https:\\\/\\\/secure.gravatar.com\\\/avatar\\\/624ce3bd6151d711f02c8c31549c8390027943dc1293e17bf28c136ce4288a80?s=96&d=mm&r=g\",\"url\":\"https:\\\/\\\/secure.gravatar.com\\\/avatar\\\/624ce3bd6151d711f02c8c31549c8390027943dc1293e17bf28c136ce4288a80?s=96&d=mm&r=g\",\"contentUrl\":\"https:\\\/\\\/secure.gravatar.com\\\/avatar\\\/624ce3bd6151d711f02c8c31549c8390027943dc1293e17bf28c136ce4288a80?s=96&d=mm&r=g\",\"caption\":\"Isabella Tombinski-robb\"},\"url\":\"https:\\\/\\\/www.treatwell.at/treatment-files\\\/author\\\/isabellatombinskirobb\\\/\"}]}<\/script>\n<!-- \/ Yoast SEO plugin. -->","yoast_head_json":{"title":"Blond vs. Braun: Welche Haarfarbe passt am besten zu dir? - Treatwell","description":"Der Fr\u00fchling r\u00fcckt n\u00e4her und wir sind mit der ewigen Frage in Sachen Haarfarbe konfrontiert. Blond vs. braun? In den letzten Wochen durften wir die verschiedensten Looks bewundern \u2013 dazu geh\u00f6rt Elle Fannings honigblond und Cara Delevingnes karamellbraun. Doch welche Haarfarbe steht dir am besten? Wir haben den direkten Vergleich gemacht.","robots":{"index":"index","follow":"follow","max-snippet":"max-snippet:-1","max-image-preview":"max-image-preview:large","max-video-preview":"max-video-preview:-1"},"canonical":"https:\/\/www.treatwell.at/treatment-files\/blond-vs-braun-welche-haarfarbe-passt-am-besten-zu-dir\/","og_locale":"de_DE","og_type":"article","og_title":"Blond vs. Braun: Welche Haarfarbe passt am besten zu dir? - Treatwell","og_description":"Der Fr\u00fchling r\u00fcckt n\u00e4her und wir sind mit der ewigen Frage in Sachen Haarfarbe konfrontiert. Blond vs. braun? In den letzten Wochen durften wir die verschiedensten Looks bewundern \u2013 dazu geh\u00f6rt Elle Fannings honigblond und Cara Delevingnes karamellbraun. Doch welche Haarfarbe steht dir am besten? Wir haben den direkten Vergleich gemacht.","og_url":"https:\/\/www.treatwell.at/treatment-files\/blond-vs-braun-welche-haarfarbe-passt-am-besten-zu-dir\/","og_site_name":"The Treatment Files Blog","article_published_time":"2021-03-09T08:00:04+00:00","article_modified_time":"2026-01-18T15:44:51+00:00","og_image":[{"width":562,"height":562,"url":"https:\/\/www.treatwell.at/treatment-files\/wp-content\/uploads\/sites\/2\/2022\/03\/Blond-braun-Featured.jpg","type":"image\/jpeg"}],"author":"Isabella Tombinski-robb","twitter_card":"summary_large_image","twitter_misc":{"Verfasst von":"Isabella Tombinski-robb","Gesch\u00e4tzte Lesezeit":"1 Minute"},"schema":{"@context":"https:\/\/schema.org","@graph":[{"@type":"Article","@id":"https:\/\/www.treatwell.at/treatment-files\/blond-vs-braun-welche-haarfarbe-passt-am-besten-zu-dir\/#article","isPartOf":{"@id":"https:\/\/www.treatwell.at/treatment-files\/blond-vs-braun-welche-haarfarbe-passt-am-besten-zu-dir\/"},"author":{"name":"Isabella Tombinski-robb","@id":"https:\/\/www.treatwell.at/treatment-files\/#\/schema\/person\/869d3f19bdf4203c8e6e97c64e1c3c8e"},"headline":"Blond vs. Braun: Welche Haarfarbe passt am besten zu dir?","datePublished":"2021-03-09T08:00:04+00:00","dateModified":"2026-01-18T15:44:51+00:00","mainEntityOfPage":{"@id":"https:\/\/www.treatwell.at/treatment-files\/blond-vs-braun-welche-haarfarbe-passt-am-besten-zu-dir\/"},"wordCount":279,"publisher":{"@id":"https:\/\/www.treatwell.at/treatment-files\/#organization"},"image":{"@id":"https:\/\/www.treatwell.at/treatment-files\/blond-vs-braun-welche-haarfarbe-passt-am-besten-zu-dir\/#primaryimage"},"thumbnailUrl":"https:\/\/www.treatwell.at/treatment-files\/wp-content\/uploads\/sites\/2\/2022\/03\/Blond-braun-Featured.jpg","keywords":["Hair","Hair Colouring and Highlights"],"articleSection":["Beauty"],"inLanguage":"de-AT"},{"@type":"WebPage","@id":"https:\/\/www.treatwell.at/treatment-files\/blond-vs-braun-welche-haarfarbe-passt-am-besten-zu-dir\/","url":"https:\/\/www.treatwell.at/treatment-files\/blond-vs-braun-welche-haarfarbe-passt-am-besten-zu-dir\/","name":"Blond vs. Braun: Welche Haarfarbe passt am besten zu dir? - Treatwell","isPartOf":{"@id":"https:\/\/www.treatwell.at/treatment-files\/#website"},"primaryImageOfPage":{"@id":"https:\/\/www.treatwell.at/treatment-files\/blond-vs-braun-welche-haarfarbe-passt-am-besten-zu-dir\/#primaryimage"},"image":{"@id":"https:\/\/www.treatwell.at/treatment-files\/blond-vs-braun-welche-haarfarbe-passt-am-besten-zu-dir\/#primaryimage"},"thumbnailUrl":"https:\/\/www.treatwell.at/treatment-files\/wp-content\/uploads\/sites\/2\/2022\/03\/Blond-braun-Featured.jpg","datePublished":"2021-03-09T08:00:04+00:00","dateModified":"2026-01-18T15:44:51+00:00","description":"Der Fr\u00fchling r\u00fcckt n\u00e4her und wir sind mit der ewigen Frage in Sachen Haarfarbe konfrontiert. Blond vs. braun? In den letzten Wochen durften wir die verschiedensten Looks bewundern \u2013 dazu geh\u00f6rt Elle Fannings honigblond und Cara Delevingnes karamellbraun. Doch welche Haarfarbe steht dir am besten? Wir haben den direkten Vergleich gemacht.","breadcrumb":{"@id":"https:\/\/www.treatwell.at/treatment-files\/blond-vs-braun-welche-haarfarbe-passt-am-besten-zu-dir\/#breadcrumb"},"inLanguage":"de-AT","potentialAction":[{"@type":"ReadAction","target":["https:\/\/www.treatwell.at/treatment-files\/blond-vs-braun-welche-haarfarbe-passt-am-besten-zu-dir\/"]}]},{"@type":"ImageObject","inLanguage":"de-AT","@id":"https:\/\/www.treatwell.at/treatment-files\/blond-vs-braun-welche-haarfarbe-passt-am-besten-zu-dir\/#primaryimage","url":"https:\/\/www.treatwell.at/treatment-files\/wp-content\/uploads\/sites\/2\/2022\/03\/Blond-braun-Featured.jpg","contentUrl":"https:\/\/www.treatwell.at/treatment-files\/wp-content\/uploads\/sites\/2\/2022\/03\/Blond-braun-Featured.jpg","width":562,"height":562},{"@type":"BreadcrumbList","@id":"https:\/\/www.treatwell.at/treatment-files\/blond-vs-braun-welche-haarfarbe-passt-am-besten-zu-dir\/#breadcrumb","itemListElement":[{"@type":"ListItem","position":1,"name":"Home","item":"https:\/\/www.treatwell.at/treatment-files\/"},{"@type":"ListItem","position":2,"name":"Beauty","item":"https:\/\/www.treatwell.at/treatment-files\/beauty\/"},{"@type":"ListItem","position":3,"name":"Blond vs. Braun: Welche Haarfarbe passt am besten zu dir?"}]},{"@type":"WebSite","@id":"https:\/\/www.treatwell.at/treatment-files\/#website","url":"https:\/\/www.treatwell.at/treatment-files\/","name":"The Treatment Files Blog","description":"Beauty entdecken. Beauty erleben.","publisher":{"@id":"https:\/\/www.treatwell.at/treatment-files\/#organization"},"potentialAction":[{"@type":"SearchAction","target":{"@type":"EntryPoint","urlTemplate":"https:\/\/www.treatwell.at/treatment-files\/?s={search_term_string}"},"query-input":{"@type":"PropertyValueSpecification","valueRequired":true,"valueName":"search_term_string"}}],"inLanguage":"de-AT"},{"@type":"Organization","@id":"https:\/\/www.treatwell.at/treatment-files\/#organization","name":"Treatwell","url":"https:\/\/www.treatwell.at/treatment-files\/","logo":{"@type":"ImageObject","inLanguage":"de-AT","@id":"https:\/\/www.treatwell.at/treatment-files\/#\/schema\/logo\/image\/","url":"https:\/\/www.treatwell.at/treatment-files\/wp-content\/uploads\/sites\/2\/2022\/03\/logo_treatwell.png","contentUrl":"https:\/\/www.treatwell.at/treatment-files\/wp-content\/uploads\/sites\/2\/2022\/03\/logo_treatwell.png","width":889,"height":164,"caption":"Treatwell"},"image":{"@id":"https:\/\/www.treatwell.at/treatment-files\/#\/schema\/logo\/image\/"}},{"@type":"Person","@id":"https:\/\/www.treatwell.at/treatment-files\/#\/schema\/person\/869d3f19bdf4203c8e6e97c64e1c3c8e","name":"Isabella Tombinski-robb","image":{"@type":"ImageObject","inLanguage":"de-AT","@id":"https:\/\/secure.gravatar.com\/avatar\/624ce3bd6151d711f02c8c31549c8390027943dc1293e17bf28c136ce4288a80?s=96&d=mm&r=g","url":"https:\/\/secure.gravatar.com\/avatar\/624ce3bd6151d711f02c8c31549c8390027943dc1293e17bf28c136ce4288a80?s=96&d=mm&r=g","contentUrl":"https:\/\/secure.gravatar.com\/avatar\/624ce3bd6151d711f02c8c31549c8390027943dc1293e17bf28c136ce4288a80?s=96&d=mm&r=g","caption":"Isabella Tombinski-robb"},"url":"https:\/\/www.treatwell.at/treatment-files\/author\/isabellatombinskirobb\/"}]}},"featured_image_src":"https:\/\/www.treatwell.at/treatment-files\/wp-content\/uploads\/sites\/2\/2022\/03\/Blond-braun-Featured-562x400.jpg","featured_image_src_square":"https:\/\/www.treatwell.at/treatment-files\/wp-content\/uploads\/sites\/2\/2022\/03\/Blond-braun-Featured.jpg","author_info":{"display_name":"Isabella Tombinski-robb","author_link":"https:\/\/www.treatwell.at/treatment-files\/author\/isabellatombinskirobb\/"},"_links":{"self":[{"href":"https:\/\/www.treatwell.at\/treatment-files\/wp-json\/wp\/v2\/posts\/17195","targetHints":{"allow":["GET"]}}],"collection":[{"href":"https:\/\/www.treatwell.at\/treatment-files\/wp-json\/wp\/v2\/posts"}],"about":[{"href":"https:\/\/www.treatwell.at\/treatment-files\/wp-json\/wp\/v2\/types\/post"}],"author":[{"embeddable":true,"href":"https:\/\/www.treatwell.at\/treatment-files\/wp-json\/wp\/v2\/users\/3318"}],"replies":[{"embeddable":true,"href":"https:\/\/www.treatwell.at\/treatment-files\/wp-json\/wp\/v2\/comments?post=17195"}],"version-history":[{"count":0,"href":"https:\/\/www.treatwell.at\/treatment-files\/wp-json\/wp\/v2\/posts\/17195\/revisions"}],"wp:featuredmedia":[{"embeddable":true,"href":"https:\/\/www.treatwell.at\/treatment-files\/wp-json\/wp\/v2\/media\/17201"}],"wp:attachment":[{"href":"https:\/\/www.treatwell.at\/treatment-files\/wp-json\/wp\/v2\/media?parent=17195"}],"wp:term":[{"taxonomy":"category","embeddable":true,"href":"https:\/\/www.treatwell.at\/treatment-files\/wp-json\/wp\/v2\/categories?post=17195"},{"taxonomy":"post_tag","embeddable":true,"href":"https:\/\/www.treatwell.at\/treatment-files\/wp-json\/wp\/v2\/tags?post=17195"}],"curies":[{"name":"wp","href":"https:\/\/api.w.org\/{rel}","templated":true}]}}