{"id":17453,"date":"2021-06-23T10:00:20","date_gmt":"2021-06-23T08:00:20","guid":{"rendered":"http:\/\/www.treatwell.at\/treatment-files\/?p=20582"},"modified":"2026-01-18T13:44:50","modified_gmt":"2026-01-18T12:44:50","slug":"em-style-gefaellig-diese-sportler-frisuren-sind-ideal-fuer-den-sommer","status":"publish","type":"post","link":"https:\/\/www.treatwell.at/treatment-files\/em-style-gefaellig-diese-sportler-frisuren-sind-ideal-fuer-den-sommer\/","title":{"rendered":"EM Style gef\u00e4llig? Diese Sportler-Frisuren sind ideal f\u00fcr den Sommer"},"content":{"rendered":"<p style=\"text-align: justify\"><span style=\"font-weight: 400\">Die Europa League ist voll im Gange und die trendigen Sommerfrisuren, die die Feld-Athleten rocken, sind dieses Jahr besondere Eyecatcher. Letzte Woche durften wir euch <a href=\"https:\/\/www.treatwell.at\/treatment-files\/flow-haircut-das-sind-die-coolsten-maennerfrisuren-der-europameisterschaft-2020\/\">einige der Trends<\/a> vorgestellt, heute m\u00f6chten wir euch ein paar weitere Inspirationen vorstellen. Von Gazza-Haarschnitt \u00fcber Flow Cut, Undercut und klassischer Pompadour-Welle: So kannst du dich top gestylt auf das n\u00e4chste Spiel Deutschland gegen Ungarn mit deinen Jungs vorbereiten (sei es vor dem Fernseher zu Hause oder in der Stammbar). Hier gehts zu den Sportler-Frisuren f\u00fcr den Sommer und unseren pers\u00f6nlichen Favoriten. \u00a0<\/span><\/p>\n<p>Von Isabella<\/p>\n<div class=\"schema-faq wp-block-yoast-faq-block\">\n<div class=\"schema-faq-section\" id=\"faq-question-1768739972650\">\n<h3 class=\"schema-faq-question\">Welche Sommerfrisuren sind aktuell bei Feld-Athleten beliebt?<\/h3>\n<p class=\"schema-faq-answer\">Die trendy Sommerfrisuren reichen von Flow Cut \u00fcber Undercut bis zur klassischen Pompadour-Welle. Auff\u00e4llige Styles wie der Gazza-Haarschnitt dominieren und setzen sportliche Akzente f\u00fcr alle, die einen modernen Look suchen.<\/div>\n<div class=\"schema-faq-section\" id=\"faq-question-1768739972651\">\n<h3 class=\"schema-faq-question\">Wie kannst du dich f\u00fcr ein Fu\u00dfballspiel stylisch inspirieren lassen?<\/h3>\n<p class=\"schema-faq-answer\">Hole dir Inspiration von Athletinnen und Athleten mit sportlichen Sommerfrisuren wie Flow Cut oder Undercut. Diese Looks passen sowohl vor dem Fernseher zu Hause als auch beim Public Viewing in der Bar.<\/div>\n<div class=\"schema-faq-section\" id=\"faq-question-1768739972652\">\n<h3 class=\"schema-faq-question\">Was macht den Flow Cut so angesagt im Sommer?<\/h3>\n<p class=\"schema-faq-answer\">Hinter dem Flow Cut verbirgt sich eine l\u00e4ssige Frisur mit viel Dynamik, die bei warmem Wetter besonders gut wirkt. Sie vereint nat\u00fcrliche Bewegung mit Komfort und bringt deinen individuellen Stil zur Geltung.<\/div>\n<div class=\"schema-faq-section\" id=\"faq-question-1768739972653\">\n<h3 class=\"schema-faq-question\">Welche klassischen Frisuren passen besonders f\u00fcr den Spieltag?<\/h3>\n<p class=\"schema-faq-answer\">Die klassische Pompadour-Welle und der Undercut verleihen jedem Spieltag einen stilvollen Touch. Beide Varianten wirken gepflegt und lassen sich sowohl sportlich als auch elegant tragen.<\/div>\n<div class=\"schema-faq-section\" id=\"faq-question-1768739972654\">\n<h3 class=\"schema-faq-question\">Wie setzt du auff\u00e4llige Akzente mit deinem Sommerlook?<\/h3>\n<p class=\"schema-faq-answer\">Auff\u00e4llige Athleten-Frisuren mit klaren Konturen oder markanten Wellen sorgen f\u00fcr einen modernen Auftritt. Damit setzt du ein Statement, das sofort ins Auge f\u00e4llt \u2013 egal ob beim Treffen mit Freundinnen und Freunden oder beim Public Viewing.<\/div>\n<\/p><\/div>\n","protected":false},"excerpt":{"rendered":"<p>Die Europa League ist voll im Gange und die trendigen Sommerfrisuren, die die Feld-Athleten rocken, sind dieses Jahr besondere Eyecatcher. Letzte Woche durften wir euch einige der Trends vorgestellt, heute m\u00f6chten wir euch ein paar weitere Inspirationen vorstellen. Von Gazza-Haarschnitt \u00fcber Flow Cut, Undercut und klassischer Pompadour-Welle: So kannst du dich top gestylt auf das [&hellip;]<\/p>\n","protected":false},"author":3318,"featured_media":17468,"comment_status":"closed","ping_status":"closed","sticky":false,"template":"","format":"standard","meta":{"_acf_changed":false,"_yoast_wpseo_title":"EM Style gef\u00e4llig? Diese Sportler-Frisuren sind ideal f\u00fcr den Sommer - Treatwell","_yoast_wpseo_metadesc":"So kannst du dich top gestylt auf das n\u00e4chste Spiel Deutschland gegen Ungarn mit deinen Jungs vorbereiten (sei es vor dem Fernseher zu Hause oder in der Stammbar). Hier gehts zu den Sportler-Frisuren f\u00fcr den Sommer und unseren pers\u00f6nlichen Favoriten. \u00a0","_genesis_hide_title":false,"_genesis_hide_breadcrumbs":false,"_genesis_hide_singular_image":false,"_genesis_hide_footer_widgets":false,"_genesis_custom_body_class":"","_genesis_custom_post_class":"","_genesis_layout":"","saswp_custom_schema_field":"{\"@context\":\"https:\/\/schema.org\",\"@type\":\"FAQPage\",\"mainEntity\":[{\"@type\":\"Question\",\"name\":\"Welche Sommerfrisuren sind aktuell bei Feld-Athleten beliebt?\",\"acceptedAnswer\":{\"@type\":\"Answer\",\"text\":\"Die trendy Sommerfrisuren reichen von Flow Cut \u00fcber Undercut bis zur klassischen Pompadour-Welle. Auff\u00e4llige Styles wie der Gazza-Haarschnitt dominieren und setzen sportliche Akzente f\u00fcr alle, die einen modernen Look suchen.\"}},{\"@type\":\"Question\",\"name\":\"Wie kannst du dich f\u00fcr ein Fu\u00dfballspiel stylisch inspirieren lassen?\",\"acceptedAnswer\":{\"@type\":\"Answer\",\"text\":\"Hole dir Inspiration von Athletinnen und Athleten mit sportlichen Sommerfrisuren wie Flow Cut oder Undercut. Diese Looks passen sowohl vor dem Fernseher zu Hause als auch beim Public Viewing in der Bar.\"}},{\"@type\":\"Question\",\"name\":\"Was macht den Flow Cut so angesagt im Sommer?\",\"acceptedAnswer\":{\"@type\":\"Answer\",\"text\":\"Hinter dem Flow Cut verbirgt sich eine l\u00e4ssige Frisur mit viel Dynamik, die bei warmem Wetter besonders gut wirkt. Sie vereint nat\u00fcrliche Bewegung mit Komfort und bringt deinen individuellen Stil zur Geltung.\"}},{\"@type\":\"Question\",\"name\":\"Welche klassischen Frisuren passen besonders f\u00fcr den Spieltag?\",\"acceptedAnswer\":{\"@type\":\"Answer\",\"text\":\"Die klassische Pompadour-Welle und der Undercut verleihen jedem Spieltag einen stilvollen Touch. Beide Varianten wirken gepflegt und lassen sich sowohl sportlich als auch elegant tragen.\"}},{\"@type\":\"Question\",\"name\":\"Wie setzt du auff\u00e4llige Akzente mit deinem Sommerlook?\",\"acceptedAnswer\":{\"@type\":\"Answer\",\"text\":\"Auff\u00e4llige Athleten-Frisuren mit klaren Konturen oder markanten Wellen sorgen f\u00fcr einen modernen Auftritt. Damit setzt du ein Statement, das sofort ins Auge f\u00e4llt \u2013 egal ob beim Treffen mit Freundinnen und Freunden oder beim Public Viewing.\"}}]}","footnotes":""},"categories":[2],"tags":[10],"class_list":{"0":"post-17453","1":"post","2":"type-post","3":"status-publish","4":"format-standard","5":"has-post-thumbnail","7":"category-trends","8":"tag-tr716","9":"entry"},"acf":{"post_credits":"Bildrechte: Shutterstock","beauty_blog_post_button_title":"Fu\u00dfballfrisur buchen","beauty_blog_post_button":"https:\/\/www.treatwell.at\/orte\/behandlung-maennerhaarschnitte\/angebot-typ-lokal\/in-at\/","landscape_picture":17467,"blocks":[{"block_title":"","block_content":"","video_content":"","block_picture":17454},{"block_title":"","block_content":"","video_content":"","block_picture":17455},{"block_title":"","block_content":"","video_content":"","block_picture":17456},{"block_title":"","block_content":"","video_content":"","block_picture":17457},{"block_title":"","block_content":"","video_content":"","block_picture":17458},{"block_title":"","block_content":"","video_content":"","block_picture":17459},{"block_title":"","block_content":"","video_content":"","block_picture":17460},{"block_title":"","block_content":"","video_content":"","block_picture":17461},{"block_title":"","block_content":"","video_content":"","block_picture":17462},{"block_title":"","block_content":"","video_content":"","block_picture":17463},{"block_title":"","block_content":"","video_content":"","block_picture":17464},{"block_title":"","block_content":"","video_content":"","block_picture":17465},{"block_title":"","block_content":"","video_content":"","block_picture":17466}]},"yoast_head":"<!-- This site is optimized with the Yoast SEO plugin v27.5 - https:\/\/yoast.com\/product\/yoast-seo-wordpress\/ -->\n<title>EM Style gef\u00e4llig? Diese Sportler-Frisuren sind ideal f\u00fcr den Sommer - Treatwell<\/title>\n<meta name=\"description\" content=\"So kannst du dich top gestylt auf das n\u00e4chste Spiel Deutschland gegen Ungarn mit deinen Jungs vorbereiten (sei es vor dem Fernseher zu Hause oder in der Stammbar). Hier gehts zu den Sportler-Frisuren f\u00fcr den Sommer und unseren pers\u00f6nlichen Favoriten. \u00a0\" \/>\n<meta name=\"robots\" content=\"index, follow, max-snippet:-1, max-image-preview:large, max-video-preview:-1\" \/>\n<link rel=\"canonical\" href=\"https:\/\/www.treatwell.at/treatment-files\/em-style-gefaellig-diese-sportler-frisuren-sind-ideal-fuer-den-sommer\/\" \/>\n<meta property=\"og:locale\" content=\"de_DE\" \/>\n<meta property=\"og:type\" content=\"article\" \/>\n<meta property=\"og:title\" content=\"EM Style gef\u00e4llig? Diese Sportler-Frisuren sind ideal f\u00fcr den Sommer - Treatwell\" \/>\n<meta property=\"og:description\" content=\"So kannst du dich top gestylt auf das n\u00e4chste Spiel Deutschland gegen Ungarn mit deinen Jungs vorbereiten (sei es vor dem Fernseher zu Hause oder in der Stammbar). Hier gehts zu den Sportler-Frisuren f\u00fcr den Sommer und unseren pers\u00f6nlichen Favoriten. \u00a0\" \/>\n<meta property=\"og:url\" content=\"https:\/\/www.treatwell.at/treatment-files\/em-style-gefaellig-diese-sportler-frisuren-sind-ideal-fuer-den-sommer\/\" \/>\n<meta property=\"og:site_name\" content=\"The Treatment Files Blog\" \/>\n<meta property=\"article:published_time\" content=\"2021-06-23T08:00:20+00:00\" \/>\n<meta property=\"article:modified_time\" content=\"2026-01-18T12:44:50+00:00\" \/>\n<meta property=\"og:image\" content=\"https:\/\/www.treatwell.at/treatment-files\/wp-content\/uploads\/sites\/2\/2022\/03\/Sportler-Frisuren-HERO-500x.png\" \/>\n\t<meta property=\"og:image:width\" content=\"600\" \/>\n\t<meta property=\"og:image:height\" content=\"600\" \/>\n\t<meta property=\"og:image:type\" content=\"image\/png\" \/>\n<meta name=\"author\" content=\"Isabella Tombinski-robb\" \/>\n<meta name=\"twitter:card\" content=\"summary_large_image\" \/>\n<meta name=\"twitter:label1\" content=\"Verfasst von\" \/>\n\t<meta name=\"twitter:data1\" content=\"Isabella Tombinski-robb\" \/>\n\t<meta name=\"twitter:label2\" content=\"Gesch\u00e4tzte Lesezeit\" \/>\n\t<meta name=\"twitter:data2\" content=\"2 Minuten\" \/>\n<script type=\"application\/ld+json\" class=\"yoast-schema-graph\">{\"@context\":\"https:\\\/\\\/schema.org\",\"@graph\":[{\"@type\":\"Article\",\"@id\":\"https:\\\/\\\/www.treatwell.at/treatment-files\\\/em-style-gefaellig-diese-sportler-frisuren-sind-ideal-fuer-den-sommer\\\/#article\",\"isPartOf\":{\"@id\":\"https:\\\/\\\/www.treatwell.at/treatment-files\\\/em-style-gefaellig-diese-sportler-frisuren-sind-ideal-fuer-den-sommer\\\/\"},\"author\":{\"name\":\"Isabella Tombinski-robb\",\"@id\":\"https:\\\/\\\/www.treatwell.at/treatment-files\\\/#\\\/schema\\\/person\\\/869d3f19bdf4203c8e6e97c64e1c3c8e\"},\"headline\":\"EM Style gef\u00e4llig? Diese Sportler-Frisuren sind ideal f\u00fcr den Sommer\",\"datePublished\":\"2021-06-23T08:00:20+00:00\",\"dateModified\":\"2026-01-18T12:44:50+00:00\",\"mainEntityOfPage\":{\"@id\":\"https:\\\/\\\/www.treatwell.at/treatment-files\\\/em-style-gefaellig-diese-sportler-frisuren-sind-ideal-fuer-den-sommer\\\/\"},\"wordCount\":312,\"publisher\":{\"@id\":\"https:\\\/\\\/www.treatwell.at/treatment-files\\\/#organization\"},\"image\":{\"@id\":\"https:\\\/\\\/www.treatwell.at/treatment-files\\\/em-style-gefaellig-diese-sportler-frisuren-sind-ideal-fuer-den-sommer\\\/#primaryimage\"},\"thumbnailUrl\":\"https:\\\/\\\/www.treatwell.at/treatment-files\\\/wp-content\\\/uploads\\\/sites\\\/2\\\/2022\\\/03\\\/Sportler-Frisuren-HERO-500x.png\",\"keywords\":[\"Men's Haircuts and Hairdressing\"],\"articleSection\":[\"Trends\"],\"inLanguage\":\"de-AT\"},{\"@type\":\"WebPage\",\"@id\":\"https:\\\/\\\/www.treatwell.at/treatment-files\\\/em-style-gefaellig-diese-sportler-frisuren-sind-ideal-fuer-den-sommer\\\/\",\"url\":\"https:\\\/\\\/www.treatwell.at/treatment-files\\\/em-style-gefaellig-diese-sportler-frisuren-sind-ideal-fuer-den-sommer\\\/\",\"name\":\"EM Style gef\u00e4llig? Diese Sportler-Frisuren sind ideal f\u00fcr den Sommer - Treatwell\",\"isPartOf\":{\"@id\":\"https:\\\/\\\/www.treatwell.at/treatment-files\\\/#website\"},\"primaryImageOfPage\":{\"@id\":\"https:\\\/\\\/www.treatwell.at/treatment-files\\\/em-style-gefaellig-diese-sportler-frisuren-sind-ideal-fuer-den-sommer\\\/#primaryimage\"},\"image\":{\"@id\":\"https:\\\/\\\/www.treatwell.at/treatment-files\\\/em-style-gefaellig-diese-sportler-frisuren-sind-ideal-fuer-den-sommer\\\/#primaryimage\"},\"thumbnailUrl\":\"https:\\\/\\\/www.treatwell.at/treatment-files\\\/wp-content\\\/uploads\\\/sites\\\/2\\\/2022\\\/03\\\/Sportler-Frisuren-HERO-500x.png\",\"datePublished\":\"2021-06-23T08:00:20+00:00\",\"dateModified\":\"2026-01-18T12:44:50+00:00\",\"description\":\"So kannst du dich top gestylt auf das n\u00e4chste Spiel Deutschland gegen Ungarn mit deinen Jungs vorbereiten (sei es vor dem Fernseher zu Hause oder in der Stammbar). Hier gehts zu den Sportler-Frisuren f\u00fcr den Sommer und unseren pers\u00f6nlichen Favoriten. \u00a0\",\"breadcrumb\":{\"@id\":\"https:\\\/\\\/www.treatwell.at/treatment-files\\\/em-style-gefaellig-diese-sportler-frisuren-sind-ideal-fuer-den-sommer\\\/#breadcrumb\"},\"inLanguage\":\"de-AT\",\"potentialAction\":[{\"@type\":\"ReadAction\",\"target\":[\"https:\\\/\\\/www.treatwell.at/treatment-files\\\/em-style-gefaellig-diese-sportler-frisuren-sind-ideal-fuer-den-sommer\\\/\"]}]},{\"@type\":\"ImageObject\",\"inLanguage\":\"de-AT\",\"@id\":\"https:\\\/\\\/www.treatwell.at/treatment-files\\\/em-style-gefaellig-diese-sportler-frisuren-sind-ideal-fuer-den-sommer\\\/#primaryimage\",\"url\":\"https:\\\/\\\/www.treatwell.at/treatment-files\\\/wp-content\\\/uploads\\\/sites\\\/2\\\/2022\\\/03\\\/Sportler-Frisuren-HERO-500x.png\",\"contentUrl\":\"https:\\\/\\\/www.treatwell.at/treatment-files\\\/wp-content\\\/uploads\\\/sites\\\/2\\\/2022\\\/03\\\/Sportler-Frisuren-HERO-500x.png\",\"width\":600,\"height\":600},{\"@type\":\"BreadcrumbList\",\"@id\":\"https:\\\/\\\/www.treatwell.at/treatment-files\\\/em-style-gefaellig-diese-sportler-frisuren-sind-ideal-fuer-den-sommer\\\/#breadcrumb\",\"itemListElement\":[{\"@type\":\"ListItem\",\"position\":1,\"name\":\"Home\",\"item\":\"https:\\\/\\\/www.treatwell.at/treatment-files\\\/\"},{\"@type\":\"ListItem\",\"position\":2,\"name\":\"Trends\",\"item\":\"https:\\\/\\\/www.treatwell.at/treatment-files\\\/trends\\\/\"},{\"@type\":\"ListItem\",\"position\":3,\"name\":\"EM Style gef\u00e4llig? Diese Sportler-Frisuren sind ideal f\u00fcr den Sommer\"}]},{\"@type\":\"WebSite\",\"@id\":\"https:\\\/\\\/www.treatwell.at/treatment-files\\\/#website\",\"url\":\"https:\\\/\\\/www.treatwell.at/treatment-files\\\/\",\"name\":\"The Treatment Files Blog\",\"description\":\"Beauty entdecken. Beauty erleben.\",\"publisher\":{\"@id\":\"https:\\\/\\\/www.treatwell.at/treatment-files\\\/#organization\"},\"potentialAction\":[{\"@type\":\"SearchAction\",\"target\":{\"@type\":\"EntryPoint\",\"urlTemplate\":\"https:\\\/\\\/www.treatwell.at/treatment-files\\\/?s={search_term_string}\"},\"query-input\":{\"@type\":\"PropertyValueSpecification\",\"valueRequired\":true,\"valueName\":\"search_term_string\"}}],\"inLanguage\":\"de-AT\"},{\"@type\":\"Organization\",\"@id\":\"https:\\\/\\\/www.treatwell.at/treatment-files\\\/#organization\",\"name\":\"Treatwell\",\"url\":\"https:\\\/\\\/www.treatwell.at/treatment-files\\\/\",\"logo\":{\"@type\":\"ImageObject\",\"inLanguage\":\"de-AT\",\"@id\":\"https:\\\/\\\/www.treatwell.at/treatment-files\\\/#\\\/schema\\\/logo\\\/image\\\/\",\"url\":\"https:\\\/\\\/www.treatwell.at/treatment-files\\\/wp-content\\\/uploads\\\/sites\\\/2\\\/2022\\\/03\\\/logo_treatwell.png\",\"contentUrl\":\"https:\\\/\\\/www.treatwell.at/treatment-files\\\/wp-content\\\/uploads\\\/sites\\\/2\\\/2022\\\/03\\\/logo_treatwell.png\",\"width\":889,\"height\":164,\"caption\":\"Treatwell\"},\"image\":{\"@id\":\"https:\\\/\\\/www.treatwell.at/treatment-files\\\/#\\\/schema\\\/logo\\\/image\\\/\"}},{\"@type\":\"Person\",\"@id\":\"https:\\\/\\\/www.treatwell.at/treatment-files\\\/#\\\/schema\\\/person\\\/869d3f19bdf4203c8e6e97c64e1c3c8e\",\"name\":\"Isabella Tombinski-robb\",\"image\":{\"@type\":\"ImageObject\",\"inLanguage\":\"de-AT\",\"@id\":\"https:\\\/\\\/secure.gravatar.com\\\/avatar\\\/624ce3bd6151d711f02c8c31549c8390027943dc1293e17bf28c136ce4288a80?s=96&d=mm&r=g\",\"url\":\"https:\\\/\\\/secure.gravatar.com\\\/avatar\\\/624ce3bd6151d711f02c8c31549c8390027943dc1293e17bf28c136ce4288a80?s=96&d=mm&r=g\",\"contentUrl\":\"https:\\\/\\\/secure.gravatar.com\\\/avatar\\\/624ce3bd6151d711f02c8c31549c8390027943dc1293e17bf28c136ce4288a80?s=96&d=mm&r=g\",\"caption\":\"Isabella Tombinski-robb\"},\"url\":\"https:\\\/\\\/www.treatwell.at/treatment-files\\\/author\\\/isabellatombinskirobb\\\/\"}]}<\/script>\n<!-- \/ Yoast SEO plugin. -->","yoast_head_json":{"title":"EM Style gef\u00e4llig? Diese Sportler-Frisuren sind ideal f\u00fcr den Sommer - Treatwell","description":"So kannst du dich top gestylt auf das n\u00e4chste Spiel Deutschland gegen Ungarn mit deinen Jungs vorbereiten (sei es vor dem Fernseher zu Hause oder in der Stammbar). Hier gehts zu den Sportler-Frisuren f\u00fcr den Sommer und unseren pers\u00f6nlichen Favoriten. \u00a0","robots":{"index":"index","follow":"follow","max-snippet":"max-snippet:-1","max-image-preview":"max-image-preview:large","max-video-preview":"max-video-preview:-1"},"canonical":"https:\/\/www.treatwell.at/treatment-files\/em-style-gefaellig-diese-sportler-frisuren-sind-ideal-fuer-den-sommer\/","og_locale":"de_DE","og_type":"article","og_title":"EM Style gef\u00e4llig? Diese Sportler-Frisuren sind ideal f\u00fcr den Sommer - Treatwell","og_description":"So kannst du dich top gestylt auf das n\u00e4chste Spiel Deutschland gegen Ungarn mit deinen Jungs vorbereiten (sei es vor dem Fernseher zu Hause oder in der Stammbar). Hier gehts zu den Sportler-Frisuren f\u00fcr den Sommer und unseren pers\u00f6nlichen Favoriten. \u00a0","og_url":"https:\/\/www.treatwell.at/treatment-files\/em-style-gefaellig-diese-sportler-frisuren-sind-ideal-fuer-den-sommer\/","og_site_name":"The Treatment Files Blog","article_published_time":"2021-06-23T08:00:20+00:00","article_modified_time":"2026-01-18T12:44:50+00:00","og_image":[{"width":600,"height":600,"url":"https:\/\/www.treatwell.at/treatment-files\/wp-content\/uploads\/sites\/2\/2022\/03\/Sportler-Frisuren-HERO-500x.png","type":"image\/png"}],"author":"Isabella Tombinski-robb","twitter_card":"summary_large_image","twitter_misc":{"Verfasst von":"Isabella Tombinski-robb","Gesch\u00e4tzte Lesezeit":"2 Minuten"},"schema":{"@context":"https:\/\/schema.org","@graph":[{"@type":"Article","@id":"https:\/\/www.treatwell.at/treatment-files\/em-style-gefaellig-diese-sportler-frisuren-sind-ideal-fuer-den-sommer\/#article","isPartOf":{"@id":"https:\/\/www.treatwell.at/treatment-files\/em-style-gefaellig-diese-sportler-frisuren-sind-ideal-fuer-den-sommer\/"},"author":{"name":"Isabella Tombinski-robb","@id":"https:\/\/www.treatwell.at/treatment-files\/#\/schema\/person\/869d3f19bdf4203c8e6e97c64e1c3c8e"},"headline":"EM Style gef\u00e4llig? Diese Sportler-Frisuren sind ideal f\u00fcr den Sommer","datePublished":"2021-06-23T08:00:20+00:00","dateModified":"2026-01-18T12:44:50+00:00","mainEntityOfPage":{"@id":"https:\/\/www.treatwell.at/treatment-files\/em-style-gefaellig-diese-sportler-frisuren-sind-ideal-fuer-den-sommer\/"},"wordCount":312,"publisher":{"@id":"https:\/\/www.treatwell.at/treatment-files\/#organization"},"image":{"@id":"https:\/\/www.treatwell.at/treatment-files\/em-style-gefaellig-diese-sportler-frisuren-sind-ideal-fuer-den-sommer\/#primaryimage"},"thumbnailUrl":"https:\/\/www.treatwell.at/treatment-files\/wp-content\/uploads\/sites\/2\/2022\/03\/Sportler-Frisuren-HERO-500x.png","keywords":["Men's Haircuts and Hairdressing"],"articleSection":["Trends"],"inLanguage":"de-AT"},{"@type":"WebPage","@id":"https:\/\/www.treatwell.at/treatment-files\/em-style-gefaellig-diese-sportler-frisuren-sind-ideal-fuer-den-sommer\/","url":"https:\/\/www.treatwell.at/treatment-files\/em-style-gefaellig-diese-sportler-frisuren-sind-ideal-fuer-den-sommer\/","name":"EM Style gef\u00e4llig? Diese Sportler-Frisuren sind ideal f\u00fcr den Sommer - Treatwell","isPartOf":{"@id":"https:\/\/www.treatwell.at/treatment-files\/#website"},"primaryImageOfPage":{"@id":"https:\/\/www.treatwell.at/treatment-files\/em-style-gefaellig-diese-sportler-frisuren-sind-ideal-fuer-den-sommer\/#primaryimage"},"image":{"@id":"https:\/\/www.treatwell.at/treatment-files\/em-style-gefaellig-diese-sportler-frisuren-sind-ideal-fuer-den-sommer\/#primaryimage"},"thumbnailUrl":"https:\/\/www.treatwell.at/treatment-files\/wp-content\/uploads\/sites\/2\/2022\/03\/Sportler-Frisuren-HERO-500x.png","datePublished":"2021-06-23T08:00:20+00:00","dateModified":"2026-01-18T12:44:50+00:00","description":"So kannst du dich top gestylt auf das n\u00e4chste Spiel Deutschland gegen Ungarn mit deinen Jungs vorbereiten (sei es vor dem Fernseher zu Hause oder in der Stammbar). Hier gehts zu den Sportler-Frisuren f\u00fcr den Sommer und unseren pers\u00f6nlichen Favoriten. \u00a0","breadcrumb":{"@id":"https:\/\/www.treatwell.at/treatment-files\/em-style-gefaellig-diese-sportler-frisuren-sind-ideal-fuer-den-sommer\/#breadcrumb"},"inLanguage":"de-AT","potentialAction":[{"@type":"ReadAction","target":["https:\/\/www.treatwell.at/treatment-files\/em-style-gefaellig-diese-sportler-frisuren-sind-ideal-fuer-den-sommer\/"]}]},{"@type":"ImageObject","inLanguage":"de-AT","@id":"https:\/\/www.treatwell.at/treatment-files\/em-style-gefaellig-diese-sportler-frisuren-sind-ideal-fuer-den-sommer\/#primaryimage","url":"https:\/\/www.treatwell.at/treatment-files\/wp-content\/uploads\/sites\/2\/2022\/03\/Sportler-Frisuren-HERO-500x.png","contentUrl":"https:\/\/www.treatwell.at/treatment-files\/wp-content\/uploads\/sites\/2\/2022\/03\/Sportler-Frisuren-HERO-500x.png","width":600,"height":600},{"@type":"BreadcrumbList","@id":"https:\/\/www.treatwell.at/treatment-files\/em-style-gefaellig-diese-sportler-frisuren-sind-ideal-fuer-den-sommer\/#breadcrumb","itemListElement":[{"@type":"ListItem","position":1,"name":"Home","item":"https:\/\/www.treatwell.at/treatment-files\/"},{"@type":"ListItem","position":2,"name":"Trends","item":"https:\/\/www.treatwell.at/treatment-files\/trends\/"},{"@type":"ListItem","position":3,"name":"EM Style gef\u00e4llig? Diese Sportler-Frisuren sind ideal f\u00fcr den Sommer"}]},{"@type":"WebSite","@id":"https:\/\/www.treatwell.at/treatment-files\/#website","url":"https:\/\/www.treatwell.at/treatment-files\/","name":"The Treatment Files Blog","description":"Beauty entdecken. Beauty erleben.","publisher":{"@id":"https:\/\/www.treatwell.at/treatment-files\/#organization"},"potentialAction":[{"@type":"SearchAction","target":{"@type":"EntryPoint","urlTemplate":"https:\/\/www.treatwell.at/treatment-files\/?s={search_term_string}"},"query-input":{"@type":"PropertyValueSpecification","valueRequired":true,"valueName":"search_term_string"}}],"inLanguage":"de-AT"},{"@type":"Organization","@id":"https:\/\/www.treatwell.at/treatment-files\/#organization","name":"Treatwell","url":"https:\/\/www.treatwell.at/treatment-files\/","logo":{"@type":"ImageObject","inLanguage":"de-AT","@id":"https:\/\/www.treatwell.at/treatment-files\/#\/schema\/logo\/image\/","url":"https:\/\/www.treatwell.at/treatment-files\/wp-content\/uploads\/sites\/2\/2022\/03\/logo_treatwell.png","contentUrl":"https:\/\/www.treatwell.at/treatment-files\/wp-content\/uploads\/sites\/2\/2022\/03\/logo_treatwell.png","width":889,"height":164,"caption":"Treatwell"},"image":{"@id":"https:\/\/www.treatwell.at/treatment-files\/#\/schema\/logo\/image\/"}},{"@type":"Person","@id":"https:\/\/www.treatwell.at/treatment-files\/#\/schema\/person\/869d3f19bdf4203c8e6e97c64e1c3c8e","name":"Isabella Tombinski-robb","image":{"@type":"ImageObject","inLanguage":"de-AT","@id":"https:\/\/secure.gravatar.com\/avatar\/624ce3bd6151d711f02c8c31549c8390027943dc1293e17bf28c136ce4288a80?s=96&d=mm&r=g","url":"https:\/\/secure.gravatar.com\/avatar\/624ce3bd6151d711f02c8c31549c8390027943dc1293e17bf28c136ce4288a80?s=96&d=mm&r=g","contentUrl":"https:\/\/secure.gravatar.com\/avatar\/624ce3bd6151d711f02c8c31549c8390027943dc1293e17bf28c136ce4288a80?s=96&d=mm&r=g","caption":"Isabella Tombinski-robb"},"url":"https:\/\/www.treatwell.at/treatment-files\/author\/isabellatombinskirobb\/"}]}},"featured_image_src":"https:\/\/www.treatwell.at/treatment-files\/wp-content\/uploads\/sites\/2\/2022\/03\/Sportler-Frisuren-HERO-500x-600x400.png","featured_image_src_square":"https:\/\/www.treatwell.at/treatment-files\/wp-content\/uploads\/sites\/2\/2022\/03\/Sportler-Frisuren-HERO-500x-600x600.png","author_info":{"display_name":"Isabella Tombinski-robb","author_link":"https:\/\/www.treatwell.at/treatment-files\/author\/isabellatombinskirobb\/"},"_links":{"self":[{"href":"https:\/\/www.treatwell.at\/treatment-files\/wp-json\/wp\/v2\/posts\/17453","targetHints":{"allow":["GET"]}}],"collection":[{"href":"https:\/\/www.treatwell.at\/treatment-files\/wp-json\/wp\/v2\/posts"}],"about":[{"href":"https:\/\/www.treatwell.at\/treatment-files\/wp-json\/wp\/v2\/types\/post"}],"author":[{"embeddable":true,"href":"https:\/\/www.treatwell.at\/treatment-files\/wp-json\/wp\/v2\/users\/3318"}],"replies":[{"embeddable":true,"href":"https:\/\/www.treatwell.at\/treatment-files\/wp-json\/wp\/v2\/comments?post=17453"}],"version-history":[{"count":0,"href":"https:\/\/www.treatwell.at\/treatment-files\/wp-json\/wp\/v2\/posts\/17453\/revisions"}],"wp:featuredmedia":[{"embeddable":true,"href":"https:\/\/www.treatwell.at\/treatment-files\/wp-json\/wp\/v2\/media\/17468"}],"wp:attachment":[{"href":"https:\/\/www.treatwell.at\/treatment-files\/wp-json\/wp\/v2\/media?parent=17453"}],"wp:term":[{"taxonomy":"category","embeddable":true,"href":"https:\/\/www.treatwell.at\/treatment-files\/wp-json\/wp\/v2\/categories?post=17453"},{"taxonomy":"post_tag","embeddable":true,"href":"https:\/\/www.treatwell.at\/treatment-files\/wp-json\/wp\/v2\/tags?post=17453"}],"curies":[{"name":"wp","href":"https:\/\/api.w.org\/{rel}","templated":true}]}}