{"id":17638,"date":"2021-07-21T10:00:49","date_gmt":"2021-07-21T08:00:49","guid":{"rendered":"http:\/\/www.treatwell.at\/treatment-files\/?p=20788"},"modified":"2026-01-18T16:48:46","modified_gmt":"2026-01-18T15:48:46","slug":"haar-trend-der-farrah-fawcett-hairstyle-von-charlies-angels-ist-back","status":"publish","type":"post","link":"https:\/\/www.treatwell.at/treatment-files\/haar-trend-der-farrah-fawcett-hairstyle-von-charlies-angels-ist-back\/","title":{"rendered":"Haar Trend: Der Farrah Fawcett Hairstyle von Charlie&#8217;s Angels ist back"},"content":{"rendered":"<p style=\"text-align: justify\"><span style=\"font-weight: 400\">Zuerst der Shag, dann der Wolf-Cut und jetzt der Farrah Fawcett Hairstyle: Es scheint so als w\u00fcrden die Haartrends aus 70ern aktuell ein Comeback feiern. Kein Wunder, denn im Lockdown hatten wir gen\u00fcgend Zeit unser Haar wachsen zu lassen und jetzt wollen wir nicht mehr ohne Haarl\u00e4nge.<\/span><\/p>\n<p style=\"text-align: justify\"><span style=\"font-weight: 400\">Wenn du mit dem Film \u201cCharlie\u2019s Angels\u201d vertraut bist, dann auch bestimmt mit der Frisur die Schauspielerin Farah Fawcett zum Ruhm verschaffen hat. Der Haarschnitt zeichnet sich durch ein volumenhaftes und chaotisches Blond aus. Diesen Sommer hat die Frisur ein Update erhalten und man tr\u00e4gt diesen Style am liebsten mit einem auff\u00e4lligen Mittelscheitel.<\/span><\/p>\n<p style=\"text-align: justify\"><span style=\"font-weight: 400\">Um diesen Look zu erhalten, sollte dein Haar <a href=\"https:\/\/www.treatwell.at\/orte\/behandlung-damenhaarschnitt\/angebot-typ-lokal\/in-at\/\">von deinem Stylisten gut durchgestuft werden<\/a>. Was das Styling anbelangt gilt, je mehr Volumen um so besser: Hier kann man mit einem Gl\u00e4tteisen sanfte Beach Waves stylen oder gar zum Lockenstab greifen. Wenn du dein Haar lieber ohne Hitze stylen m\u00f6chtest und deine nat\u00fcrlichen Wellen zum Vorschein bringen m\u00f6chtest, dann lass es deinen Stylisten vorab wissen. Somit kann er dies beim durchstufen deiner Haare ber\u00fccksichtigen. Also, bist du bereit f\u00fcr etwas Flower-Power? Los geht\u2019s!<\/span><\/p>\n<p style=\"text-align: justify\"><span style=\"font-weight: 400\">Von Isabella<\/span><\/p>\n<p style=\"text-align: justify\">\n<div class=\"schema-faq wp-block-yoast-faq-block\">\n<div class=\"schema-faq-section\" id=\"faq-question-1768750112505\">\n<h3 class=\"schema-faq-question\">Wie bekommst du den Farrah Fawcett Hairstyle mit modernem Touch?<\/h3>\n<p class=\"schema-faq-answer\">Dein Haar sollte f\u00fcr den Farrah Fawcett Style gut durchgestuft werden. Mit einem auff\u00e4lligen Mittelscheitel und extra Volumen wirkt der Schnitt besonders modern und dynamisch.<\/div>\n<div class=\"schema-faq-section\" id=\"faq-question-1768750112506\">\n<h3 class=\"schema-faq-question\">Welche Stylingtools eignen sich f\u00fcr den Look der 70er Jahre?<\/h3>\n<p class=\"schema-faq-answer\">F\u00fcr das Styling kannst du ein Gl\u00e4tteisen f\u00fcr sanfte Beach Waves nutzen oder auf den Lockenstab zur\u00fcckgreifen. Diese Tools geben deinem Haar das gew\u00fcnschte Volumen und die charakteristische Bewegung des Looks.<\/div>\n<div class=\"schema-faq-section\" id=\"faq-question-1768750112507\">\n<h3 class=\"schema-faq-question\">Was solltest du vor dem Stufen deiner Haare beachten?<\/h3>\n<p class=\"schema-faq-answer\">Wenn du deine nat\u00fcrlichen Wellen ohne Hitze hervorheben m\u00f6chtest, sag das vor dem Stufen deiner Haare deinem Fachpersonal. So kann die Stufung optimal auf deine Haarstruktur abgestimmt werden und das Styling gelingt dir auch ohne zus\u00e4tzliche Hitze.<\/div>\n<div class=\"schema-faq-section\" id=\"faq-question-1768750112508\">\n<h3 class=\"schema-faq-question\">Warum wirken 70er-Jahre-Haartrends heute wieder modern?<\/h3>\n<p class=\"schema-faq-answer\">70er-Jahre-Looks feiern aktuell ein Comeback, weil l\u00e4ngeres Haar und volumenreiche Frisuren wieder stark gefragt sind. Nach l\u00e4ngeren Ruhephasen setzt sich dieser auff\u00e4llige Style jetzt in Kombination mit modernen Elementen durch.<\/div>\n<\/p><\/div>\n","protected":false},"excerpt":{"rendered":"<p>Zuerst der Shag, dann der Wolf-Cut und jetzt der Farrah Fawcett Hairstyle: Es scheint so als w\u00fcrden die Haartrends aus 70ern aktuell ein Comeback feiern. Kein Wunder, denn im Lockdown hatten wir gen\u00fcgend Zeit unser Haar wachsen zu lassen und jetzt wollen wir nicht mehr ohne Haarl\u00e4nge. Wenn du mit dem Film \u201cCharlie\u2019s Angels\u201d vertraut [&hellip;]<\/p>\n","protected":false},"author":3318,"featured_media":17652,"comment_status":"closed","ping_status":"closed","sticky":false,"template":"","format":"standard","meta":{"_acf_changed":false,"_yoast_wpseo_title":"Haar Trend: Der Farrah Fawcett Hairstyle von Charlie's Angels ist back - Treatwell","_yoast_wpseo_metadesc":"Zuerst der Shag, dann der Wolf-Cut und jetzt der Farrah Fawcett Hairstyle: Es scheint so als w\u00fcrden die Haartrends aus 70ern in diesem Jahr ein Comeback feiern. Kein Wunder, denn im Lockdown hatten wir gen\u00fcgend Zeit unser Haar wachsen zu lassen und jetzt wollen wir nicht mehr ohne Haarl\u00e4nge.","_genesis_hide_title":false,"_genesis_hide_breadcrumbs":false,"_genesis_hide_singular_image":false,"_genesis_hide_footer_widgets":false,"_genesis_custom_body_class":"","_genesis_custom_post_class":"","_genesis_layout":"","saswp_custom_schema_field":"{\"@context\":\"https:\/\/schema.org\",\"@type\":\"FAQPage\",\"mainEntity\":[{\"@type\":\"Question\",\"name\":\"Wie bekommst du den Farrah Fawcett Hairstyle mit modernem Touch?\",\"acceptedAnswer\":{\"@type\":\"Answer\",\"text\":\"Dein Haar sollte f\u00fcr den Farrah Fawcett Style gut durchgestuft werden. Mit einem auff\u00e4lligen Mittelscheitel und extra Volumen wirkt der Schnitt besonders modern und dynamisch.\"}},{\"@type\":\"Question\",\"name\":\"Welche Stylingtools eignen sich f\u00fcr den Look der 70er Jahre?\",\"acceptedAnswer\":{\"@type\":\"Answer\",\"text\":\"F\u00fcr das Styling kannst du ein Gl\u00e4tteisen f\u00fcr sanfte Beach Waves nutzen oder auf den Lockenstab zur\u00fcckgreifen. Diese Tools geben deinem Haar das gew\u00fcnschte Volumen und die charakteristische Bewegung des Looks.\"}},{\"@type\":\"Question\",\"name\":\"Was solltest du vor dem Stufen deiner Haare beachten?\",\"acceptedAnswer\":{\"@type\":\"Answer\",\"text\":\"Wenn du deine nat\u00fcrlichen Wellen ohne Hitze hervorheben m\u00f6chtest, sag das vor dem Stufen deiner Haare deinem Fachpersonal. So kann die Stufung optimal auf deine Haarstruktur abgestimmt werden und das Styling gelingt dir auch ohne zus\u00e4tzliche Hitze.\"}},{\"@type\":\"Question\",\"name\":\"Warum wirken 70er-Jahre-Haartrends heute wieder modern?\",\"acceptedAnswer\":{\"@type\":\"Answer\",\"text\":\"70er-Jahre-Looks feiern aktuell ein Comeback, weil l\u00e4ngeres Haar und volumenreiche Frisuren wieder stark gefragt sind. Nach l\u00e4ngeren Ruhephasen setzt sich dieser auff\u00e4llige Style jetzt in Kombination mit modernen Elementen durch.\"}}]}","footnotes":""},"categories":[2],"tags":[3,5],"class_list":{"0":"post-17638","1":"post","2":"type-post","3":"status-publish","4":"format-standard","5":"has-post-thumbnail","7":"category-trends","8":"tag-tt6","9":"tag-tr166","10":"entry"},"acf":{"post_credits":"Bildrechte: Shutterstock, Instagram: @laura.spinney.creative, @lildewybae, @_marieeea, @madssune","beauty_blog_post_button_title":"Farrah Fawcett Hairstyle buchen","beauty_blog_post_button":"https:\/\/www.treatwell.at\/orte\/behandlung-damenhaarschnitt\/angebot-typ-lokal\/in-at\/","landscape_picture":17651,"blocks":[{"block_title":"","block_content":"","video_content":"","block_picture":17639},{"block_title":"","block_content":"","video_content":"","block_picture":17640},{"block_title":"","block_content":"","video_content":"","block_picture":17641},{"block_title":"","block_content":"","video_content":"","block_picture":17642},{"block_title":"","block_content":"","video_content":"","block_picture":17643},{"block_title":"","block_content":"","video_content":"","block_picture":17644},{"block_title":"","block_content":"","video_content":"","block_picture":17645},{"block_title":"","block_content":"","video_content":"","block_picture":17646},{"block_title":"","block_content":"","video_content":"","block_picture":17647},{"block_title":"","block_content":"","video_content":"","block_picture":17648},{"block_title":"","block_content":"","video_content":"","block_picture":17649},{"block_title":"","block_content":"","video_content":"","block_picture":17650}]},"yoast_head":"<!-- This site is optimized with the Yoast SEO plugin v27.4 - https:\/\/yoast.com\/product\/yoast-seo-wordpress\/ -->\n<title>Haar Trend: Der Farrah Fawcett Hairstyle von Charlie&#039;s Angels ist back - Treatwell<\/title>\n<meta name=\"description\" content=\"Zuerst der Shag, dann der Wolf-Cut und jetzt der Farrah Fawcett Hairstyle: Es scheint so als w\u00fcrden die Haartrends aus 70ern in diesem Jahr ein Comeback feiern. Kein Wunder, denn im Lockdown hatten wir gen\u00fcgend Zeit unser Haar wachsen zu lassen und jetzt wollen wir nicht mehr ohne Haarl\u00e4nge.\" \/>\n<meta name=\"robots\" content=\"index, follow, max-snippet:-1, max-image-preview:large, max-video-preview:-1\" \/>\n<link rel=\"canonical\" href=\"https:\/\/www.treatwell.at/treatment-files\/haar-trend-der-farrah-fawcett-hairstyle-von-charlies-angels-ist-back\/\" \/>\n<meta property=\"og:locale\" content=\"de_DE\" \/>\n<meta property=\"og:type\" content=\"article\" \/>\n<meta property=\"og:title\" content=\"Haar Trend: Der Farrah Fawcett Hairstyle von Charlie&#039;s Angels ist back - Treatwell\" \/>\n<meta property=\"og:description\" content=\"Zuerst der Shag, dann der Wolf-Cut und jetzt der Farrah Fawcett Hairstyle: Es scheint so als w\u00fcrden die Haartrends aus 70ern in diesem Jahr ein Comeback feiern. Kein Wunder, denn im Lockdown hatten wir gen\u00fcgend Zeit unser Haar wachsen zu lassen und jetzt wollen wir nicht mehr ohne Haarl\u00e4nge.\" \/>\n<meta property=\"og:url\" content=\"https:\/\/www.treatwell.at/treatment-files\/haar-trend-der-farrah-fawcett-hairstyle-von-charlies-angels-ist-back\/\" \/>\n<meta property=\"og:site_name\" content=\"The Treatment Files Blog\" \/>\n<meta property=\"article:published_time\" content=\"2021-07-21T08:00:49+00:00\" \/>\n<meta property=\"article:modified_time\" content=\"2026-01-18T15:48:46+00:00\" \/>\n<meta property=\"og:image\" content=\"https:\/\/www.treatwell.at/treatment-files\/wp-content\/uploads\/sites\/2\/2022\/03\/70sHair-Featured.jpg\" \/>\n\t<meta property=\"og:image:width\" content=\"500\" \/>\n\t<meta property=\"og:image:height\" content=\"500\" \/>\n\t<meta property=\"og:image:type\" content=\"image\/jpeg\" \/>\n<meta name=\"author\" content=\"Isabella Tombinski-robb\" \/>\n<meta name=\"twitter:card\" content=\"summary_large_image\" \/>\n<meta name=\"twitter:label1\" content=\"Verfasst von\" \/>\n\t<meta name=\"twitter:data1\" content=\"Isabella Tombinski-robb\" \/>\n\t<meta name=\"twitter:label2\" content=\"Gesch\u00e4tzte Lesezeit\" \/>\n\t<meta name=\"twitter:data2\" content=\"2 Minuten\" \/>\n<script type=\"application\/ld+json\" class=\"yoast-schema-graph\">{\"@context\":\"https:\\\/\\\/schema.org\",\"@graph\":[{\"@type\":\"Article\",\"@id\":\"https:\\\/\\\/www.treatwell.at/treatment-files\\\/haar-trend-der-farrah-fawcett-hairstyle-von-charlies-angels-ist-back\\\/#article\",\"isPartOf\":{\"@id\":\"https:\\\/\\\/www.treatwell.at/treatment-files\\\/haar-trend-der-farrah-fawcett-hairstyle-von-charlies-angels-ist-back\\\/\"},\"author\":{\"name\":\"Isabella Tombinski-robb\",\"@id\":\"https:\\\/\\\/www.treatwell.at/treatment-files\\\/#\\\/schema\\\/person\\\/869d3f19bdf4203c8e6e97c64e1c3c8e\"},\"headline\":\"Haar Trend: Der Farrah Fawcett Hairstyle von Charlie&#8217;s Angels ist back\",\"datePublished\":\"2021-07-21T08:00:49+00:00\",\"dateModified\":\"2026-01-18T15:48:46+00:00\",\"mainEntityOfPage\":{\"@id\":\"https:\\\/\\\/www.treatwell.at/treatment-files\\\/haar-trend-der-farrah-fawcett-hairstyle-von-charlies-angels-ist-back\\\/\"},\"wordCount\":381,\"publisher\":{\"@id\":\"https:\\\/\\\/www.treatwell.at/treatment-files\\\/#organization\"},\"image\":{\"@id\":\"https:\\\/\\\/www.treatwell.at/treatment-files\\\/haar-trend-der-farrah-fawcett-hairstyle-von-charlies-angels-ist-back\\\/#primaryimage\"},\"thumbnailUrl\":\"https:\\\/\\\/www.treatwell.at/treatment-files\\\/wp-content\\\/uploads\\\/sites\\\/2\\\/2022\\\/03\\\/70sHair-Featured.jpg\",\"keywords\":[\"Hair\",\"Haircuts and Hairdressing\"],\"articleSection\":[\"Trends\"],\"inLanguage\":\"de-AT\"},{\"@type\":\"WebPage\",\"@id\":\"https:\\\/\\\/www.treatwell.at/treatment-files\\\/haar-trend-der-farrah-fawcett-hairstyle-von-charlies-angels-ist-back\\\/\",\"url\":\"https:\\\/\\\/www.treatwell.at/treatment-files\\\/haar-trend-der-farrah-fawcett-hairstyle-von-charlies-angels-ist-back\\\/\",\"name\":\"Haar Trend: Der Farrah Fawcett Hairstyle von Charlie's Angels ist back - Treatwell\",\"isPartOf\":{\"@id\":\"https:\\\/\\\/www.treatwell.at/treatment-files\\\/#website\"},\"primaryImageOfPage\":{\"@id\":\"https:\\\/\\\/www.treatwell.at/treatment-files\\\/haar-trend-der-farrah-fawcett-hairstyle-von-charlies-angels-ist-back\\\/#primaryimage\"},\"image\":{\"@id\":\"https:\\\/\\\/www.treatwell.at/treatment-files\\\/haar-trend-der-farrah-fawcett-hairstyle-von-charlies-angels-ist-back\\\/#primaryimage\"},\"thumbnailUrl\":\"https:\\\/\\\/www.treatwell.at/treatment-files\\\/wp-content\\\/uploads\\\/sites\\\/2\\\/2022\\\/03\\\/70sHair-Featured.jpg\",\"datePublished\":\"2021-07-21T08:00:49+00:00\",\"dateModified\":\"2026-01-18T15:48:46+00:00\",\"description\":\"Zuerst der Shag, dann der Wolf-Cut und jetzt der Farrah Fawcett Hairstyle: Es scheint so als w\u00fcrden die Haartrends aus 70ern in diesem Jahr ein Comeback feiern. Kein Wunder, denn im Lockdown hatten wir gen\u00fcgend Zeit unser Haar wachsen zu lassen und jetzt wollen wir nicht mehr ohne Haarl\u00e4nge.\",\"breadcrumb\":{\"@id\":\"https:\\\/\\\/www.treatwell.at/treatment-files\\\/haar-trend-der-farrah-fawcett-hairstyle-von-charlies-angels-ist-back\\\/#breadcrumb\"},\"inLanguage\":\"de-AT\",\"potentialAction\":[{\"@type\":\"ReadAction\",\"target\":[\"https:\\\/\\\/www.treatwell.at/treatment-files\\\/haar-trend-der-farrah-fawcett-hairstyle-von-charlies-angels-ist-back\\\/\"]}]},{\"@type\":\"ImageObject\",\"inLanguage\":\"de-AT\",\"@id\":\"https:\\\/\\\/www.treatwell.at/treatment-files\\\/haar-trend-der-farrah-fawcett-hairstyle-von-charlies-angels-ist-back\\\/#primaryimage\",\"url\":\"https:\\\/\\\/www.treatwell.at/treatment-files\\\/wp-content\\\/uploads\\\/sites\\\/2\\\/2022\\\/03\\\/70sHair-Featured.jpg\",\"contentUrl\":\"https:\\\/\\\/www.treatwell.at/treatment-files\\\/wp-content\\\/uploads\\\/sites\\\/2\\\/2022\\\/03\\\/70sHair-Featured.jpg\",\"width\":500,\"height\":500},{\"@type\":\"BreadcrumbList\",\"@id\":\"https:\\\/\\\/www.treatwell.at/treatment-files\\\/haar-trend-der-farrah-fawcett-hairstyle-von-charlies-angels-ist-back\\\/#breadcrumb\",\"itemListElement\":[{\"@type\":\"ListItem\",\"position\":1,\"name\":\"Home\",\"item\":\"https:\\\/\\\/www.treatwell.at/treatment-files\\\/\"},{\"@type\":\"ListItem\",\"position\":2,\"name\":\"Trends\",\"item\":\"https:\\\/\\\/www.treatwell.at/treatment-files\\\/trends\\\/\"},{\"@type\":\"ListItem\",\"position\":3,\"name\":\"Haar Trend: Der Farrah Fawcett Hairstyle von Charlie&#8217;s Angels ist back\"}]},{\"@type\":\"WebSite\",\"@id\":\"https:\\\/\\\/www.treatwell.at/treatment-files\\\/#website\",\"url\":\"https:\\\/\\\/www.treatwell.at/treatment-files\\\/\",\"name\":\"The Treatment Files Blog\",\"description\":\"Beauty entdecken. Beauty erleben.\",\"publisher\":{\"@id\":\"https:\\\/\\\/www.treatwell.at/treatment-files\\\/#organization\"},\"potentialAction\":[{\"@type\":\"SearchAction\",\"target\":{\"@type\":\"EntryPoint\",\"urlTemplate\":\"https:\\\/\\\/www.treatwell.at/treatment-files\\\/?s={search_term_string}\"},\"query-input\":{\"@type\":\"PropertyValueSpecification\",\"valueRequired\":true,\"valueName\":\"search_term_string\"}}],\"inLanguage\":\"de-AT\"},{\"@type\":\"Organization\",\"@id\":\"https:\\\/\\\/www.treatwell.at/treatment-files\\\/#organization\",\"name\":\"Treatwell\",\"url\":\"https:\\\/\\\/www.treatwell.at/treatment-files\\\/\",\"logo\":{\"@type\":\"ImageObject\",\"inLanguage\":\"de-AT\",\"@id\":\"https:\\\/\\\/www.treatwell.at/treatment-files\\\/#\\\/schema\\\/logo\\\/image\\\/\",\"url\":\"https:\\\/\\\/www.treatwell.at/treatment-files\\\/wp-content\\\/uploads\\\/sites\\\/2\\\/2022\\\/03\\\/logo_treatwell.png\",\"contentUrl\":\"https:\\\/\\\/www.treatwell.at/treatment-files\\\/wp-content\\\/uploads\\\/sites\\\/2\\\/2022\\\/03\\\/logo_treatwell.png\",\"width\":889,\"height\":164,\"caption\":\"Treatwell\"},\"image\":{\"@id\":\"https:\\\/\\\/www.treatwell.at/treatment-files\\\/#\\\/schema\\\/logo\\\/image\\\/\"}},{\"@type\":\"Person\",\"@id\":\"https:\\\/\\\/www.treatwell.at/treatment-files\\\/#\\\/schema\\\/person\\\/869d3f19bdf4203c8e6e97c64e1c3c8e\",\"name\":\"Isabella Tombinski-robb\",\"image\":{\"@type\":\"ImageObject\",\"inLanguage\":\"de-AT\",\"@id\":\"https:\\\/\\\/secure.gravatar.com\\\/avatar\\\/624ce3bd6151d711f02c8c31549c8390027943dc1293e17bf28c136ce4288a80?s=96&d=mm&r=g\",\"url\":\"https:\\\/\\\/secure.gravatar.com\\\/avatar\\\/624ce3bd6151d711f02c8c31549c8390027943dc1293e17bf28c136ce4288a80?s=96&d=mm&r=g\",\"contentUrl\":\"https:\\\/\\\/secure.gravatar.com\\\/avatar\\\/624ce3bd6151d711f02c8c31549c8390027943dc1293e17bf28c136ce4288a80?s=96&d=mm&r=g\",\"caption\":\"Isabella Tombinski-robb\"},\"url\":\"https:\\\/\\\/www.treatwell.at/treatment-files\\\/author\\\/isabellatombinskirobb\\\/\"}]}<\/script>\n<!-- \/ Yoast SEO plugin. -->","yoast_head_json":{"title":"Haar Trend: Der Farrah Fawcett Hairstyle von Charlie's Angels ist back - Treatwell","description":"Zuerst der Shag, dann der Wolf-Cut und jetzt der Farrah Fawcett Hairstyle: Es scheint so als w\u00fcrden die Haartrends aus 70ern in diesem Jahr ein Comeback feiern. Kein Wunder, denn im Lockdown hatten wir gen\u00fcgend Zeit unser Haar wachsen zu lassen und jetzt wollen wir nicht mehr ohne Haarl\u00e4nge.","robots":{"index":"index","follow":"follow","max-snippet":"max-snippet:-1","max-image-preview":"max-image-preview:large","max-video-preview":"max-video-preview:-1"},"canonical":"https:\/\/www.treatwell.at/treatment-files\/haar-trend-der-farrah-fawcett-hairstyle-von-charlies-angels-ist-back\/","og_locale":"de_DE","og_type":"article","og_title":"Haar Trend: Der Farrah Fawcett Hairstyle von Charlie's Angels ist back - Treatwell","og_description":"Zuerst der Shag, dann der Wolf-Cut und jetzt der Farrah Fawcett Hairstyle: Es scheint so als w\u00fcrden die Haartrends aus 70ern in diesem Jahr ein Comeback feiern. Kein Wunder, denn im Lockdown hatten wir gen\u00fcgend Zeit unser Haar wachsen zu lassen und jetzt wollen wir nicht mehr ohne Haarl\u00e4nge.","og_url":"https:\/\/www.treatwell.at/treatment-files\/haar-trend-der-farrah-fawcett-hairstyle-von-charlies-angels-ist-back\/","og_site_name":"The Treatment Files Blog","article_published_time":"2021-07-21T08:00:49+00:00","article_modified_time":"2026-01-18T15:48:46+00:00","og_image":[{"width":500,"height":500,"url":"https:\/\/www.treatwell.at/treatment-files\/wp-content\/uploads\/sites\/2\/2022\/03\/70sHair-Featured.jpg","type":"image\/jpeg"}],"author":"Isabella Tombinski-robb","twitter_card":"summary_large_image","twitter_misc":{"Verfasst von":"Isabella Tombinski-robb","Gesch\u00e4tzte Lesezeit":"2 Minuten"},"schema":{"@context":"https:\/\/schema.org","@graph":[{"@type":"Article","@id":"https:\/\/www.treatwell.at/treatment-files\/haar-trend-der-farrah-fawcett-hairstyle-von-charlies-angels-ist-back\/#article","isPartOf":{"@id":"https:\/\/www.treatwell.at/treatment-files\/haar-trend-der-farrah-fawcett-hairstyle-von-charlies-angels-ist-back\/"},"author":{"name":"Isabella Tombinski-robb","@id":"https:\/\/www.treatwell.at/treatment-files\/#\/schema\/person\/869d3f19bdf4203c8e6e97c64e1c3c8e"},"headline":"Haar Trend: Der Farrah Fawcett Hairstyle von Charlie&#8217;s Angels ist back","datePublished":"2021-07-21T08:00:49+00:00","dateModified":"2026-01-18T15:48:46+00:00","mainEntityOfPage":{"@id":"https:\/\/www.treatwell.at/treatment-files\/haar-trend-der-farrah-fawcett-hairstyle-von-charlies-angels-ist-back\/"},"wordCount":381,"publisher":{"@id":"https:\/\/www.treatwell.at/treatment-files\/#organization"},"image":{"@id":"https:\/\/www.treatwell.at/treatment-files\/haar-trend-der-farrah-fawcett-hairstyle-von-charlies-angels-ist-back\/#primaryimage"},"thumbnailUrl":"https:\/\/www.treatwell.at/treatment-files\/wp-content\/uploads\/sites\/2\/2022\/03\/70sHair-Featured.jpg","keywords":["Hair","Haircuts and Hairdressing"],"articleSection":["Trends"],"inLanguage":"de-AT"},{"@type":"WebPage","@id":"https:\/\/www.treatwell.at/treatment-files\/haar-trend-der-farrah-fawcett-hairstyle-von-charlies-angels-ist-back\/","url":"https:\/\/www.treatwell.at/treatment-files\/haar-trend-der-farrah-fawcett-hairstyle-von-charlies-angels-ist-back\/","name":"Haar Trend: Der Farrah Fawcett Hairstyle von Charlie's Angels ist back - Treatwell","isPartOf":{"@id":"https:\/\/www.treatwell.at/treatment-files\/#website"},"primaryImageOfPage":{"@id":"https:\/\/www.treatwell.at/treatment-files\/haar-trend-der-farrah-fawcett-hairstyle-von-charlies-angels-ist-back\/#primaryimage"},"image":{"@id":"https:\/\/www.treatwell.at/treatment-files\/haar-trend-der-farrah-fawcett-hairstyle-von-charlies-angels-ist-back\/#primaryimage"},"thumbnailUrl":"https:\/\/www.treatwell.at/treatment-files\/wp-content\/uploads\/sites\/2\/2022\/03\/70sHair-Featured.jpg","datePublished":"2021-07-21T08:00:49+00:00","dateModified":"2026-01-18T15:48:46+00:00","description":"Zuerst der Shag, dann der Wolf-Cut und jetzt der Farrah Fawcett Hairstyle: Es scheint so als w\u00fcrden die Haartrends aus 70ern in diesem Jahr ein Comeback feiern. Kein Wunder, denn im Lockdown hatten wir gen\u00fcgend Zeit unser Haar wachsen zu lassen und jetzt wollen wir nicht mehr ohne Haarl\u00e4nge.","breadcrumb":{"@id":"https:\/\/www.treatwell.at/treatment-files\/haar-trend-der-farrah-fawcett-hairstyle-von-charlies-angels-ist-back\/#breadcrumb"},"inLanguage":"de-AT","potentialAction":[{"@type":"ReadAction","target":["https:\/\/www.treatwell.at/treatment-files\/haar-trend-der-farrah-fawcett-hairstyle-von-charlies-angels-ist-back\/"]}]},{"@type":"ImageObject","inLanguage":"de-AT","@id":"https:\/\/www.treatwell.at/treatment-files\/haar-trend-der-farrah-fawcett-hairstyle-von-charlies-angels-ist-back\/#primaryimage","url":"https:\/\/www.treatwell.at/treatment-files\/wp-content\/uploads\/sites\/2\/2022\/03\/70sHair-Featured.jpg","contentUrl":"https:\/\/www.treatwell.at/treatment-files\/wp-content\/uploads\/sites\/2\/2022\/03\/70sHair-Featured.jpg","width":500,"height":500},{"@type":"BreadcrumbList","@id":"https:\/\/www.treatwell.at/treatment-files\/haar-trend-der-farrah-fawcett-hairstyle-von-charlies-angels-ist-back\/#breadcrumb","itemListElement":[{"@type":"ListItem","position":1,"name":"Home","item":"https:\/\/www.treatwell.at/treatment-files\/"},{"@type":"ListItem","position":2,"name":"Trends","item":"https:\/\/www.treatwell.at/treatment-files\/trends\/"},{"@type":"ListItem","position":3,"name":"Haar Trend: Der Farrah Fawcett Hairstyle von Charlie&#8217;s Angels ist back"}]},{"@type":"WebSite","@id":"https:\/\/www.treatwell.at/treatment-files\/#website","url":"https:\/\/www.treatwell.at/treatment-files\/","name":"The Treatment Files Blog","description":"Beauty entdecken. Beauty erleben.","publisher":{"@id":"https:\/\/www.treatwell.at/treatment-files\/#organization"},"potentialAction":[{"@type":"SearchAction","target":{"@type":"EntryPoint","urlTemplate":"https:\/\/www.treatwell.at/treatment-files\/?s={search_term_string}"},"query-input":{"@type":"PropertyValueSpecification","valueRequired":true,"valueName":"search_term_string"}}],"inLanguage":"de-AT"},{"@type":"Organization","@id":"https:\/\/www.treatwell.at/treatment-files\/#organization","name":"Treatwell","url":"https:\/\/www.treatwell.at/treatment-files\/","logo":{"@type":"ImageObject","inLanguage":"de-AT","@id":"https:\/\/www.treatwell.at/treatment-files\/#\/schema\/logo\/image\/","url":"https:\/\/www.treatwell.at/treatment-files\/wp-content\/uploads\/sites\/2\/2022\/03\/logo_treatwell.png","contentUrl":"https:\/\/www.treatwell.at/treatment-files\/wp-content\/uploads\/sites\/2\/2022\/03\/logo_treatwell.png","width":889,"height":164,"caption":"Treatwell"},"image":{"@id":"https:\/\/www.treatwell.at/treatment-files\/#\/schema\/logo\/image\/"}},{"@type":"Person","@id":"https:\/\/www.treatwell.at/treatment-files\/#\/schema\/person\/869d3f19bdf4203c8e6e97c64e1c3c8e","name":"Isabella Tombinski-robb","image":{"@type":"ImageObject","inLanguage":"de-AT","@id":"https:\/\/secure.gravatar.com\/avatar\/624ce3bd6151d711f02c8c31549c8390027943dc1293e17bf28c136ce4288a80?s=96&d=mm&r=g","url":"https:\/\/secure.gravatar.com\/avatar\/624ce3bd6151d711f02c8c31549c8390027943dc1293e17bf28c136ce4288a80?s=96&d=mm&r=g","contentUrl":"https:\/\/secure.gravatar.com\/avatar\/624ce3bd6151d711f02c8c31549c8390027943dc1293e17bf28c136ce4288a80?s=96&d=mm&r=g","caption":"Isabella Tombinski-robb"},"url":"https:\/\/www.treatwell.at/treatment-files\/author\/isabellatombinskirobb\/"}]}},"featured_image_src":"https:\/\/www.treatwell.at/treatment-files\/wp-content\/uploads\/sites\/2\/2022\/03\/70sHair-Featured-500x400.jpg","featured_image_src_square":"https:\/\/www.treatwell.at/treatment-files\/wp-content\/uploads\/sites\/2\/2022\/03\/70sHair-Featured.jpg","author_info":{"display_name":"Isabella Tombinski-robb","author_link":"https:\/\/www.treatwell.at/treatment-files\/author\/isabellatombinskirobb\/"},"_links":{"self":[{"href":"https:\/\/www.treatwell.at\/treatment-files\/wp-json\/wp\/v2\/posts\/17638","targetHints":{"allow":["GET"]}}],"collection":[{"href":"https:\/\/www.treatwell.at\/treatment-files\/wp-json\/wp\/v2\/posts"}],"about":[{"href":"https:\/\/www.treatwell.at\/treatment-files\/wp-json\/wp\/v2\/types\/post"}],"author":[{"embeddable":true,"href":"https:\/\/www.treatwell.at\/treatment-files\/wp-json\/wp\/v2\/users\/3318"}],"replies":[{"embeddable":true,"href":"https:\/\/www.treatwell.at\/treatment-files\/wp-json\/wp\/v2\/comments?post=17638"}],"version-history":[{"count":0,"href":"https:\/\/www.treatwell.at\/treatment-files\/wp-json\/wp\/v2\/posts\/17638\/revisions"}],"wp:featuredmedia":[{"embeddable":true,"href":"https:\/\/www.treatwell.at\/treatment-files\/wp-json\/wp\/v2\/media\/17652"}],"wp:attachment":[{"href":"https:\/\/www.treatwell.at\/treatment-files\/wp-json\/wp\/v2\/media?parent=17638"}],"wp:term":[{"taxonomy":"category","embeddable":true,"href":"https:\/\/www.treatwell.at\/treatment-files\/wp-json\/wp\/v2\/categories?post=17638"},{"taxonomy":"post_tag","embeddable":true,"href":"https:\/\/www.treatwell.at\/treatment-files\/wp-json\/wp\/v2\/tags?post=17638"}],"curies":[{"name":"wp","href":"https:\/\/api.w.org\/{rel}","templated":true}]}}