{"id":17822,"date":"2021-09-01T14:22:18","date_gmt":"2021-09-01T12:22:18","guid":{"rendered":"http:\/\/www.treatwell.at\/treatment-files\/?p=21045"},"modified":"2026-01-18T16:46:31","modified_gmt":"2026-01-18T15:46:31","slug":"mini-bubble-und-glitter-braids-das-ist-unser-2021-festivalfrisuren-guide","status":"publish","type":"post","link":"https:\/\/www.treatwell.at/treatment-files\/mini-bubble-und-glitter-braids-das-ist-unser-2021-festivalfrisuren-guide\/","title":{"rendered":"Mini-, Bubble- und Glitter-Braids: Das ist unser 2021 Festivalfrisuren-Guide"},"content":{"rendered":"<p style=\"text-align: justify\"><span style=\"font-weight: 400\">Kommen Festivals und Konzerte endlich wieder zur\u00fcck? Wenn wir ehrlich sind, wussten wir lange nicht, wann diese Events wieder stattfinden w\u00fcrden. Doch so langsam sehen wir die ersten Festivaltickets aufpoppen und dieses Mal feiern wir die Styles mehr denn je.\u00a0<\/span><\/p>\n<p style=\"text-align: justify\"><span style=\"font-weight: 400\">Grund daf\u00fcr ist wahrscheinlich die Tatsache, dass wir wieder ein St\u00fcckchen Normalit\u00e4t in unserem Leben wieder zur\u00fcckhaben wollen \u2013 nach mehr als 1 \u00bd Jahren Homeoffice, Google Meetings und unz\u00e4hligen WhatsApp Nachrichten mit Freunden und Familie wollen wir einfach mehr. Diese Festival-Styles sind deshalb vom Timing genau richtig.\u00a0<\/span><\/p>\n<p style=\"text-align: justify\"><span style=\"font-weight: 400\">Gerade jetzt feiern wir Boho-Braids, <a href=\"http:\/\/www.treatwell.at\/treatment-files\/mermaid-wellen-sind-der-ultimative-sommer-trend-und-perfekt-fuer-den-strandurlaub\/\">Mermaid-Wellen<\/a> und Flower Crowns als Festivalfrisuren, die den ber\u00fchmten Looks von Vanessa Hudgens Coachella-Besuchen stark \u00e4hneln. Dazu kommen noch jede Menge extravagante Styles \u2013 da ist bestimmt f\u00fcr jeden Beautytyp etwas dabei.\u00a0<\/span><\/p>\n<p style=\"text-align: justify\"><span style=\"font-weight: 400\">Also wenn du bereits die Tage bis zum ersten langersehnten Gig z\u00e4hlst oder einfach nur Lust darauf hast, etwas v\u00f6llig Neues auszuprobieren: Hier findest du die Inspiration, die du brauchst.\u00a0<\/span><\/p>\n<p style=\"text-align: justify\">Von Isabella<\/p>\n<div class=\"schema-faq wp-block-yoast-faq-block\">\n<div class=\"schema-faq-section\" id=\"faq-question-1768750622401\">\n<h3 class=\"schema-faq-question\">Welche Festivalfrisuren wirken gerade besonders angesagt?<\/h3>\n<p class=\"schema-faq-answer\">Auff\u00e4llige Boho-Braids, Mermaid-Wellen und Space Buns z\u00e4hlen aktuell zu den beliebtesten Festivalfrisuren. Besonders gefragt sind Kombinationen aus Z\u00f6pfen und Accessoires, verspielten Glitzerelementen oder dezenten Highlights f\u00fcr jeden Stil.<\/div>\n<div class=\"schema-faq-section\" id=\"faq-question-1768750622402\">\n<h3 class=\"schema-faq-question\">Wie bringst du Haarfarben und Highlights auf dein Festival-Outfit?<\/h3>\n<p class=\"schema-faq-answer\">Mit farbigen Z\u00f6pfen, Clip-in Extensions und Haarclips setzt du gezielt Akzente. Diese Methoden erlauben dir, dein Haar f\u00fcr ein Festival schnell und flexibel an das Farbschema deines Outfits anzupassen, ohne es dauerhaft zu f\u00e4rben.<\/div>\n<div class=\"schema-faq-section\" id=\"faq-question-1768750622403\">\n<h3 class=\"schema-faq-question\">Welche Frisur eignet sich, wenn du wenig Zeit vor dem Festival hast?<\/h3>\n<p class=\"schema-faq-answer\">Space Buns bieten eine schnelle L\u00f6sung, wenn du spontan stylen m\u00f6chtest. Diese Doppel-Dutts gelingen ohne viel Aufwand und lassen sich unkompliziert mit Glitter, Scrunchies oder Sonnenbrillen kombinieren.<\/div>\n<div class=\"schema-faq-section\" id=\"faq-question-1768750622404\">\n<h3 class=\"schema-faq-question\">Wie kannst du dezente Akzente im Haar setzen, ohne zu f\u00e4rben?<\/h3>\n<p class=\"schema-faq-answer\">Mit Mini-Braids oder einzelnen Z\u00f6pfen mit kleinen Accessoires bringst du sanfte Highlights in dein Haar. Diese betonen deine Gesichtsform und lassen den Teint strahlen, ganz ohne auff\u00e4llige oder permanente Ver\u00e4nderungen.<\/div>\n<div class=\"schema-faq-section\" id=\"faq-question-1768750622405\">\n<h3 class=\"schema-faq-question\">Wann passen Bubble Braids oder Glitter-Elemente besonders gut?<\/h3>\n<p class=\"schema-faq-answer\">Bubble Braids und Frisuren mit Glitzerdetails wirken auf Festivals besonders auff\u00e4llig und individuell. Sie eignen sich ideal f\u00fcr Tag 2 oder 3, wenn etwas Volumen gefragt ist oder wenn du einen Look kreieren m\u00f6chtest, der dich aus der Menge hervorhebt.<\/div>\n<\/p><\/div>\n","protected":false},"excerpt":{"rendered":"<p>Kommen Festivals und Konzerte endlich wieder zur\u00fcck? Wenn wir ehrlich sind, wussten wir lange nicht, wann diese Events wieder stattfinden w\u00fcrden. Doch so langsam sehen wir die ersten Festivaltickets aufpoppen und dieses Mal feiern wir die Styles mehr denn je.\u00a0 Grund daf\u00fcr ist wahrscheinlich die Tatsache, dass wir wieder ein St\u00fcckchen Normalit\u00e4t in unserem Leben [&hellip;]<\/p>\n","protected":false},"author":3318,"featured_media":17832,"comment_status":"closed","ping_status":"closed","sticky":false,"template":"","format":"standard","meta":{"_acf_changed":false,"_yoast_wpseo_title":"Mini-, Bubble- und Glitter-Braids: Das ist unser 2021 Festivalfrisuren-Guide - Treatwell","_yoast_wpseo_metadesc":"Dieses Jahr feiern wir Boho-Braids, Mermaid-Waves und Flower Crowns als Festivalfrisuren, die den 2016er-Looks von Vanessa Hudgens Coachella-Besuch stark \u00e4hneln. Dazu kommen noch jede Menge extravagante Styles \u2013 da ist bestimmt f\u00fcr jeden Beautytyp etwas dabei.\u00a0","_genesis_hide_title":false,"_genesis_hide_breadcrumbs":false,"_genesis_hide_singular_image":false,"_genesis_hide_footer_widgets":false,"_genesis_custom_body_class":"","_genesis_custom_post_class":"","_genesis_layout":"","saswp_custom_schema_field":"{\"@context\":\"https:\/\/schema.org\",\"@type\":\"FAQPage\",\"mainEntity\":[{\"@type\":\"Question\",\"name\":\"Welche Festivalfrisuren wirken gerade besonders angesagt?\",\"acceptedAnswer\":{\"@type\":\"Answer\",\"text\":\"Auff\u00e4llige Boho-Braids, Mermaid-Wellen und Space Buns z\u00e4hlen aktuell zu den beliebtesten Festivalfrisuren. Besonders gefragt sind Kombinationen aus Z\u00f6pfen und Accessoires, verspielten Glitzerelementen oder dezenten Highlights f\u00fcr jeden Stil.\"}},{\"@type\":\"Question\",\"name\":\"Wie bringst du Haarfarben und Highlights auf dein Festival-Outfit?\",\"acceptedAnswer\":{\"@type\":\"Answer\",\"text\":\"Mit farbigen Z\u00f6pfen, Clip-in Extensions und Haarclips setzt du gezielt Akzente. Diese Methoden erlauben dir, dein Haar f\u00fcr ein Festival schnell und flexibel an das Farbschema deines Outfits anzupassen, ohne es dauerhaft zu f\u00e4rben.\"}},{\"@type\":\"Question\",\"name\":\"Welche Frisur eignet sich, wenn du wenig Zeit vor dem Festival hast?\",\"acceptedAnswer\":{\"@type\":\"Answer\",\"text\":\"Space Buns bieten eine schnelle L\u00f6sung, wenn du spontan stylen m\u00f6chtest. Diese Doppel-Dutts gelingen ohne viel Aufwand und lassen sich unkompliziert mit Glitter, Scrunchies oder Sonnenbrillen kombinieren.\"}},{\"@type\":\"Question\",\"name\":\"Wie kannst du dezente Akzente im Haar setzen, ohne zu f\u00e4rben?\",\"acceptedAnswer\":{\"@type\":\"Answer\",\"text\":\"Mit Mini-Braids oder einzelnen Z\u00f6pfen mit kleinen Accessoires bringst du sanfte Highlights in dein Haar. Diese betonen deine Gesichtsform und lassen den Teint strahlen, ganz ohne auff\u00e4llige oder permanente Ver\u00e4nderungen.\"}},{\"@type\":\"Question\",\"name\":\"Wann passen Bubble Braids oder Glitter-Elemente besonders gut?\",\"acceptedAnswer\":{\"@type\":\"Answer\",\"text\":\"Bubble Braids und Frisuren mit Glitzerdetails wirken auf Festivals besonders auff\u00e4llig und individuell. Sie eignen sich ideal f\u00fcr Tag 2 oder 3, wenn etwas Volumen gefragt ist oder wenn du einen Look kreieren m\u00f6chtest, der dich aus der Menge hervorhebt.\"}}]}","footnotes":""},"categories":[9],"tags":[3,67,40],"class_list":{"0":"post-17822","1":"post","2":"type-post","3":"status-publish","4":"format-standard","5":"has-post-thumbnail","7":"category-beauty","8":"tag-tt6","9":"tag-tr721","10":"tag-tr389","11":"entry"},"acf":{"post_credits":"Bilrechte: Shutterstock, Instagram: @getbraidified, @izzyalarcon1, @hooperartistry, @ashleighmenin, @dompellihair, @nancymefaddihair, @blondeknights, @kirstyeelizabeth, @lucindabunnyphoto, @pearlthestylist, @remiepascua","beauty_blog_post_button_title":"","beauty_blog_post_button":"","landscape_picture":17831,"blocks":[{"block_title":"Klassische Braids &amp; Mini-Braids\u00a0","block_content":"<p>Der Klassiker unter den Festivalfrisuren? Ganz klar Mini-Z&ouml;pfe. Egal, ob knallig gef&auml;rbt oder schlicht gehalten &ndash; diese Frisur gibt uns selbst heute noch mega J.Lo und 2000er Vibes. Getragen werden kann dieser Look sowohl im Bohemian-Style als auch sportlich mit Accessoires. Um noch mehr aus der Frisur herauszuholen, lohnt es sich diese mit einem der unten genannten Styles zu kombinieren &ndash; je mehr Mix und Match, umso cooler!&nbsp;<\/p>\n","video_content":"","block_picture":17823},{"block_title":"Bubble Braids","block_content":"<p>Okay, was gibt es an Bubble Braids nicht zu lieben? Dieser Hairstyle ist die perfekte Mischung aus Girly und High-Fashion und zieht in jeder Festival-Crowd alle Blicke auf sich. Au&szlig;erdem eignen sie sich perfekt f&uuml;r einen Tag 2 oder Tag 3 Look &ndash; mit ein wenig Trockenshampoo zaubert man noch etwas extra Volumen hinein.&nbsp;<\/p>\n","video_content":"","block_picture":17824},{"block_title":"Mermaid-Wellen","block_content":"<p>Zendaya hat es bereits auf dem roten Teppich vorgemacht und wir haben euch von dem <a href=\"https:\/\/www.treatwell.at\/treatment-files\/mermaid-wellen-sind-der-ultimative-sommer-trend-und-perfekt-fuer-den-strandurlaub\/\">gehypten Look k&uuml;rzlich berichtet:<\/a> Mermaid Wellen sind back! Auf TikTok machen sie bereits die gro&szlig;e Runde und geben uns totale Beach-Vibes. Der perfekte Look f&uuml;r all jene, die sich vom Sommer noch nicht verabschieden wollen!&nbsp;&nbsp;<\/p>\n","video_content":"","block_picture":17825},{"block_title":"Glitter Bae","block_content":"<p>Erinnert uns sofort stark an 90er Schuldisco, ist aber ein Look der von K-Pop inspiriert wurde. Girly aber cool zugleich, werden bei dieser Frisur kleine Strassstreine oder Glitterstr&auml;hnen eingeflochten und im Anschluss zu bunten Z&ouml;pfen geflochten. Mix and match with the disco ball? Mhm ja, so ungef&auml;hr.&nbsp;<\/p>\n","video_content":"","block_picture":17826},{"block_title":"Minimal Highlights","block_content":"<p>Du bist nicht so der Typ, der eine auff&auml;llige Haarfarbe tr&auml;gt, noch m&ouml;chtest du dir irgendwelche Glitzer-Pieces ins Haar stylen: Don&rsquo;t worry, wir verstehen dich total. Mit diesen zwei Statement-Highlights (Z&ouml;pfe mit kleinen Accessoires eingeflochten) setzt du kleine Akzente, die deine Gesichtsform betonen und deinen Teint zum Leuchten bringen. Weniger ist, mehr lautet hier das Motto!<\/p>\n","video_content":"","block_picture":17827},{"block_title":"Farbenpracht","block_content":"<p>Egal welches Festival es auch sein mag, jedes hat ein eigenes Farbschema. Ob Space-Disco, Rock Konzert oder Tomorrowland &ndash; Wenn du dich mutig genug f&uuml;hlst, kann du dich ans Haare f&auml;rben wagen und deinem Party-Outfit ein Highlight verpassen. Falls du dein Haar f&uuml;r ein einmaliges Festival keineswegs f&auml;rben willst, kannst du mit ein paar Clip-in Extension und Z&ouml;pfen mogeln. Dazu noch ein paar coole XXL Haarclips, Scrunchies und die Party kann beginnen.&nbsp;<\/p>\n","video_content":"","block_picture":17828},{"block_title":"Space Buns","block_content":"<p>Ein Klassiker unter den Festivalfrisuren ist und bleiben &lsquo;Space Buns&rsquo;. Egal ob tief im Nacken oder hoch oben am Kopf getragen &ndash; &lsquo;Space Buns&rsquo; (auch bekannt als zwei Mini-Dutts) biete eine einfache und schnelle Stylingl&ouml;sung in letzter Minute. Je nach Lust und Laune kannst du dazu noch etwas Glitter stylen, ein paar coole Sunnies und Accessoires. Wenn&rsquo;s schnell gehen muss, ist dieser Frisur unser Favorit!<\/p>\n","video_content":"","block_picture":17829},{"block_title":"Pferdeschwanz","block_content":"<p>Na gut, vielleicht nicht die Festivalfrisur schlechthin, aber wenn wirklich gar keine Zeit mehr bleibt und du gerade noch ein Ticket vor dem Eingang ergattert hast, dann ist diese Frisur dein Retter in Not. Um den typischen Schulm&auml;dchen-Look zu vermeiden, unterteile dein Haar in zwei Abschnitte und trage die untere H&auml;lfte offen. Am Oberkopf kannst du ganz einfach einen Mini-Pferdeschwanz mit einem coolen Scrunchie festmachen und fertig ist der Look. Im Nacken getragen, l&auml;sst sich ein klassischer Pferdeschwanz hervorragend mit einem Fischerhut oder Bandana stylen.&nbsp;<\/p>\n\n<p>Mit Treatwell, kannst du <a href=\"http:\/\/www.treatwell.at\/\">Beauty und all deine Lieblingssalons online buchen<\/a> &ndash; simpel, m&uuml;helos, und du kannst es von unterwegs machen. Hier gehts <a href=\"https:\/\/www.treatwell.at\/orte\/behandlung-styling-foehnen\/angebot-typ-lokal\/in-at\/\">zu den besten Salons in deiner Umgebung<\/a>.&nbsp;<\/p>\n","video_content":"","block_picture":17830}]},"yoast_head":"<!-- This site is optimized with the Yoast SEO plugin v27.5 - https:\/\/yoast.com\/product\/yoast-seo-wordpress\/ -->\n<title>Mini-, Bubble- und Glitter-Braids: Das ist unser 2021 Festivalfrisuren-Guide - Treatwell<\/title>\n<meta name=\"description\" content=\"Dieses Jahr feiern wir Boho-Braids, Mermaid-Waves und Flower Crowns als Festivalfrisuren, die den 2016er-Looks von Vanessa Hudgens Coachella-Besuch stark \u00e4hneln. Dazu kommen noch jede Menge extravagante Styles \u2013 da ist bestimmt f\u00fcr jeden Beautytyp etwas dabei.\u00a0\" \/>\n<meta name=\"robots\" content=\"index, follow, max-snippet:-1, max-image-preview:large, max-video-preview:-1\" \/>\n<link rel=\"canonical\" href=\"https:\/\/www.treatwell.at/treatment-files\/mini-bubble-und-glitter-braids-das-ist-unser-2021-festivalfrisuren-guide\/\" \/>\n<meta property=\"og:locale\" content=\"de_DE\" \/>\n<meta property=\"og:type\" content=\"article\" \/>\n<meta property=\"og:title\" content=\"Mini-, Bubble- und Glitter-Braids: Das ist unser 2021 Festivalfrisuren-Guide - Treatwell\" \/>\n<meta property=\"og:description\" content=\"Dieses Jahr feiern wir Boho-Braids, Mermaid-Waves und Flower Crowns als Festivalfrisuren, die den 2016er-Looks von Vanessa Hudgens Coachella-Besuch stark \u00e4hneln. Dazu kommen noch jede Menge extravagante Styles \u2013 da ist bestimmt f\u00fcr jeden Beautytyp etwas dabei.\u00a0\" \/>\n<meta property=\"og:url\" content=\"https:\/\/www.treatwell.at/treatment-files\/mini-bubble-und-glitter-braids-das-ist-unser-2021-festivalfrisuren-guide\/\" \/>\n<meta property=\"og:site_name\" content=\"The Treatment Files Blog\" \/>\n<meta property=\"article:published_time\" content=\"2021-09-01T12:22:18+00:00\" \/>\n<meta property=\"article:modified_time\" content=\"2026-01-18T15:46:31+00:00\" \/>\n<meta property=\"og:image\" content=\"https:\/\/www.treatwell.at/treatment-files\/wp-content\/uploads\/sites\/2\/2022\/03\/Festival-Featured.jpg\" \/>\n\t<meta property=\"og:image:width\" content=\"628\" \/>\n\t<meta property=\"og:image:height\" content=\"628\" \/>\n\t<meta property=\"og:image:type\" content=\"image\/jpeg\" \/>\n<meta name=\"author\" content=\"Isabella Tombinski-robb\" \/>\n<meta name=\"twitter:card\" content=\"summary_large_image\" \/>\n<meta name=\"twitter:label1\" content=\"Verfasst von\" \/>\n\t<meta name=\"twitter:data1\" content=\"Isabella Tombinski-robb\" \/>\n\t<meta name=\"twitter:label2\" content=\"Gesch\u00e4tzte Lesezeit\" \/>\n\t<meta name=\"twitter:data2\" content=\"2 Minuten\" \/>\n<script type=\"application\/ld+json\" class=\"yoast-schema-graph\">{\"@context\":\"https:\\\/\\\/schema.org\",\"@graph\":[{\"@type\":\"Article\",\"@id\":\"https:\\\/\\\/www.treatwell.at/treatment-files\\\/mini-bubble-und-glitter-braids-das-ist-unser-2021-festivalfrisuren-guide\\\/#article\",\"isPartOf\":{\"@id\":\"https:\\\/\\\/www.treatwell.at/treatment-files\\\/mini-bubble-und-glitter-braids-das-ist-unser-2021-festivalfrisuren-guide\\\/\"},\"author\":{\"name\":\"Isabella Tombinski-robb\",\"@id\":\"https:\\\/\\\/www.treatwell.at/treatment-files\\\/#\\\/schema\\\/person\\\/869d3f19bdf4203c8e6e97c64e1c3c8e\"},\"headline\":\"Mini-, Bubble- und Glitter-Braids: Das ist unser 2021 Festivalfrisuren-Guide\",\"datePublished\":\"2021-09-01T12:22:18+00:00\",\"dateModified\":\"2026-01-18T15:46:31+00:00\",\"mainEntityOfPage\":{\"@id\":\"https:\\\/\\\/www.treatwell.at/treatment-files\\\/mini-bubble-und-glitter-braids-das-ist-unser-2021-festivalfrisuren-guide\\\/\"},\"wordCount\":391,\"publisher\":{\"@id\":\"https:\\\/\\\/www.treatwell.at/treatment-files\\\/#organization\"},\"image\":{\"@id\":\"https:\\\/\\\/www.treatwell.at/treatment-files\\\/mini-bubble-und-glitter-braids-das-ist-unser-2021-festivalfrisuren-guide\\\/#primaryimage\"},\"thumbnailUrl\":\"https:\\\/\\\/www.treatwell.at/treatment-files\\\/wp-content\\\/uploads\\\/sites\\\/2\\\/2022\\\/03\\\/Festival-Featured.jpg\",\"keywords\":[\"Hair\",\"Hair Up\",\"Styling\"],\"articleSection\":[\"Beauty\"],\"inLanguage\":\"de-AT\"},{\"@type\":\"WebPage\",\"@id\":\"https:\\\/\\\/www.treatwell.at/treatment-files\\\/mini-bubble-und-glitter-braids-das-ist-unser-2021-festivalfrisuren-guide\\\/\",\"url\":\"https:\\\/\\\/www.treatwell.at/treatment-files\\\/mini-bubble-und-glitter-braids-das-ist-unser-2021-festivalfrisuren-guide\\\/\",\"name\":\"Mini-, Bubble- und Glitter-Braids: Das ist unser 2021 Festivalfrisuren-Guide - Treatwell\",\"isPartOf\":{\"@id\":\"https:\\\/\\\/www.treatwell.at/treatment-files\\\/#website\"},\"primaryImageOfPage\":{\"@id\":\"https:\\\/\\\/www.treatwell.at/treatment-files\\\/mini-bubble-und-glitter-braids-das-ist-unser-2021-festivalfrisuren-guide\\\/#primaryimage\"},\"image\":{\"@id\":\"https:\\\/\\\/www.treatwell.at/treatment-files\\\/mini-bubble-und-glitter-braids-das-ist-unser-2021-festivalfrisuren-guide\\\/#primaryimage\"},\"thumbnailUrl\":\"https:\\\/\\\/www.treatwell.at/treatment-files\\\/wp-content\\\/uploads\\\/sites\\\/2\\\/2022\\\/03\\\/Festival-Featured.jpg\",\"datePublished\":\"2021-09-01T12:22:18+00:00\",\"dateModified\":\"2026-01-18T15:46:31+00:00\",\"description\":\"Dieses Jahr feiern wir Boho-Braids, Mermaid-Waves und Flower Crowns als Festivalfrisuren, die den 2016er-Looks von Vanessa Hudgens Coachella-Besuch stark \u00e4hneln. Dazu kommen noch jede Menge extravagante Styles \u2013 da ist bestimmt f\u00fcr jeden Beautytyp etwas dabei.\u00a0\",\"breadcrumb\":{\"@id\":\"https:\\\/\\\/www.treatwell.at/treatment-files\\\/mini-bubble-und-glitter-braids-das-ist-unser-2021-festivalfrisuren-guide\\\/#breadcrumb\"},\"inLanguage\":\"de-AT\",\"potentialAction\":[{\"@type\":\"ReadAction\",\"target\":[\"https:\\\/\\\/www.treatwell.at/treatment-files\\\/mini-bubble-und-glitter-braids-das-ist-unser-2021-festivalfrisuren-guide\\\/\"]}]},{\"@type\":\"ImageObject\",\"inLanguage\":\"de-AT\",\"@id\":\"https:\\\/\\\/www.treatwell.at/treatment-files\\\/mini-bubble-und-glitter-braids-das-ist-unser-2021-festivalfrisuren-guide\\\/#primaryimage\",\"url\":\"https:\\\/\\\/www.treatwell.at/treatment-files\\\/wp-content\\\/uploads\\\/sites\\\/2\\\/2022\\\/03\\\/Festival-Featured.jpg\",\"contentUrl\":\"https:\\\/\\\/www.treatwell.at/treatment-files\\\/wp-content\\\/uploads\\\/sites\\\/2\\\/2022\\\/03\\\/Festival-Featured.jpg\",\"width\":628,\"height\":628},{\"@type\":\"BreadcrumbList\",\"@id\":\"https:\\\/\\\/www.treatwell.at/treatment-files\\\/mini-bubble-und-glitter-braids-das-ist-unser-2021-festivalfrisuren-guide\\\/#breadcrumb\",\"itemListElement\":[{\"@type\":\"ListItem\",\"position\":1,\"name\":\"Home\",\"item\":\"https:\\\/\\\/www.treatwell.at/treatment-files\\\/\"},{\"@type\":\"ListItem\",\"position\":2,\"name\":\"Beauty\",\"item\":\"https:\\\/\\\/www.treatwell.at/treatment-files\\\/beauty\\\/\"},{\"@type\":\"ListItem\",\"position\":3,\"name\":\"Mini-, Bubble- und Glitter-Braids: Das ist unser 2021 Festivalfrisuren-Guide\"}]},{\"@type\":\"WebSite\",\"@id\":\"https:\\\/\\\/www.treatwell.at/treatment-files\\\/#website\",\"url\":\"https:\\\/\\\/www.treatwell.at/treatment-files\\\/\",\"name\":\"The Treatment Files Blog\",\"description\":\"Beauty entdecken. Beauty erleben.\",\"publisher\":{\"@id\":\"https:\\\/\\\/www.treatwell.at/treatment-files\\\/#organization\"},\"potentialAction\":[{\"@type\":\"SearchAction\",\"target\":{\"@type\":\"EntryPoint\",\"urlTemplate\":\"https:\\\/\\\/www.treatwell.at/treatment-files\\\/?s={search_term_string}\"},\"query-input\":{\"@type\":\"PropertyValueSpecification\",\"valueRequired\":true,\"valueName\":\"search_term_string\"}}],\"inLanguage\":\"de-AT\"},{\"@type\":\"Organization\",\"@id\":\"https:\\\/\\\/www.treatwell.at/treatment-files\\\/#organization\",\"name\":\"Treatwell\",\"url\":\"https:\\\/\\\/www.treatwell.at/treatment-files\\\/\",\"logo\":{\"@type\":\"ImageObject\",\"inLanguage\":\"de-AT\",\"@id\":\"https:\\\/\\\/www.treatwell.at/treatment-files\\\/#\\\/schema\\\/logo\\\/image\\\/\",\"url\":\"https:\\\/\\\/www.treatwell.at/treatment-files\\\/wp-content\\\/uploads\\\/sites\\\/2\\\/2022\\\/03\\\/logo_treatwell.png\",\"contentUrl\":\"https:\\\/\\\/www.treatwell.at/treatment-files\\\/wp-content\\\/uploads\\\/sites\\\/2\\\/2022\\\/03\\\/logo_treatwell.png\",\"width\":889,\"height\":164,\"caption\":\"Treatwell\"},\"image\":{\"@id\":\"https:\\\/\\\/www.treatwell.at/treatment-files\\\/#\\\/schema\\\/logo\\\/image\\\/\"}},{\"@type\":\"Person\",\"@id\":\"https:\\\/\\\/www.treatwell.at/treatment-files\\\/#\\\/schema\\\/person\\\/869d3f19bdf4203c8e6e97c64e1c3c8e\",\"name\":\"Isabella Tombinski-robb\",\"image\":{\"@type\":\"ImageObject\",\"inLanguage\":\"de-AT\",\"@id\":\"https:\\\/\\\/secure.gravatar.com\\\/avatar\\\/624ce3bd6151d711f02c8c31549c8390027943dc1293e17bf28c136ce4288a80?s=96&d=mm&r=g\",\"url\":\"https:\\\/\\\/secure.gravatar.com\\\/avatar\\\/624ce3bd6151d711f02c8c31549c8390027943dc1293e17bf28c136ce4288a80?s=96&d=mm&r=g\",\"contentUrl\":\"https:\\\/\\\/secure.gravatar.com\\\/avatar\\\/624ce3bd6151d711f02c8c31549c8390027943dc1293e17bf28c136ce4288a80?s=96&d=mm&r=g\",\"caption\":\"Isabella Tombinski-robb\"},\"url\":\"https:\\\/\\\/www.treatwell.at/treatment-files\\\/author\\\/isabellatombinskirobb\\\/\"}]}<\/script>\n<!-- \/ Yoast SEO plugin. -->","yoast_head_json":{"title":"Mini-, Bubble- und Glitter-Braids: Das ist unser 2021 Festivalfrisuren-Guide - Treatwell","description":"Dieses Jahr feiern wir Boho-Braids, Mermaid-Waves und Flower Crowns als Festivalfrisuren, die den 2016er-Looks von Vanessa Hudgens Coachella-Besuch stark \u00e4hneln. Dazu kommen noch jede Menge extravagante Styles \u2013 da ist bestimmt f\u00fcr jeden Beautytyp etwas dabei.\u00a0","robots":{"index":"index","follow":"follow","max-snippet":"max-snippet:-1","max-image-preview":"max-image-preview:large","max-video-preview":"max-video-preview:-1"},"canonical":"https:\/\/www.treatwell.at/treatment-files\/mini-bubble-und-glitter-braids-das-ist-unser-2021-festivalfrisuren-guide\/","og_locale":"de_DE","og_type":"article","og_title":"Mini-, Bubble- und Glitter-Braids: Das ist unser 2021 Festivalfrisuren-Guide - Treatwell","og_description":"Dieses Jahr feiern wir Boho-Braids, Mermaid-Waves und Flower Crowns als Festivalfrisuren, die den 2016er-Looks von Vanessa Hudgens Coachella-Besuch stark \u00e4hneln. Dazu kommen noch jede Menge extravagante Styles \u2013 da ist bestimmt f\u00fcr jeden Beautytyp etwas dabei.\u00a0","og_url":"https:\/\/www.treatwell.at/treatment-files\/mini-bubble-und-glitter-braids-das-ist-unser-2021-festivalfrisuren-guide\/","og_site_name":"The Treatment Files Blog","article_published_time":"2021-09-01T12:22:18+00:00","article_modified_time":"2026-01-18T15:46:31+00:00","og_image":[{"width":628,"height":628,"url":"https:\/\/www.treatwell.at/treatment-files\/wp-content\/uploads\/sites\/2\/2022\/03\/Festival-Featured.jpg","type":"image\/jpeg"}],"author":"Isabella Tombinski-robb","twitter_card":"summary_large_image","twitter_misc":{"Verfasst von":"Isabella Tombinski-robb","Gesch\u00e4tzte Lesezeit":"2 Minuten"},"schema":{"@context":"https:\/\/schema.org","@graph":[{"@type":"Article","@id":"https:\/\/www.treatwell.at/treatment-files\/mini-bubble-und-glitter-braids-das-ist-unser-2021-festivalfrisuren-guide\/#article","isPartOf":{"@id":"https:\/\/www.treatwell.at/treatment-files\/mini-bubble-und-glitter-braids-das-ist-unser-2021-festivalfrisuren-guide\/"},"author":{"name":"Isabella Tombinski-robb","@id":"https:\/\/www.treatwell.at/treatment-files\/#\/schema\/person\/869d3f19bdf4203c8e6e97c64e1c3c8e"},"headline":"Mini-, Bubble- und Glitter-Braids: Das ist unser 2021 Festivalfrisuren-Guide","datePublished":"2021-09-01T12:22:18+00:00","dateModified":"2026-01-18T15:46:31+00:00","mainEntityOfPage":{"@id":"https:\/\/www.treatwell.at/treatment-files\/mini-bubble-und-glitter-braids-das-ist-unser-2021-festivalfrisuren-guide\/"},"wordCount":391,"publisher":{"@id":"https:\/\/www.treatwell.at/treatment-files\/#organization"},"image":{"@id":"https:\/\/www.treatwell.at/treatment-files\/mini-bubble-und-glitter-braids-das-ist-unser-2021-festivalfrisuren-guide\/#primaryimage"},"thumbnailUrl":"https:\/\/www.treatwell.at/treatment-files\/wp-content\/uploads\/sites\/2\/2022\/03\/Festival-Featured.jpg","keywords":["Hair","Hair Up","Styling"],"articleSection":["Beauty"],"inLanguage":"de-AT"},{"@type":"WebPage","@id":"https:\/\/www.treatwell.at/treatment-files\/mini-bubble-und-glitter-braids-das-ist-unser-2021-festivalfrisuren-guide\/","url":"https:\/\/www.treatwell.at/treatment-files\/mini-bubble-und-glitter-braids-das-ist-unser-2021-festivalfrisuren-guide\/","name":"Mini-, Bubble- und Glitter-Braids: Das ist unser 2021 Festivalfrisuren-Guide - Treatwell","isPartOf":{"@id":"https:\/\/www.treatwell.at/treatment-files\/#website"},"primaryImageOfPage":{"@id":"https:\/\/www.treatwell.at/treatment-files\/mini-bubble-und-glitter-braids-das-ist-unser-2021-festivalfrisuren-guide\/#primaryimage"},"image":{"@id":"https:\/\/www.treatwell.at/treatment-files\/mini-bubble-und-glitter-braids-das-ist-unser-2021-festivalfrisuren-guide\/#primaryimage"},"thumbnailUrl":"https:\/\/www.treatwell.at/treatment-files\/wp-content\/uploads\/sites\/2\/2022\/03\/Festival-Featured.jpg","datePublished":"2021-09-01T12:22:18+00:00","dateModified":"2026-01-18T15:46:31+00:00","description":"Dieses Jahr feiern wir Boho-Braids, Mermaid-Waves und Flower Crowns als Festivalfrisuren, die den 2016er-Looks von Vanessa Hudgens Coachella-Besuch stark \u00e4hneln. Dazu kommen noch jede Menge extravagante Styles \u2013 da ist bestimmt f\u00fcr jeden Beautytyp etwas dabei.\u00a0","breadcrumb":{"@id":"https:\/\/www.treatwell.at/treatment-files\/mini-bubble-und-glitter-braids-das-ist-unser-2021-festivalfrisuren-guide\/#breadcrumb"},"inLanguage":"de-AT","potentialAction":[{"@type":"ReadAction","target":["https:\/\/www.treatwell.at/treatment-files\/mini-bubble-und-glitter-braids-das-ist-unser-2021-festivalfrisuren-guide\/"]}]},{"@type":"ImageObject","inLanguage":"de-AT","@id":"https:\/\/www.treatwell.at/treatment-files\/mini-bubble-und-glitter-braids-das-ist-unser-2021-festivalfrisuren-guide\/#primaryimage","url":"https:\/\/www.treatwell.at/treatment-files\/wp-content\/uploads\/sites\/2\/2022\/03\/Festival-Featured.jpg","contentUrl":"https:\/\/www.treatwell.at/treatment-files\/wp-content\/uploads\/sites\/2\/2022\/03\/Festival-Featured.jpg","width":628,"height":628},{"@type":"BreadcrumbList","@id":"https:\/\/www.treatwell.at/treatment-files\/mini-bubble-und-glitter-braids-das-ist-unser-2021-festivalfrisuren-guide\/#breadcrumb","itemListElement":[{"@type":"ListItem","position":1,"name":"Home","item":"https:\/\/www.treatwell.at/treatment-files\/"},{"@type":"ListItem","position":2,"name":"Beauty","item":"https:\/\/www.treatwell.at/treatment-files\/beauty\/"},{"@type":"ListItem","position":3,"name":"Mini-, Bubble- und Glitter-Braids: Das ist unser 2021 Festivalfrisuren-Guide"}]},{"@type":"WebSite","@id":"https:\/\/www.treatwell.at/treatment-files\/#website","url":"https:\/\/www.treatwell.at/treatment-files\/","name":"The Treatment Files Blog","description":"Beauty entdecken. Beauty erleben.","publisher":{"@id":"https:\/\/www.treatwell.at/treatment-files\/#organization"},"potentialAction":[{"@type":"SearchAction","target":{"@type":"EntryPoint","urlTemplate":"https:\/\/www.treatwell.at/treatment-files\/?s={search_term_string}"},"query-input":{"@type":"PropertyValueSpecification","valueRequired":true,"valueName":"search_term_string"}}],"inLanguage":"de-AT"},{"@type":"Organization","@id":"https:\/\/www.treatwell.at/treatment-files\/#organization","name":"Treatwell","url":"https:\/\/www.treatwell.at/treatment-files\/","logo":{"@type":"ImageObject","inLanguage":"de-AT","@id":"https:\/\/www.treatwell.at/treatment-files\/#\/schema\/logo\/image\/","url":"https:\/\/www.treatwell.at/treatment-files\/wp-content\/uploads\/sites\/2\/2022\/03\/logo_treatwell.png","contentUrl":"https:\/\/www.treatwell.at/treatment-files\/wp-content\/uploads\/sites\/2\/2022\/03\/logo_treatwell.png","width":889,"height":164,"caption":"Treatwell"},"image":{"@id":"https:\/\/www.treatwell.at/treatment-files\/#\/schema\/logo\/image\/"}},{"@type":"Person","@id":"https:\/\/www.treatwell.at/treatment-files\/#\/schema\/person\/869d3f19bdf4203c8e6e97c64e1c3c8e","name":"Isabella Tombinski-robb","image":{"@type":"ImageObject","inLanguage":"de-AT","@id":"https:\/\/secure.gravatar.com\/avatar\/624ce3bd6151d711f02c8c31549c8390027943dc1293e17bf28c136ce4288a80?s=96&d=mm&r=g","url":"https:\/\/secure.gravatar.com\/avatar\/624ce3bd6151d711f02c8c31549c8390027943dc1293e17bf28c136ce4288a80?s=96&d=mm&r=g","contentUrl":"https:\/\/secure.gravatar.com\/avatar\/624ce3bd6151d711f02c8c31549c8390027943dc1293e17bf28c136ce4288a80?s=96&d=mm&r=g","caption":"Isabella Tombinski-robb"},"url":"https:\/\/www.treatwell.at/treatment-files\/author\/isabellatombinskirobb\/"}]}},"featured_image_src":"https:\/\/www.treatwell.at/treatment-files\/wp-content\/uploads\/sites\/2\/2022\/03\/Festival-Featured-600x400.jpg","featured_image_src_square":"https:\/\/www.treatwell.at/treatment-files\/wp-content\/uploads\/sites\/2\/2022\/03\/Festival-Featured-600x600.jpg","author_info":{"display_name":"Isabella Tombinski-robb","author_link":"https:\/\/www.treatwell.at/treatment-files\/author\/isabellatombinskirobb\/"},"_links":{"self":[{"href":"https:\/\/www.treatwell.at\/treatment-files\/wp-json\/wp\/v2\/posts\/17822","targetHints":{"allow":["GET"]}}],"collection":[{"href":"https:\/\/www.treatwell.at\/treatment-files\/wp-json\/wp\/v2\/posts"}],"about":[{"href":"https:\/\/www.treatwell.at\/treatment-files\/wp-json\/wp\/v2\/types\/post"}],"author":[{"embeddable":true,"href":"https:\/\/www.treatwell.at\/treatment-files\/wp-json\/wp\/v2\/users\/3318"}],"replies":[{"embeddable":true,"href":"https:\/\/www.treatwell.at\/treatment-files\/wp-json\/wp\/v2\/comments?post=17822"}],"version-history":[{"count":0,"href":"https:\/\/www.treatwell.at\/treatment-files\/wp-json\/wp\/v2\/posts\/17822\/revisions"}],"wp:featuredmedia":[{"embeddable":true,"href":"https:\/\/www.treatwell.at\/treatment-files\/wp-json\/wp\/v2\/media\/17832"}],"wp:attachment":[{"href":"https:\/\/www.treatwell.at\/treatment-files\/wp-json\/wp\/v2\/media?parent=17822"}],"wp:term":[{"taxonomy":"category","embeddable":true,"href":"https:\/\/www.treatwell.at\/treatment-files\/wp-json\/wp\/v2\/categories?post=17822"},{"taxonomy":"post_tag","embeddable":true,"href":"https:\/\/www.treatwell.at\/treatment-files\/wp-json\/wp\/v2\/tags?post=17822"}],"curies":[{"name":"wp","href":"https:\/\/api.w.org\/{rel}","templated":true}]}}