{"id":17931,"date":"2021-09-16T14:45:46","date_gmt":"2021-09-16T12:45:46","guid":{"rendered":"http:\/\/www.treatwell.at\/treatment-files\/?p=21206"},"modified":"2026-01-18T13:45:16","modified_gmt":"2026-01-18T12:45:16","slug":"new-york-new-york-das-waren-die-schoensten-beauty-highlights-der-new-york-fashion-week","status":"publish","type":"post","link":"https:\/\/www.treatwell.at/treatment-files\/new-york-new-york-das-waren-die-schoensten-beauty-highlights-der-new-york-fashion-week\/","title":{"rendered":"New York, New York: Das waren die sch\u00f6nsten Beauty-Highlights der New York Fashion Week"},"content":{"rendered":"<p><span style=\"font-weight: 400\">Die erste Live-New York Fashion Week seit der Pandemie war ein Erlebnis, etwas, das wir nicht so schnell vergessen werden. Zu sehen gab es viel Glitz und Glam, eine Hommage an die Kulttrends der 90er-Jahre sowie unz\u00e4hlige Statement-Looks. Von Moschinos Perlenz\u00f6pfe bis hin zu eleganten Hochsteckfrisuren der 50er-Jahre \u2013 diese Beauty Highlights werden wir in den kommenden Fr\u00fchlings- und Sommermonaten noch \u00f6fters sehen und vielleicht sogar tragen. Keine Lust, alle Shows nachzuholen? Wir haben die 7 gr\u00f6\u00dften Beauty-Highlights der aktuellen New York Fashion Week f\u00fcr dich zusammengefasst.<\/span><\/p>\n<p>&nbsp;<\/p>\n<p><span style=\"font-weight: 400\">Von Isabella<\/span><\/p>\n<div class=\"schema-faq wp-block-yoast-faq-block\">\n<div class=\"schema-faq-section\" id=\"faq-question-1768739806263\">\n<h3 class=\"schema-faq-question\">Was macht Perlenz\u00f6pfe zu einem besonderen Fr\u00fchlings- und Sommertrend?<\/h3>\n<p class=\"schema-faq-answer\">Verspielte Perlenz\u00f6pfe kombinieren farbenfrohe Akzente mit klassischen Z\u00f6pfen und sorgen f\u00fcr einen auff\u00e4lligen Look. Diese Frisur eignet sich besonders f\u00fcr die warme Jahreszeit und wirkt auf Festivals sowie im Alltag gleicherma\u00dfen modern.<\/div>\n<div class=\"schema-faq-section\" id=\"faq-question-1768739806264\">\n<h3 class=\"schema-faq-question\">Wie werden Cat-Eyes als Statement-Look interpretiert?<\/h3>\n<p class=\"schema-faq-answer\">Cat-Eyes wirken durch ihre pr\u00e4gnante Linienf\u00fchrung besonders ausdrucksstark und verleihen jedem Make-up einen selbstbewussten Auftritt. Laquan Smith setzt bei seinem Statement-Look auf intensive Lidstriche, die die Augenpartie betonen.<\/div>\n<div class=\"schema-faq-section\" id=\"faq-question-1768739806265\">\n<h3 class=\"schema-faq-question\">Wann eignen sich Babyz\u00f6pfe am besten im Alltag?<\/h3>\n<p class=\"schema-faq-answer\">Babyz\u00f6pfe eignen sich vor allem f\u00fcr den zweiten oder dritten Tag nach der Haarw\u00e4sche. Damit kannst du deinem Haar Struktur geben und bei warmem Wetter einen leichten, romantischen Look erzielen.<\/div>\n<div class=\"schema-faq-section\" id=\"faq-question-1768739806266\">\n<h3 class=\"schema-faq-question\">Welche Frisuren erinnern an die 50er Jahre?<\/h3>\n<p class=\"schema-faq-answer\">Elegante Hochsteckfrisuren mit viel Volumen spiegeln den Vintage-Look der 50er Jahre wider. Besonders markant wirken dabei hochgesteckte Haare, wie sie auch bei den aktuellen Modenschauen zu sehen waren.<\/div>\n<div class=\"schema-faq-section\" id=\"faq-question-1768739806267\">\n<h3 class=\"schema-faq-question\">Wie bringst du mit Glitzerelementen deine Augen zum Leuchten?<\/h3>\n<p class=\"schema-faq-answer\">Glitzerelemente wie Reverse Cat-Eyes oder metallischer Eyeliner im inneren Augenwinkel lassen die Augen im Fr\u00fchling besonders strahlen. Schon mit kleinen Akzenten erzielt man einen frischen, modernen Look.<\/div>\n<\/p><\/div>\n","protected":false},"excerpt":{"rendered":"<p>Die erste Live-New York Fashion Week seit der Pandemie war ein Erlebnis, etwas, das wir nicht so schnell vergessen werden. Zu sehen gab es viel Glitz und Glam, eine Hommage an die Kulttrends der 90er-Jahre sowie unz\u00e4hlige Statement-Looks. Von Moschinos Perlenz\u00f6pfe bis hin zu eleganten Hochsteckfrisuren der 50er-Jahre \u2013 diese Beauty Highlights werden wir in [&hellip;]<\/p>\n","protected":false},"author":3318,"featured_media":17940,"comment_status":"closed","ping_status":"closed","sticky":false,"template":"","format":"standard","meta":{"_acf_changed":false,"_yoast_wpseo_title":"New York, New York: Das waren die sch\u00f6nsten Beauty-Highlights der New York Fashion Week - Treatwell","_yoast_wpseo_metadesc":"Von Moschinos Perlenz\u00f6pfe bis hin zu eleganten Hochsteckfrisuren der 50er-Jahre \u2013 diese Beauty Highlights werden wir den kommenden Fr\u00fchling und Sommer noch \u00f6fters sehen und vielleicht sogar tragen. Keine Lust, alle Shows nachzuholen? Wir haben die 7 gr\u00f6\u00dften Beauty-Highlights der New York Fashion Week SS\/22 f\u00fcr dich zusammengefasst.","_genesis_hide_title":false,"_genesis_hide_breadcrumbs":false,"_genesis_hide_singular_image":false,"_genesis_hide_footer_widgets":false,"_genesis_custom_body_class":"","_genesis_custom_post_class":"","_genesis_layout":"","saswp_custom_schema_field":"{\"@context\":\"https:\/\/schema.org\",\"@type\":\"FAQPage\",\"mainEntity\":[{\"@type\":\"Question\",\"name\":\"Was macht Perlenz\u00f6pfe zu einem besonderen Fr\u00fchlings- und Sommertrend?\",\"acceptedAnswer\":{\"@type\":\"Answer\",\"text\":\"Verspielte Perlenz\u00f6pfe kombinieren farbenfrohe Akzente mit klassischen Z\u00f6pfen und sorgen f\u00fcr einen auff\u00e4lligen Look. Diese Frisur eignet sich besonders f\u00fcr die warme Jahreszeit und wirkt auf Festivals sowie im Alltag gleicherma\u00dfen modern.\"}},{\"@type\":\"Question\",\"name\":\"Wie werden Cat-Eyes als Statement-Look interpretiert?\",\"acceptedAnswer\":{\"@type\":\"Answer\",\"text\":\"Cat-Eyes wirken durch ihre pr\u00e4gnante Linienf\u00fchrung besonders ausdrucksstark und verleihen jedem Make-up einen selbstbewussten Auftritt. Laquan Smith setzt bei seinem Statement-Look auf intensive Lidstriche, die die Augenpartie betonen.\"}},{\"@type\":\"Question\",\"name\":\"Wann eignen sich Babyz\u00f6pfe am besten im Alltag?\",\"acceptedAnswer\":{\"@type\":\"Answer\",\"text\":\"Babyz\u00f6pfe eignen sich vor allem f\u00fcr den zweiten oder dritten Tag nach der Haarw\u00e4sche. Damit kannst du deinem Haar Struktur geben und bei warmem Wetter einen leichten, romantischen Look erzielen.\"}},{\"@type\":\"Question\",\"name\":\"Welche Frisuren erinnern an die 50er Jahre?\",\"acceptedAnswer\":{\"@type\":\"Answer\",\"text\":\"Elegante Hochsteckfrisuren mit viel Volumen spiegeln den Vintage-Look der 50er Jahre wider. Besonders markant wirken dabei hochgesteckte Haare, wie sie auch bei den aktuellen Modenschauen zu sehen waren.\"}},{\"@type\":\"Question\",\"name\":\"Wie bringst du mit Glitzerelementen deine Augen zum Leuchten?\",\"acceptedAnswer\":{\"@type\":\"Answer\",\"text\":\"Glitzerelemente wie Reverse Cat-Eyes oder metallischer Eyeliner im inneren Augenwinkel lassen die Augen im Fr\u00fchling besonders strahlen. Schon mit kleinen Akzenten erzielt man einen frischen, modernen Look.\"}}]}","footnotes":""},"categories":[9],"tags":[3,4,67,5],"class_list":{"0":"post-17931","1":"post","2":"type-post","3":"status-publish","4":"format-standard","5":"has-post-thumbnail","7":"category-beauty","8":"tag-tt6","9":"tag-tr273","10":"tag-tr721","11":"tag-tr166","12":"entry"},"acf":{"post_credits":"Bildrechte: Shutterstock, @nyfw, @moschino, @glemaud, @Laquan_Smith, @the.peterdo, @sophiesahara, @hunterabrams","beauty_blog_post_button_title":"","beauty_blog_post_button":"","landscape_picture":17939,"blocks":[{"block_title":"Perlenz\u00f6pfe","block_content":"<p>Auf den Laufstegen von Moschino-Show hie&szlig; es: the bolder the better. Dabei schickte der Designer Jeremy Scott seine Models mit verspielten pastellfarbenen Perlenz&ouml;pfen &uuml;ber den Laufsteg.<\/p>\n","video_content":"","block_picture":17932},{"block_title":"Dramatische Lippen","block_content":"<p>Bei Michael Kors wurde ein dramatischer Seitenscheitel sowie der klassische rote Lippenstift gefeiert.&nbsp;<\/p>\n","video_content":"","block_picture":17933},{"block_title":"Cat Eyes","block_content":"<p>Laquan Smith setzte auf einen Statement Cat-Eye Look als Beauty-Highlight.<\/p>\n","video_content":"","block_picture":17934},{"block_title":"Auff\u00e4lliges Hair-Candy","block_content":"<p>Bestimmt h&ouml;rst du es von uns nicht zum ersten Mal, aber die 90er Jahre Trends feiern n&auml;chsten Sommer ein noch gr&ouml;&szlig;eres Comeback. Geflochtene Z&ouml;pfe mit eingeflochtenen Haarb&auml;ndern sowie auf den Berliner Modewochen waren besonders beliebt.&nbsp;<\/p>\n","video_content":"","block_picture":17935},{"block_title":"Glitz 'n Glam","block_content":"<p>Von glitzernden Reverse Cat-Eyes bis hin zu dezentem metallischen Eyeliner im inneren Augenwinkel &ndash; so bringt man die Augen n&auml;chsten Fr&uuml;hling zum Leuchten.<\/p>\n","video_content":"","block_picture":17936},{"block_title":"Babyz\u00f6pfe","block_content":"<p>Dieser Sommertrend ist gekommen um zu bleiben. Babyz&ouml;pfe eignen sich am besten f&uuml;r den 2 und 3 Tag nach der Haarw&auml;sche. Ein romantischer Beauty-Look f&uuml;r hei&szlig;e Sommertage.&nbsp;<\/p>\n","video_content":"","block_picture":17937},{"block_title":"50er Jahre Frisuren","block_content":"<p>The sky&#039;s the limit? Das muss wohl dem Designer Jeremy Scott durch den Kopf gegangen sein, als er sich f&uuml;r diese eleganten Hochsteckfrisuren a l&agrave; Amy Winehouse entschied.<\/p>\n\n<p>Also, hast du Lust etwas Neues auszuprobieren?&nbsp;Mit&nbsp;Treatwell, kannst du&nbsp;<a href=\"http:\/\/www.treatwell.at\/\">Beauty&nbsp;und all deine Lieblingssalons online buchen<\/a>&nbsp;&ndash; simpel, m&uuml;helos, und du kannst es von unterwegs machen.&nbsp;Hier gehts&nbsp;<a href=\"https:\/\/www.treatwell.at\/orte\/behandlung-damenhaarschnitt\/angebot-typ-lokal\/in-at\/\">zu den besten Salons in deiner Umgebung<\/a>.&nbsp;<\/p>\n","video_content":"","block_picture":17938}]},"yoast_head":"<!-- This site is optimized with the Yoast SEO plugin v27.4 - https:\/\/yoast.com\/product\/yoast-seo-wordpress\/ -->\n<title>New York, New York: Das waren die sch\u00f6nsten Beauty-Highlights der New York Fashion Week - Treatwell<\/title>\n<meta name=\"description\" content=\"Von Moschinos Perlenz\u00f6pfe bis hin zu eleganten Hochsteckfrisuren der 50er-Jahre \u2013 diese Beauty Highlights werden wir den kommenden Fr\u00fchling und Sommer noch \u00f6fters sehen und vielleicht sogar tragen. Keine Lust, alle Shows nachzuholen? Wir haben die 7 gr\u00f6\u00dften Beauty-Highlights der New York Fashion Week SS\/22 f\u00fcr dich zusammengefasst.\" \/>\n<meta name=\"robots\" content=\"index, follow, max-snippet:-1, max-image-preview:large, max-video-preview:-1\" \/>\n<link rel=\"canonical\" href=\"https:\/\/www.treatwell.at/treatment-files\/new-york-new-york-das-waren-die-schoensten-beauty-highlights-der-new-york-fashion-week\/\" \/>\n<meta property=\"og:locale\" content=\"de_DE\" \/>\n<meta property=\"og:type\" content=\"article\" \/>\n<meta property=\"og:title\" content=\"New York, New York: Das waren die sch\u00f6nsten Beauty-Highlights der New York Fashion Week - Treatwell\" \/>\n<meta property=\"og:description\" content=\"Von Moschinos Perlenz\u00f6pfe bis hin zu eleganten Hochsteckfrisuren der 50er-Jahre \u2013 diese Beauty Highlights werden wir den kommenden Fr\u00fchling und Sommer noch \u00f6fters sehen und vielleicht sogar tragen. Keine Lust, alle Shows nachzuholen? Wir haben die 7 gr\u00f6\u00dften Beauty-Highlights der New York Fashion Week SS\/22 f\u00fcr dich zusammengefasst.\" \/>\n<meta property=\"og:url\" content=\"https:\/\/www.treatwell.at/treatment-files\/new-york-new-york-das-waren-die-schoensten-beauty-highlights-der-new-york-fashion-week\/\" \/>\n<meta property=\"og:site_name\" content=\"The Treatment Files Blog\" \/>\n<meta property=\"article:published_time\" content=\"2021-09-16T12:45:46+00:00\" \/>\n<meta property=\"article:modified_time\" content=\"2026-01-18T12:45:16+00:00\" \/>\n<meta property=\"og:image\" content=\"https:\/\/www.treatwell.at/treatment-files\/wp-content\/uploads\/sites\/2\/2022\/03\/Schermafbeelding-2021-09-14-om-12.41.46-500x628.png\" \/>\n\t<meta property=\"og:image:width\" content=\"500\" \/>\n\t<meta property=\"og:image:height\" content=\"628\" \/>\n\t<meta property=\"og:image:type\" content=\"image\/png\" \/>\n<meta name=\"author\" content=\"Isabella Tombinski-robb\" \/>\n<meta name=\"twitter:card\" content=\"summary_large_image\" \/>\n<meta name=\"twitter:label1\" content=\"Verfasst von\" \/>\n\t<meta name=\"twitter:data1\" content=\"Isabella Tombinski-robb\" \/>\n\t<meta name=\"twitter:label2\" content=\"Gesch\u00e4tzte Lesezeit\" \/>\n\t<meta name=\"twitter:data2\" content=\"1 Minute\" \/>\n<script type=\"application\/ld+json\" class=\"yoast-schema-graph\">{\"@context\":\"https:\\\/\\\/schema.org\",\"@graph\":[{\"@type\":\"Article\",\"@id\":\"https:\\\/\\\/www.treatwell.at/treatment-files\\\/new-york-new-york-das-waren-die-schoensten-beauty-highlights-der-new-york-fashion-week\\\/#article\",\"isPartOf\":{\"@id\":\"https:\\\/\\\/www.treatwell.at/treatment-files\\\/new-york-new-york-das-waren-die-schoensten-beauty-highlights-der-new-york-fashion-week\\\/\"},\"author\":{\"name\":\"Isabella Tombinski-robb\",\"@id\":\"https:\\\/\\\/www.treatwell.at/treatment-files\\\/#\\\/schema\\\/person\\\/869d3f19bdf4203c8e6e97c64e1c3c8e\"},\"headline\":\"New York, New York: Das waren die sch\u00f6nsten Beauty-Highlights der New York Fashion Week\",\"datePublished\":\"2021-09-16T12:45:46+00:00\",\"dateModified\":\"2026-01-18T12:45:16+00:00\",\"mainEntityOfPage\":{\"@id\":\"https:\\\/\\\/www.treatwell.at/treatment-files\\\/new-york-new-york-das-waren-die-schoensten-beauty-highlights-der-new-york-fashion-week\\\/\"},\"wordCount\":307,\"publisher\":{\"@id\":\"https:\\\/\\\/www.treatwell.at/treatment-files\\\/#organization\"},\"image\":{\"@id\":\"https:\\\/\\\/www.treatwell.at/treatment-files\\\/new-york-new-york-das-waren-die-schoensten-beauty-highlights-der-new-york-fashion-week\\\/#primaryimage\"},\"thumbnailUrl\":\"https:\\\/\\\/www.treatwell.at/treatment-files\\\/wp-content\\\/uploads\\\/sites\\\/2\\\/2022\\\/03\\\/Schermafbeelding-2021-09-14-om-12.41.46-500x628.png\",\"keywords\":[\"Hair\",\"Hair Colouring and Highlights\",\"Hair Up\",\"Haircuts and Hairdressing\"],\"articleSection\":[\"Beauty\"],\"inLanguage\":\"de-AT\"},{\"@type\":\"WebPage\",\"@id\":\"https:\\\/\\\/www.treatwell.at/treatment-files\\\/new-york-new-york-das-waren-die-schoensten-beauty-highlights-der-new-york-fashion-week\\\/\",\"url\":\"https:\\\/\\\/www.treatwell.at/treatment-files\\\/new-york-new-york-das-waren-die-schoensten-beauty-highlights-der-new-york-fashion-week\\\/\",\"name\":\"New York, New York: Das waren die sch\u00f6nsten Beauty-Highlights der New York Fashion Week - Treatwell\",\"isPartOf\":{\"@id\":\"https:\\\/\\\/www.treatwell.at/treatment-files\\\/#website\"},\"primaryImageOfPage\":{\"@id\":\"https:\\\/\\\/www.treatwell.at/treatment-files\\\/new-york-new-york-das-waren-die-schoensten-beauty-highlights-der-new-york-fashion-week\\\/#primaryimage\"},\"image\":{\"@id\":\"https:\\\/\\\/www.treatwell.at/treatment-files\\\/new-york-new-york-das-waren-die-schoensten-beauty-highlights-der-new-york-fashion-week\\\/#primaryimage\"},\"thumbnailUrl\":\"https:\\\/\\\/www.treatwell.at/treatment-files\\\/wp-content\\\/uploads\\\/sites\\\/2\\\/2022\\\/03\\\/Schermafbeelding-2021-09-14-om-12.41.46-500x628.png\",\"datePublished\":\"2021-09-16T12:45:46+00:00\",\"dateModified\":\"2026-01-18T12:45:16+00:00\",\"description\":\"Von Moschinos Perlenz\u00f6pfe bis hin zu eleganten Hochsteckfrisuren der 50er-Jahre \u2013 diese Beauty Highlights werden wir den kommenden Fr\u00fchling und Sommer noch \u00f6fters sehen und vielleicht sogar tragen. Keine Lust, alle Shows nachzuholen? Wir haben die 7 gr\u00f6\u00dften Beauty-Highlights der New York Fashion Week SS\\\/22 f\u00fcr dich zusammengefasst.\",\"breadcrumb\":{\"@id\":\"https:\\\/\\\/www.treatwell.at/treatment-files\\\/new-york-new-york-das-waren-die-schoensten-beauty-highlights-der-new-york-fashion-week\\\/#breadcrumb\"},\"inLanguage\":\"de-AT\",\"potentialAction\":[{\"@type\":\"ReadAction\",\"target\":[\"https:\\\/\\\/www.treatwell.at/treatment-files\\\/new-york-new-york-das-waren-die-schoensten-beauty-highlights-der-new-york-fashion-week\\\/\"]}]},{\"@type\":\"ImageObject\",\"inLanguage\":\"de-AT\",\"@id\":\"https:\\\/\\\/www.treatwell.at/treatment-files\\\/new-york-new-york-das-waren-die-schoensten-beauty-highlights-der-new-york-fashion-week\\\/#primaryimage\",\"url\":\"https:\\\/\\\/www.treatwell.at/treatment-files\\\/wp-content\\\/uploads\\\/sites\\\/2\\\/2022\\\/03\\\/Schermafbeelding-2021-09-14-om-12.41.46-500x628.png\",\"contentUrl\":\"https:\\\/\\\/www.treatwell.at/treatment-files\\\/wp-content\\\/uploads\\\/sites\\\/2\\\/2022\\\/03\\\/Schermafbeelding-2021-09-14-om-12.41.46-500x628.png\",\"width\":500,\"height\":628},{\"@type\":\"BreadcrumbList\",\"@id\":\"https:\\\/\\\/www.treatwell.at/treatment-files\\\/new-york-new-york-das-waren-die-schoensten-beauty-highlights-der-new-york-fashion-week\\\/#breadcrumb\",\"itemListElement\":[{\"@type\":\"ListItem\",\"position\":1,\"name\":\"Home\",\"item\":\"https:\\\/\\\/www.treatwell.at/treatment-files\\\/\"},{\"@type\":\"ListItem\",\"position\":2,\"name\":\"Beauty\",\"item\":\"https:\\\/\\\/www.treatwell.at/treatment-files\\\/beauty\\\/\"},{\"@type\":\"ListItem\",\"position\":3,\"name\":\"New York, New York: Das waren die sch\u00f6nsten Beauty-Highlights der New York Fashion Week\"}]},{\"@type\":\"WebSite\",\"@id\":\"https:\\\/\\\/www.treatwell.at/treatment-files\\\/#website\",\"url\":\"https:\\\/\\\/www.treatwell.at/treatment-files\\\/\",\"name\":\"The Treatment Files Blog\",\"description\":\"Beauty entdecken. Beauty erleben.\",\"publisher\":{\"@id\":\"https:\\\/\\\/www.treatwell.at/treatment-files\\\/#organization\"},\"potentialAction\":[{\"@type\":\"SearchAction\",\"target\":{\"@type\":\"EntryPoint\",\"urlTemplate\":\"https:\\\/\\\/www.treatwell.at/treatment-files\\\/?s={search_term_string}\"},\"query-input\":{\"@type\":\"PropertyValueSpecification\",\"valueRequired\":true,\"valueName\":\"search_term_string\"}}],\"inLanguage\":\"de-AT\"},{\"@type\":\"Organization\",\"@id\":\"https:\\\/\\\/www.treatwell.at/treatment-files\\\/#organization\",\"name\":\"Treatwell\",\"url\":\"https:\\\/\\\/www.treatwell.at/treatment-files\\\/\",\"logo\":{\"@type\":\"ImageObject\",\"inLanguage\":\"de-AT\",\"@id\":\"https:\\\/\\\/www.treatwell.at/treatment-files\\\/#\\\/schema\\\/logo\\\/image\\\/\",\"url\":\"https:\\\/\\\/www.treatwell.at/treatment-files\\\/wp-content\\\/uploads\\\/sites\\\/2\\\/2022\\\/03\\\/logo_treatwell.png\",\"contentUrl\":\"https:\\\/\\\/www.treatwell.at/treatment-files\\\/wp-content\\\/uploads\\\/sites\\\/2\\\/2022\\\/03\\\/logo_treatwell.png\",\"width\":889,\"height\":164,\"caption\":\"Treatwell\"},\"image\":{\"@id\":\"https:\\\/\\\/www.treatwell.at/treatment-files\\\/#\\\/schema\\\/logo\\\/image\\\/\"}},{\"@type\":\"Person\",\"@id\":\"https:\\\/\\\/www.treatwell.at/treatment-files\\\/#\\\/schema\\\/person\\\/869d3f19bdf4203c8e6e97c64e1c3c8e\",\"name\":\"Isabella Tombinski-robb\",\"image\":{\"@type\":\"ImageObject\",\"inLanguage\":\"de-AT\",\"@id\":\"https:\\\/\\\/secure.gravatar.com\\\/avatar\\\/624ce3bd6151d711f02c8c31549c8390027943dc1293e17bf28c136ce4288a80?s=96&d=mm&r=g\",\"url\":\"https:\\\/\\\/secure.gravatar.com\\\/avatar\\\/624ce3bd6151d711f02c8c31549c8390027943dc1293e17bf28c136ce4288a80?s=96&d=mm&r=g\",\"contentUrl\":\"https:\\\/\\\/secure.gravatar.com\\\/avatar\\\/624ce3bd6151d711f02c8c31549c8390027943dc1293e17bf28c136ce4288a80?s=96&d=mm&r=g\",\"caption\":\"Isabella Tombinski-robb\"},\"url\":\"https:\\\/\\\/www.treatwell.at/treatment-files\\\/author\\\/isabellatombinskirobb\\\/\"}]}<\/script>\n<!-- \/ Yoast SEO plugin. -->","yoast_head_json":{"title":"New York, New York: Das waren die sch\u00f6nsten Beauty-Highlights der New York Fashion Week - Treatwell","description":"Von Moschinos Perlenz\u00f6pfe bis hin zu eleganten Hochsteckfrisuren der 50er-Jahre \u2013 diese Beauty Highlights werden wir den kommenden Fr\u00fchling und Sommer noch \u00f6fters sehen und vielleicht sogar tragen. Keine Lust, alle Shows nachzuholen? Wir haben die 7 gr\u00f6\u00dften Beauty-Highlights der New York Fashion Week SS\/22 f\u00fcr dich zusammengefasst.","robots":{"index":"index","follow":"follow","max-snippet":"max-snippet:-1","max-image-preview":"max-image-preview:large","max-video-preview":"max-video-preview:-1"},"canonical":"https:\/\/www.treatwell.at/treatment-files\/new-york-new-york-das-waren-die-schoensten-beauty-highlights-der-new-york-fashion-week\/","og_locale":"de_DE","og_type":"article","og_title":"New York, New York: Das waren die sch\u00f6nsten Beauty-Highlights der New York Fashion Week - Treatwell","og_description":"Von Moschinos Perlenz\u00f6pfe bis hin zu eleganten Hochsteckfrisuren der 50er-Jahre \u2013 diese Beauty Highlights werden wir den kommenden Fr\u00fchling und Sommer noch \u00f6fters sehen und vielleicht sogar tragen. Keine Lust, alle Shows nachzuholen? Wir haben die 7 gr\u00f6\u00dften Beauty-Highlights der New York Fashion Week SS\/22 f\u00fcr dich zusammengefasst.","og_url":"https:\/\/www.treatwell.at/treatment-files\/new-york-new-york-das-waren-die-schoensten-beauty-highlights-der-new-york-fashion-week\/","og_site_name":"The Treatment Files Blog","article_published_time":"2021-09-16T12:45:46+00:00","article_modified_time":"2026-01-18T12:45:16+00:00","og_image":[{"width":500,"height":628,"url":"https:\/\/www.treatwell.at/treatment-files\/wp-content\/uploads\/sites\/2\/2022\/03\/Schermafbeelding-2021-09-14-om-12.41.46-500x628.png","type":"image\/png"}],"author":"Isabella Tombinski-robb","twitter_card":"summary_large_image","twitter_misc":{"Verfasst von":"Isabella Tombinski-robb","Gesch\u00e4tzte Lesezeit":"1 Minute"},"schema":{"@context":"https:\/\/schema.org","@graph":[{"@type":"Article","@id":"https:\/\/www.treatwell.at/treatment-files\/new-york-new-york-das-waren-die-schoensten-beauty-highlights-der-new-york-fashion-week\/#article","isPartOf":{"@id":"https:\/\/www.treatwell.at/treatment-files\/new-york-new-york-das-waren-die-schoensten-beauty-highlights-der-new-york-fashion-week\/"},"author":{"name":"Isabella Tombinski-robb","@id":"https:\/\/www.treatwell.at/treatment-files\/#\/schema\/person\/869d3f19bdf4203c8e6e97c64e1c3c8e"},"headline":"New York, New York: Das waren die sch\u00f6nsten Beauty-Highlights der New York Fashion Week","datePublished":"2021-09-16T12:45:46+00:00","dateModified":"2026-01-18T12:45:16+00:00","mainEntityOfPage":{"@id":"https:\/\/www.treatwell.at/treatment-files\/new-york-new-york-das-waren-die-schoensten-beauty-highlights-der-new-york-fashion-week\/"},"wordCount":307,"publisher":{"@id":"https:\/\/www.treatwell.at/treatment-files\/#organization"},"image":{"@id":"https:\/\/www.treatwell.at/treatment-files\/new-york-new-york-das-waren-die-schoensten-beauty-highlights-der-new-york-fashion-week\/#primaryimage"},"thumbnailUrl":"https:\/\/www.treatwell.at/treatment-files\/wp-content\/uploads\/sites\/2\/2022\/03\/Schermafbeelding-2021-09-14-om-12.41.46-500x628.png","keywords":["Hair","Hair Colouring and Highlights","Hair Up","Haircuts and Hairdressing"],"articleSection":["Beauty"],"inLanguage":"de-AT"},{"@type":"WebPage","@id":"https:\/\/www.treatwell.at/treatment-files\/new-york-new-york-das-waren-die-schoensten-beauty-highlights-der-new-york-fashion-week\/","url":"https:\/\/www.treatwell.at/treatment-files\/new-york-new-york-das-waren-die-schoensten-beauty-highlights-der-new-york-fashion-week\/","name":"New York, New York: Das waren die sch\u00f6nsten Beauty-Highlights der New York Fashion Week - Treatwell","isPartOf":{"@id":"https:\/\/www.treatwell.at/treatment-files\/#website"},"primaryImageOfPage":{"@id":"https:\/\/www.treatwell.at/treatment-files\/new-york-new-york-das-waren-die-schoensten-beauty-highlights-der-new-york-fashion-week\/#primaryimage"},"image":{"@id":"https:\/\/www.treatwell.at/treatment-files\/new-york-new-york-das-waren-die-schoensten-beauty-highlights-der-new-york-fashion-week\/#primaryimage"},"thumbnailUrl":"https:\/\/www.treatwell.at/treatment-files\/wp-content\/uploads\/sites\/2\/2022\/03\/Schermafbeelding-2021-09-14-om-12.41.46-500x628.png","datePublished":"2021-09-16T12:45:46+00:00","dateModified":"2026-01-18T12:45:16+00:00","description":"Von Moschinos Perlenz\u00f6pfe bis hin zu eleganten Hochsteckfrisuren der 50er-Jahre \u2013 diese Beauty Highlights werden wir den kommenden Fr\u00fchling und Sommer noch \u00f6fters sehen und vielleicht sogar tragen. Keine Lust, alle Shows nachzuholen? Wir haben die 7 gr\u00f6\u00dften Beauty-Highlights der New York Fashion Week SS\/22 f\u00fcr dich zusammengefasst.","breadcrumb":{"@id":"https:\/\/www.treatwell.at/treatment-files\/new-york-new-york-das-waren-die-schoensten-beauty-highlights-der-new-york-fashion-week\/#breadcrumb"},"inLanguage":"de-AT","potentialAction":[{"@type":"ReadAction","target":["https:\/\/www.treatwell.at/treatment-files\/new-york-new-york-das-waren-die-schoensten-beauty-highlights-der-new-york-fashion-week\/"]}]},{"@type":"ImageObject","inLanguage":"de-AT","@id":"https:\/\/www.treatwell.at/treatment-files\/new-york-new-york-das-waren-die-schoensten-beauty-highlights-der-new-york-fashion-week\/#primaryimage","url":"https:\/\/www.treatwell.at/treatment-files\/wp-content\/uploads\/sites\/2\/2022\/03\/Schermafbeelding-2021-09-14-om-12.41.46-500x628.png","contentUrl":"https:\/\/www.treatwell.at/treatment-files\/wp-content\/uploads\/sites\/2\/2022\/03\/Schermafbeelding-2021-09-14-om-12.41.46-500x628.png","width":500,"height":628},{"@type":"BreadcrumbList","@id":"https:\/\/www.treatwell.at/treatment-files\/new-york-new-york-das-waren-die-schoensten-beauty-highlights-der-new-york-fashion-week\/#breadcrumb","itemListElement":[{"@type":"ListItem","position":1,"name":"Home","item":"https:\/\/www.treatwell.at/treatment-files\/"},{"@type":"ListItem","position":2,"name":"Beauty","item":"https:\/\/www.treatwell.at/treatment-files\/beauty\/"},{"@type":"ListItem","position":3,"name":"New York, New York: Das waren die sch\u00f6nsten Beauty-Highlights der New York Fashion Week"}]},{"@type":"WebSite","@id":"https:\/\/www.treatwell.at/treatment-files\/#website","url":"https:\/\/www.treatwell.at/treatment-files\/","name":"The Treatment Files Blog","description":"Beauty entdecken. Beauty erleben.","publisher":{"@id":"https:\/\/www.treatwell.at/treatment-files\/#organization"},"potentialAction":[{"@type":"SearchAction","target":{"@type":"EntryPoint","urlTemplate":"https:\/\/www.treatwell.at/treatment-files\/?s={search_term_string}"},"query-input":{"@type":"PropertyValueSpecification","valueRequired":true,"valueName":"search_term_string"}}],"inLanguage":"de-AT"},{"@type":"Organization","@id":"https:\/\/www.treatwell.at/treatment-files\/#organization","name":"Treatwell","url":"https:\/\/www.treatwell.at/treatment-files\/","logo":{"@type":"ImageObject","inLanguage":"de-AT","@id":"https:\/\/www.treatwell.at/treatment-files\/#\/schema\/logo\/image\/","url":"https:\/\/www.treatwell.at/treatment-files\/wp-content\/uploads\/sites\/2\/2022\/03\/logo_treatwell.png","contentUrl":"https:\/\/www.treatwell.at/treatment-files\/wp-content\/uploads\/sites\/2\/2022\/03\/logo_treatwell.png","width":889,"height":164,"caption":"Treatwell"},"image":{"@id":"https:\/\/www.treatwell.at/treatment-files\/#\/schema\/logo\/image\/"}},{"@type":"Person","@id":"https:\/\/www.treatwell.at/treatment-files\/#\/schema\/person\/869d3f19bdf4203c8e6e97c64e1c3c8e","name":"Isabella Tombinski-robb","image":{"@type":"ImageObject","inLanguage":"de-AT","@id":"https:\/\/secure.gravatar.com\/avatar\/624ce3bd6151d711f02c8c31549c8390027943dc1293e17bf28c136ce4288a80?s=96&d=mm&r=g","url":"https:\/\/secure.gravatar.com\/avatar\/624ce3bd6151d711f02c8c31549c8390027943dc1293e17bf28c136ce4288a80?s=96&d=mm&r=g","contentUrl":"https:\/\/secure.gravatar.com\/avatar\/624ce3bd6151d711f02c8c31549c8390027943dc1293e17bf28c136ce4288a80?s=96&d=mm&r=g","caption":"Isabella Tombinski-robb"},"url":"https:\/\/www.treatwell.at/treatment-files\/author\/isabellatombinskirobb\/"}]}},"featured_image_src":"https:\/\/www.treatwell.at/treatment-files\/wp-content\/uploads\/sites\/2\/2022\/03\/Schermafbeelding-2021-09-14-om-12.41.46-500x628-500x400.png","featured_image_src_square":"https:\/\/www.treatwell.at/treatment-files\/wp-content\/uploads\/sites\/2\/2022\/03\/Schermafbeelding-2021-09-14-om-12.41.46-500x628-500x600.png","author_info":{"display_name":"Isabella Tombinski-robb","author_link":"https:\/\/www.treatwell.at/treatment-files\/author\/isabellatombinskirobb\/"},"_links":{"self":[{"href":"https:\/\/www.treatwell.at\/treatment-files\/wp-json\/wp\/v2\/posts\/17931","targetHints":{"allow":["GET"]}}],"collection":[{"href":"https:\/\/www.treatwell.at\/treatment-files\/wp-json\/wp\/v2\/posts"}],"about":[{"href":"https:\/\/www.treatwell.at\/treatment-files\/wp-json\/wp\/v2\/types\/post"}],"author":[{"embeddable":true,"href":"https:\/\/www.treatwell.at\/treatment-files\/wp-json\/wp\/v2\/users\/3318"}],"replies":[{"embeddable":true,"href":"https:\/\/www.treatwell.at\/treatment-files\/wp-json\/wp\/v2\/comments?post=17931"}],"version-history":[{"count":0,"href":"https:\/\/www.treatwell.at\/treatment-files\/wp-json\/wp\/v2\/posts\/17931\/revisions"}],"wp:featuredmedia":[{"embeddable":true,"href":"https:\/\/www.treatwell.at\/treatment-files\/wp-json\/wp\/v2\/media\/17940"}],"wp:attachment":[{"href":"https:\/\/www.treatwell.at\/treatment-files\/wp-json\/wp\/v2\/media?parent=17931"}],"wp:term":[{"taxonomy":"category","embeddable":true,"href":"https:\/\/www.treatwell.at\/treatment-files\/wp-json\/wp\/v2\/categories?post=17931"},{"taxonomy":"post_tag","embeddable":true,"href":"https:\/\/www.treatwell.at\/treatment-files\/wp-json\/wp\/v2\/tags?post=17931"}],"curies":[{"name":"wp","href":"https:\/\/api.w.org\/{rel}","templated":true}]}}