{"id":19459,"date":"2022-05-26T17:37:16","date_gmt":"2022-05-26T15:37:16","guid":{"rendered":"http:\/\/www.treatwell.at\/treatment-files\/?p=22762"},"modified":"2026-01-18T16:46:48","modified_gmt":"2026-01-18T15:46:48","slug":"weisse-naegel-2022","status":"publish","type":"post","link":"https:\/\/www.treatwell.at/treatment-files\/weisse-naegel-2022\/","title":{"rendered":"Wei\u00dfe N\u00e4gel 2022: 10 Nageldesigns f\u00fcr den Sommer"},"content":{"rendered":"<p style=\"text-align: justify\"><span style=\"font-weight: 400\">Wei\u00dfe N\u00e4gel feiern diesen Sommer ein gro\u00dfes Comeback, als eine der coolsten Manik\u00fcren der Saison. Die wei\u00dfe Manik\u00fcre ist das perfekte Canvas: Ganz egal welche Nail-Art dir vorschwebt \u2013 von der klassischen French Manik\u00fcre bis hin zu verzierten wei\u00dfen Spitzen ist einfach alles m\u00f6glich.<\/span><\/p>\n<p style=\"text-align: justify\"><span style=\"font-weight: 400\">Blicken wir auf unsere Kindheitstage zur\u00fcck, wissen wir sofort, dass wei\u00dfe N\u00e4gel nicht so wirklich beliebt waren. Wenn du sie fr\u00fcher selbst getragen hast, wei\u00dft du, was wir meinen: Erinnerst du dich noch daran, dass du st\u00e4ndig gefragt wurdest, warum du Tippex auf deinen Fingerspitzen tr\u00e4gst? Ja, genau diese Art von Wei\u00df.\u00a0 Aber die Zeiten haben sich ge\u00e4ndert und wei\u00dfe Geln\u00e4gel sind diesen Sommer mehr denn je gefragt. Ein semipermanente Manik\u00fcre sieht bis zu drei Wochen top aus, bringt deine sommerliche Br\u00e4une besser zur Geltung und ist eine minimalistische Option, die zu fast jedem Outfit passt. Solltest du in eine Nagelverl\u00e4ngerung in Erw\u00e4gung ziehen, bitte dein Nagelstudio um wei\u00dfe Acryln\u00e4gel.<\/span><\/p>\n<p style=\"text-align: justify\"><span style=\"font-weight: 400\">Wie w\u00fcrdest du deinen Style beschreiben? Wenn du deinen Style als klassisch und elegant beschreibst, sind schwarz-wei\u00dfe oder matt-wei\u00dfe N\u00e4gel die beste Wahl. Du bist abenteuerlustig und Farbe spielt eine wichtige Rolle in deinem Leben? Dann sind pastellblaue und wei\u00dfe N\u00e4gel sehr aktuell. Wenn du aber deine verspielte Seite zum Vorschein bringen willst, dann sind wei\u00dfe N\u00e4gel mit Pastellrosa ein unbestrittener Trend f\u00fcr den Sommer.<\/span><\/p>\n<p style=\"text-align: justify\"><span style=\"font-weight: 400\">Wie du siehst, m\u00fcssen &#8220;wei\u00dfe N\u00e4gel&#8221; weder langweilig sein, noch beschr\u00e4nken sie sich nur auf <a href=\"http:\/\/www.treatwell.at\/treatment-files\/brautnaegel-20-manikuere-ideen\/\">Brautmanik\u00fcren<\/a> oder die bekannten &#8220;milchigen N\u00e4gel&#8221;. Es gibt unendlich viele M\u00f6glichkeiten, wei\u00dfe N\u00e4gel zu rocken. Bist du bereit? Los geht\u2019s.\u00a0<\/span><\/p>\n<p style=\"text-align: justify\"><span style=\"font-weight: 400\">Von Isabella<\/span><\/p>\n<div class=\"schema-faq wp-block-yoast-faq-block\">\n<div class=\"schema-faq-section\" id=\"faq-question-1768750569726\">\n<h3 class=\"schema-faq-question\">Wie lange h\u00e4lt eine wei\u00dfe Geln\u00e4gel-Manik\u00fcre?<\/h3>\n<p class=\"schema-faq-answer\">Eine wei\u00dfe Geln\u00e4gel-Manik\u00fcre wirkt bis zu drei Wochen gepflegt und bleibt gut in Form. Die Haltbarkeit h\u00e4ngt von der gew\u00e4hlten Technik und deiner Nagelpflege ab.<\/div>\n<div class=\"schema-faq-section\" id=\"faq-question-1768750569727\">\n<h3 class=\"schema-faq-question\">Welche wei\u00dfen Nageldesigns liegen gerade im Trend?<\/h3>\n<p class=\"schema-faq-answer\">Besonders angesagt sind wei\u00dfe N\u00e4gel mit Wellenmustern, Pastellfarben wie Blau oder Rosa und Akzente mit Gold oder Steinen. Auch minimalistische geometrische Formen und Matt-Optik setzen aktuell Trends.<\/div>\n<div class=\"schema-faq-section\" id=\"faq-question-1768750569728\">\n<h3 class=\"schema-faq-question\">Wie kombinierst du wei\u00dfe N\u00e4gel f\u00fcr einen eleganten Look?<\/h3>\n<p class=\"schema-faq-answer\">Wei\u00dfe N\u00e4gel bilden das perfekte Canvas f\u00fcr einen klassischen und eleganten Look, zum Beispiel mit Schwarz-Wei\u00df-Kombinationen, matt-wei\u00dfen Nuancen oder goldenen Akzenten. Dezente Motive wie Yin Yang oder French Manik\u00fcre verleihen zus\u00e4tzlich Raffinesse.<\/div>\n<div class=\"schema-faq-section\" id=\"faq-question-1768750569729\">\n<h3 class=\"schema-faq-question\">Welche Vorteile bieten wei\u00dfe N\u00e4gel im Sommer?<\/h3>\n<p class=\"schema-faq-answer\">Wei\u00dfe N\u00e4gel bringen deine sommerliche Br\u00e4une brillant zur Geltung und wirken zu jedem Anlass stilvoll. Sie lassen sich mit jedem Outfit kombinieren und strahlen Minimalismus sowie Frische aus.<\/div>\n<div class=\"schema-faq-section\" id=\"faq-question-1768750569730\">\n<h3 class=\"schema-faq-question\">Was eignet sich, wenn du Akzente auf wei\u00dfen N\u00e4geln setzen willst?<\/h3>\n<p class=\"schema-faq-answer\">Du kannst deine wei\u00dfen N\u00e4gel mit Glitzerelementen, Steinen oder Blumenmotiven versch\u00f6nern. Gerade subtile Gold- oder Strassdetails sorgen f\u00fcr ein elegantes Finish, w\u00e4hrend Pastellfarben oder Muster deine kreative Seite hervorbringen.<\/div>\n<\/p><\/div>\n","protected":false},"excerpt":{"rendered":"<p>Wei\u00dfe N\u00e4gel feiern diesen Sommer ein gro\u00dfes Comeback, als eine der coolsten Manik\u00fcren der Saison. Die wei\u00dfe Manik\u00fcre ist das perfekte Canvas: Ganz egal welche Nail-Art dir vorschwebt \u2013 von der klassischen French Manik\u00fcre bis hin zu verzierten wei\u00dfen Spitzen ist einfach alles m\u00f6glich. Blicken wir auf unsere Kindheitstage zur\u00fcck, wissen wir sofort, dass wei\u00dfe [&hellip;]<\/p>\n","protected":false},"author":3318,"featured_media":19470,"comment_status":"closed","ping_status":"closed","sticky":false,"template":"","format":"standard","meta":{"_acf_changed":false,"_yoast_wpseo_title":"Wei\u00dfe N\u00e4gel 2022: 10 Nageldesigns f\u00fcr den Sommer - Treatwell","_yoast_wpseo_metadesc":"Wei\u00dfe N\u00e4gel feiern diesen Sommer ein gro\u00dfes Comeback, als eine der coolsten Manik\u00fcren der Saison. Die wei\u00dfe Manik\u00fcre funktioniert wie das perfekte Canvas.","_genesis_hide_title":false,"_genesis_hide_breadcrumbs":false,"_genesis_hide_singular_image":false,"_genesis_hide_footer_widgets":false,"_genesis_custom_body_class":"","_genesis_custom_post_class":"","_genesis_layout":"","saswp_custom_schema_field":"{\"@context\":\"https:\/\/schema.org\",\"@type\":\"FAQPage\",\"mainEntity\":[{\"@type\":\"Question\",\"name\":\"Wie lange h\u00e4lt eine wei\u00dfe Geln\u00e4gel-Manik\u00fcre?\",\"acceptedAnswer\":{\"@type\":\"Answer\",\"text\":\"Eine wei\u00dfe Geln\u00e4gel-Manik\u00fcre wirkt bis zu drei Wochen gepflegt und bleibt gut in Form. Die Haltbarkeit h\u00e4ngt von der gew\u00e4hlten Technik und deiner Nagelpflege ab.\"}},{\"@type\":\"Question\",\"name\":\"Welche wei\u00dfen Nageldesigns liegen gerade im Trend?\",\"acceptedAnswer\":{\"@type\":\"Answer\",\"text\":\"Besonders angesagt sind wei\u00dfe N\u00e4gel mit Wellenmustern, Pastellfarben wie Blau oder Rosa und Akzente mit Gold oder Steinen. Auch minimalistische geometrische Formen und Matt-Optik setzen aktuell Trends.\"}},{\"@type\":\"Question\",\"name\":\"Wie kombinierst du wei\u00dfe N\u00e4gel f\u00fcr einen eleganten Look?\",\"acceptedAnswer\":{\"@type\":\"Answer\",\"text\":\"Wei\u00dfe N\u00e4gel bilden das perfekte Canvas f\u00fcr einen klassischen und eleganten Look, zum Beispiel mit Schwarz-Wei\u00df-Kombinationen, matt-wei\u00dfen Nuancen oder goldenen Akzenten. Dezente Motive wie Yin Yang oder French Manik\u00fcre verleihen zus\u00e4tzlich Raffinesse.\"}},{\"@type\":\"Question\",\"name\":\"Welche Vorteile bieten wei\u00dfe N\u00e4gel im Sommer?\",\"acceptedAnswer\":{\"@type\":\"Answer\",\"text\":\"Wei\u00dfe N\u00e4gel bringen deine sommerliche Br\u00e4une brillant zur Geltung und wirken zu jedem Anlass stilvoll. Sie lassen sich mit jedem Outfit kombinieren und strahlen Minimalismus sowie Frische aus.\"}},{\"@type\":\"Question\",\"name\":\"Was eignet sich, wenn du Akzente auf wei\u00dfen N\u00e4geln setzen willst?\",\"acceptedAnswer\":{\"@type\":\"Answer\",\"text\":\"Du kannst deine wei\u00dfen N\u00e4gel mit Glitzerelementen, Steinen oder Blumenmotiven versch\u00f6nern. Gerade subtile Gold- oder Strassdetails sorgen f\u00fcr ein elegantes Finish, w\u00e4hrend Pastellfarben oder Muster deine kreative Seite hervorbringen.\"}}]}","footnotes":""},"categories":[9],"tags":[36,38],"class_list":{"0":"post-19459","1":"post","2":"type-post","3":"status-publish","4":"format-standard","5":"has-post-thumbnail","7":"category-beauty","8":"tag-tr540","9":"tag-tt36","10":"entry"},"acf":{"post_credits":"Bildrechte: Shutterstock, Instagram: @amyle.nails, @_karebeauty_, @nails.bab","beauty_blog_post_button_title":"","beauty_blog_post_button":"","landscape_picture":19471,"blocks":[{"block_title":"Wei\u00dfe N\u00e4gel","block_content":"<p>Wei&szlig;e N&auml;gel sind ein bekannter Favorit f&uuml;r die Sommersaison. Jetzt, wo die warmen Tage immer n&auml;her r&uuml;cken, geht uns die wei&szlig;e Manik&uuml;re einfach nicht mehr aus dem Kopf.&nbsp; Zum einen sind sie super elegant und k&ouml;nnen zu jedem Anlass getragen werden. Zum anderen musst du dir keine Sorgen machen, dass sie zu auff&auml;llig sind. Wenn es dir schwerf&auml;llt, deine N&auml;gel lang zu halten, k&ouml;nnen Nagelverl&auml;ngerungen praktisch sein. Oder du g&ouml;nnst dir ein neues Set wei&szlig;e Acryln&auml;gel im Nagelstudio deiner Wahl.&nbsp;<\/p>\n","video_content":"","block_picture":19460},{"block_title":"Schwarz-wei\u00dfe N\u00e4gel","block_content":"<p>W&auml;hrend wei&szlig;e N&auml;gel der Klassiker schlechthin sind, sind schwarz-wei&szlig;e N&auml;gel eine gute Alternative, wenn du deinem Look einen eleganten Touch verleihen willst. Wei&szlig;es Nageldesign muss nicht immer unbedingt langweilig sein: Eine wei&szlig;e Manik&uuml;re mit schwarzem Yin Yang-Motiv auf dem kleinen Finger sorgt f&uuml;r coole Akzente. Du suchst nach weiteren klassischen Ideen? Dann ist die zweifarbige French Manik&uuml;re, mit schwarz-wei&szlig;en N&auml;geln genau das Richtige f&uuml;r dich.&nbsp;<\/p>\n","video_content":"","block_picture":19461},{"block_title":"Wei\u00dfe N\u00e4gel mit Muster","block_content":"<p>Wei&szlig;e N&auml;gel mit Wellenmuster waren im Jahr 2021 besonders beliebt. Auch dieses Jahr erobert die wei&szlig;e Nail-Art die Fingerspitzen der Beauty-Insider.&nbsp; Wenn du auf der Suche nach einem wei&szlig;en Nageldesign bist, das gerade im Trend ist, lass dir diese Variante nicht entgehen.<\/p>\n","video_content":"","block_picture":19462},{"block_title":"Pastellblaue und wei\u00dfe N\u00e4gel","block_content":"<p>Pastellfarbene N&auml;gel erobern die Nagelstudios weiterhin im Sturm. Wenn du einen zu niedlichen Look vermeiden m&ouml;chtest, lohnt es sich grafische Akzente mit Wei&szlig; zu setzen. Wie w&auml;re es mit geometrischen Formen oder geschwungenen Linien? Pure Magie...<\/p>\n","video_content":"","block_picture":19463},{"block_title":"Rosa wei\u00dfe N\u00e4gel","block_content":"<p>Ob Anz&uuml;ge, Taschen, Schuhen &ndash; wo wir auch nur hinsehen, fallen uns rosa-wei&szlig;e Akzente und Muster auf. Kein Wunder, dass wir sie auch auf unseren N&auml;geln toll finden. Rosa-wei&szlig;e N&auml;gel laden zum Experimentieren ein. Scheue deshalb nicht vor etwas Neuem zur&uuml;ck. Probiere dich an verschiedenen Rosat&ouml;nen und kombiniere diese bei deiner n&auml;chsten Manik&uuml;re. Super schick.<\/p>\n","video_content":"","block_picture":19464},{"block_title":"Lila und wei\u00dfe N\u00e4gel","block_content":"<p>Pastellt&ouml;ne sind zu dieser Jahreszeit immer noch die Nummer 1 in Sachen Nagellackfarben. Und wenn du ein Fan von der Farbe Lila bist, solltest du wissen, dass Lila und wei&szlig;e N&auml;gel gerade besonders auf Instagram geherzt werden. Du willst ein einfaches Nageldesign mit minimalistischem Outcome? Dann schlagen wir dir eine Mani mit Seitenstreifen vor. I-de-al.<\/p>\n","video_content":"","block_picture":19465},{"block_title":"Wei\u00dfe N\u00e4gel mit Blumen","block_content":"<p>Es gibt unz&auml;hlige M&ouml;glichkeiten, wei&szlig;e N&auml;gel mit Blumen zu tragen. Insbesondere bei der Wahl der Blumen kannst du dich kreativ austoben: G&auml;nsebl&uuml;mchen oder doch lieber nur eine Rose? Egal, wie du dich entscheidest &ndash; freu dich jetzt schon &uuml;ber einen sommerlichen Mood-Booster auf deinen Fingerspitzen.&nbsp;<\/p>\n","video_content":"","block_picture":19466},{"block_title":"Matte wei\u00dfe N\u00e4gel","block_content":"<p>Matte wei&szlig;e N&auml;gel mit beiger Nail-Art? Ein absoluter Traum f&uuml;r all jene, die es kaum erwarten k&ouml;nnen, neue Trends auszuprobieren. Bonus: dieses Nageldesign kann auf verschiedenste Art und Weise interpretiert werden. Von der doppelten French Manik&uuml;re in Wei&szlig; und Beige bis hin zu maximalistischen Designs wie dem auf dem Foto: Wir lieben Off-White-N&auml;gel, die mit geometrischen Motiven in Braunt&ouml;nen verziert sind.&nbsp;<\/p>\n","video_content":"","block_picture":19467},{"block_title":"Wei\u00dfe N\u00e4gel mit Gold","block_content":"<p>Okay&hellip;lass uns &uuml;ber die eleganteste Variante der wei&szlig;en N&auml;gel sprechen: wei&szlig;e N&auml;gel mit Goldakzenten. Wie du anhand des Fotos siehst, musst du es mit dem Glitzer keineswegs &uuml;bertreiben, um ein elegantes und originelles Finish zu erzielen. Eine schr&auml;g verlaufende franz&ouml;sische Manik&uuml;re mit einer goldenen Note ist hier unsere erste Wahl.&nbsp;<\/p>\n","video_content":"","block_picture":19468},{"block_title":"Wei\u00dfe N\u00e4gel mit Steinen","block_content":"<p>Jetzt, wo klar geworden ist, dass wei&szlig;e N&auml;gel mit Muster, Nail-Art und Co der Hit des Sommers sein werden, ist es an der Zeit &uuml;ber die Cr&egrave;me de la Cr&egrave;me der Nageldesigns zu sprechen: Wei&szlig;e N&auml;gel mit Steinen. Sie eignen sich am besten, wenn du etwas Dezentes suchst, aber nicht auf Strasssteinen verzichten m&ouml;chtest. Wenn du nach etwas mehr aus bist, ist die umgekehrte French Manik&uuml;re dein bester Verb&uuml;ndeter. Noch mehr Optionen? Lass dich von Treatwell inspirieren!<\/p>\n\n<p>&nbsp;<\/p>\n","video_content":"","block_picture":19469}]},"yoast_head":"<!-- This site is optimized with the Yoast SEO plugin v27.4 - https:\/\/yoast.com\/product\/yoast-seo-wordpress\/ -->\n<title>Wei\u00dfe N\u00e4gel 2022: 10 Nageldesigns f\u00fcr den Sommer - Treatwell<\/title>\n<meta name=\"description\" content=\"Wei\u00dfe N\u00e4gel feiern diesen Sommer ein gro\u00dfes Comeback, als eine der coolsten Manik\u00fcren der Saison. Die wei\u00dfe Manik\u00fcre funktioniert wie das perfekte Canvas.\" \/>\n<meta name=\"robots\" content=\"index, follow, max-snippet:-1, max-image-preview:large, max-video-preview:-1\" \/>\n<link rel=\"canonical\" href=\"https:\/\/www.treatwell.at/treatment-files\/weisse-naegel-2022\/\" \/>\n<meta property=\"og:locale\" content=\"de_DE\" \/>\n<meta property=\"og:type\" content=\"article\" \/>\n<meta property=\"og:title\" content=\"Wei\u00dfe N\u00e4gel 2022: 10 Nageldesigns f\u00fcr den Sommer - Treatwell\" \/>\n<meta property=\"og:description\" content=\"Wei\u00dfe N\u00e4gel feiern diesen Sommer ein gro\u00dfes Comeback, als eine der coolsten Manik\u00fcren der Saison. Die wei\u00dfe Manik\u00fcre funktioniert wie das perfekte Canvas.\" \/>\n<meta property=\"og:url\" content=\"https:\/\/www.treatwell.at/treatment-files\/weisse-naegel-2022\/\" \/>\n<meta property=\"og:site_name\" content=\"The Treatment Files Blog\" \/>\n<meta property=\"article:published_time\" content=\"2022-05-26T15:37:16+00:00\" \/>\n<meta property=\"article:modified_time\" content=\"2026-01-18T15:46:48+00:00\" \/>\n<meta property=\"og:image\" content=\"https:\/\/www.treatwell.at/treatment-files\/wp-content\/uploads\/sites\/2\/2022\/06\/ezgif.com-gif-maker-2022-05-13T155953.631.jpg\" \/>\n\t<meta property=\"og:image:width\" content=\"1000\" \/>\n\t<meta property=\"og:image:height\" content=\"600\" \/>\n\t<meta property=\"og:image:type\" content=\"image\/jpeg\" \/>\n<meta name=\"author\" content=\"Isabella Tombinski-robb\" \/>\n<meta name=\"twitter:card\" content=\"summary_large_image\" \/>\n<meta name=\"twitter:label1\" content=\"Verfasst von\" \/>\n\t<meta name=\"twitter:data1\" content=\"Isabella Tombinski-robb\" \/>\n\t<meta name=\"twitter:label2\" content=\"Gesch\u00e4tzte Lesezeit\" \/>\n\t<meta name=\"twitter:data2\" content=\"3 Minuten\" \/>\n<script type=\"application\/ld+json\" class=\"yoast-schema-graph\">{\"@context\":\"https:\\\/\\\/schema.org\",\"@graph\":[{\"@type\":\"Article\",\"@id\":\"https:\\\/\\\/www.treatwell.at/treatment-files\\\/weisse-naegel-2022\\\/#article\",\"isPartOf\":{\"@id\":\"https:\\\/\\\/www.treatwell.at/treatment-files\\\/weisse-naegel-2022\\\/\"},\"author\":{\"name\":\"Isabella Tombinski-robb\",\"@id\":\"https:\\\/\\\/www.treatwell.at/treatment-files\\\/#\\\/schema\\\/person\\\/869d3f19bdf4203c8e6e97c64e1c3c8e\"},\"headline\":\"Wei\u00dfe N\u00e4gel 2022: 10 Nageldesigns f\u00fcr den Sommer\",\"datePublished\":\"2022-05-26T15:37:16+00:00\",\"dateModified\":\"2026-01-18T15:46:48+00:00\",\"mainEntityOfPage\":{\"@id\":\"https:\\\/\\\/www.treatwell.at/treatment-files\\\/weisse-naegel-2022\\\/\"},\"wordCount\":523,\"publisher\":{\"@id\":\"https:\\\/\\\/www.treatwell.at/treatment-files\\\/#organization\"},\"image\":{\"@id\":\"https:\\\/\\\/www.treatwell.at/treatment-files\\\/weisse-naegel-2022\\\/#primaryimage\"},\"thumbnailUrl\":\"https:\\\/\\\/www.treatwell.at/treatment-files\\\/wp-content\\\/uploads\\\/sites\\\/2\\\/2022\\\/06\\\/ezgif.com-gif-maker-2022-05-13T155953.631.jpg\",\"keywords\":[\"Gel Nails\",\"Nails\"],\"articleSection\":[\"Beauty\"],\"inLanguage\":\"de-AT\"},{\"@type\":\"WebPage\",\"@id\":\"https:\\\/\\\/www.treatwell.at/treatment-files\\\/weisse-naegel-2022\\\/\",\"url\":\"https:\\\/\\\/www.treatwell.at/treatment-files\\\/weisse-naegel-2022\\\/\",\"name\":\"Wei\u00dfe N\u00e4gel 2022: 10 Nageldesigns f\u00fcr den Sommer - Treatwell\",\"isPartOf\":{\"@id\":\"https:\\\/\\\/www.treatwell.at/treatment-files\\\/#website\"},\"primaryImageOfPage\":{\"@id\":\"https:\\\/\\\/www.treatwell.at/treatment-files\\\/weisse-naegel-2022\\\/#primaryimage\"},\"image\":{\"@id\":\"https:\\\/\\\/www.treatwell.at/treatment-files\\\/weisse-naegel-2022\\\/#primaryimage\"},\"thumbnailUrl\":\"https:\\\/\\\/www.treatwell.at/treatment-files\\\/wp-content\\\/uploads\\\/sites\\\/2\\\/2022\\\/06\\\/ezgif.com-gif-maker-2022-05-13T155953.631.jpg\",\"datePublished\":\"2022-05-26T15:37:16+00:00\",\"dateModified\":\"2026-01-18T15:46:48+00:00\",\"description\":\"Wei\u00dfe N\u00e4gel feiern diesen Sommer ein gro\u00dfes Comeback, als eine der coolsten Manik\u00fcren der Saison. Die wei\u00dfe Manik\u00fcre funktioniert wie das perfekte Canvas.\",\"breadcrumb\":{\"@id\":\"https:\\\/\\\/www.treatwell.at/treatment-files\\\/weisse-naegel-2022\\\/#breadcrumb\"},\"inLanguage\":\"de-AT\",\"potentialAction\":[{\"@type\":\"ReadAction\",\"target\":[\"https:\\\/\\\/www.treatwell.at/treatment-files\\\/weisse-naegel-2022\\\/\"]}]},{\"@type\":\"ImageObject\",\"inLanguage\":\"de-AT\",\"@id\":\"https:\\\/\\\/www.treatwell.at/treatment-files\\\/weisse-naegel-2022\\\/#primaryimage\",\"url\":\"https:\\\/\\\/www.treatwell.at/treatment-files\\\/wp-content\\\/uploads\\\/sites\\\/2\\\/2022\\\/06\\\/ezgif.com-gif-maker-2022-05-13T155953.631.jpg\",\"contentUrl\":\"https:\\\/\\\/www.treatwell.at/treatment-files\\\/wp-content\\\/uploads\\\/sites\\\/2\\\/2022\\\/06\\\/ezgif.com-gif-maker-2022-05-13T155953.631.jpg\",\"width\":1000,\"height\":600},{\"@type\":\"BreadcrumbList\",\"@id\":\"https:\\\/\\\/www.treatwell.at/treatment-files\\\/weisse-naegel-2022\\\/#breadcrumb\",\"itemListElement\":[{\"@type\":\"ListItem\",\"position\":1,\"name\":\"Home\",\"item\":\"https:\\\/\\\/www.treatwell.at/treatment-files\\\/\"},{\"@type\":\"ListItem\",\"position\":2,\"name\":\"Beauty\",\"item\":\"https:\\\/\\\/www.treatwell.at/treatment-files\\\/beauty\\\/\"},{\"@type\":\"ListItem\",\"position\":3,\"name\":\"Wei\u00dfe N\u00e4gel 2022: 10 Nageldesigns f\u00fcr den Sommer\"}]},{\"@type\":\"WebSite\",\"@id\":\"https:\\\/\\\/www.treatwell.at/treatment-files\\\/#website\",\"url\":\"https:\\\/\\\/www.treatwell.at/treatment-files\\\/\",\"name\":\"The Treatment Files Blog\",\"description\":\"Beauty entdecken. Beauty erleben.\",\"publisher\":{\"@id\":\"https:\\\/\\\/www.treatwell.at/treatment-files\\\/#organization\"},\"potentialAction\":[{\"@type\":\"SearchAction\",\"target\":{\"@type\":\"EntryPoint\",\"urlTemplate\":\"https:\\\/\\\/www.treatwell.at/treatment-files\\\/?s={search_term_string}\"},\"query-input\":{\"@type\":\"PropertyValueSpecification\",\"valueRequired\":true,\"valueName\":\"search_term_string\"}}],\"inLanguage\":\"de-AT\"},{\"@type\":\"Organization\",\"@id\":\"https:\\\/\\\/www.treatwell.at/treatment-files\\\/#organization\",\"name\":\"Treatwell\",\"url\":\"https:\\\/\\\/www.treatwell.at/treatment-files\\\/\",\"logo\":{\"@type\":\"ImageObject\",\"inLanguage\":\"de-AT\",\"@id\":\"https:\\\/\\\/www.treatwell.at/treatment-files\\\/#\\\/schema\\\/logo\\\/image\\\/\",\"url\":\"https:\\\/\\\/www.treatwell.at/treatment-files\\\/wp-content\\\/uploads\\\/sites\\\/2\\\/2022\\\/03\\\/logo_treatwell.png\",\"contentUrl\":\"https:\\\/\\\/www.treatwell.at/treatment-files\\\/wp-content\\\/uploads\\\/sites\\\/2\\\/2022\\\/03\\\/logo_treatwell.png\",\"width\":889,\"height\":164,\"caption\":\"Treatwell\"},\"image\":{\"@id\":\"https:\\\/\\\/www.treatwell.at/treatment-files\\\/#\\\/schema\\\/logo\\\/image\\\/\"}},{\"@type\":\"Person\",\"@id\":\"https:\\\/\\\/www.treatwell.at/treatment-files\\\/#\\\/schema\\\/person\\\/869d3f19bdf4203c8e6e97c64e1c3c8e\",\"name\":\"Isabella Tombinski-robb\",\"image\":{\"@type\":\"ImageObject\",\"inLanguage\":\"de-AT\",\"@id\":\"https:\\\/\\\/secure.gravatar.com\\\/avatar\\\/624ce3bd6151d711f02c8c31549c8390027943dc1293e17bf28c136ce4288a80?s=96&d=mm&r=g\",\"url\":\"https:\\\/\\\/secure.gravatar.com\\\/avatar\\\/624ce3bd6151d711f02c8c31549c8390027943dc1293e17bf28c136ce4288a80?s=96&d=mm&r=g\",\"contentUrl\":\"https:\\\/\\\/secure.gravatar.com\\\/avatar\\\/624ce3bd6151d711f02c8c31549c8390027943dc1293e17bf28c136ce4288a80?s=96&d=mm&r=g\",\"caption\":\"Isabella Tombinski-robb\"},\"url\":\"https:\\\/\\\/www.treatwell.at/treatment-files\\\/author\\\/isabellatombinskirobb\\\/\"}]}<\/script>\n<!-- \/ Yoast SEO plugin. -->","yoast_head_json":{"title":"Wei\u00dfe N\u00e4gel 2022: 10 Nageldesigns f\u00fcr den Sommer - Treatwell","description":"Wei\u00dfe N\u00e4gel feiern diesen Sommer ein gro\u00dfes Comeback, als eine der coolsten Manik\u00fcren der Saison. Die wei\u00dfe Manik\u00fcre funktioniert wie das perfekte Canvas.","robots":{"index":"index","follow":"follow","max-snippet":"max-snippet:-1","max-image-preview":"max-image-preview:large","max-video-preview":"max-video-preview:-1"},"canonical":"https:\/\/www.treatwell.at/treatment-files\/weisse-naegel-2022\/","og_locale":"de_DE","og_type":"article","og_title":"Wei\u00dfe N\u00e4gel 2022: 10 Nageldesigns f\u00fcr den Sommer - Treatwell","og_description":"Wei\u00dfe N\u00e4gel feiern diesen Sommer ein gro\u00dfes Comeback, als eine der coolsten Manik\u00fcren der Saison. Die wei\u00dfe Manik\u00fcre funktioniert wie das perfekte Canvas.","og_url":"https:\/\/www.treatwell.at/treatment-files\/weisse-naegel-2022\/","og_site_name":"The Treatment Files Blog","article_published_time":"2022-05-26T15:37:16+00:00","article_modified_time":"2026-01-18T15:46:48+00:00","og_image":[{"width":1000,"height":600,"url":"https:\/\/www.treatwell.at/treatment-files\/wp-content\/uploads\/sites\/2\/2022\/06\/ezgif.com-gif-maker-2022-05-13T155953.631.jpg","type":"image\/jpeg"}],"author":"Isabella Tombinski-robb","twitter_card":"summary_large_image","twitter_misc":{"Verfasst von":"Isabella Tombinski-robb","Gesch\u00e4tzte Lesezeit":"3 Minuten"},"schema":{"@context":"https:\/\/schema.org","@graph":[{"@type":"Article","@id":"https:\/\/www.treatwell.at/treatment-files\/weisse-naegel-2022\/#article","isPartOf":{"@id":"https:\/\/www.treatwell.at/treatment-files\/weisse-naegel-2022\/"},"author":{"name":"Isabella Tombinski-robb","@id":"https:\/\/www.treatwell.at/treatment-files\/#\/schema\/person\/869d3f19bdf4203c8e6e97c64e1c3c8e"},"headline":"Wei\u00dfe N\u00e4gel 2022: 10 Nageldesigns f\u00fcr den Sommer","datePublished":"2022-05-26T15:37:16+00:00","dateModified":"2026-01-18T15:46:48+00:00","mainEntityOfPage":{"@id":"https:\/\/www.treatwell.at/treatment-files\/weisse-naegel-2022\/"},"wordCount":523,"publisher":{"@id":"https:\/\/www.treatwell.at/treatment-files\/#organization"},"image":{"@id":"https:\/\/www.treatwell.at/treatment-files\/weisse-naegel-2022\/#primaryimage"},"thumbnailUrl":"https:\/\/www.treatwell.at/treatment-files\/wp-content\/uploads\/sites\/2\/2022\/06\/ezgif.com-gif-maker-2022-05-13T155953.631.jpg","keywords":["Gel Nails","Nails"],"articleSection":["Beauty"],"inLanguage":"de-AT"},{"@type":"WebPage","@id":"https:\/\/www.treatwell.at/treatment-files\/weisse-naegel-2022\/","url":"https:\/\/www.treatwell.at/treatment-files\/weisse-naegel-2022\/","name":"Wei\u00dfe N\u00e4gel 2022: 10 Nageldesigns f\u00fcr den Sommer - Treatwell","isPartOf":{"@id":"https:\/\/www.treatwell.at/treatment-files\/#website"},"primaryImageOfPage":{"@id":"https:\/\/www.treatwell.at/treatment-files\/weisse-naegel-2022\/#primaryimage"},"image":{"@id":"https:\/\/www.treatwell.at/treatment-files\/weisse-naegel-2022\/#primaryimage"},"thumbnailUrl":"https:\/\/www.treatwell.at/treatment-files\/wp-content\/uploads\/sites\/2\/2022\/06\/ezgif.com-gif-maker-2022-05-13T155953.631.jpg","datePublished":"2022-05-26T15:37:16+00:00","dateModified":"2026-01-18T15:46:48+00:00","description":"Wei\u00dfe N\u00e4gel feiern diesen Sommer ein gro\u00dfes Comeback, als eine der coolsten Manik\u00fcren der Saison. Die wei\u00dfe Manik\u00fcre funktioniert wie das perfekte Canvas.","breadcrumb":{"@id":"https:\/\/www.treatwell.at/treatment-files\/weisse-naegel-2022\/#breadcrumb"},"inLanguage":"de-AT","potentialAction":[{"@type":"ReadAction","target":["https:\/\/www.treatwell.at/treatment-files\/weisse-naegel-2022\/"]}]},{"@type":"ImageObject","inLanguage":"de-AT","@id":"https:\/\/www.treatwell.at/treatment-files\/weisse-naegel-2022\/#primaryimage","url":"https:\/\/www.treatwell.at/treatment-files\/wp-content\/uploads\/sites\/2\/2022\/06\/ezgif.com-gif-maker-2022-05-13T155953.631.jpg","contentUrl":"https:\/\/www.treatwell.at/treatment-files\/wp-content\/uploads\/sites\/2\/2022\/06\/ezgif.com-gif-maker-2022-05-13T155953.631.jpg","width":1000,"height":600},{"@type":"BreadcrumbList","@id":"https:\/\/www.treatwell.at/treatment-files\/weisse-naegel-2022\/#breadcrumb","itemListElement":[{"@type":"ListItem","position":1,"name":"Home","item":"https:\/\/www.treatwell.at/treatment-files\/"},{"@type":"ListItem","position":2,"name":"Beauty","item":"https:\/\/www.treatwell.at/treatment-files\/beauty\/"},{"@type":"ListItem","position":3,"name":"Wei\u00dfe N\u00e4gel 2022: 10 Nageldesigns f\u00fcr den Sommer"}]},{"@type":"WebSite","@id":"https:\/\/www.treatwell.at/treatment-files\/#website","url":"https:\/\/www.treatwell.at/treatment-files\/","name":"The Treatment Files Blog","description":"Beauty entdecken. Beauty erleben.","publisher":{"@id":"https:\/\/www.treatwell.at/treatment-files\/#organization"},"potentialAction":[{"@type":"SearchAction","target":{"@type":"EntryPoint","urlTemplate":"https:\/\/www.treatwell.at/treatment-files\/?s={search_term_string}"},"query-input":{"@type":"PropertyValueSpecification","valueRequired":true,"valueName":"search_term_string"}}],"inLanguage":"de-AT"},{"@type":"Organization","@id":"https:\/\/www.treatwell.at/treatment-files\/#organization","name":"Treatwell","url":"https:\/\/www.treatwell.at/treatment-files\/","logo":{"@type":"ImageObject","inLanguage":"de-AT","@id":"https:\/\/www.treatwell.at/treatment-files\/#\/schema\/logo\/image\/","url":"https:\/\/www.treatwell.at/treatment-files\/wp-content\/uploads\/sites\/2\/2022\/03\/logo_treatwell.png","contentUrl":"https:\/\/www.treatwell.at/treatment-files\/wp-content\/uploads\/sites\/2\/2022\/03\/logo_treatwell.png","width":889,"height":164,"caption":"Treatwell"},"image":{"@id":"https:\/\/www.treatwell.at/treatment-files\/#\/schema\/logo\/image\/"}},{"@type":"Person","@id":"https:\/\/www.treatwell.at/treatment-files\/#\/schema\/person\/869d3f19bdf4203c8e6e97c64e1c3c8e","name":"Isabella Tombinski-robb","image":{"@type":"ImageObject","inLanguage":"de-AT","@id":"https:\/\/secure.gravatar.com\/avatar\/624ce3bd6151d711f02c8c31549c8390027943dc1293e17bf28c136ce4288a80?s=96&d=mm&r=g","url":"https:\/\/secure.gravatar.com\/avatar\/624ce3bd6151d711f02c8c31549c8390027943dc1293e17bf28c136ce4288a80?s=96&d=mm&r=g","contentUrl":"https:\/\/secure.gravatar.com\/avatar\/624ce3bd6151d711f02c8c31549c8390027943dc1293e17bf28c136ce4288a80?s=96&d=mm&r=g","caption":"Isabella Tombinski-robb"},"url":"https:\/\/www.treatwell.at/treatment-files\/author\/isabellatombinskirobb\/"}]}},"featured_image_src":"https:\/\/www.treatwell.at/treatment-files\/wp-content\/uploads\/sites\/2\/2022\/06\/ezgif.com-gif-maker-2022-05-13T155953.631-600x400.jpg","featured_image_src_square":"https:\/\/www.treatwell.at/treatment-files\/wp-content\/uploads\/sites\/2\/2022\/06\/ezgif.com-gif-maker-2022-05-13T155953.631-600x600.jpg","author_info":{"display_name":"Isabella Tombinski-robb","author_link":"https:\/\/www.treatwell.at/treatment-files\/author\/isabellatombinskirobb\/"},"_links":{"self":[{"href":"https:\/\/www.treatwell.at\/treatment-files\/wp-json\/wp\/v2\/posts\/19459","targetHints":{"allow":["GET"]}}],"collection":[{"href":"https:\/\/www.treatwell.at\/treatment-files\/wp-json\/wp\/v2\/posts"}],"about":[{"href":"https:\/\/www.treatwell.at\/treatment-files\/wp-json\/wp\/v2\/types\/post"}],"author":[{"embeddable":true,"href":"https:\/\/www.treatwell.at\/treatment-files\/wp-json\/wp\/v2\/users\/3318"}],"replies":[{"embeddable":true,"href":"https:\/\/www.treatwell.at\/treatment-files\/wp-json\/wp\/v2\/comments?post=19459"}],"version-history":[{"count":0,"href":"https:\/\/www.treatwell.at\/treatment-files\/wp-json\/wp\/v2\/posts\/19459\/revisions"}],"wp:featuredmedia":[{"embeddable":true,"href":"https:\/\/www.treatwell.at\/treatment-files\/wp-json\/wp\/v2\/media\/19470"}],"wp:attachment":[{"href":"https:\/\/www.treatwell.at\/treatment-files\/wp-json\/wp\/v2\/media?parent=19459"}],"wp:term":[{"taxonomy":"category","embeddable":true,"href":"https:\/\/www.treatwell.at\/treatment-files\/wp-json\/wp\/v2\/categories?post=19459"},{"taxonomy":"post_tag","embeddable":true,"href":"https:\/\/www.treatwell.at\/treatment-files\/wp-json\/wp\/v2\/tags?post=19459"}],"curies":[{"name":"wp","href":"https:\/\/api.w.org\/{rel}","templated":true}]}}